{"id":35300,"date":"2014-06-13T00:00:00","date_gmt":"2014-06-13T00:00:00","guid":{"rendered":"https:\/\/ayuntamiento.coriaenimagenes.com\/nuria-pradilla-barrero-ganadora-del-xxiv-premio-de-cuentos-ciudad-de-coria-de-la-diputacion-de-caceres-3\/"},"modified":"2023-09-18T12:39:59","modified_gmt":"2023-09-18T10:39:59","slug":"nuria-pradilla-barrero-ganadora-del-xxiv-premio-de-cuentos-ciudad-de-coria-de-la-diputacion-de-caceres-3","status":"publish","type":"post","link":"https:\/\/coria.org\/ayuntamiento\/index.php\/2014\/06\/13\/nuria-pradilla-barrero-ganadora-del-xxiv-premio-de-cuentos-ciudad-de-coria-de-la-diputacion-de-caceres-3\/","title":{"rendered":"Nuria Pradilla Barrero ganadora del XXIV Premio de Cuentos \u00abCiudad de Coria\u00bb de la Diputaci\u00f3n de C\u00e1ceres"},"content":{"rendered":"\n<p><b>La obra \u00abFiguraci\u00f3n para escena urbana\u00bb escrita por Nuria Pradilla ha sido seleccionada por el jurado, encabezado por la escritora extreme\u00f1a Rosa Lencero, entre los 46 trabajos presentados al certamen<\/b><\/p>\n\n<figure class=\"wp-block-post-featured-image\"><img loading=\"lazy\" decoding=\"async\" width=\"960\" height=\"540\" src=\"https:\/\/coria.org\/ayuntamiento\/wp-content\/uploads\/2014\/06\/foto-1.jpg\" class=\"attachment-post-thumbnail size-post-thumbnail wp-post-image\" alt=\"\" style=\"object-fit:cover;\" srcset=\"https:\/\/coria.org\/ayuntamiento\/wp-content\/uploads\/2014\/06\/foto-1.jpg 960w, https:\/\/coria.org\/ayuntamiento\/wp-content\/uploads\/2014\/06\/foto-1-300x169.jpg 300w, https:\/\/coria.org\/ayuntamiento\/wp-content\/uploads\/2014\/06\/foto-1-768x432.jpg 768w\" sizes=\"auto, (max-width: 960px) 100vw, 960px\" \/><\/figure>\n\n<p><span style=\"font-family: verdana,arial,helvetica,sans-serif; font-size: small;\">El presidente de la Diputaci\u00f3n de C\u00e1ceres, Laureano Le\u00f3n, acompa\u00f1ado por el alcalde de Coria, Jos\u00e9 Manuel Garc\u00eda Ballestero, el diputado de Cultura, Eduardo Villaverde, diputados, concejales, alcaldes y otros invitados, ha asistido este jueves en el restaurante Percor de Coria al fallo del&nbsp;<strong>XXIV Premio de Cuentos \u00abCiudad de Coria\u00bb, que convoca la Instituci\u00f3n Cultural \u00abEl Brocense\u00bb<\/strong>.<\/span><\/p>\n\n\n<p><span style=\"font-family: verdana,arial,helvetica,sans-serif; font-size: small;\">Durante el acto, que ha sido&nbsp;presentado y amenizado por el D\u00fao Grison y Tuli, se ha hecho p\u00fablico el nombre del ganador del premio de cuentos que tradicionalmente se celebra en la localidad cacere\u00f1a que lleva su nombre y que esta edici\u00f3n ha sido fallado a favor de la&nbsp;escritora y profesora madrile\u00f1a Nuria Pradilla Barrero por su trabajo \u00abFiguraci\u00f3n para escena urbana\u00bb.<\/span><\/p>\n\n\n<p><span style=\"font-family: verdana,arial,helvetica,sans-serif; font-size: small;\">La obra de Pradilla ha sido seleccionada por el&nbsp;jurado del certamen, presidido por la escritora extreme\u00f1a, Rosa Lencero, en una selecci\u00f3n muy re\u00f1ida debido a la alta calidad de los&nbsp;46 trabajos&nbsp;presentados por autores procedentes de regiones como Andaluc\u00eda, Cantabria, Castilla La Mancha, Castilla y Le\u00f3n, Catalu\u00f1a, Madrid, Extremadura, Galicia, Islas Canarias, Murcia, Pa\u00eds Vasco y Comunidad Valenciana y de pa\u00edses como Alemania, Argentina, Estados Unidos, Italia y Reino Unido. El premio consiste en una dotaci\u00f3n econ\u00f3mica de 3.000 euros adem\u00e1s de la publicaci\u00f3n del trabajo.<\/span><\/p>\n\n\n<p><span style=\"font-family: verdana,arial,helvetica,sans-serif; font-size: small;\">En su intervenci\u00f3n, el Alcalde de Coria, Jos\u00e9 Manuel Garc\u00eda Ballestero, agradeci\u00f3 la ayuda a la cultura por parte de la Diputaci\u00f3n Provincial, destacando que el Certamen de Cuentos &nbsp;es uno de los m\u00e1s importantes de la provincia y record\u00f3 que en Coria se imprimi\u00f3 el primer libro en Extremadura lo que demuestra la importancia de esta ciudad en el mundo de la cultura. Mostr\u00f3 su deseo de que Coria siga siendo el referente en la cultura.<\/span><\/p>\n\n\n<p><span style=\"font-family: verdana,arial,helvetica,sans-serif; font-size: small;\">Para finalizar, el presidente, Laureano Le\u00f3n ha destacado&nbsp;\u00abla alta participaci\u00f3n as\u00ed como la dispersi\u00f3n en la procedencia de los trabajos presentados a la convocatoria que demuestran el gran inter\u00e9s por este certamen\u00bb&nbsp;y ha reiterado el compromiso de la Diputaci\u00f3n de C\u00e1ceres de llevar la cultura a todos los pueblos de la provincia cacere\u00f1a porque&nbsp;\u00abla cultura es civilizaci\u00f3n y progreso intelectual, la cultura alimenta el esp\u00edritu pero, hoy en d\u00eda, tambi\u00e9n alimenta el cuerpo y contribuye al desarrollo de la sociedad\u00bb. En este sentido, Le\u00f3n ha reconocido la&nbsp;\u00abdeuda pendiente\u00bb&nbsp;que tiene con la localidad de Coria en relaci\u00f3n a la creaci\u00f3n de un centro cultural en el Palacio de los Duques de Alba en colaboraci\u00f3n con el ayuntamiento cauriense. El presidente de la Diputaci\u00f3n ha explicado que&nbsp;\u00abmotivos ajenos a las dos instituciones han impedido por el momento que ese edificio pase a formar parte del patrimonio p\u00fablico de la ciudad pero seguiremos trabajando con tes\u00f3n junto al alcalde para que ese centro vivo de la cultura de Coria sea una realidad\u00bb.<\/span><\/p>\n\n\n<p><span style=\"font-family: verdana,arial,helvetica,sans-serif; font-size: small;\"><strong>XXIV edici\u00f3n<\/strong><\/span><\/p>\n\n\n<p><span style=\"font-family: verdana,arial,helvetica,sans-serif; font-size: small;\">El Premio de Cuentos \u00abCiudad de Coria\u00bb, que este a\u00f1o celebra su&nbsp;XXIV edici\u00f3n, es una iniciativa de la Instituci\u00f3n Cultural \u00abEl Brocense\u00bb de la Diputaci\u00f3n que&nbsp;surge en la localidad cacere\u00f1a que lleva su nombre con la intenci\u00f3n de descentralizar la cultura a favor de los peque\u00f1os municipios. Aunque las primeras bases del certamen se convocaron en 1989, no fue hasta 1990 cuando se fall\u00f3 el nombre del ganador de la primera edici\u00f3n. El primer premio fue concedido al cuento \u00abRememoraci\u00f3n de la partida\u00bb, de Quint\u00edn Garc\u00eda, p\u00e1rroco de la localidad salmantina de Babilafuente.<\/span><\/p>\n\n\n<p><span style=\"font-family: verdana,arial,helvetica,sans-serif; font-size: small;\">Hasta el a\u00f1o 1995 se premiaba un \u00fanico cuento y se publicaban los cuentos que quedaban en primer y segundo lugar. A partir de esa fecha, la comisi\u00f3n del certamen decidi\u00f3 que cada autor pod\u00eda presentar un conjunto de varios cuentos y as\u00ed se ha mantenido hasta la actualidad.<br \/>&nbsp; <\/span><\/p>\n\n\n<p><iframe loading=\"lazy\" src=\"http:\/\/www.youtube.com\/embed\/6g9T_C3zOcI\" width=\"640\" height=\"480\" frameborder=\"0\" allowfullscreen=\"allowfullscreen\"><\/iframe><\/p>\n","protected":false},"excerpt":{"rendered":"<p>La obra \u00abFiguraci\u00f3n para escena urbana\u00bb escrita por Nuria Pradilla ha sido seleccionada por el jurado, encabezado por la escritora extreme\u00f1a Rosa Lencero, entre los 46 trabajos presentados al certamen El presidente de la Diputaci\u00f3n de C\u00e1ceres, Laureano Le\u00f3n, acompa\u00f1ado por el alcalde de Coria, Jos\u00e9 Manuel Garc\u00eda Ballestero, el diputado de Cultura, Eduardo Villaverde, [&hellip;]<\/p>\n","protected":false},"author":2,"featured_media":31184,"comment_status":"closed","ping_status":"closed","sticky":false,"template":"","format":"standard","meta":{"_uag_custom_page_level_css":"","footnotes":""},"categories":[2],"tags":[3,4],"class_list":["post-35300","post","type-post","status-publish","format-standard","has-post-thumbnail","hentry","category-noticias","tag-coria","tag-extremadura"],"yoast_head":"<!-- This site is optimized with the Yoast SEO plugin v27.4 - https:\/\/yoast.com\/product\/yoast-seo-wordpress\/ -->\n<title>Nuria Pradilla Barrero ganadora del XXIV Premio de Cuentos &quot;Ciudad de Coria&quot; de la Diputaci\u00f3n de C\u00e1ceres - Ayuntamiento de Coria<\/title>\n<meta name=\"robots\" content=\"index, follow, max-snippet:-1, max-image-preview:large, max-video-preview:-1\" \/>\n<link rel=\"canonical\" href=\"https:\/\/coria.org\/ayuntamiento\/index.php\/2014\/06\/13\/nuria-pradilla-barrero-ganadora-del-xxiv-premio-de-cuentos-ciudad-de-coria-de-la-diputacion-de-caceres-3\/\" \/>\n<meta property=\"og:locale\" content=\"es_ES\" \/>\n<meta property=\"og:type\" content=\"article\" \/>\n<meta property=\"og:title\" content=\"Nuria Pradilla Barrero ganadora del XXIV Premio de Cuentos &quot;Ciudad de Coria&quot; de la Diputaci\u00f3n de C\u00e1ceres - Ayuntamiento de Coria\" \/>\n<meta property=\"og:description\" content=\"La obra \u00abFiguraci\u00f3n para escena urbana\u00bb escrita por Nuria Pradilla ha sido seleccionada por el jurado, encabezado por la escritora extreme\u00f1a Rosa Lencero, entre los 46 trabajos presentados al certamen El presidente de la Diputaci\u00f3n de C\u00e1ceres, Laureano Le\u00f3n, acompa\u00f1ado por el alcalde de Coria, Jos\u00e9 Manuel Garc\u00eda Ballestero, el diputado de Cultura, Eduardo Villaverde, [&hellip;]\" \/>\n<meta property=\"og:url\" content=\"https:\/\/coria.org\/ayuntamiento\/index.php\/2014\/06\/13\/nuria-pradilla-barrero-ganadora-del-xxiv-premio-de-cuentos-ciudad-de-coria-de-la-diputacion-de-caceres-3\/\" \/>\n<meta property=\"og:site_name\" content=\"Ayuntamiento de Coria\" \/>\n<meta property=\"article:publisher\" content=\"https:\/\/www.facebook.com\/Ayuntamiento.de.Coria\" \/>\n<meta property=\"article:published_time\" content=\"2014-06-13T00:00:00+00:00\" \/>\n<meta property=\"article:modified_time\" content=\"2023-09-18T10:39:59+00:00\" \/>\n<meta property=\"og:image\" content=\"https:\/\/coria.org\/ayuntamiento\/wp-content\/uploads\/2014\/06\/foto-1.jpg\" \/>\n\t<meta property=\"og:image:width\" content=\"960\" \/>\n\t<meta property=\"og:image:height\" content=\"540\" \/>\n\t<meta property=\"og:image:type\" content=\"image\/jpeg\" \/>\n<meta name=\"author\" content=\"ayuntamiento\" \/>\n<meta name=\"twitter:card\" content=\"summary_large_image\" \/>\n<meta name=\"twitter:creator\" content=\"@Ayto_de_Coria\" \/>\n<meta name=\"twitter:site\" content=\"@Ayto_de_Coria\" \/>\n<meta name=\"twitter:label1\" content=\"Escrito por\" \/>\n\t<meta name=\"twitter:data1\" content=\"ayuntamiento\" \/>\n\t<meta name=\"twitter:label2\" content=\"Tiempo de lectura\" \/>\n\t<meta name=\"twitter:data2\" content=\"4 minutos\" \/>\n<script type=\"application\/ld+json\" class=\"yoast-schema-graph\">{\"@context\":\"https:\\\/\\\/schema.org\",\"@graph\":[{\"@type\":\"Article\",\"@id\":\"https:\\\/\\\/coria.org\\\/ayuntamiento\\\/index.php\\\/2014\\\/06\\\/13\\\/nuria-pradilla-barrero-ganadora-del-xxiv-premio-de-cuentos-ciudad-de-coria-de-la-diputacion-de-caceres-3\\\/#article\",\"isPartOf\":{\"@id\":\"https:\\\/\\\/coria.org\\\/ayuntamiento\\\/index.php\\\/2014\\\/06\\\/13\\\/nuria-pradilla-barrero-ganadora-del-xxiv-premio-de-cuentos-ciudad-de-coria-de-la-diputacion-de-caceres-3\\\/\"},\"author\":{\"name\":\"ayuntamiento\",\"@id\":\"https:\\\/\\\/coria.org\\\/ayuntamiento\\\/#\\\/schema\\\/person\\\/8bd589f0e13e8ae5aa06def7a599d622\"},\"headline\":\"Nuria Pradilla Barrero ganadora del XXIV Premio de Cuentos \u00abCiudad de Coria\u00bb de la Diputaci\u00f3n de C\u00e1ceres\",\"datePublished\":\"2014-06-13T00:00:00+00:00\",\"dateModified\":\"2023-09-18T10:39:59+00:00\",\"mainEntityOfPage\":{\"@id\":\"https:\\\/\\\/coria.org\\\/ayuntamiento\\\/index.php\\\/2014\\\/06\\\/13\\\/nuria-pradilla-barrero-ganadora-del-xxiv-premio-de-cuentos-ciudad-de-coria-de-la-diputacion-de-caceres-3\\\/\"},\"wordCount\":731,\"publisher\":{\"@id\":\"https:\\\/\\\/coria.org\\\/ayuntamiento\\\/#organization\"},\"image\":{\"@id\":\"https:\\\/\\\/coria.org\\\/ayuntamiento\\\/index.php\\\/2014\\\/06\\\/13\\\/nuria-pradilla-barrero-ganadora-del-xxiv-premio-de-cuentos-ciudad-de-coria-de-la-diputacion-de-caceres-3\\\/#primaryimage\"},\"thumbnailUrl\":\"https:\\\/\\\/coria.org\\\/ayuntamiento\\\/wp-content\\\/uploads\\\/2014\\\/06\\\/foto-1.jpg\",\"keywords\":[\"coria\",\"extremadura\"],\"articleSection\":[\"Noticias\"],\"inLanguage\":\"es\"},{\"@type\":\"WebPage\",\"@id\":\"https:\\\/\\\/coria.org\\\/ayuntamiento\\\/index.php\\\/2014\\\/06\\\/13\\\/nuria-pradilla-barrero-ganadora-del-xxiv-premio-de-cuentos-ciudad-de-coria-de-la-diputacion-de-caceres-3\\\/\",\"url\":\"https:\\\/\\\/coria.org\\\/ayuntamiento\\\/index.php\\\/2014\\\/06\\\/13\\\/nuria-pradilla-barrero-ganadora-del-xxiv-premio-de-cuentos-ciudad-de-coria-de-la-diputacion-de-caceres-3\\\/\",\"name\":\"Nuria Pradilla Barrero ganadora del XXIV Premio de Cuentos \\\"Ciudad de Coria\\\" de la Diputaci\u00f3n de C\u00e1ceres - Ayuntamiento de Coria\",\"isPartOf\":{\"@id\":\"https:\\\/\\\/coria.org\\\/ayuntamiento\\\/#website\"},\"primaryImageOfPage\":{\"@id\":\"https:\\\/\\\/coria.org\\\/ayuntamiento\\\/index.php\\\/2014\\\/06\\\/13\\\/nuria-pradilla-barrero-ganadora-del-xxiv-premio-de-cuentos-ciudad-de-coria-de-la-diputacion-de-caceres-3\\\/#primaryimage\"},\"image\":{\"@id\":\"https:\\\/\\\/coria.org\\\/ayuntamiento\\\/index.php\\\/2014\\\/06\\\/13\\\/nuria-pradilla-barrero-ganadora-del-xxiv-premio-de-cuentos-ciudad-de-coria-de-la-diputacion-de-caceres-3\\\/#primaryimage\"},\"thumbnailUrl\":\"https:\\\/\\\/coria.org\\\/ayuntamiento\\\/wp-content\\\/uploads\\\/2014\\\/06\\\/foto-1.jpg\",\"datePublished\":\"2014-06-13T00:00:00+00:00\",\"dateModified\":\"2023-09-18T10:39:59+00:00\",\"breadcrumb\":{\"@id\":\"https:\\\/\\\/coria.org\\\/ayuntamiento\\\/index.php\\\/2014\\\/06\\\/13\\\/nuria-pradilla-barrero-ganadora-del-xxiv-premio-de-cuentos-ciudad-de-coria-de-la-diputacion-de-caceres-3\\\/#breadcrumb\"},\"inLanguage\":\"es\",\"potentialAction\":[{\"@type\":\"ReadAction\",\"target\":[\"https:\\\/\\\/coria.org\\\/ayuntamiento\\\/index.php\\\/2014\\\/06\\\/13\\\/nuria-pradilla-barrero-ganadora-del-xxiv-premio-de-cuentos-ciudad-de-coria-de-la-diputacion-de-caceres-3\\\/\"]}]},{\"@type\":\"ImageObject\",\"inLanguage\":\"es\",\"@id\":\"https:\\\/\\\/coria.org\\\/ayuntamiento\\\/index.php\\\/2014\\\/06\\\/13\\\/nuria-pradilla-barrero-ganadora-del-xxiv-premio-de-cuentos-ciudad-de-coria-de-la-diputacion-de-caceres-3\\\/#primaryimage\",\"url\":\"https:\\\/\\\/coria.org\\\/ayuntamiento\\\/wp-content\\\/uploads\\\/2014\\\/06\\\/foto-1.jpg\",\"contentUrl\":\"https:\\\/\\\/coria.org\\\/ayuntamiento\\\/wp-content\\\/uploads\\\/2014\\\/06\\\/foto-1.jpg\",\"width\":960,\"height\":540},{\"@type\":\"BreadcrumbList\",\"@id\":\"https:\\\/\\\/coria.org\\\/ayuntamiento\\\/index.php\\\/2014\\\/06\\\/13\\\/nuria-pradilla-barrero-ganadora-del-xxiv-premio-de-cuentos-ciudad-de-coria-de-la-diputacion-de-caceres-3\\\/#breadcrumb\",\"itemListElement\":[{\"@type\":\"ListItem\",\"position\":1,\"name\":\"Inicio\",\"item\":\"https:\\\/\\\/coria.org\\\/ayuntamiento\\\/\"},{\"@type\":\"ListItem\",\"position\":2,\"name\":\"Nuria Pradilla Barrero ganadora del XXIV Premio de Cuentos \u00abCiudad de Coria\u00bb de la Diputaci\u00f3n de C\u00e1ceres\"}]},{\"@type\":\"WebSite\",\"@id\":\"https:\\\/\\\/coria.org\\\/ayuntamiento\\\/#website\",\"url\":\"https:\\\/\\\/coria.org\\\/ayuntamiento\\\/\",\"name\":\"Ayuntamiento de Coria\",\"description\":\"Web oficial del Ayuntamiento de Coria\",\"publisher\":{\"@id\":\"https:\\\/\\\/coria.org\\\/ayuntamiento\\\/#organization\"},\"alternateName\":\"Web Oficial del Ayuntamiento de Coria\",\"potentialAction\":[{\"@type\":\"SearchAction\",\"target\":{\"@type\":\"EntryPoint\",\"urlTemplate\":\"https:\\\/\\\/coria.org\\\/ayuntamiento\\\/?s={search_term_string}\"},\"query-input\":{\"@type\":\"PropertyValueSpecification\",\"valueRequired\":true,\"valueName\":\"search_term_string\"}}],\"inLanguage\":\"es\"},{\"@type\":\"Organization\",\"@id\":\"https:\\\/\\\/coria.org\\\/ayuntamiento\\\/#organization\",\"name\":\"Ayuntamiento de Coria\",\"alternateName\":\"Ayto de Coria\",\"url\":\"https:\\\/\\\/coria.org\\\/ayuntamiento\\\/\",\"logo\":{\"@type\":\"ImageObject\",\"inLanguage\":\"es\",\"@id\":\"https:\\\/\\\/coria.org\\\/ayuntamiento\\\/#\\\/schema\\\/logo\\\/image\\\/\",\"url\":\"https:\\\/\\\/coria.org\\\/ayuntamiento\\\/wp-content\\\/uploads\\\/2020\\\/12\\\/escudo-ayuntamiento-coria.png\",\"contentUrl\":\"https:\\\/\\\/coria.org\\\/ayuntamiento\\\/wp-content\\\/uploads\\\/2020\\\/12\\\/escudo-ayuntamiento-coria.png\",\"width\":511,\"height\":240,\"caption\":\"Ayuntamiento de Coria\"},\"image\":{\"@id\":\"https:\\\/\\\/coria.org\\\/ayuntamiento\\\/#\\\/schema\\\/logo\\\/image\\\/\"},\"sameAs\":[\"https:\\\/\\\/www.facebook.com\\\/Ayuntamiento.de.Coria\",\"https:\\\/\\\/x.com\\\/Ayto_de_Coria\",\"https:\\\/\\\/www.instagram.com\\\/coria.ayuntamiento\\\/\",\"https:\\\/\\\/www.youtube.com\\\/user\\\/AYUNTAMIENTOCORIA\"]},{\"@type\":\"Person\",\"@id\":\"https:\\\/\\\/coria.org\\\/ayuntamiento\\\/#\\\/schema\\\/person\\\/8bd589f0e13e8ae5aa06def7a599d622\",\"name\":\"ayuntamiento\",\"image\":{\"@type\":\"ImageObject\",\"inLanguage\":\"es\",\"@id\":\"https:\\\/\\\/secure.gravatar.com\\\/avatar\\\/966e5ed73cad334adda5c87f49f2547f7082f7292c1b627cbb548744383b391c?s=96&d=mm&r=g\",\"url\":\"https:\\\/\\\/secure.gravatar.com\\\/avatar\\\/966e5ed73cad334adda5c87f49f2547f7082f7292c1b627cbb548744383b391c?s=96&d=mm&r=g\",\"contentUrl\":\"https:\\\/\\\/secure.gravatar.com\\\/avatar\\\/966e5ed73cad334adda5c87f49f2547f7082f7292c1b627cbb548744383b391c?s=96&d=mm&r=g\",\"caption\":\"ayuntamiento\"}}]}<\/script>\n<!-- \/ Yoast SEO plugin. -->","yoast_head_json":{"title":"Nuria Pradilla Barrero ganadora del XXIV Premio de Cuentos \"Ciudad de Coria\" de la Diputaci\u00f3n de C\u00e1ceres - Ayuntamiento de Coria","robots":{"index":"index","follow":"follow","max-snippet":"max-snippet:-1","max-image-preview":"max-image-preview:large","max-video-preview":"max-video-preview:-1"},"canonical":"https:\/\/coria.org\/ayuntamiento\/index.php\/2014\/06\/13\/nuria-pradilla-barrero-ganadora-del-xxiv-premio-de-cuentos-ciudad-de-coria-de-la-diputacion-de-caceres-3\/","og_locale":"es_ES","og_type":"article","og_title":"Nuria Pradilla Barrero ganadora del XXIV Premio de Cuentos \"Ciudad de Coria\" de la Diputaci\u00f3n de C\u00e1ceres - Ayuntamiento de Coria","og_description":"La obra \u00abFiguraci\u00f3n para escena urbana\u00bb escrita por Nuria Pradilla ha sido seleccionada por el jurado, encabezado por la escritora extreme\u00f1a Rosa Lencero, entre los 46 trabajos presentados al certamen El presidente de la Diputaci\u00f3n de C\u00e1ceres, Laureano Le\u00f3n, acompa\u00f1ado por el alcalde de Coria, Jos\u00e9 Manuel Garc\u00eda Ballestero, el diputado de Cultura, Eduardo Villaverde, [&hellip;]","og_url":"https:\/\/coria.org\/ayuntamiento\/index.php\/2014\/06\/13\/nuria-pradilla-barrero-ganadora-del-xxiv-premio-de-cuentos-ciudad-de-coria-de-la-diputacion-de-caceres-3\/","og_site_name":"Ayuntamiento de Coria","article_publisher":"https:\/\/www.facebook.com\/Ayuntamiento.de.Coria","article_published_time":"2014-06-13T00:00:00+00:00","article_modified_time":"2023-09-18T10:39:59+00:00","og_image":[{"width":960,"height":540,"url":"https:\/\/coria.org\/ayuntamiento\/wp-content\/uploads\/2014\/06\/foto-1.jpg","type":"image\/jpeg"}],"author":"ayuntamiento","twitter_card":"summary_large_image","twitter_creator":"@Ayto_de_Coria","twitter_site":"@Ayto_de_Coria","twitter_misc":{"Escrito por":"ayuntamiento","Tiempo de lectura":"4 minutos"},"schema":{"@context":"https:\/\/schema.org","@graph":[{"@type":"Article","@id":"https:\/\/coria.org\/ayuntamiento\/index.php\/2014\/06\/13\/nuria-pradilla-barrero-ganadora-del-xxiv-premio-de-cuentos-ciudad-de-coria-de-la-diputacion-de-caceres-3\/#article","isPartOf":{"@id":"https:\/\/coria.org\/ayuntamiento\/index.php\/2014\/06\/13\/nuria-pradilla-barrero-ganadora-del-xxiv-premio-de-cuentos-ciudad-de-coria-de-la-diputacion-de-caceres-3\/"},"author":{"name":"ayuntamiento","@id":"https:\/\/coria.org\/ayuntamiento\/#\/schema\/person\/8bd589f0e13e8ae5aa06def7a599d622"},"headline":"Nuria Pradilla Barrero ganadora del XXIV Premio de Cuentos \u00abCiudad de Coria\u00bb de la Diputaci\u00f3n de C\u00e1ceres","datePublished":"2014-06-13T00:00:00+00:00","dateModified":"2023-09-18T10:39:59+00:00","mainEntityOfPage":{"@id":"https:\/\/coria.org\/ayuntamiento\/index.php\/2014\/06\/13\/nuria-pradilla-barrero-ganadora-del-xxiv-premio-de-cuentos-ciudad-de-coria-de-la-diputacion-de-caceres-3\/"},"wordCount":731,"publisher":{"@id":"https:\/\/coria.org\/ayuntamiento\/#organization"},"image":{"@id":"https:\/\/coria.org\/ayuntamiento\/index.php\/2014\/06\/13\/nuria-pradilla-barrero-ganadora-del-xxiv-premio-de-cuentos-ciudad-de-coria-de-la-diputacion-de-caceres-3\/#primaryimage"},"thumbnailUrl":"https:\/\/coria.org\/ayuntamiento\/wp-content\/uploads\/2014\/06\/foto-1.jpg","keywords":["coria","extremadura"],"articleSection":["Noticias"],"inLanguage":"es"},{"@type":"WebPage","@id":"https:\/\/coria.org\/ayuntamiento\/index.php\/2014\/06\/13\/nuria-pradilla-barrero-ganadora-del-xxiv-premio-de-cuentos-ciudad-de-coria-de-la-diputacion-de-caceres-3\/","url":"https:\/\/coria.org\/ayuntamiento\/index.php\/2014\/06\/13\/nuria-pradilla-barrero-ganadora-del-xxiv-premio-de-cuentos-ciudad-de-coria-de-la-diputacion-de-caceres-3\/","name":"Nuria Pradilla Barrero ganadora del XXIV Premio de Cuentos \"Ciudad de Coria\" de la Diputaci\u00f3n de C\u00e1ceres - Ayuntamiento de Coria","isPartOf":{"@id":"https:\/\/coria.org\/ayuntamiento\/#website"},"primaryImageOfPage":{"@id":"https:\/\/coria.org\/ayuntamiento\/index.php\/2014\/06\/13\/nuria-pradilla-barrero-ganadora-del-xxiv-premio-de-cuentos-ciudad-de-coria-de-la-diputacion-de-caceres-3\/#primaryimage"},"image":{"@id":"https:\/\/coria.org\/ayuntamiento\/index.php\/2014\/06\/13\/nuria-pradilla-barrero-ganadora-del-xxiv-premio-de-cuentos-ciudad-de-coria-de-la-diputacion-de-caceres-3\/#primaryimage"},"thumbnailUrl":"https:\/\/coria.org\/ayuntamiento\/wp-content\/uploads\/2014\/06\/foto-1.jpg","datePublished":"2014-06-13T00:00:00+00:00","dateModified":"2023-09-18T10:39:59+00:00","breadcrumb":{"@id":"https:\/\/coria.org\/ayuntamiento\/index.php\/2014\/06\/13\/nuria-pradilla-barrero-ganadora-del-xxiv-premio-de-cuentos-ciudad-de-coria-de-la-diputacion-de-caceres-3\/#breadcrumb"},"inLanguage":"es","potentialAction":[{"@type":"ReadAction","target":["https:\/\/coria.org\/ayuntamiento\/index.php\/2014\/06\/13\/nuria-pradilla-barrero-ganadora-del-xxiv-premio-de-cuentos-ciudad-de-coria-de-la-diputacion-de-caceres-3\/"]}]},{"@type":"ImageObject","inLanguage":"es","@id":"https:\/\/coria.org\/ayuntamiento\/index.php\/2014\/06\/13\/nuria-pradilla-barrero-ganadora-del-xxiv-premio-de-cuentos-ciudad-de-coria-de-la-diputacion-de-caceres-3\/#primaryimage","url":"https:\/\/coria.org\/ayuntamiento\/wp-content\/uploads\/2014\/06\/foto-1.jpg","contentUrl":"https:\/\/coria.org\/ayuntamiento\/wp-content\/uploads\/2014\/06\/foto-1.jpg","width":960,"height":540},{"@type":"BreadcrumbList","@id":"https:\/\/coria.org\/ayuntamiento\/index.php\/2014\/06\/13\/nuria-pradilla-barrero-ganadora-del-xxiv-premio-de-cuentos-ciudad-de-coria-de-la-diputacion-de-caceres-3\/#breadcrumb","itemListElement":[{"@type":"ListItem","position":1,"name":"Inicio","item":"https:\/\/coria.org\/ayuntamiento\/"},{"@type":"ListItem","position":2,"name":"Nuria Pradilla Barrero ganadora del XXIV Premio de Cuentos \u00abCiudad de Coria\u00bb de la Diputaci\u00f3n de C\u00e1ceres"}]},{"@type":"WebSite","@id":"https:\/\/coria.org\/ayuntamiento\/#website","url":"https:\/\/coria.org\/ayuntamiento\/","name":"Ayuntamiento de Coria","description":"Web oficial del Ayuntamiento de Coria","publisher":{"@id":"https:\/\/coria.org\/ayuntamiento\/#organization"},"alternateName":"Web Oficial del Ayuntamiento de Coria","potentialAction":[{"@type":"SearchAction","target":{"@type":"EntryPoint","urlTemplate":"https:\/\/coria.org\/ayuntamiento\/?s={search_term_string}"},"query-input":{"@type":"PropertyValueSpecification","valueRequired":true,"valueName":"search_term_string"}}],"inLanguage":"es"},{"@type":"Organization","@id":"https:\/\/coria.org\/ayuntamiento\/#organization","name":"Ayuntamiento de Coria","alternateName":"Ayto de Coria","url":"https:\/\/coria.org\/ayuntamiento\/","logo":{"@type":"ImageObject","inLanguage":"es","@id":"https:\/\/coria.org\/ayuntamiento\/#\/schema\/logo\/image\/","url":"https:\/\/coria.org\/ayuntamiento\/wp-content\/uploads\/2020\/12\/escudo-ayuntamiento-coria.png","contentUrl":"https:\/\/coria.org\/ayuntamiento\/wp-content\/uploads\/2020\/12\/escudo-ayuntamiento-coria.png","width":511,"height":240,"caption":"Ayuntamiento de Coria"},"image":{"@id":"https:\/\/coria.org\/ayuntamiento\/#\/schema\/logo\/image\/"},"sameAs":["https:\/\/www.facebook.com\/Ayuntamiento.de.Coria","https:\/\/x.com\/Ayto_de_Coria","https:\/\/www.instagram.com\/coria.ayuntamiento\/","https:\/\/www.youtube.com\/user\/AYUNTAMIENTOCORIA"]},{"@type":"Person","@id":"https:\/\/coria.org\/ayuntamiento\/#\/schema\/person\/8bd589f0e13e8ae5aa06def7a599d622","name":"ayuntamiento","image":{"@type":"ImageObject","inLanguage":"es","@id":"https:\/\/secure.gravatar.com\/avatar\/966e5ed73cad334adda5c87f49f2547f7082f7292c1b627cbb548744383b391c?s=96&d=mm&r=g","url":"https:\/\/secure.gravatar.com\/avatar\/966e5ed73cad334adda5c87f49f2547f7082f7292c1b627cbb548744383b391c?s=96&d=mm&r=g","contentUrl":"https:\/\/secure.gravatar.com\/avatar\/966e5ed73cad334adda5c87f49f2547f7082f7292c1b627cbb548744383b391c?s=96&d=mm&r=g","caption":"ayuntamiento"}}]}},"uagb_featured_image_src":{"full":["https:\/\/coria.org\/ayuntamiento\/wp-content\/uploads\/2014\/06\/foto-1.jpg",960,540,false],"thumbnail":["https:\/\/coria.org\/ayuntamiento\/wp-content\/uploads\/2014\/06\/foto-1-150x150.jpg",150,150,true],"medium":["https:\/\/coria.org\/ayuntamiento\/wp-content\/uploads\/2014\/06\/foto-1-300x169.jpg",300,169,true],"medium_large":["https:\/\/coria.org\/ayuntamiento\/wp-content\/uploads\/2014\/06\/foto-1-768x432.jpg",768,432,true],"large":["https:\/\/coria.org\/ayuntamiento\/wp-content\/uploads\/2014\/06\/foto-1.jpg",960,540,false],"thumblist":["https:\/\/coria.org\/ayuntamiento\/wp-content\/uploads\/2014\/06\/foto-1.jpg",300,169,false],"thumbrelated":["https:\/\/coria.org\/ayuntamiento\/wp-content\/uploads\/2014\/06\/foto-1.jpg",500,281,false],"meccarouselthumb":["https:\/\/coria.org\/ayuntamiento\/wp-content\/uploads\/2014\/06\/foto-1.jpg",474,267,false],"gridsquare":["https:\/\/coria.org\/ayuntamiento\/wp-content\/uploads\/2014\/06\/foto-1.jpg",391,220,false],"tileview":["https:\/\/coria.org\/ayuntamiento\/wp-content\/uploads\/2014\/06\/foto-1.jpg",300,169,false],"1536x1536":["https:\/\/coria.org\/ayuntamiento\/wp-content\/uploads\/2014\/06\/foto-1.jpg",960,540,false],"2048x2048":["https:\/\/coria.org\/ayuntamiento\/wp-content\/uploads\/2014\/06\/foto-1.jpg",960,540,false]},"uagb_author_info":{"display_name":"ayuntamiento","author_link":"https:\/\/coria.org\/ayuntamiento\/index.php\/author\/ayuntamiento\/"},"uagb_comment_info":0,"uagb_excerpt":"La obra \u00abFiguraci\u00f3n para escena urbana\u00bb escrita por Nuria Pradilla ha sido seleccionada por el jurado, encabezado por la escritora extreme\u00f1a Rosa Lencero, entre los 46 trabajos presentados al certamen El presidente de la Diputaci\u00f3n de C\u00e1ceres, Laureano Le\u00f3n, acompa\u00f1ado por el alcalde de Coria, Jos\u00e9 Manuel Garc\u00eda Ballestero, el diputado de Cultura, Eduardo Villaverde,&hellip;","_links":{"self":[{"href":"https:\/\/coria.org\/ayuntamiento\/index.php\/wp-json\/wp\/v2\/posts\/35300","targetHints":{"allow":["GET"]}}],"collection":[{"href":"https:\/\/coria.org\/ayuntamiento\/index.php\/wp-json\/wp\/v2\/posts"}],"about":[{"href":"https:\/\/coria.org\/ayuntamiento\/index.php\/wp-json\/wp\/v2\/types\/post"}],"author":[{"embeddable":true,"href":"https:\/\/coria.org\/ayuntamiento\/index.php\/wp-json\/wp\/v2\/users\/2"}],"replies":[{"embeddable":true,"href":"https:\/\/coria.org\/ayuntamiento\/index.php\/wp-json\/wp\/v2\/comments?post=35300"}],"version-history":[{"count":0,"href":"https:\/\/coria.org\/ayuntamiento\/index.php\/wp-json\/wp\/v2\/posts\/35300\/revisions"}],"wp:featuredmedia":[{"embeddable":true,"href":"https:\/\/coria.org\/ayuntamiento\/index.php\/wp-json\/wp\/v2\/media\/31184"}],"wp:attachment":[{"href":"https:\/\/coria.org\/ayuntamiento\/index.php\/wp-json\/wp\/v2\/media?parent=35300"}],"wp:term":[{"taxonomy":"category","embeddable":true,"href":"https:\/\/coria.org\/ayuntamiento\/index.php\/wp-json\/wp\/v2\/categories?post=35300"},{"taxonomy":"post_tag","embeddable":true,"href":"https:\/\/coria.org\/ayuntamiento\/index.php\/wp-json\/wp\/v2\/tags?post=35300"}],"curies":[{"name":"wp","href":"https:\/\/api.w.org\/{rel}","templated":true}]}}