{"id":35015,"date":"2019-04-11T00:00:00","date_gmt":"2019-04-11T00:00:00","guid":{"rendered":"https:\/\/ayuntamiento.coriaenimagenes.com\/gala-fallo-del-jurado-del-xxix-certamen-de-cuentos-ciudad-de-coria-2\/"},"modified":"2024-03-15T08:13:13","modified_gmt":"2024-03-15T07:13:13","slug":"gala-fallo-del-jurado-del-xxix-certamen-de-cuentos-ciudad-de-coria-2","status":"publish","type":"post","link":"https:\/\/coria.org\/ayuntamiento\/index.php\/2019\/04\/11\/gala-fallo-del-jurado-del-xxix-certamen-de-cuentos-ciudad-de-coria-2\/","title":{"rendered":"Gala Fallo del jurado del XXIX Certamen de Cuentos \u00abCiudad de Coria\u00bb"},"content":{"rendered":"\n<p>El pr\u00f3ximo 24 de abril, a las 20.30 horas en el Patio de Cristal del Ayuntamiento de Coria, se har\u00e1 p\u00fablico el fallo del jurado del XXIX Certamen de Cuentos \u00abCiudad de Coria\u00bb, que como cada a\u00f1o organiza la Diputaci\u00f3n Provincial de C\u00e1ceres junto al Ayuntamiento de Coria.<\/p>\n\n\n<figure class=\"wp-block-post-featured-image\"><img loading=\"lazy\" decoding=\"async\" width=\"1920\" height=\"1280\" src=\"https:\/\/coria.org\/ayuntamiento\/wp-content\/uploads\/2019\/04\/gala-cuentos-19-1.jpg\" class=\"attachment-post-thumbnail size-post-thumbnail wp-post-image\" alt=\"\" style=\"object-fit:cover;\" srcset=\"https:\/\/coria.org\/ayuntamiento\/wp-content\/uploads\/2019\/04\/gala-cuentos-19-1.jpg 1920w, https:\/\/coria.org\/ayuntamiento\/wp-content\/uploads\/2019\/04\/gala-cuentos-19-1-300x200.jpg 300w, https:\/\/coria.org\/ayuntamiento\/wp-content\/uploads\/2019\/04\/gala-cuentos-19-1-1024x683.jpg 1024w, https:\/\/coria.org\/ayuntamiento\/wp-content\/uploads\/2019\/04\/gala-cuentos-19-1-768x512.jpg 768w, https:\/\/coria.org\/ayuntamiento\/wp-content\/uploads\/2019\/04\/gala-cuentos-19-1-391x260.jpg 391w, https:\/\/coria.org\/ayuntamiento\/wp-content\/uploads\/2019\/04\/gala-cuentos-19-1-1536x1024.jpg 1536w\" sizes=\"auto, (max-width: 1920px) 100vw, 1920px\" \/><\/figure>\n\n\n<p>El acto que estar\u00e1 presidido por la Presidenta de la Excma. Diputaci\u00f3n de C\u00e1ceres, D\u00f1a. Rosario Cordero, y por el Alcalde de Coria, Jos\u00e9 Manuel Garc\u00eda Ballestero, contar\u00e1 este a\u00f1o con la presencia de Mariano Gonz\u00e1lez Montero, que act\u00faa como Presidente del Jurado y ser\u00e1 el encargado de leer el nombre del ganador de esta edici\u00f3n.<\/p>\n\n\n\n<p>Para amenizar el acto contaremos con la actuaci\u00f3n del ilusionista Jorge Luengo que tambi\u00e9n presentar\u00e1 y guiar\u00e1 el evento.<\/p>\n\n\n\n<p>Al final se servir\u00e1 un vino de honor para todos los asistentes.<\/p>\n","protected":false},"excerpt":{"rendered":"<p>El pr\u00f3ximo 24 de abril, a las 20.30 horas en el Patio de Cristal del Ayuntamiento de Coria, se har\u00e1 p\u00fablico el fallo del jurado del XXIX Certamen de Cuentos \u00abCiudad de Coria\u00bb, que como cada a\u00f1o organiza la Diputaci\u00f3n Provincial de C\u00e1ceres junto al Ayuntamiento de Coria. El acto que estar\u00e1 presidido por la [&hellip;]<\/p>\n","protected":false},"author":2,"featured_media":60486,"comment_status":"closed","ping_status":"closed","sticky":false,"template":"","format":"standard","meta":{"_uag_custom_page_level_css":"","footnotes":""},"categories":[2],"tags":[3,4],"class_list":["post-35015","post","type-post","status-publish","format-standard","has-post-thumbnail","hentry","category-noticias","tag-coria","tag-extremadura"],"yoast_head":"<!-- This site is optimized with the Yoast SEO plugin v27.5 - https:\/\/yoast.com\/product\/yoast-seo-wordpress\/ -->\n<title>Gala Fallo del jurado del XXIX Certamen de Cuentos &quot;Ciudad de Coria&quot; - Ayuntamiento de Coria<\/title>\n<meta name=\"robots\" content=\"index, follow, max-snippet:-1, max-image-preview:large, max-video-preview:-1\" \/>\n<link rel=\"canonical\" href=\"https:\/\/coria.org\/ayuntamiento\/index.php\/2019\/04\/11\/gala-fallo-del-jurado-del-xxix-certamen-de-cuentos-ciudad-de-coria-2\/\" \/>\n<meta property=\"og:locale\" content=\"es_ES\" \/>\n<meta property=\"og:type\" content=\"article\" \/>\n<meta property=\"og:title\" content=\"Gala Fallo del jurado del XXIX Certamen de Cuentos &quot;Ciudad de Coria&quot; - Ayuntamiento de Coria\" \/>\n<meta property=\"og:description\" content=\"El pr\u00f3ximo 24 de abril, a las 20.30 horas en el Patio de Cristal del Ayuntamiento de Coria, se har\u00e1 p\u00fablico el fallo del jurado del XXIX Certamen de Cuentos \u00abCiudad de Coria\u00bb, que como cada a\u00f1o organiza la Diputaci\u00f3n Provincial de C\u00e1ceres junto al Ayuntamiento de Coria. El acto que estar\u00e1 presidido por la [&hellip;]\" \/>\n<meta property=\"og:url\" content=\"https:\/\/coria.org\/ayuntamiento\/index.php\/2019\/04\/11\/gala-fallo-del-jurado-del-xxix-certamen-de-cuentos-ciudad-de-coria-2\/\" \/>\n<meta property=\"og:site_name\" content=\"Ayuntamiento de Coria\" \/>\n<meta property=\"article:publisher\" content=\"https:\/\/www.facebook.com\/Ayuntamiento.de.Coria\" \/>\n<meta property=\"article:published_time\" content=\"2019-04-11T00:00:00+00:00\" \/>\n<meta property=\"article:modified_time\" content=\"2024-03-15T07:13:13+00:00\" \/>\n<meta property=\"og:image\" content=\"https:\/\/coria.org\/ayuntamiento\/wp-content\/uploads\/2019\/04\/gala-cuentos-19-1.jpg\" \/>\n\t<meta property=\"og:image:width\" content=\"1920\" \/>\n\t<meta property=\"og:image:height\" content=\"1280\" \/>\n\t<meta property=\"og:image:type\" content=\"image\/jpeg\" \/>\n<meta name=\"author\" content=\"ayuntamiento\" \/>\n<meta name=\"twitter:card\" content=\"summary_large_image\" \/>\n<meta name=\"twitter:creator\" content=\"@Ayto_de_Coria\" \/>\n<meta name=\"twitter:site\" content=\"@Ayto_de_Coria\" \/>\n<meta name=\"twitter:label1\" content=\"Escrito por\" \/>\n\t<meta name=\"twitter:data1\" content=\"ayuntamiento\" \/>\n\t<meta name=\"twitter:label2\" content=\"Tiempo de lectura\" \/>\n\t<meta name=\"twitter:data2\" content=\"1 minuto\" \/>\n<script type=\"application\/ld+json\" class=\"yoast-schema-graph\">{\"@context\":\"https:\\\/\\\/schema.org\",\"@graph\":[{\"@type\":\"Article\",\"@id\":\"https:\\\/\\\/coria.org\\\/ayuntamiento\\\/index.php\\\/2019\\\/04\\\/11\\\/gala-fallo-del-jurado-del-xxix-certamen-de-cuentos-ciudad-de-coria-2\\\/#article\",\"isPartOf\":{\"@id\":\"https:\\\/\\\/coria.org\\\/ayuntamiento\\\/index.php\\\/2019\\\/04\\\/11\\\/gala-fallo-del-jurado-del-xxix-certamen-de-cuentos-ciudad-de-coria-2\\\/\"},\"author\":{\"name\":\"ayuntamiento\",\"@id\":\"https:\\\/\\\/coria.org\\\/ayuntamiento\\\/#\\\/schema\\\/person\\\/8bd589f0e13e8ae5aa06def7a599d622\"},\"headline\":\"Gala Fallo del jurado del XXIX Certamen de Cuentos \u00abCiudad de Coria\u00bb\",\"datePublished\":\"2019-04-11T00:00:00+00:00\",\"dateModified\":\"2024-03-15T07:13:13+00:00\",\"mainEntityOfPage\":{\"@id\":\"https:\\\/\\\/coria.org\\\/ayuntamiento\\\/index.php\\\/2019\\\/04\\\/11\\\/gala-fallo-del-jurado-del-xxix-certamen-de-cuentos-ciudad-de-coria-2\\\/\"},\"wordCount\":160,\"publisher\":{\"@id\":\"https:\\\/\\\/coria.org\\\/ayuntamiento\\\/#organization\"},\"image\":{\"@id\":\"https:\\\/\\\/coria.org\\\/ayuntamiento\\\/index.php\\\/2019\\\/04\\\/11\\\/gala-fallo-del-jurado-del-xxix-certamen-de-cuentos-ciudad-de-coria-2\\\/#primaryimage\"},\"thumbnailUrl\":\"https:\\\/\\\/coria.org\\\/ayuntamiento\\\/wp-content\\\/uploads\\\/2019\\\/04\\\/gala-cuentos-19-1.jpg\",\"keywords\":[\"coria\",\"extremadura\"],\"articleSection\":[\"Noticias\"],\"inLanguage\":\"es\"},{\"@type\":\"WebPage\",\"@id\":\"https:\\\/\\\/coria.org\\\/ayuntamiento\\\/index.php\\\/2019\\\/04\\\/11\\\/gala-fallo-del-jurado-del-xxix-certamen-de-cuentos-ciudad-de-coria-2\\\/\",\"url\":\"https:\\\/\\\/coria.org\\\/ayuntamiento\\\/index.php\\\/2019\\\/04\\\/11\\\/gala-fallo-del-jurado-del-xxix-certamen-de-cuentos-ciudad-de-coria-2\\\/\",\"name\":\"Gala Fallo del jurado del XXIX Certamen de Cuentos \\\"Ciudad de Coria\\\" - Ayuntamiento de Coria\",\"isPartOf\":{\"@id\":\"https:\\\/\\\/coria.org\\\/ayuntamiento\\\/#website\"},\"primaryImageOfPage\":{\"@id\":\"https:\\\/\\\/coria.org\\\/ayuntamiento\\\/index.php\\\/2019\\\/04\\\/11\\\/gala-fallo-del-jurado-del-xxix-certamen-de-cuentos-ciudad-de-coria-2\\\/#primaryimage\"},\"image\":{\"@id\":\"https:\\\/\\\/coria.org\\\/ayuntamiento\\\/index.php\\\/2019\\\/04\\\/11\\\/gala-fallo-del-jurado-del-xxix-certamen-de-cuentos-ciudad-de-coria-2\\\/#primaryimage\"},\"thumbnailUrl\":\"https:\\\/\\\/coria.org\\\/ayuntamiento\\\/wp-content\\\/uploads\\\/2019\\\/04\\\/gala-cuentos-19-1.jpg\",\"datePublished\":\"2019-04-11T00:00:00+00:00\",\"dateModified\":\"2024-03-15T07:13:13+00:00\",\"breadcrumb\":{\"@id\":\"https:\\\/\\\/coria.org\\\/ayuntamiento\\\/index.php\\\/2019\\\/04\\\/11\\\/gala-fallo-del-jurado-del-xxix-certamen-de-cuentos-ciudad-de-coria-2\\\/#breadcrumb\"},\"inLanguage\":\"es\",\"potentialAction\":[{\"@type\":\"ReadAction\",\"target\":[\"https:\\\/\\\/coria.org\\\/ayuntamiento\\\/index.php\\\/2019\\\/04\\\/11\\\/gala-fallo-del-jurado-del-xxix-certamen-de-cuentos-ciudad-de-coria-2\\\/\"]}]},{\"@type\":\"ImageObject\",\"inLanguage\":\"es\",\"@id\":\"https:\\\/\\\/coria.org\\\/ayuntamiento\\\/index.php\\\/2019\\\/04\\\/11\\\/gala-fallo-del-jurado-del-xxix-certamen-de-cuentos-ciudad-de-coria-2\\\/#primaryimage\",\"url\":\"https:\\\/\\\/coria.org\\\/ayuntamiento\\\/wp-content\\\/uploads\\\/2019\\\/04\\\/gala-cuentos-19-1.jpg\",\"contentUrl\":\"https:\\\/\\\/coria.org\\\/ayuntamiento\\\/wp-content\\\/uploads\\\/2019\\\/04\\\/gala-cuentos-19-1.jpg\",\"width\":1920,\"height\":1280},{\"@type\":\"BreadcrumbList\",\"@id\":\"https:\\\/\\\/coria.org\\\/ayuntamiento\\\/index.php\\\/2019\\\/04\\\/11\\\/gala-fallo-del-jurado-del-xxix-certamen-de-cuentos-ciudad-de-coria-2\\\/#breadcrumb\",\"itemListElement\":[{\"@type\":\"ListItem\",\"position\":1,\"name\":\"Inicio\",\"item\":\"https:\\\/\\\/coria.org\\\/ayuntamiento\\\/\"},{\"@type\":\"ListItem\",\"position\":2,\"name\":\"Gala Fallo del jurado del XXIX Certamen de Cuentos \u00abCiudad de Coria\u00bb\"}]},{\"@type\":\"WebSite\",\"@id\":\"https:\\\/\\\/coria.org\\\/ayuntamiento\\\/#website\",\"url\":\"https:\\\/\\\/coria.org\\\/ayuntamiento\\\/\",\"name\":\"Ayuntamiento de Coria\",\"description\":\"Web oficial del Ayuntamiento de Coria\",\"publisher\":{\"@id\":\"https:\\\/\\\/coria.org\\\/ayuntamiento\\\/#organization\"},\"alternateName\":\"Web Oficial del Ayuntamiento de Coria\",\"potentialAction\":[{\"@type\":\"SearchAction\",\"target\":{\"@type\":\"EntryPoint\",\"urlTemplate\":\"https:\\\/\\\/coria.org\\\/ayuntamiento\\\/?s={search_term_string}\"},\"query-input\":{\"@type\":\"PropertyValueSpecification\",\"valueRequired\":true,\"valueName\":\"search_term_string\"}}],\"inLanguage\":\"es\"},{\"@type\":\"Organization\",\"@id\":\"https:\\\/\\\/coria.org\\\/ayuntamiento\\\/#organization\",\"name\":\"Ayuntamiento de Coria\",\"alternateName\":\"Ayto de Coria\",\"url\":\"https:\\\/\\\/coria.org\\\/ayuntamiento\\\/\",\"logo\":{\"@type\":\"ImageObject\",\"inLanguage\":\"es\",\"@id\":\"https:\\\/\\\/coria.org\\\/ayuntamiento\\\/#\\\/schema\\\/logo\\\/image\\\/\",\"url\":\"https:\\\/\\\/coria.org\\\/ayuntamiento\\\/wp-content\\\/uploads\\\/2020\\\/12\\\/escudo-ayuntamiento-coria.png\",\"contentUrl\":\"https:\\\/\\\/coria.org\\\/ayuntamiento\\\/wp-content\\\/uploads\\\/2020\\\/12\\\/escudo-ayuntamiento-coria.png\",\"width\":511,\"height\":240,\"caption\":\"Ayuntamiento de Coria\"},\"image\":{\"@id\":\"https:\\\/\\\/coria.org\\\/ayuntamiento\\\/#\\\/schema\\\/logo\\\/image\\\/\"},\"sameAs\":[\"https:\\\/\\\/www.facebook.com\\\/Ayuntamiento.de.Coria\",\"https:\\\/\\\/x.com\\\/Ayto_de_Coria\",\"https:\\\/\\\/www.instagram.com\\\/coria.ayuntamiento\\\/\",\"https:\\\/\\\/www.youtube.com\\\/user\\\/AYUNTAMIENTOCORIA\"]},{\"@type\":\"Person\",\"@id\":\"https:\\\/\\\/coria.org\\\/ayuntamiento\\\/#\\\/schema\\\/person\\\/8bd589f0e13e8ae5aa06def7a599d622\",\"name\":\"ayuntamiento\",\"image\":{\"@type\":\"ImageObject\",\"inLanguage\":\"es\",\"@id\":\"https:\\\/\\\/secure.gravatar.com\\\/avatar\\\/966e5ed73cad334adda5c87f49f2547f7082f7292c1b627cbb548744383b391c?s=96&d=mm&r=g\",\"url\":\"https:\\\/\\\/secure.gravatar.com\\\/avatar\\\/966e5ed73cad334adda5c87f49f2547f7082f7292c1b627cbb548744383b391c?s=96&d=mm&r=g\",\"contentUrl\":\"https:\\\/\\\/secure.gravatar.com\\\/avatar\\\/966e5ed73cad334adda5c87f49f2547f7082f7292c1b627cbb548744383b391c?s=96&d=mm&r=g\",\"caption\":\"ayuntamiento\"}}]}<\/script>\n<!-- \/ Yoast SEO plugin. -->","yoast_head_json":{"title":"Gala Fallo del jurado del XXIX Certamen de Cuentos \"Ciudad de Coria\" - Ayuntamiento de Coria","robots":{"index":"index","follow":"follow","max-snippet":"max-snippet:-1","max-image-preview":"max-image-preview:large","max-video-preview":"max-video-preview:-1"},"canonical":"https:\/\/coria.org\/ayuntamiento\/index.php\/2019\/04\/11\/gala-fallo-del-jurado-del-xxix-certamen-de-cuentos-ciudad-de-coria-2\/","og_locale":"es_ES","og_type":"article","og_title":"Gala Fallo del jurado del XXIX Certamen de Cuentos \"Ciudad de Coria\" - Ayuntamiento de Coria","og_description":"El pr\u00f3ximo 24 de abril, a las 20.30 horas en el Patio de Cristal del Ayuntamiento de Coria, se har\u00e1 p\u00fablico el fallo del jurado del XXIX Certamen de Cuentos \u00abCiudad de Coria\u00bb, que como cada a\u00f1o organiza la Diputaci\u00f3n Provincial de C\u00e1ceres junto al Ayuntamiento de Coria. El acto que estar\u00e1 presidido por la [&hellip;]","og_url":"https:\/\/coria.org\/ayuntamiento\/index.php\/2019\/04\/11\/gala-fallo-del-jurado-del-xxix-certamen-de-cuentos-ciudad-de-coria-2\/","og_site_name":"Ayuntamiento de Coria","article_publisher":"https:\/\/www.facebook.com\/Ayuntamiento.de.Coria","article_published_time":"2019-04-11T00:00:00+00:00","article_modified_time":"2024-03-15T07:13:13+00:00","og_image":[{"width":1920,"height":1280,"url":"https:\/\/coria.org\/ayuntamiento\/wp-content\/uploads\/2019\/04\/gala-cuentos-19-1.jpg","type":"image\/jpeg"}],"author":"ayuntamiento","twitter_card":"summary_large_image","twitter_creator":"@Ayto_de_Coria","twitter_site":"@Ayto_de_Coria","twitter_misc":{"Escrito por":"ayuntamiento","Tiempo de lectura":"1 minuto"},"schema":{"@context":"https:\/\/schema.org","@graph":[{"@type":"Article","@id":"https:\/\/coria.org\/ayuntamiento\/index.php\/2019\/04\/11\/gala-fallo-del-jurado-del-xxix-certamen-de-cuentos-ciudad-de-coria-2\/#article","isPartOf":{"@id":"https:\/\/coria.org\/ayuntamiento\/index.php\/2019\/04\/11\/gala-fallo-del-jurado-del-xxix-certamen-de-cuentos-ciudad-de-coria-2\/"},"author":{"name":"ayuntamiento","@id":"https:\/\/coria.org\/ayuntamiento\/#\/schema\/person\/8bd589f0e13e8ae5aa06def7a599d622"},"headline":"Gala Fallo del jurado del XXIX Certamen de Cuentos \u00abCiudad de Coria\u00bb","datePublished":"2019-04-11T00:00:00+00:00","dateModified":"2024-03-15T07:13:13+00:00","mainEntityOfPage":{"@id":"https:\/\/coria.org\/ayuntamiento\/index.php\/2019\/04\/11\/gala-fallo-del-jurado-del-xxix-certamen-de-cuentos-ciudad-de-coria-2\/"},"wordCount":160,"publisher":{"@id":"https:\/\/coria.org\/ayuntamiento\/#organization"},"image":{"@id":"https:\/\/coria.org\/ayuntamiento\/index.php\/2019\/04\/11\/gala-fallo-del-jurado-del-xxix-certamen-de-cuentos-ciudad-de-coria-2\/#primaryimage"},"thumbnailUrl":"https:\/\/coria.org\/ayuntamiento\/wp-content\/uploads\/2019\/04\/gala-cuentos-19-1.jpg","keywords":["coria","extremadura"],"articleSection":["Noticias"],"inLanguage":"es"},{"@type":"WebPage","@id":"https:\/\/coria.org\/ayuntamiento\/index.php\/2019\/04\/11\/gala-fallo-del-jurado-del-xxix-certamen-de-cuentos-ciudad-de-coria-2\/","url":"https:\/\/coria.org\/ayuntamiento\/index.php\/2019\/04\/11\/gala-fallo-del-jurado-del-xxix-certamen-de-cuentos-ciudad-de-coria-2\/","name":"Gala Fallo del jurado del XXIX Certamen de Cuentos \"Ciudad de Coria\" - Ayuntamiento de Coria","isPartOf":{"@id":"https:\/\/coria.org\/ayuntamiento\/#website"},"primaryImageOfPage":{"@id":"https:\/\/coria.org\/ayuntamiento\/index.php\/2019\/04\/11\/gala-fallo-del-jurado-del-xxix-certamen-de-cuentos-ciudad-de-coria-2\/#primaryimage"},"image":{"@id":"https:\/\/coria.org\/ayuntamiento\/index.php\/2019\/04\/11\/gala-fallo-del-jurado-del-xxix-certamen-de-cuentos-ciudad-de-coria-2\/#primaryimage"},"thumbnailUrl":"https:\/\/coria.org\/ayuntamiento\/wp-content\/uploads\/2019\/04\/gala-cuentos-19-1.jpg","datePublished":"2019-04-11T00:00:00+00:00","dateModified":"2024-03-15T07:13:13+00:00","breadcrumb":{"@id":"https:\/\/coria.org\/ayuntamiento\/index.php\/2019\/04\/11\/gala-fallo-del-jurado-del-xxix-certamen-de-cuentos-ciudad-de-coria-2\/#breadcrumb"},"inLanguage":"es","potentialAction":[{"@type":"ReadAction","target":["https:\/\/coria.org\/ayuntamiento\/index.php\/2019\/04\/11\/gala-fallo-del-jurado-del-xxix-certamen-de-cuentos-ciudad-de-coria-2\/"]}]},{"@type":"ImageObject","inLanguage":"es","@id":"https:\/\/coria.org\/ayuntamiento\/index.php\/2019\/04\/11\/gala-fallo-del-jurado-del-xxix-certamen-de-cuentos-ciudad-de-coria-2\/#primaryimage","url":"https:\/\/coria.org\/ayuntamiento\/wp-content\/uploads\/2019\/04\/gala-cuentos-19-1.jpg","contentUrl":"https:\/\/coria.org\/ayuntamiento\/wp-content\/uploads\/2019\/04\/gala-cuentos-19-1.jpg","width":1920,"height":1280},{"@type":"BreadcrumbList","@id":"https:\/\/coria.org\/ayuntamiento\/index.php\/2019\/04\/11\/gala-fallo-del-jurado-del-xxix-certamen-de-cuentos-ciudad-de-coria-2\/#breadcrumb","itemListElement":[{"@type":"ListItem","position":1,"name":"Inicio","item":"https:\/\/coria.org\/ayuntamiento\/"},{"@type":"ListItem","position":2,"name":"Gala Fallo del jurado del XXIX Certamen de Cuentos \u00abCiudad de Coria\u00bb"}]},{"@type":"WebSite","@id":"https:\/\/coria.org\/ayuntamiento\/#website","url":"https:\/\/coria.org\/ayuntamiento\/","name":"Ayuntamiento de Coria","description":"Web oficial del Ayuntamiento de Coria","publisher":{"@id":"https:\/\/coria.org\/ayuntamiento\/#organization"},"alternateName":"Web Oficial del Ayuntamiento de Coria","potentialAction":[{"@type":"SearchAction","target":{"@type":"EntryPoint","urlTemplate":"https:\/\/coria.org\/ayuntamiento\/?s={search_term_string}"},"query-input":{"@type":"PropertyValueSpecification","valueRequired":true,"valueName":"search_term_string"}}],"inLanguage":"es"},{"@type":"Organization","@id":"https:\/\/coria.org\/ayuntamiento\/#organization","name":"Ayuntamiento de Coria","alternateName":"Ayto de Coria","url":"https:\/\/coria.org\/ayuntamiento\/","logo":{"@type":"ImageObject","inLanguage":"es","@id":"https:\/\/coria.org\/ayuntamiento\/#\/schema\/logo\/image\/","url":"https:\/\/coria.org\/ayuntamiento\/wp-content\/uploads\/2020\/12\/escudo-ayuntamiento-coria.png","contentUrl":"https:\/\/coria.org\/ayuntamiento\/wp-content\/uploads\/2020\/12\/escudo-ayuntamiento-coria.png","width":511,"height":240,"caption":"Ayuntamiento de Coria"},"image":{"@id":"https:\/\/coria.org\/ayuntamiento\/#\/schema\/logo\/image\/"},"sameAs":["https:\/\/www.facebook.com\/Ayuntamiento.de.Coria","https:\/\/x.com\/Ayto_de_Coria","https:\/\/www.instagram.com\/coria.ayuntamiento\/","https:\/\/www.youtube.com\/user\/AYUNTAMIENTOCORIA"]},{"@type":"Person","@id":"https:\/\/coria.org\/ayuntamiento\/#\/schema\/person\/8bd589f0e13e8ae5aa06def7a599d622","name":"ayuntamiento","image":{"@type":"ImageObject","inLanguage":"es","@id":"https:\/\/secure.gravatar.com\/avatar\/966e5ed73cad334adda5c87f49f2547f7082f7292c1b627cbb548744383b391c?s=96&d=mm&r=g","url":"https:\/\/secure.gravatar.com\/avatar\/966e5ed73cad334adda5c87f49f2547f7082f7292c1b627cbb548744383b391c?s=96&d=mm&r=g","contentUrl":"https:\/\/secure.gravatar.com\/avatar\/966e5ed73cad334adda5c87f49f2547f7082f7292c1b627cbb548744383b391c?s=96&d=mm&r=g","caption":"ayuntamiento"}}]}},"uagb_featured_image_src":{"full":["https:\/\/coria.org\/ayuntamiento\/wp-content\/uploads\/2019\/04\/gala-cuentos-19-1.jpg",1920,1280,false],"thumbnail":["https:\/\/coria.org\/ayuntamiento\/wp-content\/uploads\/2019\/04\/gala-cuentos-19-1-150x150.jpg",150,150,true],"medium":["https:\/\/coria.org\/ayuntamiento\/wp-content\/uploads\/2019\/04\/gala-cuentos-19-1-300x200.jpg",300,200,true],"medium_large":["https:\/\/coria.org\/ayuntamiento\/wp-content\/uploads\/2019\/04\/gala-cuentos-19-1-768x512.jpg",768,512,true],"large":["https:\/\/coria.org\/ayuntamiento\/wp-content\/uploads\/2019\/04\/gala-cuentos-19-1-1024x683.jpg",1024,683,true],"thumblist":["https:\/\/coria.org\/ayuntamiento\/wp-content\/uploads\/2019\/04\/gala-cuentos-19-1-300x300.jpg",300,300,true],"thumbrelated":["https:\/\/coria.org\/ayuntamiento\/wp-content\/uploads\/2019\/04\/gala-cuentos-19-1-500x500.jpg",500,500,true],"meccarouselthumb":["https:\/\/coria.org\/ayuntamiento\/wp-content\/uploads\/2019\/04\/gala-cuentos-19-1-474x324.jpg",474,324,true],"gridsquare":["https:\/\/coria.org\/ayuntamiento\/wp-content\/uploads\/2019\/04\/gala-cuentos-19-1-391x260.jpg",391,260,true],"tileview":["https:\/\/coria.org\/ayuntamiento\/wp-content\/uploads\/2019\/04\/gala-cuentos-19-1-300x400.jpg",300,400,true],"1536x1536":["https:\/\/coria.org\/ayuntamiento\/wp-content\/uploads\/2019\/04\/gala-cuentos-19-1-1536x1024.jpg",1536,1024,true],"2048x2048":["https:\/\/coria.org\/ayuntamiento\/wp-content\/uploads\/2019\/04\/gala-cuentos-19-1.jpg",1920,1280,false]},"uagb_author_info":{"display_name":"ayuntamiento","author_link":"https:\/\/coria.org\/ayuntamiento\/index.php\/author\/ayuntamiento\/"},"uagb_comment_info":0,"uagb_excerpt":"El pr\u00f3ximo 24 de abril, a las 20.30 horas en el Patio de Cristal del Ayuntamiento de Coria, se har\u00e1 p\u00fablico el fallo del jurado del XXIX Certamen de Cuentos \u00abCiudad de Coria\u00bb, que como cada a\u00f1o organiza la Diputaci\u00f3n Provincial de C\u00e1ceres junto al Ayuntamiento de Coria. El acto que estar\u00e1 presidido por la&hellip;","_links":{"self":[{"href":"https:\/\/coria.org\/ayuntamiento\/index.php\/wp-json\/wp\/v2\/posts\/35015","targetHints":{"allow":["GET"]}}],"collection":[{"href":"https:\/\/coria.org\/ayuntamiento\/index.php\/wp-json\/wp\/v2\/posts"}],"about":[{"href":"https:\/\/coria.org\/ayuntamiento\/index.php\/wp-json\/wp\/v2\/types\/post"}],"author":[{"embeddable":true,"href":"https:\/\/coria.org\/ayuntamiento\/index.php\/wp-json\/wp\/v2\/users\/2"}],"replies":[{"embeddable":true,"href":"https:\/\/coria.org\/ayuntamiento\/index.php\/wp-json\/wp\/v2\/comments?post=35015"}],"version-history":[{"count":0,"href":"https:\/\/coria.org\/ayuntamiento\/index.php\/wp-json\/wp\/v2\/posts\/35015\/revisions"}],"wp:featuredmedia":[{"embeddable":true,"href":"https:\/\/coria.org\/ayuntamiento\/index.php\/wp-json\/wp\/v2\/media\/60486"}],"wp:attachment":[{"href":"https:\/\/coria.org\/ayuntamiento\/index.php\/wp-json\/wp\/v2\/media?parent=35015"}],"wp:term":[{"taxonomy":"category","embeddable":true,"href":"https:\/\/coria.org\/ayuntamiento\/index.php\/wp-json\/wp\/v2\/categories?post=35015"},{"taxonomy":"post_tag","embeddable":true,"href":"https:\/\/coria.org\/ayuntamiento\/index.php\/wp-json\/wp\/v2\/tags?post=35015"}],"curies":[{"name":"wp","href":"https:\/\/api.w.org\/{rel}","templated":true}]}}