{"id":34814,"date":"2016-08-09T00:00:00","date_gmt":"2016-08-09T00:00:00","guid":{"rendered":"https:\/\/ayuntamiento.coriaenimagenes.com\/ballestero-vamos-a-seguir-creciendo-en-calidad-y-seguridad-no-en-cantidad-2\/"},"modified":"2023-09-18T12:37:31","modified_gmt":"2023-09-18T10:37:31","slug":"ballestero-vamos-a-seguir-creciendo-en-calidad-y-seguridad-no-en-cantidad-2","status":"publish","type":"post","link":"https:\/\/coria.org\/ayuntamiento\/index.php\/2016\/08\/09\/ballestero-vamos-a-seguir-creciendo-en-calidad-y-seguridad-no-en-cantidad-2\/","title":{"rendered":"Ballestero \u00abVamos a seguir creciendo en calidad y seguridad, no en cantidad\u00bb"},"content":{"rendered":"\n<p><b>El Alcalde de Coria, Jos\u00e9 Manuel Garc\u00eda Ballestero ha resaltado que \u00abel objetivo del descenso del R\u00edo Alag\u00f3n es fomentar la participaci\u00f3n, la diversi\u00f3n y el deporte en nuestra ciudad, no se trata de competir, batir r\u00e9cord ni recaudar dinero\u00bb.<\/b><\/p>\n\n<figure class=\"wp-block-post-featured-image\"><img loading=\"lazy\" decoding=\"async\" width=\"2560\" height=\"1440\" src=\"https:\/\/coria.org\/ayuntamiento\/wp-content\/uploads\/2016\/08\/IMG_20160809_111234-scaled.jpg\" class=\"attachment-post-thumbnail size-post-thumbnail wp-post-image\" alt=\"\" style=\"object-fit:cover;\" srcset=\"https:\/\/coria.org\/ayuntamiento\/wp-content\/uploads\/2016\/08\/IMG_20160809_111234-scaled.jpg 2560w, https:\/\/coria.org\/ayuntamiento\/wp-content\/uploads\/2016\/08\/IMG_20160809_111234-300x169.jpg 300w, https:\/\/coria.org\/ayuntamiento\/wp-content\/uploads\/2016\/08\/IMG_20160809_111234-1024x576.jpg 1024w, https:\/\/coria.org\/ayuntamiento\/wp-content\/uploads\/2016\/08\/IMG_20160809_111234-768x432.jpg 768w, https:\/\/coria.org\/ayuntamiento\/wp-content\/uploads\/2016\/08\/IMG_20160809_111234-1536x864.jpg 1536w, https:\/\/coria.org\/ayuntamiento\/wp-content\/uploads\/2016\/08\/IMG_20160809_111234-2048x1152.jpg 2048w\" sizes=\"auto, (max-width: 2560px) 100vw, 2560px\" \/><\/figure>\n\n<div>\n<p><span style=\"font-family: verdana, arial, helvetica, sans-serif;\">El Alcalde de Coria, Jos\u00e9 Manuel Garc\u00eda Ballestero, junto al Concejal de Deportes, Juan Manuel Guti\u00e9rrez Rodr\u00edguez y miembros de la corporaci\u00f3n municipal, ha dado una rueda de prensa esta ma\u00f1ana en el Ayuntamiento cauriense para hacer balance y valorar la IX edici\u00f3n del Descenso del R\u00edo Alag\u00f3n.<\/span><\/p>\n<p>&nbsp;<\/p>\n<p>&nbsp;<\/p>\n<\/div>\n\n\n<div><span style=\"font-family: verdana, arial, helvetica, sans-serif;\">El primer edil cauriense, ha afirmado que esta edici\u00f3n ha sido un \u00e9xito rotundo tanto en participaci\u00f3n como en organizaci\u00f3n, contando este a\u00f1o con m\u00e1s de 600 palitas venidos desde distintos puntos de la Regi\u00f3n as\u00ed como tambi\u00e9n de diferentes comunidades aut\u00f3nomas como por ejemplo de Andaluc\u00eda, Madrid, Pa\u00eds Vasco, Galicia, Castilla y Le\u00f3n, Castilla la Mancha e incluso del pa\u00eds vecino Portugal. \u00abEsto significa que Coria est\u00e1 siendo un referente en este tipo de pruebas deportivas no s\u00f3lo en la regi\u00f3n sino tambi\u00e9n a nivel nacional\u00bb, recalca.<\/span><\/div>\n\n\n<div><span style=\"font-family: verdana, arial, helvetica, sans-serif;\"><br \/>Ballestero, adem\u00e1s, ha dicho que esta edici\u00f3n ha contado con una cifra importante de palistas para la prueba, y que lo que se pretende cada a\u00f1o es que el descenso crezca en calidad no en cantidad y desde la Concejal\u00eda de Deportes se est\u00e1 trabajando a\u00f1o tras a\u00f1o para que sea una prueba segura para aquellos que participan, esto se ha conseguido, dice, gracias a la organizaci\u00f3n del evento, trabajadores del Ayuntamiento y personas voluntarias que colaboran de manera activa y que velan por la seguridad de los participantes.<\/span><\/div>\n\n\n<div><span style=\"font-family: verdana, arial, helvetica, sans-serif;\"><br \/>El equipo de gobierno ha querido agradecer esa labor de las 105 personas que han formado parte de la organizaci\u00f3n, 53 voluntarios y varias casas patrocinadoras, as\u00ed como tambi\u00e9n a los participantes que se han dado cita en esta novena edici\u00f3n.<\/span><\/div>\n\n\n<div><span style=\"font-family: verdana, arial, helvetica, sans-serif;\"><br \/>Por \u00faltimo, el alcalde de la ciudad, ha explicado que el descenso es una prueba sostenible econ\u00f3mica y financieramente, que este a\u00f1o ha sido un descenso perfecto al contar con la participaci\u00f3n de 620 palistas, ya que el r\u00edo Alag\u00f3n cuenta con unas limitaciones t\u00e9cnicas y es necesario limitar el n\u00famero de participantes en alrededor de 600 palistas para as\u00ed, poder velar por la seguridad de todos los que participan y que la prueba se desarrolle con total seguridad y normalidad.<\/span><\/div>\n\n\n<div><span style=\"font-family: verdana, arial, helvetica, sans-serif;\"><br \/>Cabe recordar que el Descenso del R\u00edo Alag\u00f3n comenz\u00f3 su andadura all\u00e1 por el a\u00f1o 1975 como una actividad recreativa, que debido al auge de las pruebas deportivas y su vinculaci\u00f3n con el turismo en los \u00faltimos a\u00f1os, ha pasado posteriormente a formar parte del Circuito de Aguas Dulces de Extremadura hasta consolidarse en la actualidad como una de las actividades tur\u00edstico-deportivas m\u00e1s demandadas en el Norte de nuestra Regi\u00f3n como consecuencia de la potencialidad del medio natural que ofrece el Valle del Alag\u00f3n.<\/span><\/div>\n\n\n<p><iframe loading=\"lazy\" src=\"https:\/\/www.youtube.com\/embed\/fP9zAaTnT0M\" width=\"800\" height=\"600\" frameborder=\"0\" allowfullscreen=\"allowfullscreen\"><\/iframe><\/p>\n","protected":false},"excerpt":{"rendered":"<p>El Alcalde de Coria, Jos\u00e9 Manuel Garc\u00eda Ballestero ha resaltado que \u00abel objetivo del descenso del R\u00edo Alag\u00f3n es fomentar la participaci\u00f3n, la diversi\u00f3n y el deporte en nuestra ciudad, no se trata de competir, batir r\u00e9cord ni recaudar dinero\u00bb. El Alcalde de Coria, Jos\u00e9 Manuel Garc\u00eda Ballestero, junto al Concejal de Deportes, Juan Manuel [&hellip;]<\/p>\n","protected":false},"author":2,"featured_media":29634,"comment_status":"closed","ping_status":"closed","sticky":false,"template":"","format":"standard","meta":{"_uag_custom_page_level_css":"","footnotes":""},"categories":[2],"tags":[3,4],"class_list":["post-34814","post","type-post","status-publish","format-standard","has-post-thumbnail","hentry","category-noticias","tag-coria","tag-extremadura"],"yoast_head":"<!-- This site is optimized with the Yoast SEO plugin v27.4 - https:\/\/yoast.com\/product\/yoast-seo-wordpress\/ -->\n<title>Ballestero &quot;Vamos a seguir creciendo en calidad y seguridad, no en cantidad&quot; - Ayuntamiento de Coria<\/title>\n<meta name=\"robots\" content=\"index, follow, max-snippet:-1, max-image-preview:large, max-video-preview:-1\" \/>\n<link rel=\"canonical\" href=\"https:\/\/coria.org\/ayuntamiento\/index.php\/2016\/08\/09\/ballestero-vamos-a-seguir-creciendo-en-calidad-y-seguridad-no-en-cantidad-2\/\" \/>\n<meta property=\"og:locale\" content=\"es_ES\" \/>\n<meta property=\"og:type\" content=\"article\" \/>\n<meta property=\"og:title\" content=\"Ballestero &quot;Vamos a seguir creciendo en calidad y seguridad, no en cantidad&quot; - Ayuntamiento de Coria\" \/>\n<meta property=\"og:description\" content=\"El Alcalde de Coria, Jos\u00e9 Manuel Garc\u00eda Ballestero ha resaltado que \u00abel objetivo del descenso del R\u00edo Alag\u00f3n es fomentar la participaci\u00f3n, la diversi\u00f3n y el deporte en nuestra ciudad, no se trata de competir, batir r\u00e9cord ni recaudar dinero\u00bb. El Alcalde de Coria, Jos\u00e9 Manuel Garc\u00eda Ballestero, junto al Concejal de Deportes, Juan Manuel [&hellip;]\" \/>\n<meta property=\"og:url\" content=\"https:\/\/coria.org\/ayuntamiento\/index.php\/2016\/08\/09\/ballestero-vamos-a-seguir-creciendo-en-calidad-y-seguridad-no-en-cantidad-2\/\" \/>\n<meta property=\"og:site_name\" content=\"Ayuntamiento de Coria\" \/>\n<meta property=\"article:publisher\" content=\"https:\/\/www.facebook.com\/Ayuntamiento.de.Coria\" \/>\n<meta property=\"article:published_time\" content=\"2016-08-09T00:00:00+00:00\" \/>\n<meta property=\"article:modified_time\" content=\"2023-09-18T10:37:31+00:00\" \/>\n<meta property=\"og:image\" content=\"https:\/\/coria.org\/ayuntamiento\/wp-content\/uploads\/2016\/08\/IMG_20160809_111234-scaled.jpg\" \/>\n\t<meta property=\"og:image:width\" content=\"2560\" \/>\n\t<meta property=\"og:image:height\" content=\"1440\" \/>\n\t<meta property=\"og:image:type\" content=\"image\/jpeg\" \/>\n<meta name=\"author\" content=\"ayuntamiento\" \/>\n<meta name=\"twitter:card\" content=\"summary_large_image\" \/>\n<meta name=\"twitter:creator\" content=\"@Ayto_de_Coria\" \/>\n<meta name=\"twitter:site\" content=\"@Ayto_de_Coria\" \/>\n<meta name=\"twitter:label1\" content=\"Escrito por\" \/>\n\t<meta name=\"twitter:data1\" content=\"ayuntamiento\" \/>\n\t<meta name=\"twitter:label2\" content=\"Tiempo de lectura\" \/>\n\t<meta name=\"twitter:data2\" content=\"3 minutos\" \/>\n<script type=\"application\/ld+json\" class=\"yoast-schema-graph\">{\"@context\":\"https:\\\/\\\/schema.org\",\"@graph\":[{\"@type\":\"Article\",\"@id\":\"https:\\\/\\\/coria.org\\\/ayuntamiento\\\/index.php\\\/2016\\\/08\\\/09\\\/ballestero-vamos-a-seguir-creciendo-en-calidad-y-seguridad-no-en-cantidad-2\\\/#article\",\"isPartOf\":{\"@id\":\"https:\\\/\\\/coria.org\\\/ayuntamiento\\\/index.php\\\/2016\\\/08\\\/09\\\/ballestero-vamos-a-seguir-creciendo-en-calidad-y-seguridad-no-en-cantidad-2\\\/\"},\"author\":{\"name\":\"ayuntamiento\",\"@id\":\"https:\\\/\\\/coria.org\\\/ayuntamiento\\\/#\\\/schema\\\/person\\\/8bd589f0e13e8ae5aa06def7a599d622\"},\"headline\":\"Ballestero \u00abVamos a seguir creciendo en calidad y seguridad, no en cantidad\u00bb\",\"datePublished\":\"2016-08-09T00:00:00+00:00\",\"dateModified\":\"2023-09-18T10:37:31+00:00\",\"mainEntityOfPage\":{\"@id\":\"https:\\\/\\\/coria.org\\\/ayuntamiento\\\/index.php\\\/2016\\\/08\\\/09\\\/ballestero-vamos-a-seguir-creciendo-en-calidad-y-seguridad-no-en-cantidad-2\\\/\"},\"wordCount\":534,\"publisher\":{\"@id\":\"https:\\\/\\\/coria.org\\\/ayuntamiento\\\/#organization\"},\"image\":{\"@id\":\"https:\\\/\\\/coria.org\\\/ayuntamiento\\\/index.php\\\/2016\\\/08\\\/09\\\/ballestero-vamos-a-seguir-creciendo-en-calidad-y-seguridad-no-en-cantidad-2\\\/#primaryimage\"},\"thumbnailUrl\":\"https:\\\/\\\/coria.org\\\/ayuntamiento\\\/wp-content\\\/uploads\\\/2016\\\/08\\\/IMG_20160809_111234-scaled.jpg\",\"keywords\":[\"coria\",\"extremadura\"],\"articleSection\":[\"Noticias\"],\"inLanguage\":\"es\"},{\"@type\":\"WebPage\",\"@id\":\"https:\\\/\\\/coria.org\\\/ayuntamiento\\\/index.php\\\/2016\\\/08\\\/09\\\/ballestero-vamos-a-seguir-creciendo-en-calidad-y-seguridad-no-en-cantidad-2\\\/\",\"url\":\"https:\\\/\\\/coria.org\\\/ayuntamiento\\\/index.php\\\/2016\\\/08\\\/09\\\/ballestero-vamos-a-seguir-creciendo-en-calidad-y-seguridad-no-en-cantidad-2\\\/\",\"name\":\"Ballestero \\\"Vamos a seguir creciendo en calidad y seguridad, no en cantidad\\\" - Ayuntamiento de Coria\",\"isPartOf\":{\"@id\":\"https:\\\/\\\/coria.org\\\/ayuntamiento\\\/#website\"},\"primaryImageOfPage\":{\"@id\":\"https:\\\/\\\/coria.org\\\/ayuntamiento\\\/index.php\\\/2016\\\/08\\\/09\\\/ballestero-vamos-a-seguir-creciendo-en-calidad-y-seguridad-no-en-cantidad-2\\\/#primaryimage\"},\"image\":{\"@id\":\"https:\\\/\\\/coria.org\\\/ayuntamiento\\\/index.php\\\/2016\\\/08\\\/09\\\/ballestero-vamos-a-seguir-creciendo-en-calidad-y-seguridad-no-en-cantidad-2\\\/#primaryimage\"},\"thumbnailUrl\":\"https:\\\/\\\/coria.org\\\/ayuntamiento\\\/wp-content\\\/uploads\\\/2016\\\/08\\\/IMG_20160809_111234-scaled.jpg\",\"datePublished\":\"2016-08-09T00:00:00+00:00\",\"dateModified\":\"2023-09-18T10:37:31+00:00\",\"breadcrumb\":{\"@id\":\"https:\\\/\\\/coria.org\\\/ayuntamiento\\\/index.php\\\/2016\\\/08\\\/09\\\/ballestero-vamos-a-seguir-creciendo-en-calidad-y-seguridad-no-en-cantidad-2\\\/#breadcrumb\"},\"inLanguage\":\"es\",\"potentialAction\":[{\"@type\":\"ReadAction\",\"target\":[\"https:\\\/\\\/coria.org\\\/ayuntamiento\\\/index.php\\\/2016\\\/08\\\/09\\\/ballestero-vamos-a-seguir-creciendo-en-calidad-y-seguridad-no-en-cantidad-2\\\/\"]}]},{\"@type\":\"ImageObject\",\"inLanguage\":\"es\",\"@id\":\"https:\\\/\\\/coria.org\\\/ayuntamiento\\\/index.php\\\/2016\\\/08\\\/09\\\/ballestero-vamos-a-seguir-creciendo-en-calidad-y-seguridad-no-en-cantidad-2\\\/#primaryimage\",\"url\":\"https:\\\/\\\/coria.org\\\/ayuntamiento\\\/wp-content\\\/uploads\\\/2016\\\/08\\\/IMG_20160809_111234-scaled.jpg\",\"contentUrl\":\"https:\\\/\\\/coria.org\\\/ayuntamiento\\\/wp-content\\\/uploads\\\/2016\\\/08\\\/IMG_20160809_111234-scaled.jpg\",\"width\":2560,\"height\":1440},{\"@type\":\"BreadcrumbList\",\"@id\":\"https:\\\/\\\/coria.org\\\/ayuntamiento\\\/index.php\\\/2016\\\/08\\\/09\\\/ballestero-vamos-a-seguir-creciendo-en-calidad-y-seguridad-no-en-cantidad-2\\\/#breadcrumb\",\"itemListElement\":[{\"@type\":\"ListItem\",\"position\":1,\"name\":\"Inicio\",\"item\":\"https:\\\/\\\/coria.org\\\/ayuntamiento\\\/\"},{\"@type\":\"ListItem\",\"position\":2,\"name\":\"Ballestero \u00abVamos a seguir creciendo en calidad y seguridad, no en cantidad\u00bb\"}]},{\"@type\":\"WebSite\",\"@id\":\"https:\\\/\\\/coria.org\\\/ayuntamiento\\\/#website\",\"url\":\"https:\\\/\\\/coria.org\\\/ayuntamiento\\\/\",\"name\":\"Ayuntamiento de Coria\",\"description\":\"Web oficial del Ayuntamiento de Coria\",\"publisher\":{\"@id\":\"https:\\\/\\\/coria.org\\\/ayuntamiento\\\/#organization\"},\"alternateName\":\"Web Oficial del Ayuntamiento de Coria\",\"potentialAction\":[{\"@type\":\"SearchAction\",\"target\":{\"@type\":\"EntryPoint\",\"urlTemplate\":\"https:\\\/\\\/coria.org\\\/ayuntamiento\\\/?s={search_term_string}\"},\"query-input\":{\"@type\":\"PropertyValueSpecification\",\"valueRequired\":true,\"valueName\":\"search_term_string\"}}],\"inLanguage\":\"es\"},{\"@type\":\"Organization\",\"@id\":\"https:\\\/\\\/coria.org\\\/ayuntamiento\\\/#organization\",\"name\":\"Ayuntamiento de Coria\",\"alternateName\":\"Ayto de Coria\",\"url\":\"https:\\\/\\\/coria.org\\\/ayuntamiento\\\/\",\"logo\":{\"@type\":\"ImageObject\",\"inLanguage\":\"es\",\"@id\":\"https:\\\/\\\/coria.org\\\/ayuntamiento\\\/#\\\/schema\\\/logo\\\/image\\\/\",\"url\":\"https:\\\/\\\/coria.org\\\/ayuntamiento\\\/wp-content\\\/uploads\\\/2020\\\/12\\\/escudo-ayuntamiento-coria.png\",\"contentUrl\":\"https:\\\/\\\/coria.org\\\/ayuntamiento\\\/wp-content\\\/uploads\\\/2020\\\/12\\\/escudo-ayuntamiento-coria.png\",\"width\":511,\"height\":240,\"caption\":\"Ayuntamiento de Coria\"},\"image\":{\"@id\":\"https:\\\/\\\/coria.org\\\/ayuntamiento\\\/#\\\/schema\\\/logo\\\/image\\\/\"},\"sameAs\":[\"https:\\\/\\\/www.facebook.com\\\/Ayuntamiento.de.Coria\",\"https:\\\/\\\/x.com\\\/Ayto_de_Coria\",\"https:\\\/\\\/www.instagram.com\\\/coria.ayuntamiento\\\/\",\"https:\\\/\\\/www.youtube.com\\\/user\\\/AYUNTAMIENTOCORIA\"]},{\"@type\":\"Person\",\"@id\":\"https:\\\/\\\/coria.org\\\/ayuntamiento\\\/#\\\/schema\\\/person\\\/8bd589f0e13e8ae5aa06def7a599d622\",\"name\":\"ayuntamiento\",\"image\":{\"@type\":\"ImageObject\",\"inLanguage\":\"es\",\"@id\":\"https:\\\/\\\/secure.gravatar.com\\\/avatar\\\/966e5ed73cad334adda5c87f49f2547f7082f7292c1b627cbb548744383b391c?s=96&d=mm&r=g\",\"url\":\"https:\\\/\\\/secure.gravatar.com\\\/avatar\\\/966e5ed73cad334adda5c87f49f2547f7082f7292c1b627cbb548744383b391c?s=96&d=mm&r=g\",\"contentUrl\":\"https:\\\/\\\/secure.gravatar.com\\\/avatar\\\/966e5ed73cad334adda5c87f49f2547f7082f7292c1b627cbb548744383b391c?s=96&d=mm&r=g\",\"caption\":\"ayuntamiento\"}}]}<\/script>\n<!-- \/ Yoast SEO plugin. -->","yoast_head_json":{"title":"Ballestero \"Vamos a seguir creciendo en calidad y seguridad, no en cantidad\" - Ayuntamiento de Coria","robots":{"index":"index","follow":"follow","max-snippet":"max-snippet:-1","max-image-preview":"max-image-preview:large","max-video-preview":"max-video-preview:-1"},"canonical":"https:\/\/coria.org\/ayuntamiento\/index.php\/2016\/08\/09\/ballestero-vamos-a-seguir-creciendo-en-calidad-y-seguridad-no-en-cantidad-2\/","og_locale":"es_ES","og_type":"article","og_title":"Ballestero \"Vamos a seguir creciendo en calidad y seguridad, no en cantidad\" - Ayuntamiento de Coria","og_description":"El Alcalde de Coria, Jos\u00e9 Manuel Garc\u00eda Ballestero ha resaltado que \u00abel objetivo del descenso del R\u00edo Alag\u00f3n es fomentar la participaci\u00f3n, la diversi\u00f3n y el deporte en nuestra ciudad, no se trata de competir, batir r\u00e9cord ni recaudar dinero\u00bb. El Alcalde de Coria, Jos\u00e9 Manuel Garc\u00eda Ballestero, junto al Concejal de Deportes, Juan Manuel [&hellip;]","og_url":"https:\/\/coria.org\/ayuntamiento\/index.php\/2016\/08\/09\/ballestero-vamos-a-seguir-creciendo-en-calidad-y-seguridad-no-en-cantidad-2\/","og_site_name":"Ayuntamiento de Coria","article_publisher":"https:\/\/www.facebook.com\/Ayuntamiento.de.Coria","article_published_time":"2016-08-09T00:00:00+00:00","article_modified_time":"2023-09-18T10:37:31+00:00","og_image":[{"width":2560,"height":1440,"url":"https:\/\/coria.org\/ayuntamiento\/wp-content\/uploads\/2016\/08\/IMG_20160809_111234-scaled.jpg","type":"image\/jpeg"}],"author":"ayuntamiento","twitter_card":"summary_large_image","twitter_creator":"@Ayto_de_Coria","twitter_site":"@Ayto_de_Coria","twitter_misc":{"Escrito por":"ayuntamiento","Tiempo de lectura":"3 minutos"},"schema":{"@context":"https:\/\/schema.org","@graph":[{"@type":"Article","@id":"https:\/\/coria.org\/ayuntamiento\/index.php\/2016\/08\/09\/ballestero-vamos-a-seguir-creciendo-en-calidad-y-seguridad-no-en-cantidad-2\/#article","isPartOf":{"@id":"https:\/\/coria.org\/ayuntamiento\/index.php\/2016\/08\/09\/ballestero-vamos-a-seguir-creciendo-en-calidad-y-seguridad-no-en-cantidad-2\/"},"author":{"name":"ayuntamiento","@id":"https:\/\/coria.org\/ayuntamiento\/#\/schema\/person\/8bd589f0e13e8ae5aa06def7a599d622"},"headline":"Ballestero \u00abVamos a seguir creciendo en calidad y seguridad, no en cantidad\u00bb","datePublished":"2016-08-09T00:00:00+00:00","dateModified":"2023-09-18T10:37:31+00:00","mainEntityOfPage":{"@id":"https:\/\/coria.org\/ayuntamiento\/index.php\/2016\/08\/09\/ballestero-vamos-a-seguir-creciendo-en-calidad-y-seguridad-no-en-cantidad-2\/"},"wordCount":534,"publisher":{"@id":"https:\/\/coria.org\/ayuntamiento\/#organization"},"image":{"@id":"https:\/\/coria.org\/ayuntamiento\/index.php\/2016\/08\/09\/ballestero-vamos-a-seguir-creciendo-en-calidad-y-seguridad-no-en-cantidad-2\/#primaryimage"},"thumbnailUrl":"https:\/\/coria.org\/ayuntamiento\/wp-content\/uploads\/2016\/08\/IMG_20160809_111234-scaled.jpg","keywords":["coria","extremadura"],"articleSection":["Noticias"],"inLanguage":"es"},{"@type":"WebPage","@id":"https:\/\/coria.org\/ayuntamiento\/index.php\/2016\/08\/09\/ballestero-vamos-a-seguir-creciendo-en-calidad-y-seguridad-no-en-cantidad-2\/","url":"https:\/\/coria.org\/ayuntamiento\/index.php\/2016\/08\/09\/ballestero-vamos-a-seguir-creciendo-en-calidad-y-seguridad-no-en-cantidad-2\/","name":"Ballestero \"Vamos a seguir creciendo en calidad y seguridad, no en cantidad\" - Ayuntamiento de Coria","isPartOf":{"@id":"https:\/\/coria.org\/ayuntamiento\/#website"},"primaryImageOfPage":{"@id":"https:\/\/coria.org\/ayuntamiento\/index.php\/2016\/08\/09\/ballestero-vamos-a-seguir-creciendo-en-calidad-y-seguridad-no-en-cantidad-2\/#primaryimage"},"image":{"@id":"https:\/\/coria.org\/ayuntamiento\/index.php\/2016\/08\/09\/ballestero-vamos-a-seguir-creciendo-en-calidad-y-seguridad-no-en-cantidad-2\/#primaryimage"},"thumbnailUrl":"https:\/\/coria.org\/ayuntamiento\/wp-content\/uploads\/2016\/08\/IMG_20160809_111234-scaled.jpg","datePublished":"2016-08-09T00:00:00+00:00","dateModified":"2023-09-18T10:37:31+00:00","breadcrumb":{"@id":"https:\/\/coria.org\/ayuntamiento\/index.php\/2016\/08\/09\/ballestero-vamos-a-seguir-creciendo-en-calidad-y-seguridad-no-en-cantidad-2\/#breadcrumb"},"inLanguage":"es","potentialAction":[{"@type":"ReadAction","target":["https:\/\/coria.org\/ayuntamiento\/index.php\/2016\/08\/09\/ballestero-vamos-a-seguir-creciendo-en-calidad-y-seguridad-no-en-cantidad-2\/"]}]},{"@type":"ImageObject","inLanguage":"es","@id":"https:\/\/coria.org\/ayuntamiento\/index.php\/2016\/08\/09\/ballestero-vamos-a-seguir-creciendo-en-calidad-y-seguridad-no-en-cantidad-2\/#primaryimage","url":"https:\/\/coria.org\/ayuntamiento\/wp-content\/uploads\/2016\/08\/IMG_20160809_111234-scaled.jpg","contentUrl":"https:\/\/coria.org\/ayuntamiento\/wp-content\/uploads\/2016\/08\/IMG_20160809_111234-scaled.jpg","width":2560,"height":1440},{"@type":"BreadcrumbList","@id":"https:\/\/coria.org\/ayuntamiento\/index.php\/2016\/08\/09\/ballestero-vamos-a-seguir-creciendo-en-calidad-y-seguridad-no-en-cantidad-2\/#breadcrumb","itemListElement":[{"@type":"ListItem","position":1,"name":"Inicio","item":"https:\/\/coria.org\/ayuntamiento\/"},{"@type":"ListItem","position":2,"name":"Ballestero \u00abVamos a seguir creciendo en calidad y seguridad, no en cantidad\u00bb"}]},{"@type":"WebSite","@id":"https:\/\/coria.org\/ayuntamiento\/#website","url":"https:\/\/coria.org\/ayuntamiento\/","name":"Ayuntamiento de Coria","description":"Web oficial del Ayuntamiento de Coria","publisher":{"@id":"https:\/\/coria.org\/ayuntamiento\/#organization"},"alternateName":"Web Oficial del Ayuntamiento de Coria","potentialAction":[{"@type":"SearchAction","target":{"@type":"EntryPoint","urlTemplate":"https:\/\/coria.org\/ayuntamiento\/?s={search_term_string}"},"query-input":{"@type":"PropertyValueSpecification","valueRequired":true,"valueName":"search_term_string"}}],"inLanguage":"es"},{"@type":"Organization","@id":"https:\/\/coria.org\/ayuntamiento\/#organization","name":"Ayuntamiento de Coria","alternateName":"Ayto de Coria","url":"https:\/\/coria.org\/ayuntamiento\/","logo":{"@type":"ImageObject","inLanguage":"es","@id":"https:\/\/coria.org\/ayuntamiento\/#\/schema\/logo\/image\/","url":"https:\/\/coria.org\/ayuntamiento\/wp-content\/uploads\/2020\/12\/escudo-ayuntamiento-coria.png","contentUrl":"https:\/\/coria.org\/ayuntamiento\/wp-content\/uploads\/2020\/12\/escudo-ayuntamiento-coria.png","width":511,"height":240,"caption":"Ayuntamiento de Coria"},"image":{"@id":"https:\/\/coria.org\/ayuntamiento\/#\/schema\/logo\/image\/"},"sameAs":["https:\/\/www.facebook.com\/Ayuntamiento.de.Coria","https:\/\/x.com\/Ayto_de_Coria","https:\/\/www.instagram.com\/coria.ayuntamiento\/","https:\/\/www.youtube.com\/user\/AYUNTAMIENTOCORIA"]},{"@type":"Person","@id":"https:\/\/coria.org\/ayuntamiento\/#\/schema\/person\/8bd589f0e13e8ae5aa06def7a599d622","name":"ayuntamiento","image":{"@type":"ImageObject","inLanguage":"es","@id":"https:\/\/secure.gravatar.com\/avatar\/966e5ed73cad334adda5c87f49f2547f7082f7292c1b627cbb548744383b391c?s=96&d=mm&r=g","url":"https:\/\/secure.gravatar.com\/avatar\/966e5ed73cad334adda5c87f49f2547f7082f7292c1b627cbb548744383b391c?s=96&d=mm&r=g","contentUrl":"https:\/\/secure.gravatar.com\/avatar\/966e5ed73cad334adda5c87f49f2547f7082f7292c1b627cbb548744383b391c?s=96&d=mm&r=g","caption":"ayuntamiento"}}]}},"uagb_featured_image_src":{"full":["https:\/\/coria.org\/ayuntamiento\/wp-content\/uploads\/2016\/08\/IMG_20160809_111234-scaled.jpg",2560,1440,false],"thumbnail":["https:\/\/coria.org\/ayuntamiento\/wp-content\/uploads\/2016\/08\/IMG_20160809_111234-150x150.jpg",150,150,true],"medium":["https:\/\/coria.org\/ayuntamiento\/wp-content\/uploads\/2016\/08\/IMG_20160809_111234-300x169.jpg",300,169,true],"medium_large":["https:\/\/coria.org\/ayuntamiento\/wp-content\/uploads\/2016\/08\/IMG_20160809_111234-768x432.jpg",768,432,true],"large":["https:\/\/coria.org\/ayuntamiento\/wp-content\/uploads\/2016\/08\/IMG_20160809_111234-1024x576.jpg",1024,576,true],"thumblist":["https:\/\/coria.org\/ayuntamiento\/wp-content\/uploads\/2016\/08\/IMG_20160809_111234-scaled.jpg",300,169,false],"thumbrelated":["https:\/\/coria.org\/ayuntamiento\/wp-content\/uploads\/2016\/08\/IMG_20160809_111234-scaled.jpg",500,281,false],"meccarouselthumb":["https:\/\/coria.org\/ayuntamiento\/wp-content\/uploads\/2016\/08\/IMG_20160809_111234-scaled.jpg",474,267,false],"gridsquare":["https:\/\/coria.org\/ayuntamiento\/wp-content\/uploads\/2016\/08\/IMG_20160809_111234-scaled.jpg",391,220,false],"tileview":["https:\/\/coria.org\/ayuntamiento\/wp-content\/uploads\/2016\/08\/IMG_20160809_111234-scaled.jpg",300,169,false],"1536x1536":["https:\/\/coria.org\/ayuntamiento\/wp-content\/uploads\/2016\/08\/IMG_20160809_111234-1536x864.jpg",1536,864,true],"2048x2048":["https:\/\/coria.org\/ayuntamiento\/wp-content\/uploads\/2016\/08\/IMG_20160809_111234-2048x1152.jpg",2048,1152,true]},"uagb_author_info":{"display_name":"ayuntamiento","author_link":"https:\/\/coria.org\/ayuntamiento\/index.php\/author\/ayuntamiento\/"},"uagb_comment_info":0,"uagb_excerpt":"El Alcalde de Coria, Jos\u00e9 Manuel Garc\u00eda Ballestero ha resaltado que \u00abel objetivo del descenso del R\u00edo Alag\u00f3n es fomentar la participaci\u00f3n, la diversi\u00f3n y el deporte en nuestra ciudad, no se trata de competir, batir r\u00e9cord ni recaudar dinero\u00bb. El Alcalde de Coria, Jos\u00e9 Manuel Garc\u00eda Ballestero, junto al Concejal de Deportes, Juan Manuel&hellip;","_links":{"self":[{"href":"https:\/\/coria.org\/ayuntamiento\/index.php\/wp-json\/wp\/v2\/posts\/34814","targetHints":{"allow":["GET"]}}],"collection":[{"href":"https:\/\/coria.org\/ayuntamiento\/index.php\/wp-json\/wp\/v2\/posts"}],"about":[{"href":"https:\/\/coria.org\/ayuntamiento\/index.php\/wp-json\/wp\/v2\/types\/post"}],"author":[{"embeddable":true,"href":"https:\/\/coria.org\/ayuntamiento\/index.php\/wp-json\/wp\/v2\/users\/2"}],"replies":[{"embeddable":true,"href":"https:\/\/coria.org\/ayuntamiento\/index.php\/wp-json\/wp\/v2\/comments?post=34814"}],"version-history":[{"count":0,"href":"https:\/\/coria.org\/ayuntamiento\/index.php\/wp-json\/wp\/v2\/posts\/34814\/revisions"}],"wp:featuredmedia":[{"embeddable":true,"href":"https:\/\/coria.org\/ayuntamiento\/index.php\/wp-json\/wp\/v2\/media\/29634"}],"wp:attachment":[{"href":"https:\/\/coria.org\/ayuntamiento\/index.php\/wp-json\/wp\/v2\/media?parent=34814"}],"wp:term":[{"taxonomy":"category","embeddable":true,"href":"https:\/\/coria.org\/ayuntamiento\/index.php\/wp-json\/wp\/v2\/categories?post=34814"},{"taxonomy":"post_tag","embeddable":true,"href":"https:\/\/coria.org\/ayuntamiento\/index.php\/wp-json\/wp\/v2\/tags?post=34814"}],"curies":[{"name":"wp","href":"https:\/\/api.w.org\/{rel}","templated":true}]}}