{"id":34812,"date":"2016-07-18T00:00:00","date_gmt":"2016-07-18T00:00:00","guid":{"rendered":"https:\/\/ayuntamiento.coriaenimagenes.com\/la-ciudad-de-coria-celebro-su-prueba-reina-del-xv-triatlon-ciudad-de-coria-y-el-cto-extremadura-contrarreloj-por-equipos-2\/"},"modified":"2023-09-18T12:37:35","modified_gmt":"2023-09-18T10:37:35","slug":"la-ciudad-de-coria-celebro-su-prueba-reina-del-xv-triatlon-ciudad-de-coria-y-el-cto-extremadura-contrarreloj-por-equipos-2","status":"publish","type":"post","link":"https:\/\/coria.org\/ayuntamiento\/index.php\/2016\/07\/18\/la-ciudad-de-coria-celebro-su-prueba-reina-del-xv-triatlon-ciudad-de-coria-y-el-cto-extremadura-contrarreloj-por-equipos-2\/","title":{"rendered":"La ciudad de Coria celebr\u00f3 su prueba reina del XV Triatlon \u00abCiudad de Coria\u00bb y el Cto. Extremadura Contrarreloj por Equipos"},"content":{"rendered":"\n<p><b>Despu\u00e9s de quince a\u00f1os, la Ciudad de Coria se engalanaba, en la ma\u00f1ana del domingo 17 de julio, para recibir de nuevo la celebraci\u00f3n de su prueba reina en los a\u00f1os noventa, como ha sido el XV Triatl\u00f3n \u00abCiudad de Coria\u00bb, y que a su vez, estaba complementada por el CAMPEONATO EXTREMADURA DE TRIATL\u00d3N en formato de CONTRARRELOJ por EQUIPOS, gracias a la concesi\u00f3n ofrecida al municipio cauriense por parte de la Federaci\u00f3n Extreme\u00f1a de Triatl\u00f3n.<\/b><\/p>\n\n<figure class=\"wp-block-post-featured-image\"><img loading=\"lazy\" decoding=\"async\" width=\"640\" height=\"360\" src=\"https:\/\/coria.org\/ayuntamiento\/wp-content\/uploads\/2022\/03\/image-61.jpeg\" class=\"attachment-post-thumbnail size-post-thumbnail wp-post-image\" alt=\"\" style=\"object-fit:cover;\" srcset=\"https:\/\/coria.org\/ayuntamiento\/wp-content\/uploads\/2022\/03\/image-61.jpeg 640w, https:\/\/coria.org\/ayuntamiento\/wp-content\/uploads\/2022\/03\/image-61-300x169.jpeg 300w\" sizes=\"auto, (max-width: 640px) 100vw, 640px\" \/><\/figure>\n\n<div>\n<p><span style=\"font-family: verdana, arial, helvetica, sans-serif;\">Entre ambos Campeonatos reunieron un total de 115 triatletas, junto con 16 equipos: A.D. ECOSPORT TRIATL\u00d3N (Alcobendas) &#8211; CIDADE DE LUGO FLUVIAL (Lugo) &#8211; CLUB TRIATLON M\u00c9RIDA &#8211; T3 EXTREMADURA TRIATL\u00d3N &#8211; TRIATLON DON BENITO &#8211; TRIATL\u00d3N PACENSE &#8211; ISBILYA SLOPPYJOE\u00b4S &#8211; FISIOTERAPIA JOVA ESCUELA MUNICIPAL DEPORTIVA SANVICENTE\u00d1A (San Vicente de Alc\u00e1ntara) &#8211; CLUB TRIATLON SALAMANCA &#8211; CLUB NATACI\u00d3N C\u00c1CERES \u00abLOS DELFINES\u00bb &#8211; TRIATLON LUGONES (Asturias) &#8211; C.P. VALLE DEL ALAG\u00d3N BICICLETAS KM 0.- KIROS MERIDA &#8211; ESCUELA DE TRIATLON PLASENCIA &#8211; C3S TRIATLON (C\u00e1ceres) &#8211; TEAM CORIA &#8211; ZAPATONES RUNNING.<\/span><\/p>\n<p>&nbsp;<\/p>\n<\/div>\n\n\n<div><span style=\"font-family: verdana, arial, helvetica, sans-serif;\">&nbsp;<\/span><\/div>\n\n\n<div><span style=\"font-family: verdana, arial, helvetica, sans-serif;\">En la prueba del XV Triatl\u00f3n \u00abCiudad de Coria\u00bb, resultaron ganadoras de la general en chicas:<\/span><\/div>\n\n\n<div><span style=\"font-family: verdana, arial, helvetica, sans-serif;\">1\u00aa MARIA FERNANDA FERNANDEZ, del Club Isbilya Sloppy Joes con un tiempo 01:18:44.<\/span><\/div>\n\n\n<div><span style=\"font-family: verdana, arial, helvetica, sans-serif;\">2\u00aa. LAURA DUR\u00c1N CABANILLAS, del Club Triatl\u00f3n Pacense, con un tiempo 01:19:19<\/span><\/div>\n\n\n<div><span style=\"font-family: verdana, arial, helvetica, sans-serif;\"><span style=\"font-family: verdana, arial, helvetica, sans-serif;\">3\u00aa. MARIA DE LAS NIEVES GEMIO, del Club Triatl\u00f3n Don Benito, con un tiempo 01:19:36.<\/span><\/span>\n<p>&nbsp;<\/p>\n<p>&nbsp;<\/p>\n<\/div>\n\n\n<div><span style=\"font-family: verdana, arial, helvetica, sans-serif;\">Laclasificaci\u00f3ngeneral masculina:<\/span><\/div>\n\n\n<div><span style=\"font-family: verdana, arial, helvetica, sans-serif;\"><br \/>1\u00ba. MOUNIR BEJAOUI RAMOS, del Club Ecosport Triatlon Alcobendas, con un tiempo 01:03:50.<\/span><\/div>\n\n\n<div><span style=\"font-family: verdana, arial, helvetica, sans-serif;\">2\u00ba. ALFONSO SANCHEZ ALEGRE, del Club Ecosport Triatlon Alcobendas, con un tiempo 01:03:50.<\/span><\/div>\n\n\n<div><span style=\"font-family: verdana, arial, helvetica, sans-serif;\">3\u00ba. MIGUEL ANGEL ACOSTA ALCOBA, del Club Cidade Fluvial de Lugo, con un tiempo 01:04:01<\/span><\/div>\n\n\n<div><span style=\"font-family: verdana, arial, helvetica, sans-serif;\"><br \/>En cuanto a la clasificaci\u00f3n local:<\/span><\/div>\n\n\n<div><span style=\"font-family: verdana, arial, helvetica, sans-serif;\"><br \/>1\u00ba. ALEJANDRO GOMEZ GARCIA, con un tiempo 01:14:37.<\/span><\/div>\n\n\n<div><span style=\"font-family: verdana, arial, helvetica, sans-serif;\">2\u00ba. FCO. JAVIER GARCIA GIL, del Club Zapatones Running, con un tiempo 01:26:50.<\/span><\/div>\n\n\n<div><span style=\"font-family: verdana, arial, helvetica, sans-serif;\">3\u00ba. MAXIMO BARROSO GASPAR, con un tiempo 01:32:36.<\/span><\/div>\n\n\n<div><span style=\"font-family: verdana, arial, helvetica, sans-serif;\">&nbsp;<\/span><\/div>\n\n\n<div><span style=\"font-family: verdana, arial, helvetica, sans-serif;\">&nbsp;<\/span><\/div>\n\n\n<div><span style=\"font-family: verdana, arial, helvetica, sans-serif;\">En la prueba del CTO. EXTREMADURA CONTRARRELOJ POR EQUIPOS, donde participaron un total de 12 equipos, las clasificaciones finales fueron:<\/span><\/div>\n\n\n<div><span style=\"font-family: verdana, arial, helvetica, sans-serif;\">&nbsp;<\/span><\/div>\n\n\n<div><span style=\"font-family: verdana, arial, helvetica, sans-serif;\">Equipos Masculinos:<\/span><\/div>\n\n\n<div><span style=\"font-family: verdana, arial, helvetica, sans-serif;\"><br \/>1\u00ba. CLUB NATACI\u00d3N LOS DEFINES \u00abA\u00bb, de C\u00e1ceres.<\/span><\/div>\n\n\n<div><span style=\"font-family: verdana, arial, helvetica, sans-serif;\">2\u00ba. TRIATLON PACENSE \u00abA\u00bb, de Badajoz.<\/span><\/div>\n\n\n<div><span style=\"font-family: verdana, arial, helvetica, sans-serif;\">3\u00ba. C3S TRIATLON \u00abA\u00bb, de C\u00e1ceres.<\/span><\/div>\n\n\n<div><span style=\"font-family: verdana, arial, helvetica, sans-serif;\"><br \/>Equipos Femeninos:<\/span><\/div>\n\n\n<div><span style=\"font-family: verdana, arial, helvetica, sans-serif;\"><br \/>1\u00aa. CLUB NATACI\u00d3N LOS DEFINES, de C\u00e1ceres.<\/span><\/div>\n\n\n<div><span style=\"font-family: verdana, arial, helvetica, sans-serif;\"><br \/>En la prueba Open de la Contrarreloj, los resultados fueron los siguientes:<\/span><\/div>\n\n\n<div><span style=\"font-family: verdana, arial, helvetica, sans-serif;\"><br \/>1\u00ba. TEAM CORIA, de Coria.<\/span><\/div>\n\n\n<div><span style=\"font-family: verdana, arial, helvetica, sans-serif;\">2\u00ba. INDEPENDIENTES.<\/span><\/div>\n\n\n<div><span style=\"font-family: verdana, arial, helvetica, sans-serif;\">3\u00ba. CLUB NATACI\u00d3N LOS DEFINES \u00abC\u00bb, de C\u00e1ceres.<\/span><\/div>\n\n\n<div><span style=\"font-family: verdana, arial, helvetica, sans-serif;\">&nbsp;<\/span><\/div>\n\n\n<div><span style=\"font-family: verdana, arial, helvetica, sans-serif;\">&nbsp;<\/span><\/div>\n\n\n<div><span style=\"font-family: verdana, arial, helvetica, sans-serif;\">De igual forma, agradecer tambi\u00e9n la colaboraci\u00f3n y patrocinio de las distintas entidades y empresas como son: FEDERACI\u00d3N EXTREME\u00d1A DE TRIATLON &#8211; DIRECCI\u00d3N GENERAL DE DEPORTES DE LA JUNTA DE EXTREMADURA &#8211; CLUB CICLISTA CAURIENSE &#8211; CLUB ZAPATONES RUNNING &#8211; CLUB ATLETISMO CORIA &#8211; CICLOS ORCHANDO &#8211; CIDACOS &#8211; HERBALIFE NUTRICI\u00d3N &#8211; INSTITUTO DE SALUD INTEGRAL KIROS &#8211; CLINICA EL MILAGRO DE LA NOCHE &#8211; PLASCOR.<\/span><\/div>\n\n\n<div><span style=\"font-family: verdana, arial, helvetica, sans-serif;\">&nbsp;<\/span><\/div>\n\n\n<div><span style=\"font-family: verdana, arial, helvetica, sans-serif;\">As\u00ed tambi\u00e9n, reconocer la labor ejercida de los respectivos servicios de: GUARDIA CIVIL DE TR\u00c1FICO &#8211; POLICIA LOCAL &#8211; ASAMBLEA LOCAL DE CRUZ ROJA &#8211; AGRUPACION DE VOLUNTARIOS DE PROTECCI\u00d3N CIVIL &#8211; SERVICIO MUNICIPAL DEL VOLUNTARIADO DE CORIA &#8211; CLUB DE TENIS CAURIA &#8211; CLUB DEPORTIVO CORIA.<\/span><\/div>\n","protected":false},"excerpt":{"rendered":"<p>Despu\u00e9s de quince a\u00f1os, la Ciudad de Coria se engalanaba, en la ma\u00f1ana del domingo 17 de julio, para recibir de nuevo la celebraci\u00f3n de su prueba reina en los a\u00f1os noventa, como ha sido el XV Triatl\u00f3n \u00abCiudad de Coria\u00bb, y que a su vez, estaba complementada por el CAMPEONATO EXTREMADURA DE TRIATL\u00d3N en [&hellip;]<\/p>\n","protected":false},"author":2,"featured_media":29712,"comment_status":"closed","ping_status":"closed","sticky":false,"template":"","format":"standard","meta":{"_uag_custom_page_level_css":"","footnotes":""},"categories":[2],"tags":[3,4],"class_list":["post-34812","post","type-post","status-publish","format-standard","has-post-thumbnail","hentry","category-noticias","tag-coria","tag-extremadura"],"yoast_head":"<!-- This site is optimized with the Yoast SEO plugin v27.4 - https:\/\/yoast.com\/product\/yoast-seo-wordpress\/ -->\n<title>La ciudad de Coria celebr\u00f3 su prueba reina del XV Triatlon &quot;Ciudad de Coria&quot; y el Cto. Extremadura Contrarreloj por Equipos - Ayuntamiento de Coria<\/title>\n<meta name=\"robots\" content=\"index, follow, max-snippet:-1, max-image-preview:large, max-video-preview:-1\" \/>\n<link rel=\"canonical\" href=\"https:\/\/coria.org\/ayuntamiento\/index.php\/2016\/07\/18\/la-ciudad-de-coria-celebro-su-prueba-reina-del-xv-triatlon-ciudad-de-coria-y-el-cto-extremadura-contrarreloj-por-equipos-2\/\" \/>\n<meta property=\"og:locale\" content=\"es_ES\" \/>\n<meta property=\"og:type\" content=\"article\" \/>\n<meta property=\"og:title\" content=\"La ciudad de Coria celebr\u00f3 su prueba reina del XV Triatlon &quot;Ciudad de Coria&quot; y el Cto. Extremadura Contrarreloj por Equipos - Ayuntamiento de Coria\" \/>\n<meta property=\"og:description\" content=\"Despu\u00e9s de quince a\u00f1os, la Ciudad de Coria se engalanaba, en la ma\u00f1ana del domingo 17 de julio, para recibir de nuevo la celebraci\u00f3n de su prueba reina en los a\u00f1os noventa, como ha sido el XV Triatl\u00f3n \u00abCiudad de Coria\u00bb, y que a su vez, estaba complementada por el CAMPEONATO EXTREMADURA DE TRIATL\u00d3N en [&hellip;]\" \/>\n<meta property=\"og:url\" content=\"https:\/\/coria.org\/ayuntamiento\/index.php\/2016\/07\/18\/la-ciudad-de-coria-celebro-su-prueba-reina-del-xv-triatlon-ciudad-de-coria-y-el-cto-extremadura-contrarreloj-por-equipos-2\/\" \/>\n<meta property=\"og:site_name\" content=\"Ayuntamiento de Coria\" \/>\n<meta property=\"article:publisher\" content=\"https:\/\/www.facebook.com\/Ayuntamiento.de.Coria\" \/>\n<meta property=\"article:published_time\" content=\"2016-07-18T00:00:00+00:00\" \/>\n<meta property=\"article:modified_time\" content=\"2023-09-18T10:37:35+00:00\" \/>\n<meta property=\"og:image\" content=\"https:\/\/coria.org\/ayuntamiento\/wp-content\/uploads\/2022\/03\/image-61.jpeg\" \/>\n\t<meta property=\"og:image:width\" content=\"640\" \/>\n\t<meta property=\"og:image:height\" content=\"360\" \/>\n\t<meta property=\"og:image:type\" content=\"image\/jpeg\" \/>\n<meta name=\"author\" content=\"ayuntamiento\" \/>\n<meta name=\"twitter:card\" content=\"summary_large_image\" \/>\n<meta name=\"twitter:creator\" content=\"@Ayto_de_Coria\" \/>\n<meta name=\"twitter:site\" content=\"@Ayto_de_Coria\" \/>\n<meta name=\"twitter:label1\" content=\"Escrito por\" \/>\n\t<meta name=\"twitter:data1\" content=\"ayuntamiento\" \/>\n\t<meta name=\"twitter:label2\" content=\"Tiempo de lectura\" \/>\n\t<meta name=\"twitter:data2\" content=\"3 minutos\" \/>\n<script type=\"application\/ld+json\" class=\"yoast-schema-graph\">{\"@context\":\"https:\\\/\\\/schema.org\",\"@graph\":[{\"@type\":\"Article\",\"@id\":\"https:\\\/\\\/coria.org\\\/ayuntamiento\\\/index.php\\\/2016\\\/07\\\/18\\\/la-ciudad-de-coria-celebro-su-prueba-reina-del-xv-triatlon-ciudad-de-coria-y-el-cto-extremadura-contrarreloj-por-equipos-2\\\/#article\",\"isPartOf\":{\"@id\":\"https:\\\/\\\/coria.org\\\/ayuntamiento\\\/index.php\\\/2016\\\/07\\\/18\\\/la-ciudad-de-coria-celebro-su-prueba-reina-del-xv-triatlon-ciudad-de-coria-y-el-cto-extremadura-contrarreloj-por-equipos-2\\\/\"},\"author\":{\"name\":\"ayuntamiento\",\"@id\":\"https:\\\/\\\/coria.org\\\/ayuntamiento\\\/#\\\/schema\\\/person\\\/8bd589f0e13e8ae5aa06def7a599d622\"},\"headline\":\"La ciudad de Coria celebr\u00f3 su prueba reina del XV Triatlon \u00abCiudad de Coria\u00bb y el Cto. Extremadura Contrarreloj por Equipos\",\"datePublished\":\"2016-07-18T00:00:00+00:00\",\"dateModified\":\"2023-09-18T10:37:35+00:00\",\"mainEntityOfPage\":{\"@id\":\"https:\\\/\\\/coria.org\\\/ayuntamiento\\\/index.php\\\/2016\\\/07\\\/18\\\/la-ciudad-de-coria-celebro-su-prueba-reina-del-xv-triatlon-ciudad-de-coria-y-el-cto-extremadura-contrarreloj-por-equipos-2\\\/\"},\"wordCount\":542,\"publisher\":{\"@id\":\"https:\\\/\\\/coria.org\\\/ayuntamiento\\\/#organization\"},\"image\":{\"@id\":\"https:\\\/\\\/coria.org\\\/ayuntamiento\\\/index.php\\\/2016\\\/07\\\/18\\\/la-ciudad-de-coria-celebro-su-prueba-reina-del-xv-triatlon-ciudad-de-coria-y-el-cto-extremadura-contrarreloj-por-equipos-2\\\/#primaryimage\"},\"thumbnailUrl\":\"https:\\\/\\\/coria.org\\\/ayuntamiento\\\/wp-content\\\/uploads\\\/2022\\\/03\\\/image-61.jpeg\",\"keywords\":[\"coria\",\"extremadura\"],\"articleSection\":[\"Noticias\"],\"inLanguage\":\"es\"},{\"@type\":\"WebPage\",\"@id\":\"https:\\\/\\\/coria.org\\\/ayuntamiento\\\/index.php\\\/2016\\\/07\\\/18\\\/la-ciudad-de-coria-celebro-su-prueba-reina-del-xv-triatlon-ciudad-de-coria-y-el-cto-extremadura-contrarreloj-por-equipos-2\\\/\",\"url\":\"https:\\\/\\\/coria.org\\\/ayuntamiento\\\/index.php\\\/2016\\\/07\\\/18\\\/la-ciudad-de-coria-celebro-su-prueba-reina-del-xv-triatlon-ciudad-de-coria-y-el-cto-extremadura-contrarreloj-por-equipos-2\\\/\",\"name\":\"La ciudad de Coria celebr\u00f3 su prueba reina del XV Triatlon \\\"Ciudad de Coria\\\" y el Cto. Extremadura Contrarreloj por Equipos - Ayuntamiento de Coria\",\"isPartOf\":{\"@id\":\"https:\\\/\\\/coria.org\\\/ayuntamiento\\\/#website\"},\"primaryImageOfPage\":{\"@id\":\"https:\\\/\\\/coria.org\\\/ayuntamiento\\\/index.php\\\/2016\\\/07\\\/18\\\/la-ciudad-de-coria-celebro-su-prueba-reina-del-xv-triatlon-ciudad-de-coria-y-el-cto-extremadura-contrarreloj-por-equipos-2\\\/#primaryimage\"},\"image\":{\"@id\":\"https:\\\/\\\/coria.org\\\/ayuntamiento\\\/index.php\\\/2016\\\/07\\\/18\\\/la-ciudad-de-coria-celebro-su-prueba-reina-del-xv-triatlon-ciudad-de-coria-y-el-cto-extremadura-contrarreloj-por-equipos-2\\\/#primaryimage\"},\"thumbnailUrl\":\"https:\\\/\\\/coria.org\\\/ayuntamiento\\\/wp-content\\\/uploads\\\/2022\\\/03\\\/image-61.jpeg\",\"datePublished\":\"2016-07-18T00:00:00+00:00\",\"dateModified\":\"2023-09-18T10:37:35+00:00\",\"breadcrumb\":{\"@id\":\"https:\\\/\\\/coria.org\\\/ayuntamiento\\\/index.php\\\/2016\\\/07\\\/18\\\/la-ciudad-de-coria-celebro-su-prueba-reina-del-xv-triatlon-ciudad-de-coria-y-el-cto-extremadura-contrarreloj-por-equipos-2\\\/#breadcrumb\"},\"inLanguage\":\"es\",\"potentialAction\":[{\"@type\":\"ReadAction\",\"target\":[\"https:\\\/\\\/coria.org\\\/ayuntamiento\\\/index.php\\\/2016\\\/07\\\/18\\\/la-ciudad-de-coria-celebro-su-prueba-reina-del-xv-triatlon-ciudad-de-coria-y-el-cto-extremadura-contrarreloj-por-equipos-2\\\/\"]}]},{\"@type\":\"ImageObject\",\"inLanguage\":\"es\",\"@id\":\"https:\\\/\\\/coria.org\\\/ayuntamiento\\\/index.php\\\/2016\\\/07\\\/18\\\/la-ciudad-de-coria-celebro-su-prueba-reina-del-xv-triatlon-ciudad-de-coria-y-el-cto-extremadura-contrarreloj-por-equipos-2\\\/#primaryimage\",\"url\":\"https:\\\/\\\/coria.org\\\/ayuntamiento\\\/wp-content\\\/uploads\\\/2022\\\/03\\\/image-61.jpeg\",\"contentUrl\":\"https:\\\/\\\/coria.org\\\/ayuntamiento\\\/wp-content\\\/uploads\\\/2022\\\/03\\\/image-61.jpeg\",\"width\":640,\"height\":360},{\"@type\":\"BreadcrumbList\",\"@id\":\"https:\\\/\\\/coria.org\\\/ayuntamiento\\\/index.php\\\/2016\\\/07\\\/18\\\/la-ciudad-de-coria-celebro-su-prueba-reina-del-xv-triatlon-ciudad-de-coria-y-el-cto-extremadura-contrarreloj-por-equipos-2\\\/#breadcrumb\",\"itemListElement\":[{\"@type\":\"ListItem\",\"position\":1,\"name\":\"Inicio\",\"item\":\"https:\\\/\\\/coria.org\\\/ayuntamiento\\\/\"},{\"@type\":\"ListItem\",\"position\":2,\"name\":\"La ciudad de Coria celebr\u00f3 su prueba reina del XV Triatlon \u00abCiudad de Coria\u00bb y el Cto. Extremadura Contrarreloj por Equipos\"}]},{\"@type\":\"WebSite\",\"@id\":\"https:\\\/\\\/coria.org\\\/ayuntamiento\\\/#website\",\"url\":\"https:\\\/\\\/coria.org\\\/ayuntamiento\\\/\",\"name\":\"Ayuntamiento de Coria\",\"description\":\"Web oficial del Ayuntamiento de Coria\",\"publisher\":{\"@id\":\"https:\\\/\\\/coria.org\\\/ayuntamiento\\\/#organization\"},\"alternateName\":\"Web Oficial del Ayuntamiento de Coria\",\"potentialAction\":[{\"@type\":\"SearchAction\",\"target\":{\"@type\":\"EntryPoint\",\"urlTemplate\":\"https:\\\/\\\/coria.org\\\/ayuntamiento\\\/?s={search_term_string}\"},\"query-input\":{\"@type\":\"PropertyValueSpecification\",\"valueRequired\":true,\"valueName\":\"search_term_string\"}}],\"inLanguage\":\"es\"},{\"@type\":\"Organization\",\"@id\":\"https:\\\/\\\/coria.org\\\/ayuntamiento\\\/#organization\",\"name\":\"Ayuntamiento de Coria\",\"alternateName\":\"Ayto de Coria\",\"url\":\"https:\\\/\\\/coria.org\\\/ayuntamiento\\\/\",\"logo\":{\"@type\":\"ImageObject\",\"inLanguage\":\"es\",\"@id\":\"https:\\\/\\\/coria.org\\\/ayuntamiento\\\/#\\\/schema\\\/logo\\\/image\\\/\",\"url\":\"https:\\\/\\\/coria.org\\\/ayuntamiento\\\/wp-content\\\/uploads\\\/2020\\\/12\\\/escudo-ayuntamiento-coria.png\",\"contentUrl\":\"https:\\\/\\\/coria.org\\\/ayuntamiento\\\/wp-content\\\/uploads\\\/2020\\\/12\\\/escudo-ayuntamiento-coria.png\",\"width\":511,\"height\":240,\"caption\":\"Ayuntamiento de Coria\"},\"image\":{\"@id\":\"https:\\\/\\\/coria.org\\\/ayuntamiento\\\/#\\\/schema\\\/logo\\\/image\\\/\"},\"sameAs\":[\"https:\\\/\\\/www.facebook.com\\\/Ayuntamiento.de.Coria\",\"https:\\\/\\\/x.com\\\/Ayto_de_Coria\",\"https:\\\/\\\/www.instagram.com\\\/coria.ayuntamiento\\\/\",\"https:\\\/\\\/www.youtube.com\\\/user\\\/AYUNTAMIENTOCORIA\"]},{\"@type\":\"Person\",\"@id\":\"https:\\\/\\\/coria.org\\\/ayuntamiento\\\/#\\\/schema\\\/person\\\/8bd589f0e13e8ae5aa06def7a599d622\",\"name\":\"ayuntamiento\",\"image\":{\"@type\":\"ImageObject\",\"inLanguage\":\"es\",\"@id\":\"https:\\\/\\\/secure.gravatar.com\\\/avatar\\\/966e5ed73cad334adda5c87f49f2547f7082f7292c1b627cbb548744383b391c?s=96&d=mm&r=g\",\"url\":\"https:\\\/\\\/secure.gravatar.com\\\/avatar\\\/966e5ed73cad334adda5c87f49f2547f7082f7292c1b627cbb548744383b391c?s=96&d=mm&r=g\",\"contentUrl\":\"https:\\\/\\\/secure.gravatar.com\\\/avatar\\\/966e5ed73cad334adda5c87f49f2547f7082f7292c1b627cbb548744383b391c?s=96&d=mm&r=g\",\"caption\":\"ayuntamiento\"}}]}<\/script>\n<!-- \/ Yoast SEO plugin. -->","yoast_head_json":{"title":"La ciudad de Coria celebr\u00f3 su prueba reina del XV Triatlon \"Ciudad de Coria\" y el Cto. Extremadura Contrarreloj por Equipos - Ayuntamiento de Coria","robots":{"index":"index","follow":"follow","max-snippet":"max-snippet:-1","max-image-preview":"max-image-preview:large","max-video-preview":"max-video-preview:-1"},"canonical":"https:\/\/coria.org\/ayuntamiento\/index.php\/2016\/07\/18\/la-ciudad-de-coria-celebro-su-prueba-reina-del-xv-triatlon-ciudad-de-coria-y-el-cto-extremadura-contrarreloj-por-equipos-2\/","og_locale":"es_ES","og_type":"article","og_title":"La ciudad de Coria celebr\u00f3 su prueba reina del XV Triatlon \"Ciudad de Coria\" y el Cto. Extremadura Contrarreloj por Equipos - Ayuntamiento de Coria","og_description":"Despu\u00e9s de quince a\u00f1os, la Ciudad de Coria se engalanaba, en la ma\u00f1ana del domingo 17 de julio, para recibir de nuevo la celebraci\u00f3n de su prueba reina en los a\u00f1os noventa, como ha sido el XV Triatl\u00f3n \u00abCiudad de Coria\u00bb, y que a su vez, estaba complementada por el CAMPEONATO EXTREMADURA DE TRIATL\u00d3N en [&hellip;]","og_url":"https:\/\/coria.org\/ayuntamiento\/index.php\/2016\/07\/18\/la-ciudad-de-coria-celebro-su-prueba-reina-del-xv-triatlon-ciudad-de-coria-y-el-cto-extremadura-contrarreloj-por-equipos-2\/","og_site_name":"Ayuntamiento de Coria","article_publisher":"https:\/\/www.facebook.com\/Ayuntamiento.de.Coria","article_published_time":"2016-07-18T00:00:00+00:00","article_modified_time":"2023-09-18T10:37:35+00:00","og_image":[{"width":640,"height":360,"url":"https:\/\/coria.org\/ayuntamiento\/wp-content\/uploads\/2022\/03\/image-61.jpeg","type":"image\/jpeg"}],"author":"ayuntamiento","twitter_card":"summary_large_image","twitter_creator":"@Ayto_de_Coria","twitter_site":"@Ayto_de_Coria","twitter_misc":{"Escrito por":"ayuntamiento","Tiempo de lectura":"3 minutos"},"schema":{"@context":"https:\/\/schema.org","@graph":[{"@type":"Article","@id":"https:\/\/coria.org\/ayuntamiento\/index.php\/2016\/07\/18\/la-ciudad-de-coria-celebro-su-prueba-reina-del-xv-triatlon-ciudad-de-coria-y-el-cto-extremadura-contrarreloj-por-equipos-2\/#article","isPartOf":{"@id":"https:\/\/coria.org\/ayuntamiento\/index.php\/2016\/07\/18\/la-ciudad-de-coria-celebro-su-prueba-reina-del-xv-triatlon-ciudad-de-coria-y-el-cto-extremadura-contrarreloj-por-equipos-2\/"},"author":{"name":"ayuntamiento","@id":"https:\/\/coria.org\/ayuntamiento\/#\/schema\/person\/8bd589f0e13e8ae5aa06def7a599d622"},"headline":"La ciudad de Coria celebr\u00f3 su prueba reina del XV Triatlon \u00abCiudad de Coria\u00bb y el Cto. Extremadura Contrarreloj por Equipos","datePublished":"2016-07-18T00:00:00+00:00","dateModified":"2023-09-18T10:37:35+00:00","mainEntityOfPage":{"@id":"https:\/\/coria.org\/ayuntamiento\/index.php\/2016\/07\/18\/la-ciudad-de-coria-celebro-su-prueba-reina-del-xv-triatlon-ciudad-de-coria-y-el-cto-extremadura-contrarreloj-por-equipos-2\/"},"wordCount":542,"publisher":{"@id":"https:\/\/coria.org\/ayuntamiento\/#organization"},"image":{"@id":"https:\/\/coria.org\/ayuntamiento\/index.php\/2016\/07\/18\/la-ciudad-de-coria-celebro-su-prueba-reina-del-xv-triatlon-ciudad-de-coria-y-el-cto-extremadura-contrarreloj-por-equipos-2\/#primaryimage"},"thumbnailUrl":"https:\/\/coria.org\/ayuntamiento\/wp-content\/uploads\/2022\/03\/image-61.jpeg","keywords":["coria","extremadura"],"articleSection":["Noticias"],"inLanguage":"es"},{"@type":"WebPage","@id":"https:\/\/coria.org\/ayuntamiento\/index.php\/2016\/07\/18\/la-ciudad-de-coria-celebro-su-prueba-reina-del-xv-triatlon-ciudad-de-coria-y-el-cto-extremadura-contrarreloj-por-equipos-2\/","url":"https:\/\/coria.org\/ayuntamiento\/index.php\/2016\/07\/18\/la-ciudad-de-coria-celebro-su-prueba-reina-del-xv-triatlon-ciudad-de-coria-y-el-cto-extremadura-contrarreloj-por-equipos-2\/","name":"La ciudad de Coria celebr\u00f3 su prueba reina del XV Triatlon \"Ciudad de Coria\" y el Cto. Extremadura Contrarreloj por Equipos - Ayuntamiento de Coria","isPartOf":{"@id":"https:\/\/coria.org\/ayuntamiento\/#website"},"primaryImageOfPage":{"@id":"https:\/\/coria.org\/ayuntamiento\/index.php\/2016\/07\/18\/la-ciudad-de-coria-celebro-su-prueba-reina-del-xv-triatlon-ciudad-de-coria-y-el-cto-extremadura-contrarreloj-por-equipos-2\/#primaryimage"},"image":{"@id":"https:\/\/coria.org\/ayuntamiento\/index.php\/2016\/07\/18\/la-ciudad-de-coria-celebro-su-prueba-reina-del-xv-triatlon-ciudad-de-coria-y-el-cto-extremadura-contrarreloj-por-equipos-2\/#primaryimage"},"thumbnailUrl":"https:\/\/coria.org\/ayuntamiento\/wp-content\/uploads\/2022\/03\/image-61.jpeg","datePublished":"2016-07-18T00:00:00+00:00","dateModified":"2023-09-18T10:37:35+00:00","breadcrumb":{"@id":"https:\/\/coria.org\/ayuntamiento\/index.php\/2016\/07\/18\/la-ciudad-de-coria-celebro-su-prueba-reina-del-xv-triatlon-ciudad-de-coria-y-el-cto-extremadura-contrarreloj-por-equipos-2\/#breadcrumb"},"inLanguage":"es","potentialAction":[{"@type":"ReadAction","target":["https:\/\/coria.org\/ayuntamiento\/index.php\/2016\/07\/18\/la-ciudad-de-coria-celebro-su-prueba-reina-del-xv-triatlon-ciudad-de-coria-y-el-cto-extremadura-contrarreloj-por-equipos-2\/"]}]},{"@type":"ImageObject","inLanguage":"es","@id":"https:\/\/coria.org\/ayuntamiento\/index.php\/2016\/07\/18\/la-ciudad-de-coria-celebro-su-prueba-reina-del-xv-triatlon-ciudad-de-coria-y-el-cto-extremadura-contrarreloj-por-equipos-2\/#primaryimage","url":"https:\/\/coria.org\/ayuntamiento\/wp-content\/uploads\/2022\/03\/image-61.jpeg","contentUrl":"https:\/\/coria.org\/ayuntamiento\/wp-content\/uploads\/2022\/03\/image-61.jpeg","width":640,"height":360},{"@type":"BreadcrumbList","@id":"https:\/\/coria.org\/ayuntamiento\/index.php\/2016\/07\/18\/la-ciudad-de-coria-celebro-su-prueba-reina-del-xv-triatlon-ciudad-de-coria-y-el-cto-extremadura-contrarreloj-por-equipos-2\/#breadcrumb","itemListElement":[{"@type":"ListItem","position":1,"name":"Inicio","item":"https:\/\/coria.org\/ayuntamiento\/"},{"@type":"ListItem","position":2,"name":"La ciudad de Coria celebr\u00f3 su prueba reina del XV Triatlon \u00abCiudad de Coria\u00bb y el Cto. Extremadura Contrarreloj por Equipos"}]},{"@type":"WebSite","@id":"https:\/\/coria.org\/ayuntamiento\/#website","url":"https:\/\/coria.org\/ayuntamiento\/","name":"Ayuntamiento de Coria","description":"Web oficial del Ayuntamiento de Coria","publisher":{"@id":"https:\/\/coria.org\/ayuntamiento\/#organization"},"alternateName":"Web Oficial del Ayuntamiento de Coria","potentialAction":[{"@type":"SearchAction","target":{"@type":"EntryPoint","urlTemplate":"https:\/\/coria.org\/ayuntamiento\/?s={search_term_string}"},"query-input":{"@type":"PropertyValueSpecification","valueRequired":true,"valueName":"search_term_string"}}],"inLanguage":"es"},{"@type":"Organization","@id":"https:\/\/coria.org\/ayuntamiento\/#organization","name":"Ayuntamiento de Coria","alternateName":"Ayto de Coria","url":"https:\/\/coria.org\/ayuntamiento\/","logo":{"@type":"ImageObject","inLanguage":"es","@id":"https:\/\/coria.org\/ayuntamiento\/#\/schema\/logo\/image\/","url":"https:\/\/coria.org\/ayuntamiento\/wp-content\/uploads\/2020\/12\/escudo-ayuntamiento-coria.png","contentUrl":"https:\/\/coria.org\/ayuntamiento\/wp-content\/uploads\/2020\/12\/escudo-ayuntamiento-coria.png","width":511,"height":240,"caption":"Ayuntamiento de Coria"},"image":{"@id":"https:\/\/coria.org\/ayuntamiento\/#\/schema\/logo\/image\/"},"sameAs":["https:\/\/www.facebook.com\/Ayuntamiento.de.Coria","https:\/\/x.com\/Ayto_de_Coria","https:\/\/www.instagram.com\/coria.ayuntamiento\/","https:\/\/www.youtube.com\/user\/AYUNTAMIENTOCORIA"]},{"@type":"Person","@id":"https:\/\/coria.org\/ayuntamiento\/#\/schema\/person\/8bd589f0e13e8ae5aa06def7a599d622","name":"ayuntamiento","image":{"@type":"ImageObject","inLanguage":"es","@id":"https:\/\/secure.gravatar.com\/avatar\/966e5ed73cad334adda5c87f49f2547f7082f7292c1b627cbb548744383b391c?s=96&d=mm&r=g","url":"https:\/\/secure.gravatar.com\/avatar\/966e5ed73cad334adda5c87f49f2547f7082f7292c1b627cbb548744383b391c?s=96&d=mm&r=g","contentUrl":"https:\/\/secure.gravatar.com\/avatar\/966e5ed73cad334adda5c87f49f2547f7082f7292c1b627cbb548744383b391c?s=96&d=mm&r=g","caption":"ayuntamiento"}}]}},"uagb_featured_image_src":{"full":["https:\/\/coria.org\/ayuntamiento\/wp-content\/uploads\/2022\/03\/image-61.jpeg",640,360,false],"thumbnail":["https:\/\/coria.org\/ayuntamiento\/wp-content\/uploads\/2022\/03\/image-61-150x150.jpeg",150,150,true],"medium":["https:\/\/coria.org\/ayuntamiento\/wp-content\/uploads\/2022\/03\/image-61-300x169.jpeg",300,169,true],"medium_large":["https:\/\/coria.org\/ayuntamiento\/wp-content\/uploads\/2022\/03\/image-61.jpeg",640,360,false],"large":["https:\/\/coria.org\/ayuntamiento\/wp-content\/uploads\/2022\/03\/image-61.jpeg",640,360,false],"thumblist":["https:\/\/coria.org\/ayuntamiento\/wp-content\/uploads\/2022\/03\/image-61.jpeg",300,169,false],"thumbrelated":["https:\/\/coria.org\/ayuntamiento\/wp-content\/uploads\/2022\/03\/image-61.jpeg",500,281,false],"meccarouselthumb":["https:\/\/coria.org\/ayuntamiento\/wp-content\/uploads\/2022\/03\/image-61.jpeg",474,267,false],"gridsquare":["https:\/\/coria.org\/ayuntamiento\/wp-content\/uploads\/2022\/03\/image-61.jpeg",391,220,false],"tileview":["https:\/\/coria.org\/ayuntamiento\/wp-content\/uploads\/2022\/03\/image-61.jpeg",300,169,false],"1536x1536":["https:\/\/coria.org\/ayuntamiento\/wp-content\/uploads\/2022\/03\/image-61.jpeg",640,360,false],"2048x2048":["https:\/\/coria.org\/ayuntamiento\/wp-content\/uploads\/2022\/03\/image-61.jpeg",640,360,false]},"uagb_author_info":{"display_name":"ayuntamiento","author_link":"https:\/\/coria.org\/ayuntamiento\/index.php\/author\/ayuntamiento\/"},"uagb_comment_info":0,"uagb_excerpt":"Despu\u00e9s de quince a\u00f1os, la Ciudad de Coria se engalanaba, en la ma\u00f1ana del domingo 17 de julio, para recibir de nuevo la celebraci\u00f3n de su prueba reina en los a\u00f1os noventa, como ha sido el XV Triatl\u00f3n \u00abCiudad de Coria\u00bb, y que a su vez, estaba complementada por el CAMPEONATO EXTREMADURA DE TRIATL\u00d3N en&hellip;","_links":{"self":[{"href":"https:\/\/coria.org\/ayuntamiento\/index.php\/wp-json\/wp\/v2\/posts\/34812","targetHints":{"allow":["GET"]}}],"collection":[{"href":"https:\/\/coria.org\/ayuntamiento\/index.php\/wp-json\/wp\/v2\/posts"}],"about":[{"href":"https:\/\/coria.org\/ayuntamiento\/index.php\/wp-json\/wp\/v2\/types\/post"}],"author":[{"embeddable":true,"href":"https:\/\/coria.org\/ayuntamiento\/index.php\/wp-json\/wp\/v2\/users\/2"}],"replies":[{"embeddable":true,"href":"https:\/\/coria.org\/ayuntamiento\/index.php\/wp-json\/wp\/v2\/comments?post=34812"}],"version-history":[{"count":0,"href":"https:\/\/coria.org\/ayuntamiento\/index.php\/wp-json\/wp\/v2\/posts\/34812\/revisions"}],"wp:featuredmedia":[{"embeddable":true,"href":"https:\/\/coria.org\/ayuntamiento\/index.php\/wp-json\/wp\/v2\/media\/29712"}],"wp:attachment":[{"href":"https:\/\/coria.org\/ayuntamiento\/index.php\/wp-json\/wp\/v2\/media?parent=34812"}],"wp:term":[{"taxonomy":"category","embeddable":true,"href":"https:\/\/coria.org\/ayuntamiento\/index.php\/wp-json\/wp\/v2\/categories?post=34812"},{"taxonomy":"post_tag","embeddable":true,"href":"https:\/\/coria.org\/ayuntamiento\/index.php\/wp-json\/wp\/v2\/tags?post=34812"}],"curies":[{"name":"wp","href":"https:\/\/api.w.org\/{rel}","templated":true}]}}