{"id":34811,"date":"2016-07-21T00:00:00","date_gmt":"2016-07-21T00:00:00","guid":{"rendered":"https:\/\/ayuntamiento.coriaenimagenes.com\/agosto-turistico-coria-toda-una-experiencia-2\/"},"modified":"2023-11-16T11:24:55","modified_gmt":"2023-11-16T10:24:55","slug":"agosto-turistico-coria-toda-una-experiencia-2","status":"publish","type":"post","link":"https:\/\/coria.org\/ayuntamiento\/index.php\/2016\/07\/21\/agosto-turistico-coria-toda-una-experiencia-2\/","title":{"rendered":"Agosto Tur\u00edstico, \u00abCoria toda una experiencia\u00bb"},"content":{"rendered":"\n<p><b>El Ayuntamiento de Coria prepara un a\u00f1o m\u00e1s un amplio programa de actividades con motivo de la celebraci\u00f3n del XXII Jueves Tur\u00edstico. El 2 de agosto comienza con el XX Festival Internacional de Guitarra y el concierto inaugural del violinista Ara Malikian, en la Plaza de Espa\u00f1a a las 22:00 horas.<\/b><\/p>\n\n<figure class=\"wp-block-post-featured-image\"><img loading=\"lazy\" decoding=\"async\" width=\"1024\" height=\"668\" src=\"https:\/\/coria.org\/ayuntamiento\/wp-content\/uploads\/2022\/03\/image-51.jpeg\" class=\"attachment-post-thumbnail size-post-thumbnail wp-post-image\" alt=\"\" style=\"object-fit:cover;\" srcset=\"https:\/\/coria.org\/ayuntamiento\/wp-content\/uploads\/2022\/03\/image-51.jpeg 1024w, https:\/\/coria.org\/ayuntamiento\/wp-content\/uploads\/2022\/03\/image-51-300x196.jpeg 300w, https:\/\/coria.org\/ayuntamiento\/wp-content\/uploads\/2022\/03\/image-51-768x501.jpeg 768w\" sizes=\"auto, (max-width: 1024px) 100vw, 1024px\" \/><\/figure>\n\n<div>\n<p><span style=\"font-family: verdana, arial, helvetica, sans-serif;\">En torno al Jueves Tur\u00edstico, se organiza el mi\u00e9rcoles por la noche el tradicional <strong>mercado artesanal de las velas<\/strong>, con actuaciones musicales, rondas extreme\u00f1as, toreo de sal\u00f3n y mucha magia.<\/span><\/p>\n<p>&nbsp;<\/p>\n<p>&nbsp;<\/p>\n<\/div>\n\n\n<div><span style=\"font-family: verdana, arial, helvetica, sans-serif;\">El jueves, 11 de agosto tendr\u00e1 lugar el <strong>mercado medieval<\/strong>, comercio y artesan\u00eda adem\u00e1s de contar por cuarto a\u00f1o consecutivo con la <strong>feria agroalimentaria<\/strong> donde los numerosos asistentes tendr\u00e1n la oportunidad de conocer la oferta de productos artesanos y del campo de la comarca del Valle del Alag\u00f3n. Junto a este mercado tambi\u00e9n habr\u00e1 actuaciones de artesan\u00eda en vivo, pasacalles con el Grupo de Acordeonistas de Coria y Comarca y ambientaci\u00f3n teatral para los m\u00e1s peque\u00f1os de la casa, al igual que en ediciones anteriores este a\u00f1o tambi\u00e9n se contar\u00e1 con los \u00ab<strong>Burro Taxi<\/strong>\u00ab, Granja M\u00f3vil, Espect\u00e1culo de Cetrer\u00eda, visitas guiadas a la Alh\u00f3ndiga, taller de elaboraci\u00f3n de pan artesanal para ni\u00f1os, una manera amena y divertida de entretener a los peques y hacerles part\u00edcipes en este evento.<\/span><\/div>\n\n\n<div><span style=\"font-family: verdana, arial, helvetica, sans-serif;\"><br \/>Adem\u00e1s, durante los d\u00edas 12 y 13 de agosto los asistentes y turistas podr\u00e1n disfrutar de <strong>Aquapark Hinchable para ni\u00f1os<\/strong>, en la plaza de la Paz y el s\u00e1bado, d\u00eda 13 de agosto se celebrar\u00e1 el <strong>Certamen Internacional de Dibujo y Pintura al Aire Libre \u00abBuf\u00f3n Calabacillas\u00bb<\/strong> que este a\u00f1o celebra su IV edici\u00f3n y este mismo d\u00eda, tendr\u00e1 lugar el XXXVI Festival Internacional de Folklore.<\/span><\/div>\n\n\n<div><span style=\"font-family: verdana, arial, helvetica, sans-serif;\"><br \/>El domingo, 14 de agosto, Coria acoger\u00e1 el musical \u00abRafael Mi Gran Noche\u00bb, en la Plaza de Espa\u00f1a a las 23:00 horas.<\/span><\/div>\n\n\n<div><span style=\"font-family: verdana, arial, helvetica, sans-serif;\">&nbsp;<\/span><\/div>\n\n\n<div><span style=\"font-family: verdana, arial, helvetica, sans-serif;\"><strong>Programa deportivo<\/strong><\/span><\/div>\n\n\n<div><span style=\"font-family: verdana, arial, helvetica, sans-serif;\"><br \/>El programa tambi\u00e9n incluye actividades deportivas como el ya consolidado <strong>Descenso en piraguas por el R\u00edo Alag\u00f3n<\/strong> que cuenta con la novena edici\u00f3n, adem\u00e1s de otras actividades como el Torneo de Tenis de Mesa, la IV Convivencia de b\u00e1dminton, el V Torneo de Voley-Playa y la III Ruta Nocturna Luna Zapatona.<\/span><\/div>\n\n\n<div><span style=\"font-family: verdana, arial, helvetica, sans-serif;\">&nbsp;<\/span><\/div>\n\n\n<div><span style=\"font-family: verdana, arial, helvetica, sans-serif;\">El Alcalde de Coria,<strong> Jos\u00e9 Manuel Garc\u00eda Ballestero<\/strong>, junto a<strong> Almudena Domingo Pirrongelli<\/strong>, Concejal de Turismo, han afirmado que es una apuesta importante por el turismo en la ciudad y que este a\u00f1o esperan recibir a un mayor n\u00famero de visitantes en el mes de agosto ya que a\u00f1o tras a\u00f1o va creciendo los datos de turistas seg\u00fan informa la Oficina de Turismo.<\/span><\/div>\n\n\n<div>\n<p><span style=\"font-family: verdana, arial, helvetica, sans-serif;\">M\u00e1s informaci\u00f3n en la Web del Agosto Tur\u00edstico: http:\/\/agosto.coria.org<\/span><\/p>\n<p>&nbsp;<\/p>\n<\/div>\n","protected":false},"excerpt":{"rendered":"<p>El Ayuntamiento de Coria prepara un a\u00f1o m\u00e1s un amplio programa de actividades con motivo de la celebraci\u00f3n del XXII Jueves Tur\u00edstico. El 2 de agosto comienza con el XX Festival Internacional de Guitarra y el concierto inaugural del violinista Ara Malikian, en la Plaza de Espa\u00f1a a las 22:00 horas. En torno al Jueves [&hellip;]<\/p>\n","protected":false},"author":2,"featured_media":29616,"comment_status":"closed","ping_status":"closed","sticky":false,"template":"","format":"standard","meta":{"_uag_custom_page_level_css":"","footnotes":""},"categories":[2],"tags":[3,4],"class_list":["post-34811","post","type-post","status-publish","format-standard","has-post-thumbnail","hentry","category-noticias","tag-coria","tag-extremadura"],"yoast_head":"<!-- This site is optimized with the Yoast SEO plugin v27.4 - https:\/\/yoast.com\/product\/yoast-seo-wordpress\/ -->\n<title>Agosto Tur\u00edstico, &quot;Coria toda una experiencia&quot; - Ayuntamiento de Coria<\/title>\n<meta name=\"robots\" content=\"index, follow, max-snippet:-1, max-image-preview:large, max-video-preview:-1\" \/>\n<link rel=\"canonical\" href=\"https:\/\/coria.org\/ayuntamiento\/index.php\/2016\/07\/21\/agosto-turistico-coria-toda-una-experiencia-2\/\" \/>\n<meta property=\"og:locale\" content=\"es_ES\" \/>\n<meta property=\"og:type\" content=\"article\" \/>\n<meta property=\"og:title\" content=\"Agosto Tur\u00edstico, &quot;Coria toda una experiencia&quot; - Ayuntamiento de Coria\" \/>\n<meta property=\"og:description\" content=\"El Ayuntamiento de Coria prepara un a\u00f1o m\u00e1s un amplio programa de actividades con motivo de la celebraci\u00f3n del XXII Jueves Tur\u00edstico. El 2 de agosto comienza con el XX Festival Internacional de Guitarra y el concierto inaugural del violinista Ara Malikian, en la Plaza de Espa\u00f1a a las 22:00 horas. En torno al Jueves [&hellip;]\" \/>\n<meta property=\"og:url\" content=\"https:\/\/coria.org\/ayuntamiento\/index.php\/2016\/07\/21\/agosto-turistico-coria-toda-una-experiencia-2\/\" \/>\n<meta property=\"og:site_name\" content=\"Ayuntamiento de Coria\" \/>\n<meta property=\"article:publisher\" content=\"https:\/\/www.facebook.com\/Ayuntamiento.de.Coria\" \/>\n<meta property=\"article:published_time\" content=\"2016-07-21T00:00:00+00:00\" \/>\n<meta property=\"article:modified_time\" content=\"2023-11-16T10:24:55+00:00\" \/>\n<meta property=\"og:image\" content=\"https:\/\/coria.org\/ayuntamiento\/wp-content\/uploads\/2022\/03\/image-51.jpeg\" \/>\n\t<meta property=\"og:image:width\" content=\"1024\" \/>\n\t<meta property=\"og:image:height\" content=\"668\" \/>\n\t<meta property=\"og:image:type\" content=\"image\/jpeg\" \/>\n<meta name=\"author\" content=\"ayuntamiento\" \/>\n<meta name=\"twitter:card\" content=\"summary_large_image\" \/>\n<meta name=\"twitter:creator\" content=\"@Ayto_de_Coria\" \/>\n<meta name=\"twitter:site\" content=\"@Ayto_de_Coria\" \/>\n<meta name=\"twitter:label1\" content=\"Escrito por\" \/>\n\t<meta name=\"twitter:data1\" content=\"ayuntamiento\" \/>\n\t<meta name=\"twitter:label2\" content=\"Tiempo de lectura\" \/>\n\t<meta name=\"twitter:data2\" content=\"2 minutos\" \/>\n<script type=\"application\/ld+json\" class=\"yoast-schema-graph\">{\"@context\":\"https:\\\/\\\/schema.org\",\"@graph\":[{\"@type\":\"Article\",\"@id\":\"https:\\\/\\\/coria.org\\\/ayuntamiento\\\/index.php\\\/2016\\\/07\\\/21\\\/agosto-turistico-coria-toda-una-experiencia-2\\\/#article\",\"isPartOf\":{\"@id\":\"https:\\\/\\\/coria.org\\\/ayuntamiento\\\/index.php\\\/2016\\\/07\\\/21\\\/agosto-turistico-coria-toda-una-experiencia-2\\\/\"},\"author\":{\"name\":\"ayuntamiento\",\"@id\":\"https:\\\/\\\/coria.org\\\/ayuntamiento\\\/#\\\/schema\\\/person\\\/8bd589f0e13e8ae5aa06def7a599d622\"},\"headline\":\"Agosto Tur\u00edstico, \u00abCoria toda una experiencia\u00bb\",\"datePublished\":\"2016-07-21T00:00:00+00:00\",\"dateModified\":\"2023-11-16T10:24:55+00:00\",\"mainEntityOfPage\":{\"@id\":\"https:\\\/\\\/coria.org\\\/ayuntamiento\\\/index.php\\\/2016\\\/07\\\/21\\\/agosto-turistico-coria-toda-una-experiencia-2\\\/\"},\"wordCount\":483,\"publisher\":{\"@id\":\"https:\\\/\\\/coria.org\\\/ayuntamiento\\\/#organization\"},\"image\":{\"@id\":\"https:\\\/\\\/coria.org\\\/ayuntamiento\\\/index.php\\\/2016\\\/07\\\/21\\\/agosto-turistico-coria-toda-una-experiencia-2\\\/#primaryimage\"},\"thumbnailUrl\":\"https:\\\/\\\/coria.org\\\/ayuntamiento\\\/wp-content\\\/uploads\\\/2022\\\/03\\\/image-51.jpeg\",\"keywords\":[\"coria\",\"extremadura\"],\"articleSection\":[\"Noticias\"],\"inLanguage\":\"es\"},{\"@type\":\"WebPage\",\"@id\":\"https:\\\/\\\/coria.org\\\/ayuntamiento\\\/index.php\\\/2016\\\/07\\\/21\\\/agosto-turistico-coria-toda-una-experiencia-2\\\/\",\"url\":\"https:\\\/\\\/coria.org\\\/ayuntamiento\\\/index.php\\\/2016\\\/07\\\/21\\\/agosto-turistico-coria-toda-una-experiencia-2\\\/\",\"name\":\"Agosto Tur\u00edstico, \\\"Coria toda una experiencia\\\" - Ayuntamiento de Coria\",\"isPartOf\":{\"@id\":\"https:\\\/\\\/coria.org\\\/ayuntamiento\\\/#website\"},\"primaryImageOfPage\":{\"@id\":\"https:\\\/\\\/coria.org\\\/ayuntamiento\\\/index.php\\\/2016\\\/07\\\/21\\\/agosto-turistico-coria-toda-una-experiencia-2\\\/#primaryimage\"},\"image\":{\"@id\":\"https:\\\/\\\/coria.org\\\/ayuntamiento\\\/index.php\\\/2016\\\/07\\\/21\\\/agosto-turistico-coria-toda-una-experiencia-2\\\/#primaryimage\"},\"thumbnailUrl\":\"https:\\\/\\\/coria.org\\\/ayuntamiento\\\/wp-content\\\/uploads\\\/2022\\\/03\\\/image-51.jpeg\",\"datePublished\":\"2016-07-21T00:00:00+00:00\",\"dateModified\":\"2023-11-16T10:24:55+00:00\",\"breadcrumb\":{\"@id\":\"https:\\\/\\\/coria.org\\\/ayuntamiento\\\/index.php\\\/2016\\\/07\\\/21\\\/agosto-turistico-coria-toda-una-experiencia-2\\\/#breadcrumb\"},\"inLanguage\":\"es\",\"potentialAction\":[{\"@type\":\"ReadAction\",\"target\":[\"https:\\\/\\\/coria.org\\\/ayuntamiento\\\/index.php\\\/2016\\\/07\\\/21\\\/agosto-turistico-coria-toda-una-experiencia-2\\\/\"]}]},{\"@type\":\"ImageObject\",\"inLanguage\":\"es\",\"@id\":\"https:\\\/\\\/coria.org\\\/ayuntamiento\\\/index.php\\\/2016\\\/07\\\/21\\\/agosto-turistico-coria-toda-una-experiencia-2\\\/#primaryimage\",\"url\":\"https:\\\/\\\/coria.org\\\/ayuntamiento\\\/wp-content\\\/uploads\\\/2022\\\/03\\\/image-51.jpeg\",\"contentUrl\":\"https:\\\/\\\/coria.org\\\/ayuntamiento\\\/wp-content\\\/uploads\\\/2022\\\/03\\\/image-51.jpeg\",\"width\":1024,\"height\":668},{\"@type\":\"BreadcrumbList\",\"@id\":\"https:\\\/\\\/coria.org\\\/ayuntamiento\\\/index.php\\\/2016\\\/07\\\/21\\\/agosto-turistico-coria-toda-una-experiencia-2\\\/#breadcrumb\",\"itemListElement\":[{\"@type\":\"ListItem\",\"position\":1,\"name\":\"Inicio\",\"item\":\"https:\\\/\\\/coria.org\\\/ayuntamiento\\\/\"},{\"@type\":\"ListItem\",\"position\":2,\"name\":\"Agosto Tur\u00edstico, \u00abCoria toda una experiencia\u00bb\"}]},{\"@type\":\"WebSite\",\"@id\":\"https:\\\/\\\/coria.org\\\/ayuntamiento\\\/#website\",\"url\":\"https:\\\/\\\/coria.org\\\/ayuntamiento\\\/\",\"name\":\"Ayuntamiento de Coria\",\"description\":\"Web oficial del Ayuntamiento de Coria\",\"publisher\":{\"@id\":\"https:\\\/\\\/coria.org\\\/ayuntamiento\\\/#organization\"},\"alternateName\":\"Web Oficial del Ayuntamiento de Coria\",\"potentialAction\":[{\"@type\":\"SearchAction\",\"target\":{\"@type\":\"EntryPoint\",\"urlTemplate\":\"https:\\\/\\\/coria.org\\\/ayuntamiento\\\/?s={search_term_string}\"},\"query-input\":{\"@type\":\"PropertyValueSpecification\",\"valueRequired\":true,\"valueName\":\"search_term_string\"}}],\"inLanguage\":\"es\"},{\"@type\":\"Organization\",\"@id\":\"https:\\\/\\\/coria.org\\\/ayuntamiento\\\/#organization\",\"name\":\"Ayuntamiento de Coria\",\"alternateName\":\"Ayto de Coria\",\"url\":\"https:\\\/\\\/coria.org\\\/ayuntamiento\\\/\",\"logo\":{\"@type\":\"ImageObject\",\"inLanguage\":\"es\",\"@id\":\"https:\\\/\\\/coria.org\\\/ayuntamiento\\\/#\\\/schema\\\/logo\\\/image\\\/\",\"url\":\"https:\\\/\\\/coria.org\\\/ayuntamiento\\\/wp-content\\\/uploads\\\/2020\\\/12\\\/escudo-ayuntamiento-coria.png\",\"contentUrl\":\"https:\\\/\\\/coria.org\\\/ayuntamiento\\\/wp-content\\\/uploads\\\/2020\\\/12\\\/escudo-ayuntamiento-coria.png\",\"width\":511,\"height\":240,\"caption\":\"Ayuntamiento de Coria\"},\"image\":{\"@id\":\"https:\\\/\\\/coria.org\\\/ayuntamiento\\\/#\\\/schema\\\/logo\\\/image\\\/\"},\"sameAs\":[\"https:\\\/\\\/www.facebook.com\\\/Ayuntamiento.de.Coria\",\"https:\\\/\\\/x.com\\\/Ayto_de_Coria\",\"https:\\\/\\\/www.instagram.com\\\/coria.ayuntamiento\\\/\",\"https:\\\/\\\/www.youtube.com\\\/user\\\/AYUNTAMIENTOCORIA\"]},{\"@type\":\"Person\",\"@id\":\"https:\\\/\\\/coria.org\\\/ayuntamiento\\\/#\\\/schema\\\/person\\\/8bd589f0e13e8ae5aa06def7a599d622\",\"name\":\"ayuntamiento\",\"image\":{\"@type\":\"ImageObject\",\"inLanguage\":\"es\",\"@id\":\"https:\\\/\\\/secure.gravatar.com\\\/avatar\\\/966e5ed73cad334adda5c87f49f2547f7082f7292c1b627cbb548744383b391c?s=96&d=mm&r=g\",\"url\":\"https:\\\/\\\/secure.gravatar.com\\\/avatar\\\/966e5ed73cad334adda5c87f49f2547f7082f7292c1b627cbb548744383b391c?s=96&d=mm&r=g\",\"contentUrl\":\"https:\\\/\\\/secure.gravatar.com\\\/avatar\\\/966e5ed73cad334adda5c87f49f2547f7082f7292c1b627cbb548744383b391c?s=96&d=mm&r=g\",\"caption\":\"ayuntamiento\"}}]}<\/script>\n<!-- \/ Yoast SEO plugin. -->","yoast_head_json":{"title":"Agosto Tur\u00edstico, \"Coria toda una experiencia\" - Ayuntamiento de Coria","robots":{"index":"index","follow":"follow","max-snippet":"max-snippet:-1","max-image-preview":"max-image-preview:large","max-video-preview":"max-video-preview:-1"},"canonical":"https:\/\/coria.org\/ayuntamiento\/index.php\/2016\/07\/21\/agosto-turistico-coria-toda-una-experiencia-2\/","og_locale":"es_ES","og_type":"article","og_title":"Agosto Tur\u00edstico, \"Coria toda una experiencia\" - Ayuntamiento de Coria","og_description":"El Ayuntamiento de Coria prepara un a\u00f1o m\u00e1s un amplio programa de actividades con motivo de la celebraci\u00f3n del XXII Jueves Tur\u00edstico. El 2 de agosto comienza con el XX Festival Internacional de Guitarra y el concierto inaugural del violinista Ara Malikian, en la Plaza de Espa\u00f1a a las 22:00 horas. En torno al Jueves [&hellip;]","og_url":"https:\/\/coria.org\/ayuntamiento\/index.php\/2016\/07\/21\/agosto-turistico-coria-toda-una-experiencia-2\/","og_site_name":"Ayuntamiento de Coria","article_publisher":"https:\/\/www.facebook.com\/Ayuntamiento.de.Coria","article_published_time":"2016-07-21T00:00:00+00:00","article_modified_time":"2023-11-16T10:24:55+00:00","og_image":[{"width":1024,"height":668,"url":"https:\/\/coria.org\/ayuntamiento\/wp-content\/uploads\/2022\/03\/image-51.jpeg","type":"image\/jpeg"}],"author":"ayuntamiento","twitter_card":"summary_large_image","twitter_creator":"@Ayto_de_Coria","twitter_site":"@Ayto_de_Coria","twitter_misc":{"Escrito por":"ayuntamiento","Tiempo de lectura":"2 minutos"},"schema":{"@context":"https:\/\/schema.org","@graph":[{"@type":"Article","@id":"https:\/\/coria.org\/ayuntamiento\/index.php\/2016\/07\/21\/agosto-turistico-coria-toda-una-experiencia-2\/#article","isPartOf":{"@id":"https:\/\/coria.org\/ayuntamiento\/index.php\/2016\/07\/21\/agosto-turistico-coria-toda-una-experiencia-2\/"},"author":{"name":"ayuntamiento","@id":"https:\/\/coria.org\/ayuntamiento\/#\/schema\/person\/8bd589f0e13e8ae5aa06def7a599d622"},"headline":"Agosto Tur\u00edstico, \u00abCoria toda una experiencia\u00bb","datePublished":"2016-07-21T00:00:00+00:00","dateModified":"2023-11-16T10:24:55+00:00","mainEntityOfPage":{"@id":"https:\/\/coria.org\/ayuntamiento\/index.php\/2016\/07\/21\/agosto-turistico-coria-toda-una-experiencia-2\/"},"wordCount":483,"publisher":{"@id":"https:\/\/coria.org\/ayuntamiento\/#organization"},"image":{"@id":"https:\/\/coria.org\/ayuntamiento\/index.php\/2016\/07\/21\/agosto-turistico-coria-toda-una-experiencia-2\/#primaryimage"},"thumbnailUrl":"https:\/\/coria.org\/ayuntamiento\/wp-content\/uploads\/2022\/03\/image-51.jpeg","keywords":["coria","extremadura"],"articleSection":["Noticias"],"inLanguage":"es"},{"@type":"WebPage","@id":"https:\/\/coria.org\/ayuntamiento\/index.php\/2016\/07\/21\/agosto-turistico-coria-toda-una-experiencia-2\/","url":"https:\/\/coria.org\/ayuntamiento\/index.php\/2016\/07\/21\/agosto-turistico-coria-toda-una-experiencia-2\/","name":"Agosto Tur\u00edstico, \"Coria toda una experiencia\" - Ayuntamiento de Coria","isPartOf":{"@id":"https:\/\/coria.org\/ayuntamiento\/#website"},"primaryImageOfPage":{"@id":"https:\/\/coria.org\/ayuntamiento\/index.php\/2016\/07\/21\/agosto-turistico-coria-toda-una-experiencia-2\/#primaryimage"},"image":{"@id":"https:\/\/coria.org\/ayuntamiento\/index.php\/2016\/07\/21\/agosto-turistico-coria-toda-una-experiencia-2\/#primaryimage"},"thumbnailUrl":"https:\/\/coria.org\/ayuntamiento\/wp-content\/uploads\/2022\/03\/image-51.jpeg","datePublished":"2016-07-21T00:00:00+00:00","dateModified":"2023-11-16T10:24:55+00:00","breadcrumb":{"@id":"https:\/\/coria.org\/ayuntamiento\/index.php\/2016\/07\/21\/agosto-turistico-coria-toda-una-experiencia-2\/#breadcrumb"},"inLanguage":"es","potentialAction":[{"@type":"ReadAction","target":["https:\/\/coria.org\/ayuntamiento\/index.php\/2016\/07\/21\/agosto-turistico-coria-toda-una-experiencia-2\/"]}]},{"@type":"ImageObject","inLanguage":"es","@id":"https:\/\/coria.org\/ayuntamiento\/index.php\/2016\/07\/21\/agosto-turistico-coria-toda-una-experiencia-2\/#primaryimage","url":"https:\/\/coria.org\/ayuntamiento\/wp-content\/uploads\/2022\/03\/image-51.jpeg","contentUrl":"https:\/\/coria.org\/ayuntamiento\/wp-content\/uploads\/2022\/03\/image-51.jpeg","width":1024,"height":668},{"@type":"BreadcrumbList","@id":"https:\/\/coria.org\/ayuntamiento\/index.php\/2016\/07\/21\/agosto-turistico-coria-toda-una-experiencia-2\/#breadcrumb","itemListElement":[{"@type":"ListItem","position":1,"name":"Inicio","item":"https:\/\/coria.org\/ayuntamiento\/"},{"@type":"ListItem","position":2,"name":"Agosto Tur\u00edstico, \u00abCoria toda una experiencia\u00bb"}]},{"@type":"WebSite","@id":"https:\/\/coria.org\/ayuntamiento\/#website","url":"https:\/\/coria.org\/ayuntamiento\/","name":"Ayuntamiento de Coria","description":"Web oficial del Ayuntamiento de Coria","publisher":{"@id":"https:\/\/coria.org\/ayuntamiento\/#organization"},"alternateName":"Web Oficial del Ayuntamiento de Coria","potentialAction":[{"@type":"SearchAction","target":{"@type":"EntryPoint","urlTemplate":"https:\/\/coria.org\/ayuntamiento\/?s={search_term_string}"},"query-input":{"@type":"PropertyValueSpecification","valueRequired":true,"valueName":"search_term_string"}}],"inLanguage":"es"},{"@type":"Organization","@id":"https:\/\/coria.org\/ayuntamiento\/#organization","name":"Ayuntamiento de Coria","alternateName":"Ayto de Coria","url":"https:\/\/coria.org\/ayuntamiento\/","logo":{"@type":"ImageObject","inLanguage":"es","@id":"https:\/\/coria.org\/ayuntamiento\/#\/schema\/logo\/image\/","url":"https:\/\/coria.org\/ayuntamiento\/wp-content\/uploads\/2020\/12\/escudo-ayuntamiento-coria.png","contentUrl":"https:\/\/coria.org\/ayuntamiento\/wp-content\/uploads\/2020\/12\/escudo-ayuntamiento-coria.png","width":511,"height":240,"caption":"Ayuntamiento de Coria"},"image":{"@id":"https:\/\/coria.org\/ayuntamiento\/#\/schema\/logo\/image\/"},"sameAs":["https:\/\/www.facebook.com\/Ayuntamiento.de.Coria","https:\/\/x.com\/Ayto_de_Coria","https:\/\/www.instagram.com\/coria.ayuntamiento\/","https:\/\/www.youtube.com\/user\/AYUNTAMIENTOCORIA"]},{"@type":"Person","@id":"https:\/\/coria.org\/ayuntamiento\/#\/schema\/person\/8bd589f0e13e8ae5aa06def7a599d622","name":"ayuntamiento","image":{"@type":"ImageObject","inLanguage":"es","@id":"https:\/\/secure.gravatar.com\/avatar\/966e5ed73cad334adda5c87f49f2547f7082f7292c1b627cbb548744383b391c?s=96&d=mm&r=g","url":"https:\/\/secure.gravatar.com\/avatar\/966e5ed73cad334adda5c87f49f2547f7082f7292c1b627cbb548744383b391c?s=96&d=mm&r=g","contentUrl":"https:\/\/secure.gravatar.com\/avatar\/966e5ed73cad334adda5c87f49f2547f7082f7292c1b627cbb548744383b391c?s=96&d=mm&r=g","caption":"ayuntamiento"}}]}},"uagb_featured_image_src":{"full":["https:\/\/coria.org\/ayuntamiento\/wp-content\/uploads\/2022\/03\/image-51.jpeg",1024,668,false],"thumbnail":["https:\/\/coria.org\/ayuntamiento\/wp-content\/uploads\/2022\/03\/image-51-150x150.jpeg",150,150,true],"medium":["https:\/\/coria.org\/ayuntamiento\/wp-content\/uploads\/2022\/03\/image-51-300x196.jpeg",300,196,true],"medium_large":["https:\/\/coria.org\/ayuntamiento\/wp-content\/uploads\/2022\/03\/image-51-768x501.jpeg",768,501,true],"large":["https:\/\/coria.org\/ayuntamiento\/wp-content\/uploads\/2022\/03\/image-51.jpeg",1024,668,false],"thumblist":["https:\/\/coria.org\/ayuntamiento\/wp-content\/uploads\/2022\/03\/image-51.jpeg",300,196,false],"thumbrelated":["https:\/\/coria.org\/ayuntamiento\/wp-content\/uploads\/2022\/03\/image-51.jpeg",500,326,false],"meccarouselthumb":["https:\/\/coria.org\/ayuntamiento\/wp-content\/uploads\/2022\/03\/image-51.jpeg",474,309,false],"gridsquare":["https:\/\/coria.org\/ayuntamiento\/wp-content\/uploads\/2022\/03\/image-51.jpeg",391,255,false],"tileview":["https:\/\/coria.org\/ayuntamiento\/wp-content\/uploads\/2022\/03\/image-51.jpeg",300,196,false],"1536x1536":["https:\/\/coria.org\/ayuntamiento\/wp-content\/uploads\/2022\/03\/image-51.jpeg",1024,668,false],"2048x2048":["https:\/\/coria.org\/ayuntamiento\/wp-content\/uploads\/2022\/03\/image-51.jpeg",1024,668,false]},"uagb_author_info":{"display_name":"ayuntamiento","author_link":"https:\/\/coria.org\/ayuntamiento\/index.php\/author\/ayuntamiento\/"},"uagb_comment_info":0,"uagb_excerpt":"El Ayuntamiento de Coria prepara un a\u00f1o m\u00e1s un amplio programa de actividades con motivo de la celebraci\u00f3n del XXII Jueves Tur\u00edstico. El 2 de agosto comienza con el XX Festival Internacional de Guitarra y el concierto inaugural del violinista Ara Malikian, en la Plaza de Espa\u00f1a a las 22:00 horas. En torno al Jueves&hellip;","_links":{"self":[{"href":"https:\/\/coria.org\/ayuntamiento\/index.php\/wp-json\/wp\/v2\/posts\/34811","targetHints":{"allow":["GET"]}}],"collection":[{"href":"https:\/\/coria.org\/ayuntamiento\/index.php\/wp-json\/wp\/v2\/posts"}],"about":[{"href":"https:\/\/coria.org\/ayuntamiento\/index.php\/wp-json\/wp\/v2\/types\/post"}],"author":[{"embeddable":true,"href":"https:\/\/coria.org\/ayuntamiento\/index.php\/wp-json\/wp\/v2\/users\/2"}],"replies":[{"embeddable":true,"href":"https:\/\/coria.org\/ayuntamiento\/index.php\/wp-json\/wp\/v2\/comments?post=34811"}],"version-history":[{"count":0,"href":"https:\/\/coria.org\/ayuntamiento\/index.php\/wp-json\/wp\/v2\/posts\/34811\/revisions"}],"wp:featuredmedia":[{"embeddable":true,"href":"https:\/\/coria.org\/ayuntamiento\/index.php\/wp-json\/wp\/v2\/media\/29616"}],"wp:attachment":[{"href":"https:\/\/coria.org\/ayuntamiento\/index.php\/wp-json\/wp\/v2\/media?parent=34811"}],"wp:term":[{"taxonomy":"category","embeddable":true,"href":"https:\/\/coria.org\/ayuntamiento\/index.php\/wp-json\/wp\/v2\/categories?post=34811"},{"taxonomy":"post_tag","embeddable":true,"href":"https:\/\/coria.org\/ayuntamiento\/index.php\/wp-json\/wp\/v2\/tags?post=34811"}],"curies":[{"name":"wp","href":"https:\/\/api.w.org\/{rel}","templated":true}]}}