{"id":34757,"date":"2015-06-12T00:00:00","date_gmt":"2015-06-12T00:00:00","guid":{"rendered":"https:\/\/ayuntamiento.coriaenimagenes.com\/el-casco-antiguo-de-coria-acogera-el-tercer-certamen-de-dibujo-y-pintura-al-aire-libre-bufon-calabacillas-2\/"},"modified":"2023-09-18T12:39:00","modified_gmt":"2023-09-18T10:39:00","slug":"el-casco-antiguo-de-coria-acogera-el-tercer-certamen-de-dibujo-y-pintura-al-aire-libre-bufon-calabacillas-2","status":"publish","type":"post","link":"https:\/\/coria.org\/ayuntamiento\/index.php\/2015\/06\/12\/el-casco-antiguo-de-coria-acogera-el-tercer-certamen-de-dibujo-y-pintura-al-aire-libre-bufon-calabacillas-2\/","title":{"rendered":"El casco antiguo de Coria acoger\u00e1 el tercer Certamen de Dibujo y Pintura al Aire Libre \u00abBuf\u00f3n Calabacillas\u00bb"},"content":{"rendered":"\n<p><b>El casco hist\u00f3rico de la ciudad de Coria acoger\u00e1 el pr\u00f3ximo d\u00eda 11 de julio la tercera edici\u00f3n del Certamen Internacional de Dibujo y Pintura al Aire Libre \u00abBuf\u00f3n Calabacillas\u00bb, que se ha presentado esta ma\u00f1ana en rueda de prensa, por parte de la concejal de Cultura, Almudena Domingo, el presidente de la Asociaci\u00f3n Fernando Dom\u00ednguez, y el Secretario, Jos\u00e9 Mar\u00eda Jabato.<\/b><\/p>\n\n<figure class=\"wp-block-post-featured-image\"><img loading=\"lazy\" decoding=\"async\" width=\"2560\" height=\"1920\" src=\"https:\/\/coria.org\/ayuntamiento\/wp-content\/uploads\/2015\/06\/escuela-bufon-calabacillas--scaled.jpg\" class=\"attachment-post-thumbnail size-post-thumbnail wp-post-image\" alt=\"\" style=\"object-fit:cover;\" srcset=\"https:\/\/coria.org\/ayuntamiento\/wp-content\/uploads\/2015\/06\/escuela-bufon-calabacillas--scaled.jpg 2560w, https:\/\/coria.org\/ayuntamiento\/wp-content\/uploads\/2015\/06\/escuela-bufon-calabacillas--300x225.jpg 300w, https:\/\/coria.org\/ayuntamiento\/wp-content\/uploads\/2015\/06\/escuela-bufon-calabacillas--1024x768.jpg 1024w, https:\/\/coria.org\/ayuntamiento\/wp-content\/uploads\/2015\/06\/escuela-bufon-calabacillas--768x576.jpg 768w, https:\/\/coria.org\/ayuntamiento\/wp-content\/uploads\/2015\/06\/escuela-bufon-calabacillas--1536x1152.jpg 1536w, https:\/\/coria.org\/ayuntamiento\/wp-content\/uploads\/2015\/06\/escuela-bufon-calabacillas--2048x1536.jpg 2048w\" sizes=\"auto, (max-width: 2560px) 100vw, 2560px\" \/><\/figure>\n\n<p><span style=\"font-family: verdana,arial,helvetica,sans-serif;\">Los participantes en este evento se repartir\u00e1n por las calles de la zona intramuros de la ciudad para realizar su obra, siendo la tem\u00e1tica de los cuadros un paisaje urbano de Coria, sus monumentos y entorno, por ello este certamen es al aire libre dentro del casco antiguo de Coria.<\/span><\/p>\n\n\n<p>Los artistas podr\u00e1n utilizar la t\u00e9cnica que deseen para crear su obra durante esa ma\u00f1ana, sin poder utilizar ning\u00fan material gr\u00e1fico como referencia.<br \/>Para poder participar en el certamen, los interesados deber\u00e1n inscribirse, el mismo d\u00eda del certamen, en el zagu\u00e1n de la Escuela de Bellas Artes \u00abBuf\u00f3n Calabacillas\u00bb, calle Sinagoga n\u00famero 1, siendo admitido un soporte por concursante.<br \/>Antes de las 19:30 horas, las obras ser\u00e1n entregadas en la misma Escuela por los artistas, personalmente y sin acompa\u00f1ante.<\/p>\n\n\n<p>Las obras presentadas ser\u00e1n expuestas en el patio del Excmo. Ayuntamiento de Coria, en la plaza de San Pedro. De \u00e9stas el Jurado, formado por la presidenta: concejal de Cultura o persona en quien delegue, y 4 vocales: profesores de la Escuela de Belals Artes, elegir\u00e1 las siete obras premiadas m\u00e1s las dos infantiles, y se dar\u00e1 lectura p\u00fablica del acta entre las 21:00 y 21:30 horas del mismo d\u00eda del concurso.<\/p>\n\n\n<p>El certamen cuenta con un primer premio dotado con 1.000 euros para la mejor pintura, un segundo premio de 600 euros, tercero de 300 euros, cuarto premio reservado a artistas de Coria y comarca de 150 euros, el quinto, sexto y s\u00e9ptimo premios estar\u00e1n dotados con 60 euros cada uno, adem\u00e1s de un diploma acreditativo para todos ellos, a partir del quinto premio, incluyendo los premios infantiles el autor mantiene la propiedad de su obra.<\/p>\n\n\n<p>En la categor\u00eda infantil, destinada a ni\u00f1os menores de 13 a\u00f1os, el primer premio es un caballete met\u00e1lico y el segundo un malet\u00edn de pintura, ambos con sus correspondientes diplomas acreditativos.<\/p>\n\n\n<p>La concejal de Cultura del Ayuntamiento de Coria, Almudena Domingo, ha dicho que \u00abeste es un gran concurso para nuestra ciudad, que atrae a muchos aficionados al mundo de la pintura a la vez que a muchos turistas a nuestra ciudad, ya que es una forma de potenciar nuestros recursos del casco antiguo, y tambi\u00e9n una forma de crear un archivo pict\u00f3rico en el ayuntamiento, ya que la obra ganadora es para \u00e9ste\u00bb.<\/p>\n\n\n<p><span style=\"font-family: verdana,arial,helvetica,sans-serif;\">Por su parte, desde la Asociaci\u00f3n Buf\u00f3n Calabacillas, han agradecido al Ayuntamiento de Coria y a la concejalia de Cultura el gran apoyo que han recibido desde el primer momento que crearon la Asociaci\u00f3n y en todas las actividades que han creado, un claro ejemplo es este certamen de Dibujo y Pintura y la nueva sede de la Asociaci\u00f3n, tambi\u00e9n han querido agradecer a todas aquellas empresas que han colaborado en esta tercera edici\u00f3n del certamen, porque sin su apoyo este certamen tampoco ser\u00eda posible.<\/span><\/p>\n\n\n<p><span style=\"font-family: verdana,arial,helvetica,sans-serif;\">Para m\u00e1s informaci\u00f3n visite la web oficial de la Asociaci\u00f3n en: <a href=\"http:\/\/www.asociacionbufoncalabacillascoria.com\/\">http:\/\/www.asociacionbufoncalabacillascoria.com<\/a><\/span><\/p>\n\n\n<p><iframe loading=\"lazy\" src=\"https:\/\/www.youtube.com\/embed\/IFgkNkEbvGI\" width=\"640\" height=\"480\" frameborder=\"0\" allowfullscreen=\"allowfullscreen\"><\/iframe><\/p>\n","protected":false},"excerpt":{"rendered":"<p>El casco hist\u00f3rico de la ciudad de Coria acoger\u00e1 el pr\u00f3ximo d\u00eda 11 de julio la tercera edici\u00f3n del Certamen Internacional de Dibujo y Pintura al Aire Libre \u00abBuf\u00f3n Calabacillas\u00bb, que se ha presentado esta ma\u00f1ana en rueda de prensa, por parte de la concejal de Cultura, Almudena Domingo, el presidente de la Asociaci\u00f3n Fernando [&hellip;]<\/p>\n","protected":false},"author":2,"featured_media":30493,"comment_status":"closed","ping_status":"closed","sticky":false,"template":"","format":"standard","meta":{"_uag_custom_page_level_css":"","footnotes":""},"categories":[2],"tags":[3,4],"class_list":["post-34757","post","type-post","status-publish","format-standard","has-post-thumbnail","hentry","category-noticias","tag-coria","tag-extremadura"],"yoast_head":"<!-- This site is optimized with the Yoast SEO plugin v27.4 - https:\/\/yoast.com\/product\/yoast-seo-wordpress\/ -->\n<title>El casco antiguo de Coria acoger\u00e1 el tercer Certamen de Dibujo y Pintura al Aire Libre &quot;Buf\u00f3n Calabacillas&quot; - Ayuntamiento de Coria<\/title>\n<meta name=\"robots\" content=\"index, follow, max-snippet:-1, max-image-preview:large, max-video-preview:-1\" \/>\n<link rel=\"canonical\" href=\"https:\/\/coria.org\/ayuntamiento\/index.php\/2015\/06\/12\/el-casco-antiguo-de-coria-acogera-el-tercer-certamen-de-dibujo-y-pintura-al-aire-libre-bufon-calabacillas-2\/\" \/>\n<meta property=\"og:locale\" content=\"es_ES\" \/>\n<meta property=\"og:type\" content=\"article\" \/>\n<meta property=\"og:title\" content=\"El casco antiguo de Coria acoger\u00e1 el tercer Certamen de Dibujo y Pintura al Aire Libre &quot;Buf\u00f3n Calabacillas&quot; - Ayuntamiento de Coria\" \/>\n<meta property=\"og:description\" content=\"El casco hist\u00f3rico de la ciudad de Coria acoger\u00e1 el pr\u00f3ximo d\u00eda 11 de julio la tercera edici\u00f3n del Certamen Internacional de Dibujo y Pintura al Aire Libre \u00abBuf\u00f3n Calabacillas\u00bb, que se ha presentado esta ma\u00f1ana en rueda de prensa, por parte de la concejal de Cultura, Almudena Domingo, el presidente de la Asociaci\u00f3n Fernando [&hellip;]\" \/>\n<meta property=\"og:url\" content=\"https:\/\/coria.org\/ayuntamiento\/index.php\/2015\/06\/12\/el-casco-antiguo-de-coria-acogera-el-tercer-certamen-de-dibujo-y-pintura-al-aire-libre-bufon-calabacillas-2\/\" \/>\n<meta property=\"og:site_name\" content=\"Ayuntamiento de Coria\" \/>\n<meta property=\"article:publisher\" content=\"https:\/\/www.facebook.com\/Ayuntamiento.de.Coria\" \/>\n<meta property=\"article:published_time\" content=\"2015-06-12T00:00:00+00:00\" \/>\n<meta property=\"article:modified_time\" content=\"2023-09-18T10:39:00+00:00\" \/>\n<meta property=\"og:image\" content=\"https:\/\/coria.org\/ayuntamiento\/wp-content\/uploads\/2015\/06\/escuela-bufon-calabacillas--scaled.jpg\" \/>\n\t<meta property=\"og:image:width\" content=\"2560\" \/>\n\t<meta property=\"og:image:height\" content=\"1920\" \/>\n\t<meta property=\"og:image:type\" content=\"image\/jpeg\" \/>\n<meta name=\"author\" content=\"ayuntamiento\" \/>\n<meta name=\"twitter:card\" content=\"summary_large_image\" \/>\n<meta name=\"twitter:creator\" content=\"@Ayto_de_Coria\" \/>\n<meta name=\"twitter:site\" content=\"@Ayto_de_Coria\" \/>\n<meta name=\"twitter:label1\" content=\"Escrito por\" \/>\n\t<meta name=\"twitter:data1\" content=\"ayuntamiento\" \/>\n\t<meta name=\"twitter:label2\" content=\"Tiempo de lectura\" \/>\n\t<meta name=\"twitter:data2\" content=\"3 minutos\" \/>\n<script type=\"application\/ld+json\" class=\"yoast-schema-graph\">{\"@context\":\"https:\\\/\\\/schema.org\",\"@graph\":[{\"@type\":\"Article\",\"@id\":\"https:\\\/\\\/coria.org\\\/ayuntamiento\\\/index.php\\\/2015\\\/06\\\/12\\\/el-casco-antiguo-de-coria-acogera-el-tercer-certamen-de-dibujo-y-pintura-al-aire-libre-bufon-calabacillas-2\\\/#article\",\"isPartOf\":{\"@id\":\"https:\\\/\\\/coria.org\\\/ayuntamiento\\\/index.php\\\/2015\\\/06\\\/12\\\/el-casco-antiguo-de-coria-acogera-el-tercer-certamen-de-dibujo-y-pintura-al-aire-libre-bufon-calabacillas-2\\\/\"},\"author\":{\"name\":\"ayuntamiento\",\"@id\":\"https:\\\/\\\/coria.org\\\/ayuntamiento\\\/#\\\/schema\\\/person\\\/8bd589f0e13e8ae5aa06def7a599d622\"},\"headline\":\"El casco antiguo de Coria acoger\u00e1 el tercer Certamen de Dibujo y Pintura al Aire Libre \u00abBuf\u00f3n Calabacillas\u00bb\",\"datePublished\":\"2015-06-12T00:00:00+00:00\",\"dateModified\":\"2023-09-18T10:39:00+00:00\",\"mainEntityOfPage\":{\"@id\":\"https:\\\/\\\/coria.org\\\/ayuntamiento\\\/index.php\\\/2015\\\/06\\\/12\\\/el-casco-antiguo-de-coria-acogera-el-tercer-certamen-de-dibujo-y-pintura-al-aire-libre-bufon-calabacillas-2\\\/\"},\"wordCount\":596,\"publisher\":{\"@id\":\"https:\\\/\\\/coria.org\\\/ayuntamiento\\\/#organization\"},\"image\":{\"@id\":\"https:\\\/\\\/coria.org\\\/ayuntamiento\\\/index.php\\\/2015\\\/06\\\/12\\\/el-casco-antiguo-de-coria-acogera-el-tercer-certamen-de-dibujo-y-pintura-al-aire-libre-bufon-calabacillas-2\\\/#primaryimage\"},\"thumbnailUrl\":\"https:\\\/\\\/coria.org\\\/ayuntamiento\\\/wp-content\\\/uploads\\\/2015\\\/06\\\/escuela-bufon-calabacillas--scaled.jpg\",\"keywords\":[\"coria\",\"extremadura\"],\"articleSection\":[\"Noticias\"],\"inLanguage\":\"es\"},{\"@type\":\"WebPage\",\"@id\":\"https:\\\/\\\/coria.org\\\/ayuntamiento\\\/index.php\\\/2015\\\/06\\\/12\\\/el-casco-antiguo-de-coria-acogera-el-tercer-certamen-de-dibujo-y-pintura-al-aire-libre-bufon-calabacillas-2\\\/\",\"url\":\"https:\\\/\\\/coria.org\\\/ayuntamiento\\\/index.php\\\/2015\\\/06\\\/12\\\/el-casco-antiguo-de-coria-acogera-el-tercer-certamen-de-dibujo-y-pintura-al-aire-libre-bufon-calabacillas-2\\\/\",\"name\":\"El casco antiguo de Coria acoger\u00e1 el tercer Certamen de Dibujo y Pintura al Aire Libre \\\"Buf\u00f3n Calabacillas\\\" - Ayuntamiento de Coria\",\"isPartOf\":{\"@id\":\"https:\\\/\\\/coria.org\\\/ayuntamiento\\\/#website\"},\"primaryImageOfPage\":{\"@id\":\"https:\\\/\\\/coria.org\\\/ayuntamiento\\\/index.php\\\/2015\\\/06\\\/12\\\/el-casco-antiguo-de-coria-acogera-el-tercer-certamen-de-dibujo-y-pintura-al-aire-libre-bufon-calabacillas-2\\\/#primaryimage\"},\"image\":{\"@id\":\"https:\\\/\\\/coria.org\\\/ayuntamiento\\\/index.php\\\/2015\\\/06\\\/12\\\/el-casco-antiguo-de-coria-acogera-el-tercer-certamen-de-dibujo-y-pintura-al-aire-libre-bufon-calabacillas-2\\\/#primaryimage\"},\"thumbnailUrl\":\"https:\\\/\\\/coria.org\\\/ayuntamiento\\\/wp-content\\\/uploads\\\/2015\\\/06\\\/escuela-bufon-calabacillas--scaled.jpg\",\"datePublished\":\"2015-06-12T00:00:00+00:00\",\"dateModified\":\"2023-09-18T10:39:00+00:00\",\"breadcrumb\":{\"@id\":\"https:\\\/\\\/coria.org\\\/ayuntamiento\\\/index.php\\\/2015\\\/06\\\/12\\\/el-casco-antiguo-de-coria-acogera-el-tercer-certamen-de-dibujo-y-pintura-al-aire-libre-bufon-calabacillas-2\\\/#breadcrumb\"},\"inLanguage\":\"es\",\"potentialAction\":[{\"@type\":\"ReadAction\",\"target\":[\"https:\\\/\\\/coria.org\\\/ayuntamiento\\\/index.php\\\/2015\\\/06\\\/12\\\/el-casco-antiguo-de-coria-acogera-el-tercer-certamen-de-dibujo-y-pintura-al-aire-libre-bufon-calabacillas-2\\\/\"]}]},{\"@type\":\"ImageObject\",\"inLanguage\":\"es\",\"@id\":\"https:\\\/\\\/coria.org\\\/ayuntamiento\\\/index.php\\\/2015\\\/06\\\/12\\\/el-casco-antiguo-de-coria-acogera-el-tercer-certamen-de-dibujo-y-pintura-al-aire-libre-bufon-calabacillas-2\\\/#primaryimage\",\"url\":\"https:\\\/\\\/coria.org\\\/ayuntamiento\\\/wp-content\\\/uploads\\\/2015\\\/06\\\/escuela-bufon-calabacillas--scaled.jpg\",\"contentUrl\":\"https:\\\/\\\/coria.org\\\/ayuntamiento\\\/wp-content\\\/uploads\\\/2015\\\/06\\\/escuela-bufon-calabacillas--scaled.jpg\",\"width\":2560,\"height\":1920},{\"@type\":\"BreadcrumbList\",\"@id\":\"https:\\\/\\\/coria.org\\\/ayuntamiento\\\/index.php\\\/2015\\\/06\\\/12\\\/el-casco-antiguo-de-coria-acogera-el-tercer-certamen-de-dibujo-y-pintura-al-aire-libre-bufon-calabacillas-2\\\/#breadcrumb\",\"itemListElement\":[{\"@type\":\"ListItem\",\"position\":1,\"name\":\"Inicio\",\"item\":\"https:\\\/\\\/coria.org\\\/ayuntamiento\\\/\"},{\"@type\":\"ListItem\",\"position\":2,\"name\":\"El casco antiguo de Coria acoger\u00e1 el tercer Certamen de Dibujo y Pintura al Aire Libre \u00abBuf\u00f3n Calabacillas\u00bb\"}]},{\"@type\":\"WebSite\",\"@id\":\"https:\\\/\\\/coria.org\\\/ayuntamiento\\\/#website\",\"url\":\"https:\\\/\\\/coria.org\\\/ayuntamiento\\\/\",\"name\":\"Ayuntamiento de Coria\",\"description\":\"Web oficial del Ayuntamiento de Coria\",\"publisher\":{\"@id\":\"https:\\\/\\\/coria.org\\\/ayuntamiento\\\/#organization\"},\"alternateName\":\"Web Oficial del Ayuntamiento de Coria\",\"potentialAction\":[{\"@type\":\"SearchAction\",\"target\":{\"@type\":\"EntryPoint\",\"urlTemplate\":\"https:\\\/\\\/coria.org\\\/ayuntamiento\\\/?s={search_term_string}\"},\"query-input\":{\"@type\":\"PropertyValueSpecification\",\"valueRequired\":true,\"valueName\":\"search_term_string\"}}],\"inLanguage\":\"es\"},{\"@type\":\"Organization\",\"@id\":\"https:\\\/\\\/coria.org\\\/ayuntamiento\\\/#organization\",\"name\":\"Ayuntamiento de Coria\",\"alternateName\":\"Ayto de Coria\",\"url\":\"https:\\\/\\\/coria.org\\\/ayuntamiento\\\/\",\"logo\":{\"@type\":\"ImageObject\",\"inLanguage\":\"es\",\"@id\":\"https:\\\/\\\/coria.org\\\/ayuntamiento\\\/#\\\/schema\\\/logo\\\/image\\\/\",\"url\":\"https:\\\/\\\/coria.org\\\/ayuntamiento\\\/wp-content\\\/uploads\\\/2020\\\/12\\\/escudo-ayuntamiento-coria.png\",\"contentUrl\":\"https:\\\/\\\/coria.org\\\/ayuntamiento\\\/wp-content\\\/uploads\\\/2020\\\/12\\\/escudo-ayuntamiento-coria.png\",\"width\":511,\"height\":240,\"caption\":\"Ayuntamiento de Coria\"},\"image\":{\"@id\":\"https:\\\/\\\/coria.org\\\/ayuntamiento\\\/#\\\/schema\\\/logo\\\/image\\\/\"},\"sameAs\":[\"https:\\\/\\\/www.facebook.com\\\/Ayuntamiento.de.Coria\",\"https:\\\/\\\/x.com\\\/Ayto_de_Coria\",\"https:\\\/\\\/www.instagram.com\\\/coria.ayuntamiento\\\/\",\"https:\\\/\\\/www.youtube.com\\\/user\\\/AYUNTAMIENTOCORIA\"]},{\"@type\":\"Person\",\"@id\":\"https:\\\/\\\/coria.org\\\/ayuntamiento\\\/#\\\/schema\\\/person\\\/8bd589f0e13e8ae5aa06def7a599d622\",\"name\":\"ayuntamiento\",\"image\":{\"@type\":\"ImageObject\",\"inLanguage\":\"es\",\"@id\":\"https:\\\/\\\/secure.gravatar.com\\\/avatar\\\/966e5ed73cad334adda5c87f49f2547f7082f7292c1b627cbb548744383b391c?s=96&d=mm&r=g\",\"url\":\"https:\\\/\\\/secure.gravatar.com\\\/avatar\\\/966e5ed73cad334adda5c87f49f2547f7082f7292c1b627cbb548744383b391c?s=96&d=mm&r=g\",\"contentUrl\":\"https:\\\/\\\/secure.gravatar.com\\\/avatar\\\/966e5ed73cad334adda5c87f49f2547f7082f7292c1b627cbb548744383b391c?s=96&d=mm&r=g\",\"caption\":\"ayuntamiento\"}}]}<\/script>\n<!-- \/ Yoast SEO plugin. -->","yoast_head_json":{"title":"El casco antiguo de Coria acoger\u00e1 el tercer Certamen de Dibujo y Pintura al Aire Libre \"Buf\u00f3n Calabacillas\" - Ayuntamiento de Coria","robots":{"index":"index","follow":"follow","max-snippet":"max-snippet:-1","max-image-preview":"max-image-preview:large","max-video-preview":"max-video-preview:-1"},"canonical":"https:\/\/coria.org\/ayuntamiento\/index.php\/2015\/06\/12\/el-casco-antiguo-de-coria-acogera-el-tercer-certamen-de-dibujo-y-pintura-al-aire-libre-bufon-calabacillas-2\/","og_locale":"es_ES","og_type":"article","og_title":"El casco antiguo de Coria acoger\u00e1 el tercer Certamen de Dibujo y Pintura al Aire Libre \"Buf\u00f3n Calabacillas\" - Ayuntamiento de Coria","og_description":"El casco hist\u00f3rico de la ciudad de Coria acoger\u00e1 el pr\u00f3ximo d\u00eda 11 de julio la tercera edici\u00f3n del Certamen Internacional de Dibujo y Pintura al Aire Libre \u00abBuf\u00f3n Calabacillas\u00bb, que se ha presentado esta ma\u00f1ana en rueda de prensa, por parte de la concejal de Cultura, Almudena Domingo, el presidente de la Asociaci\u00f3n Fernando [&hellip;]","og_url":"https:\/\/coria.org\/ayuntamiento\/index.php\/2015\/06\/12\/el-casco-antiguo-de-coria-acogera-el-tercer-certamen-de-dibujo-y-pintura-al-aire-libre-bufon-calabacillas-2\/","og_site_name":"Ayuntamiento de Coria","article_publisher":"https:\/\/www.facebook.com\/Ayuntamiento.de.Coria","article_published_time":"2015-06-12T00:00:00+00:00","article_modified_time":"2023-09-18T10:39:00+00:00","og_image":[{"width":2560,"height":1920,"url":"https:\/\/coria.org\/ayuntamiento\/wp-content\/uploads\/2015\/06\/escuela-bufon-calabacillas--scaled.jpg","type":"image\/jpeg"}],"author":"ayuntamiento","twitter_card":"summary_large_image","twitter_creator":"@Ayto_de_Coria","twitter_site":"@Ayto_de_Coria","twitter_misc":{"Escrito por":"ayuntamiento","Tiempo de lectura":"3 minutos"},"schema":{"@context":"https:\/\/schema.org","@graph":[{"@type":"Article","@id":"https:\/\/coria.org\/ayuntamiento\/index.php\/2015\/06\/12\/el-casco-antiguo-de-coria-acogera-el-tercer-certamen-de-dibujo-y-pintura-al-aire-libre-bufon-calabacillas-2\/#article","isPartOf":{"@id":"https:\/\/coria.org\/ayuntamiento\/index.php\/2015\/06\/12\/el-casco-antiguo-de-coria-acogera-el-tercer-certamen-de-dibujo-y-pintura-al-aire-libre-bufon-calabacillas-2\/"},"author":{"name":"ayuntamiento","@id":"https:\/\/coria.org\/ayuntamiento\/#\/schema\/person\/8bd589f0e13e8ae5aa06def7a599d622"},"headline":"El casco antiguo de Coria acoger\u00e1 el tercer Certamen de Dibujo y Pintura al Aire Libre \u00abBuf\u00f3n Calabacillas\u00bb","datePublished":"2015-06-12T00:00:00+00:00","dateModified":"2023-09-18T10:39:00+00:00","mainEntityOfPage":{"@id":"https:\/\/coria.org\/ayuntamiento\/index.php\/2015\/06\/12\/el-casco-antiguo-de-coria-acogera-el-tercer-certamen-de-dibujo-y-pintura-al-aire-libre-bufon-calabacillas-2\/"},"wordCount":596,"publisher":{"@id":"https:\/\/coria.org\/ayuntamiento\/#organization"},"image":{"@id":"https:\/\/coria.org\/ayuntamiento\/index.php\/2015\/06\/12\/el-casco-antiguo-de-coria-acogera-el-tercer-certamen-de-dibujo-y-pintura-al-aire-libre-bufon-calabacillas-2\/#primaryimage"},"thumbnailUrl":"https:\/\/coria.org\/ayuntamiento\/wp-content\/uploads\/2015\/06\/escuela-bufon-calabacillas--scaled.jpg","keywords":["coria","extremadura"],"articleSection":["Noticias"],"inLanguage":"es"},{"@type":"WebPage","@id":"https:\/\/coria.org\/ayuntamiento\/index.php\/2015\/06\/12\/el-casco-antiguo-de-coria-acogera-el-tercer-certamen-de-dibujo-y-pintura-al-aire-libre-bufon-calabacillas-2\/","url":"https:\/\/coria.org\/ayuntamiento\/index.php\/2015\/06\/12\/el-casco-antiguo-de-coria-acogera-el-tercer-certamen-de-dibujo-y-pintura-al-aire-libre-bufon-calabacillas-2\/","name":"El casco antiguo de Coria acoger\u00e1 el tercer Certamen de Dibujo y Pintura al Aire Libre \"Buf\u00f3n Calabacillas\" - Ayuntamiento de Coria","isPartOf":{"@id":"https:\/\/coria.org\/ayuntamiento\/#website"},"primaryImageOfPage":{"@id":"https:\/\/coria.org\/ayuntamiento\/index.php\/2015\/06\/12\/el-casco-antiguo-de-coria-acogera-el-tercer-certamen-de-dibujo-y-pintura-al-aire-libre-bufon-calabacillas-2\/#primaryimage"},"image":{"@id":"https:\/\/coria.org\/ayuntamiento\/index.php\/2015\/06\/12\/el-casco-antiguo-de-coria-acogera-el-tercer-certamen-de-dibujo-y-pintura-al-aire-libre-bufon-calabacillas-2\/#primaryimage"},"thumbnailUrl":"https:\/\/coria.org\/ayuntamiento\/wp-content\/uploads\/2015\/06\/escuela-bufon-calabacillas--scaled.jpg","datePublished":"2015-06-12T00:00:00+00:00","dateModified":"2023-09-18T10:39:00+00:00","breadcrumb":{"@id":"https:\/\/coria.org\/ayuntamiento\/index.php\/2015\/06\/12\/el-casco-antiguo-de-coria-acogera-el-tercer-certamen-de-dibujo-y-pintura-al-aire-libre-bufon-calabacillas-2\/#breadcrumb"},"inLanguage":"es","potentialAction":[{"@type":"ReadAction","target":["https:\/\/coria.org\/ayuntamiento\/index.php\/2015\/06\/12\/el-casco-antiguo-de-coria-acogera-el-tercer-certamen-de-dibujo-y-pintura-al-aire-libre-bufon-calabacillas-2\/"]}]},{"@type":"ImageObject","inLanguage":"es","@id":"https:\/\/coria.org\/ayuntamiento\/index.php\/2015\/06\/12\/el-casco-antiguo-de-coria-acogera-el-tercer-certamen-de-dibujo-y-pintura-al-aire-libre-bufon-calabacillas-2\/#primaryimage","url":"https:\/\/coria.org\/ayuntamiento\/wp-content\/uploads\/2015\/06\/escuela-bufon-calabacillas--scaled.jpg","contentUrl":"https:\/\/coria.org\/ayuntamiento\/wp-content\/uploads\/2015\/06\/escuela-bufon-calabacillas--scaled.jpg","width":2560,"height":1920},{"@type":"BreadcrumbList","@id":"https:\/\/coria.org\/ayuntamiento\/index.php\/2015\/06\/12\/el-casco-antiguo-de-coria-acogera-el-tercer-certamen-de-dibujo-y-pintura-al-aire-libre-bufon-calabacillas-2\/#breadcrumb","itemListElement":[{"@type":"ListItem","position":1,"name":"Inicio","item":"https:\/\/coria.org\/ayuntamiento\/"},{"@type":"ListItem","position":2,"name":"El casco antiguo de Coria acoger\u00e1 el tercer Certamen de Dibujo y Pintura al Aire Libre \u00abBuf\u00f3n Calabacillas\u00bb"}]},{"@type":"WebSite","@id":"https:\/\/coria.org\/ayuntamiento\/#website","url":"https:\/\/coria.org\/ayuntamiento\/","name":"Ayuntamiento de Coria","description":"Web oficial del Ayuntamiento de Coria","publisher":{"@id":"https:\/\/coria.org\/ayuntamiento\/#organization"},"alternateName":"Web Oficial del Ayuntamiento de Coria","potentialAction":[{"@type":"SearchAction","target":{"@type":"EntryPoint","urlTemplate":"https:\/\/coria.org\/ayuntamiento\/?s={search_term_string}"},"query-input":{"@type":"PropertyValueSpecification","valueRequired":true,"valueName":"search_term_string"}}],"inLanguage":"es"},{"@type":"Organization","@id":"https:\/\/coria.org\/ayuntamiento\/#organization","name":"Ayuntamiento de Coria","alternateName":"Ayto de Coria","url":"https:\/\/coria.org\/ayuntamiento\/","logo":{"@type":"ImageObject","inLanguage":"es","@id":"https:\/\/coria.org\/ayuntamiento\/#\/schema\/logo\/image\/","url":"https:\/\/coria.org\/ayuntamiento\/wp-content\/uploads\/2020\/12\/escudo-ayuntamiento-coria.png","contentUrl":"https:\/\/coria.org\/ayuntamiento\/wp-content\/uploads\/2020\/12\/escudo-ayuntamiento-coria.png","width":511,"height":240,"caption":"Ayuntamiento de Coria"},"image":{"@id":"https:\/\/coria.org\/ayuntamiento\/#\/schema\/logo\/image\/"},"sameAs":["https:\/\/www.facebook.com\/Ayuntamiento.de.Coria","https:\/\/x.com\/Ayto_de_Coria","https:\/\/www.instagram.com\/coria.ayuntamiento\/","https:\/\/www.youtube.com\/user\/AYUNTAMIENTOCORIA"]},{"@type":"Person","@id":"https:\/\/coria.org\/ayuntamiento\/#\/schema\/person\/8bd589f0e13e8ae5aa06def7a599d622","name":"ayuntamiento","image":{"@type":"ImageObject","inLanguage":"es","@id":"https:\/\/secure.gravatar.com\/avatar\/966e5ed73cad334adda5c87f49f2547f7082f7292c1b627cbb548744383b391c?s=96&d=mm&r=g","url":"https:\/\/secure.gravatar.com\/avatar\/966e5ed73cad334adda5c87f49f2547f7082f7292c1b627cbb548744383b391c?s=96&d=mm&r=g","contentUrl":"https:\/\/secure.gravatar.com\/avatar\/966e5ed73cad334adda5c87f49f2547f7082f7292c1b627cbb548744383b391c?s=96&d=mm&r=g","caption":"ayuntamiento"}}]}},"uagb_featured_image_src":{"full":["https:\/\/coria.org\/ayuntamiento\/wp-content\/uploads\/2015\/06\/escuela-bufon-calabacillas--scaled.jpg",2560,1920,false],"thumbnail":["https:\/\/coria.org\/ayuntamiento\/wp-content\/uploads\/2015\/06\/escuela-bufon-calabacillas--150x150.jpg",150,150,true],"medium":["https:\/\/coria.org\/ayuntamiento\/wp-content\/uploads\/2015\/06\/escuela-bufon-calabacillas--300x225.jpg",300,225,true],"medium_large":["https:\/\/coria.org\/ayuntamiento\/wp-content\/uploads\/2015\/06\/escuela-bufon-calabacillas--768x576.jpg",768,576,true],"large":["https:\/\/coria.org\/ayuntamiento\/wp-content\/uploads\/2015\/06\/escuela-bufon-calabacillas--1024x768.jpg",1024,768,true],"thumblist":["https:\/\/coria.org\/ayuntamiento\/wp-content\/uploads\/2015\/06\/escuela-bufon-calabacillas--scaled.jpg",300,225,false],"thumbrelated":["https:\/\/coria.org\/ayuntamiento\/wp-content\/uploads\/2015\/06\/escuela-bufon-calabacillas--scaled.jpg",500,375,false],"meccarouselthumb":["https:\/\/coria.org\/ayuntamiento\/wp-content\/uploads\/2015\/06\/escuela-bufon-calabacillas--scaled.jpg",432,324,false],"gridsquare":["https:\/\/coria.org\/ayuntamiento\/wp-content\/uploads\/2015\/06\/escuela-bufon-calabacillas--scaled.jpg",347,260,false],"tileview":["https:\/\/coria.org\/ayuntamiento\/wp-content\/uploads\/2015\/06\/escuela-bufon-calabacillas--scaled.jpg",300,225,false],"1536x1536":["https:\/\/coria.org\/ayuntamiento\/wp-content\/uploads\/2015\/06\/escuela-bufon-calabacillas--1536x1152.jpg",1536,1152,true],"2048x2048":["https:\/\/coria.org\/ayuntamiento\/wp-content\/uploads\/2015\/06\/escuela-bufon-calabacillas--2048x1536.jpg",2048,1536,true]},"uagb_author_info":{"display_name":"ayuntamiento","author_link":"https:\/\/coria.org\/ayuntamiento\/index.php\/author\/ayuntamiento\/"},"uagb_comment_info":0,"uagb_excerpt":"El casco hist\u00f3rico de la ciudad de Coria acoger\u00e1 el pr\u00f3ximo d\u00eda 11 de julio la tercera edici\u00f3n del Certamen Internacional de Dibujo y Pintura al Aire Libre \u00abBuf\u00f3n Calabacillas\u00bb, que se ha presentado esta ma\u00f1ana en rueda de prensa, por parte de la concejal de Cultura, Almudena Domingo, el presidente de la Asociaci\u00f3n Fernando&hellip;","_links":{"self":[{"href":"https:\/\/coria.org\/ayuntamiento\/index.php\/wp-json\/wp\/v2\/posts\/34757","targetHints":{"allow":["GET"]}}],"collection":[{"href":"https:\/\/coria.org\/ayuntamiento\/index.php\/wp-json\/wp\/v2\/posts"}],"about":[{"href":"https:\/\/coria.org\/ayuntamiento\/index.php\/wp-json\/wp\/v2\/types\/post"}],"author":[{"embeddable":true,"href":"https:\/\/coria.org\/ayuntamiento\/index.php\/wp-json\/wp\/v2\/users\/2"}],"replies":[{"embeddable":true,"href":"https:\/\/coria.org\/ayuntamiento\/index.php\/wp-json\/wp\/v2\/comments?post=34757"}],"version-history":[{"count":0,"href":"https:\/\/coria.org\/ayuntamiento\/index.php\/wp-json\/wp\/v2\/posts\/34757\/revisions"}],"wp:featuredmedia":[{"embeddable":true,"href":"https:\/\/coria.org\/ayuntamiento\/index.php\/wp-json\/wp\/v2\/media\/30493"}],"wp:attachment":[{"href":"https:\/\/coria.org\/ayuntamiento\/index.php\/wp-json\/wp\/v2\/media?parent=34757"}],"wp:term":[{"taxonomy":"category","embeddable":true,"href":"https:\/\/coria.org\/ayuntamiento\/index.php\/wp-json\/wp\/v2\/categories?post=34757"},{"taxonomy":"post_tag","embeddable":true,"href":"https:\/\/coria.org\/ayuntamiento\/index.php\/wp-json\/wp\/v2\/tags?post=34757"}],"curies":[{"name":"wp","href":"https:\/\/api.w.org\/{rel}","templated":true}]}}