{"id":34719,"date":"2015-02-24T00:00:00","date_gmt":"2015-02-24T00:00:00","guid":{"rendered":"https:\/\/ayuntamiento.coriaenimagenes.com\/cerca-de-60-senderistas-presentes-en-la-ruta-camino-del-agua-y-las-raices-2\/"},"modified":"2023-09-18T12:39:22","modified_gmt":"2023-09-18T10:39:22","slug":"cerca-de-60-senderistas-presentes-en-la-ruta-camino-del-agua-y-las-raices-2","status":"publish","type":"post","link":"https:\/\/coria.org\/ayuntamiento\/index.php\/2015\/02\/24\/cerca-de-60-senderistas-presentes-en-la-ruta-camino-del-agua-y-las-raices-2\/","title":{"rendered":"Cerca de 60 senderistas presentes en la ruta \u00abCamino del Agua y las Ra\u00edces\u00bb"},"content":{"rendered":"\n<p><b>Despu\u00e9s de ser aplazada en el mes de enero la presente ruta, el pasado domingo 22 de febrero, sin que la meteorolog\u00eda no lo impidiera, la Concejal\u00eda de Deportes del Ayuntamiento de Coria organizaba nuevamente la marcha \u00abCamino del Agua y las Ra\u00edces\u00bb en la poblaci\u00f3n Salmantina de La Alberca, donde acudieron alrededor de 60 senderistas procedentes de Herv\u00e1s, C\u00e1ceres, Tejeda, Casillas de Coria, Acehuche, Rinc\u00f3n del Obispo y Coria.<\/b><\/p>\n\n<figure class=\"wp-block-post-featured-image\"><img loading=\"lazy\" decoding=\"async\" width=\"800\" height=\"449\" src=\"https:\/\/coria.org\/ayuntamiento\/wp-content\/uploads\/2015\/02\/16620938381_7582c87e8f_o.jpg\" class=\"attachment-post-thumbnail size-post-thumbnail wp-post-image\" alt=\"\" style=\"object-fit:cover;\" srcset=\"https:\/\/coria.org\/ayuntamiento\/wp-content\/uploads\/2015\/02\/16620938381_7582c87e8f_o.jpg 800w, https:\/\/coria.org\/ayuntamiento\/wp-content\/uploads\/2015\/02\/16620938381_7582c87e8f_o-300x168.jpg 300w, https:\/\/coria.org\/ayuntamiento\/wp-content\/uploads\/2015\/02\/16620938381_7582c87e8f_o-768x431.jpg 768w\" sizes=\"auto, (max-width: 800px) 100vw, 800px\" \/><\/figure>\n\n<p><\/p>\n\n\n<p><span style=\"font-family: verdana,arial,helvetica,sans-serif; font-size: small;\">La marcha, de dificultad media baja, se iniciaba sobre las 10:15 horas en La Alberca, siguiendo el Camino de las ra\u00edces y el GR-10, hasta Monforte de la Sierra. A partir de aqu\u00ed entroncamos con la senda del Camino del agua hasta llegar a la poblaci\u00f3n de Mogarraz, lugar de parada para el avituallamiento, lugar peculiar donde est\u00e1n retratados, de forma art\u00edstica, los antiguos ciudadanos de la poblaci\u00f3n expuestos en las fachadas de las viviendas.<br \/><\/span><br \/><span style=\"font-family: verdana,arial,helvetica,sans-serif; font-size: small;\">Desde Mogarraz, se ascend\u00eda lentamente entre bosques de robles y casta\u00f1os llegando a la Laguna de San Marcos, donde se encuentra la misma ermita derruida. Desde aqu\u00ed, siguiendo nuevamente por la senda del Camino de las Ra\u00edces, lleg\u00e1bamos finalmente a la poblaci\u00f3n de partida tras seis horas de marcha, sobre las 16 horas.<\/span><\/p>\n","protected":false},"excerpt":{"rendered":"<p>Despu\u00e9s de ser aplazada en el mes de enero la presente ruta, el pasado domingo 22 de febrero, sin que la meteorolog\u00eda no lo impidiera, la Concejal\u00eda de Deportes del Ayuntamiento de Coria organizaba nuevamente la marcha \u00abCamino del Agua y las Ra\u00edces\u00bb en la poblaci\u00f3n Salmantina de La Alberca, donde acudieron alrededor de 60 [&hellip;]<\/p>\n","protected":false},"author":2,"featured_media":30761,"comment_status":"closed","ping_status":"closed","sticky":false,"template":"","format":"standard","meta":{"_uag_custom_page_level_css":"","footnotes":""},"categories":[2],"tags":[3,4],"class_list":["post-34719","post","type-post","status-publish","format-standard","has-post-thumbnail","hentry","category-noticias","tag-coria","tag-extremadura"],"yoast_head":"<!-- This site is optimized with the Yoast SEO plugin v27.4 - https:\/\/yoast.com\/product\/yoast-seo-wordpress\/ -->\n<title>Cerca de 60 senderistas presentes en la ruta &quot;Camino del Agua y las Ra\u00edces&quot; - Ayuntamiento de Coria<\/title>\n<meta name=\"robots\" content=\"index, follow, max-snippet:-1, max-image-preview:large, max-video-preview:-1\" \/>\n<link rel=\"canonical\" href=\"https:\/\/coria.org\/ayuntamiento\/index.php\/2015\/02\/24\/cerca-de-60-senderistas-presentes-en-la-ruta-camino-del-agua-y-las-raices-2\/\" \/>\n<meta property=\"og:locale\" content=\"es_ES\" \/>\n<meta property=\"og:type\" content=\"article\" \/>\n<meta property=\"og:title\" content=\"Cerca de 60 senderistas presentes en la ruta &quot;Camino del Agua y las Ra\u00edces&quot; - Ayuntamiento de Coria\" \/>\n<meta property=\"og:description\" content=\"Despu\u00e9s de ser aplazada en el mes de enero la presente ruta, el pasado domingo 22 de febrero, sin que la meteorolog\u00eda no lo impidiera, la Concejal\u00eda de Deportes del Ayuntamiento de Coria organizaba nuevamente la marcha \u00abCamino del Agua y las Ra\u00edces\u00bb en la poblaci\u00f3n Salmantina de La Alberca, donde acudieron alrededor de 60 [&hellip;]\" \/>\n<meta property=\"og:url\" content=\"https:\/\/coria.org\/ayuntamiento\/index.php\/2015\/02\/24\/cerca-de-60-senderistas-presentes-en-la-ruta-camino-del-agua-y-las-raices-2\/\" \/>\n<meta property=\"og:site_name\" content=\"Ayuntamiento de Coria\" \/>\n<meta property=\"article:publisher\" content=\"https:\/\/www.facebook.com\/Ayuntamiento.de.Coria\" \/>\n<meta property=\"article:published_time\" content=\"2015-02-24T00:00:00+00:00\" \/>\n<meta property=\"article:modified_time\" content=\"2023-09-18T10:39:22+00:00\" \/>\n<meta property=\"og:image\" content=\"https:\/\/coria.org\/ayuntamiento\/wp-content\/uploads\/2015\/02\/16620938381_7582c87e8f_o.jpg\" \/>\n\t<meta property=\"og:image:width\" content=\"800\" \/>\n\t<meta property=\"og:image:height\" content=\"449\" \/>\n\t<meta property=\"og:image:type\" content=\"image\/jpeg\" \/>\n<meta name=\"author\" content=\"ayuntamiento\" \/>\n<meta name=\"twitter:card\" content=\"summary_large_image\" \/>\n<meta name=\"twitter:creator\" content=\"@Ayto_de_Coria\" \/>\n<meta name=\"twitter:site\" content=\"@Ayto_de_Coria\" \/>\n<meta name=\"twitter:label1\" content=\"Escrito por\" \/>\n\t<meta name=\"twitter:data1\" content=\"ayuntamiento\" \/>\n\t<meta name=\"twitter:label2\" content=\"Tiempo de lectura\" \/>\n\t<meta name=\"twitter:data2\" content=\"1 minuto\" \/>\n<script type=\"application\/ld+json\" class=\"yoast-schema-graph\">{\"@context\":\"https:\\\/\\\/schema.org\",\"@graph\":[{\"@type\":\"Article\",\"@id\":\"https:\\\/\\\/coria.org\\\/ayuntamiento\\\/index.php\\\/2015\\\/02\\\/24\\\/cerca-de-60-senderistas-presentes-en-la-ruta-camino-del-agua-y-las-raices-2\\\/#article\",\"isPartOf\":{\"@id\":\"https:\\\/\\\/coria.org\\\/ayuntamiento\\\/index.php\\\/2015\\\/02\\\/24\\\/cerca-de-60-senderistas-presentes-en-la-ruta-camino-del-agua-y-las-raices-2\\\/\"},\"author\":{\"name\":\"ayuntamiento\",\"@id\":\"https:\\\/\\\/coria.org\\\/ayuntamiento\\\/#\\\/schema\\\/person\\\/8bd589f0e13e8ae5aa06def7a599d622\"},\"headline\":\"Cerca de 60 senderistas presentes en la ruta \u00abCamino del Agua y las Ra\u00edces\u00bb\",\"datePublished\":\"2015-02-24T00:00:00+00:00\",\"dateModified\":\"2023-09-18T10:39:22+00:00\",\"mainEntityOfPage\":{\"@id\":\"https:\\\/\\\/coria.org\\\/ayuntamiento\\\/index.php\\\/2015\\\/02\\\/24\\\/cerca-de-60-senderistas-presentes-en-la-ruta-camino-del-agua-y-las-raices-2\\\/\"},\"wordCount\":226,\"publisher\":{\"@id\":\"https:\\\/\\\/coria.org\\\/ayuntamiento\\\/#organization\"},\"image\":{\"@id\":\"https:\\\/\\\/coria.org\\\/ayuntamiento\\\/index.php\\\/2015\\\/02\\\/24\\\/cerca-de-60-senderistas-presentes-en-la-ruta-camino-del-agua-y-las-raices-2\\\/#primaryimage\"},\"thumbnailUrl\":\"https:\\\/\\\/coria.org\\\/ayuntamiento\\\/wp-content\\\/uploads\\\/2015\\\/02\\\/16620938381_7582c87e8f_o.jpg\",\"keywords\":[\"coria\",\"extremadura\"],\"articleSection\":[\"Noticias\"],\"inLanguage\":\"es\"},{\"@type\":\"WebPage\",\"@id\":\"https:\\\/\\\/coria.org\\\/ayuntamiento\\\/index.php\\\/2015\\\/02\\\/24\\\/cerca-de-60-senderistas-presentes-en-la-ruta-camino-del-agua-y-las-raices-2\\\/\",\"url\":\"https:\\\/\\\/coria.org\\\/ayuntamiento\\\/index.php\\\/2015\\\/02\\\/24\\\/cerca-de-60-senderistas-presentes-en-la-ruta-camino-del-agua-y-las-raices-2\\\/\",\"name\":\"Cerca de 60 senderistas presentes en la ruta \\\"Camino del Agua y las Ra\u00edces\\\" - Ayuntamiento de Coria\",\"isPartOf\":{\"@id\":\"https:\\\/\\\/coria.org\\\/ayuntamiento\\\/#website\"},\"primaryImageOfPage\":{\"@id\":\"https:\\\/\\\/coria.org\\\/ayuntamiento\\\/index.php\\\/2015\\\/02\\\/24\\\/cerca-de-60-senderistas-presentes-en-la-ruta-camino-del-agua-y-las-raices-2\\\/#primaryimage\"},\"image\":{\"@id\":\"https:\\\/\\\/coria.org\\\/ayuntamiento\\\/index.php\\\/2015\\\/02\\\/24\\\/cerca-de-60-senderistas-presentes-en-la-ruta-camino-del-agua-y-las-raices-2\\\/#primaryimage\"},\"thumbnailUrl\":\"https:\\\/\\\/coria.org\\\/ayuntamiento\\\/wp-content\\\/uploads\\\/2015\\\/02\\\/16620938381_7582c87e8f_o.jpg\",\"datePublished\":\"2015-02-24T00:00:00+00:00\",\"dateModified\":\"2023-09-18T10:39:22+00:00\",\"breadcrumb\":{\"@id\":\"https:\\\/\\\/coria.org\\\/ayuntamiento\\\/index.php\\\/2015\\\/02\\\/24\\\/cerca-de-60-senderistas-presentes-en-la-ruta-camino-del-agua-y-las-raices-2\\\/#breadcrumb\"},\"inLanguage\":\"es\",\"potentialAction\":[{\"@type\":\"ReadAction\",\"target\":[\"https:\\\/\\\/coria.org\\\/ayuntamiento\\\/index.php\\\/2015\\\/02\\\/24\\\/cerca-de-60-senderistas-presentes-en-la-ruta-camino-del-agua-y-las-raices-2\\\/\"]}]},{\"@type\":\"ImageObject\",\"inLanguage\":\"es\",\"@id\":\"https:\\\/\\\/coria.org\\\/ayuntamiento\\\/index.php\\\/2015\\\/02\\\/24\\\/cerca-de-60-senderistas-presentes-en-la-ruta-camino-del-agua-y-las-raices-2\\\/#primaryimage\",\"url\":\"https:\\\/\\\/coria.org\\\/ayuntamiento\\\/wp-content\\\/uploads\\\/2015\\\/02\\\/16620938381_7582c87e8f_o.jpg\",\"contentUrl\":\"https:\\\/\\\/coria.org\\\/ayuntamiento\\\/wp-content\\\/uploads\\\/2015\\\/02\\\/16620938381_7582c87e8f_o.jpg\",\"width\":800,\"height\":449},{\"@type\":\"BreadcrumbList\",\"@id\":\"https:\\\/\\\/coria.org\\\/ayuntamiento\\\/index.php\\\/2015\\\/02\\\/24\\\/cerca-de-60-senderistas-presentes-en-la-ruta-camino-del-agua-y-las-raices-2\\\/#breadcrumb\",\"itemListElement\":[{\"@type\":\"ListItem\",\"position\":1,\"name\":\"Inicio\",\"item\":\"https:\\\/\\\/coria.org\\\/ayuntamiento\\\/\"},{\"@type\":\"ListItem\",\"position\":2,\"name\":\"Cerca de 60 senderistas presentes en la ruta \u00abCamino del Agua y las Ra\u00edces\u00bb\"}]},{\"@type\":\"WebSite\",\"@id\":\"https:\\\/\\\/coria.org\\\/ayuntamiento\\\/#website\",\"url\":\"https:\\\/\\\/coria.org\\\/ayuntamiento\\\/\",\"name\":\"Ayuntamiento de Coria\",\"description\":\"Web oficial del Ayuntamiento de Coria\",\"publisher\":{\"@id\":\"https:\\\/\\\/coria.org\\\/ayuntamiento\\\/#organization\"},\"alternateName\":\"Web Oficial del Ayuntamiento de Coria\",\"potentialAction\":[{\"@type\":\"SearchAction\",\"target\":{\"@type\":\"EntryPoint\",\"urlTemplate\":\"https:\\\/\\\/coria.org\\\/ayuntamiento\\\/?s={search_term_string}\"},\"query-input\":{\"@type\":\"PropertyValueSpecification\",\"valueRequired\":true,\"valueName\":\"search_term_string\"}}],\"inLanguage\":\"es\"},{\"@type\":\"Organization\",\"@id\":\"https:\\\/\\\/coria.org\\\/ayuntamiento\\\/#organization\",\"name\":\"Ayuntamiento de Coria\",\"alternateName\":\"Ayto de Coria\",\"url\":\"https:\\\/\\\/coria.org\\\/ayuntamiento\\\/\",\"logo\":{\"@type\":\"ImageObject\",\"inLanguage\":\"es\",\"@id\":\"https:\\\/\\\/coria.org\\\/ayuntamiento\\\/#\\\/schema\\\/logo\\\/image\\\/\",\"url\":\"https:\\\/\\\/coria.org\\\/ayuntamiento\\\/wp-content\\\/uploads\\\/2020\\\/12\\\/escudo-ayuntamiento-coria.png\",\"contentUrl\":\"https:\\\/\\\/coria.org\\\/ayuntamiento\\\/wp-content\\\/uploads\\\/2020\\\/12\\\/escudo-ayuntamiento-coria.png\",\"width\":511,\"height\":240,\"caption\":\"Ayuntamiento de Coria\"},\"image\":{\"@id\":\"https:\\\/\\\/coria.org\\\/ayuntamiento\\\/#\\\/schema\\\/logo\\\/image\\\/\"},\"sameAs\":[\"https:\\\/\\\/www.facebook.com\\\/Ayuntamiento.de.Coria\",\"https:\\\/\\\/x.com\\\/Ayto_de_Coria\",\"https:\\\/\\\/www.instagram.com\\\/coria.ayuntamiento\\\/\",\"https:\\\/\\\/www.youtube.com\\\/user\\\/AYUNTAMIENTOCORIA\"]},{\"@type\":\"Person\",\"@id\":\"https:\\\/\\\/coria.org\\\/ayuntamiento\\\/#\\\/schema\\\/person\\\/8bd589f0e13e8ae5aa06def7a599d622\",\"name\":\"ayuntamiento\",\"image\":{\"@type\":\"ImageObject\",\"inLanguage\":\"es\",\"@id\":\"https:\\\/\\\/secure.gravatar.com\\\/avatar\\\/966e5ed73cad334adda5c87f49f2547f7082f7292c1b627cbb548744383b391c?s=96&d=mm&r=g\",\"url\":\"https:\\\/\\\/secure.gravatar.com\\\/avatar\\\/966e5ed73cad334adda5c87f49f2547f7082f7292c1b627cbb548744383b391c?s=96&d=mm&r=g\",\"contentUrl\":\"https:\\\/\\\/secure.gravatar.com\\\/avatar\\\/966e5ed73cad334adda5c87f49f2547f7082f7292c1b627cbb548744383b391c?s=96&d=mm&r=g\",\"caption\":\"ayuntamiento\"}}]}<\/script>\n<!-- \/ Yoast SEO plugin. -->","yoast_head_json":{"title":"Cerca de 60 senderistas presentes en la ruta \"Camino del Agua y las Ra\u00edces\" - Ayuntamiento de Coria","robots":{"index":"index","follow":"follow","max-snippet":"max-snippet:-1","max-image-preview":"max-image-preview:large","max-video-preview":"max-video-preview:-1"},"canonical":"https:\/\/coria.org\/ayuntamiento\/index.php\/2015\/02\/24\/cerca-de-60-senderistas-presentes-en-la-ruta-camino-del-agua-y-las-raices-2\/","og_locale":"es_ES","og_type":"article","og_title":"Cerca de 60 senderistas presentes en la ruta \"Camino del Agua y las Ra\u00edces\" - Ayuntamiento de Coria","og_description":"Despu\u00e9s de ser aplazada en el mes de enero la presente ruta, el pasado domingo 22 de febrero, sin que la meteorolog\u00eda no lo impidiera, la Concejal\u00eda de Deportes del Ayuntamiento de Coria organizaba nuevamente la marcha \u00abCamino del Agua y las Ra\u00edces\u00bb en la poblaci\u00f3n Salmantina de La Alberca, donde acudieron alrededor de 60 [&hellip;]","og_url":"https:\/\/coria.org\/ayuntamiento\/index.php\/2015\/02\/24\/cerca-de-60-senderistas-presentes-en-la-ruta-camino-del-agua-y-las-raices-2\/","og_site_name":"Ayuntamiento de Coria","article_publisher":"https:\/\/www.facebook.com\/Ayuntamiento.de.Coria","article_published_time":"2015-02-24T00:00:00+00:00","article_modified_time":"2023-09-18T10:39:22+00:00","og_image":[{"width":800,"height":449,"url":"https:\/\/coria.org\/ayuntamiento\/wp-content\/uploads\/2015\/02\/16620938381_7582c87e8f_o.jpg","type":"image\/jpeg"}],"author":"ayuntamiento","twitter_card":"summary_large_image","twitter_creator":"@Ayto_de_Coria","twitter_site":"@Ayto_de_Coria","twitter_misc":{"Escrito por":"ayuntamiento","Tiempo de lectura":"1 minuto"},"schema":{"@context":"https:\/\/schema.org","@graph":[{"@type":"Article","@id":"https:\/\/coria.org\/ayuntamiento\/index.php\/2015\/02\/24\/cerca-de-60-senderistas-presentes-en-la-ruta-camino-del-agua-y-las-raices-2\/#article","isPartOf":{"@id":"https:\/\/coria.org\/ayuntamiento\/index.php\/2015\/02\/24\/cerca-de-60-senderistas-presentes-en-la-ruta-camino-del-agua-y-las-raices-2\/"},"author":{"name":"ayuntamiento","@id":"https:\/\/coria.org\/ayuntamiento\/#\/schema\/person\/8bd589f0e13e8ae5aa06def7a599d622"},"headline":"Cerca de 60 senderistas presentes en la ruta \u00abCamino del Agua y las Ra\u00edces\u00bb","datePublished":"2015-02-24T00:00:00+00:00","dateModified":"2023-09-18T10:39:22+00:00","mainEntityOfPage":{"@id":"https:\/\/coria.org\/ayuntamiento\/index.php\/2015\/02\/24\/cerca-de-60-senderistas-presentes-en-la-ruta-camino-del-agua-y-las-raices-2\/"},"wordCount":226,"publisher":{"@id":"https:\/\/coria.org\/ayuntamiento\/#organization"},"image":{"@id":"https:\/\/coria.org\/ayuntamiento\/index.php\/2015\/02\/24\/cerca-de-60-senderistas-presentes-en-la-ruta-camino-del-agua-y-las-raices-2\/#primaryimage"},"thumbnailUrl":"https:\/\/coria.org\/ayuntamiento\/wp-content\/uploads\/2015\/02\/16620938381_7582c87e8f_o.jpg","keywords":["coria","extremadura"],"articleSection":["Noticias"],"inLanguage":"es"},{"@type":"WebPage","@id":"https:\/\/coria.org\/ayuntamiento\/index.php\/2015\/02\/24\/cerca-de-60-senderistas-presentes-en-la-ruta-camino-del-agua-y-las-raices-2\/","url":"https:\/\/coria.org\/ayuntamiento\/index.php\/2015\/02\/24\/cerca-de-60-senderistas-presentes-en-la-ruta-camino-del-agua-y-las-raices-2\/","name":"Cerca de 60 senderistas presentes en la ruta \"Camino del Agua y las Ra\u00edces\" - Ayuntamiento de Coria","isPartOf":{"@id":"https:\/\/coria.org\/ayuntamiento\/#website"},"primaryImageOfPage":{"@id":"https:\/\/coria.org\/ayuntamiento\/index.php\/2015\/02\/24\/cerca-de-60-senderistas-presentes-en-la-ruta-camino-del-agua-y-las-raices-2\/#primaryimage"},"image":{"@id":"https:\/\/coria.org\/ayuntamiento\/index.php\/2015\/02\/24\/cerca-de-60-senderistas-presentes-en-la-ruta-camino-del-agua-y-las-raices-2\/#primaryimage"},"thumbnailUrl":"https:\/\/coria.org\/ayuntamiento\/wp-content\/uploads\/2015\/02\/16620938381_7582c87e8f_o.jpg","datePublished":"2015-02-24T00:00:00+00:00","dateModified":"2023-09-18T10:39:22+00:00","breadcrumb":{"@id":"https:\/\/coria.org\/ayuntamiento\/index.php\/2015\/02\/24\/cerca-de-60-senderistas-presentes-en-la-ruta-camino-del-agua-y-las-raices-2\/#breadcrumb"},"inLanguage":"es","potentialAction":[{"@type":"ReadAction","target":["https:\/\/coria.org\/ayuntamiento\/index.php\/2015\/02\/24\/cerca-de-60-senderistas-presentes-en-la-ruta-camino-del-agua-y-las-raices-2\/"]}]},{"@type":"ImageObject","inLanguage":"es","@id":"https:\/\/coria.org\/ayuntamiento\/index.php\/2015\/02\/24\/cerca-de-60-senderistas-presentes-en-la-ruta-camino-del-agua-y-las-raices-2\/#primaryimage","url":"https:\/\/coria.org\/ayuntamiento\/wp-content\/uploads\/2015\/02\/16620938381_7582c87e8f_o.jpg","contentUrl":"https:\/\/coria.org\/ayuntamiento\/wp-content\/uploads\/2015\/02\/16620938381_7582c87e8f_o.jpg","width":800,"height":449},{"@type":"BreadcrumbList","@id":"https:\/\/coria.org\/ayuntamiento\/index.php\/2015\/02\/24\/cerca-de-60-senderistas-presentes-en-la-ruta-camino-del-agua-y-las-raices-2\/#breadcrumb","itemListElement":[{"@type":"ListItem","position":1,"name":"Inicio","item":"https:\/\/coria.org\/ayuntamiento\/"},{"@type":"ListItem","position":2,"name":"Cerca de 60 senderistas presentes en la ruta \u00abCamino del Agua y las Ra\u00edces\u00bb"}]},{"@type":"WebSite","@id":"https:\/\/coria.org\/ayuntamiento\/#website","url":"https:\/\/coria.org\/ayuntamiento\/","name":"Ayuntamiento de Coria","description":"Web oficial del Ayuntamiento de Coria","publisher":{"@id":"https:\/\/coria.org\/ayuntamiento\/#organization"},"alternateName":"Web Oficial del Ayuntamiento de Coria","potentialAction":[{"@type":"SearchAction","target":{"@type":"EntryPoint","urlTemplate":"https:\/\/coria.org\/ayuntamiento\/?s={search_term_string}"},"query-input":{"@type":"PropertyValueSpecification","valueRequired":true,"valueName":"search_term_string"}}],"inLanguage":"es"},{"@type":"Organization","@id":"https:\/\/coria.org\/ayuntamiento\/#organization","name":"Ayuntamiento de Coria","alternateName":"Ayto de Coria","url":"https:\/\/coria.org\/ayuntamiento\/","logo":{"@type":"ImageObject","inLanguage":"es","@id":"https:\/\/coria.org\/ayuntamiento\/#\/schema\/logo\/image\/","url":"https:\/\/coria.org\/ayuntamiento\/wp-content\/uploads\/2020\/12\/escudo-ayuntamiento-coria.png","contentUrl":"https:\/\/coria.org\/ayuntamiento\/wp-content\/uploads\/2020\/12\/escudo-ayuntamiento-coria.png","width":511,"height":240,"caption":"Ayuntamiento de Coria"},"image":{"@id":"https:\/\/coria.org\/ayuntamiento\/#\/schema\/logo\/image\/"},"sameAs":["https:\/\/www.facebook.com\/Ayuntamiento.de.Coria","https:\/\/x.com\/Ayto_de_Coria","https:\/\/www.instagram.com\/coria.ayuntamiento\/","https:\/\/www.youtube.com\/user\/AYUNTAMIENTOCORIA"]},{"@type":"Person","@id":"https:\/\/coria.org\/ayuntamiento\/#\/schema\/person\/8bd589f0e13e8ae5aa06def7a599d622","name":"ayuntamiento","image":{"@type":"ImageObject","inLanguage":"es","@id":"https:\/\/secure.gravatar.com\/avatar\/966e5ed73cad334adda5c87f49f2547f7082f7292c1b627cbb548744383b391c?s=96&d=mm&r=g","url":"https:\/\/secure.gravatar.com\/avatar\/966e5ed73cad334adda5c87f49f2547f7082f7292c1b627cbb548744383b391c?s=96&d=mm&r=g","contentUrl":"https:\/\/secure.gravatar.com\/avatar\/966e5ed73cad334adda5c87f49f2547f7082f7292c1b627cbb548744383b391c?s=96&d=mm&r=g","caption":"ayuntamiento"}}]}},"uagb_featured_image_src":{"full":["https:\/\/coria.org\/ayuntamiento\/wp-content\/uploads\/2015\/02\/16620938381_7582c87e8f_o.jpg",800,449,false],"thumbnail":["https:\/\/coria.org\/ayuntamiento\/wp-content\/uploads\/2015\/02\/16620938381_7582c87e8f_o-150x150.jpg",150,150,true],"medium":["https:\/\/coria.org\/ayuntamiento\/wp-content\/uploads\/2015\/02\/16620938381_7582c87e8f_o-300x168.jpg",300,168,true],"medium_large":["https:\/\/coria.org\/ayuntamiento\/wp-content\/uploads\/2015\/02\/16620938381_7582c87e8f_o-768x431.jpg",768,431,true],"large":["https:\/\/coria.org\/ayuntamiento\/wp-content\/uploads\/2015\/02\/16620938381_7582c87e8f_o.jpg",800,449,false],"thumblist":["https:\/\/coria.org\/ayuntamiento\/wp-content\/uploads\/2015\/02\/16620938381_7582c87e8f_o.jpg",300,168,false],"thumbrelated":["https:\/\/coria.org\/ayuntamiento\/wp-content\/uploads\/2015\/02\/16620938381_7582c87e8f_o.jpg",500,281,false],"meccarouselthumb":["https:\/\/coria.org\/ayuntamiento\/wp-content\/uploads\/2015\/02\/16620938381_7582c87e8f_o.jpg",474,266,false],"gridsquare":["https:\/\/coria.org\/ayuntamiento\/wp-content\/uploads\/2015\/02\/16620938381_7582c87e8f_o.jpg",391,219,false],"tileview":["https:\/\/coria.org\/ayuntamiento\/wp-content\/uploads\/2015\/02\/16620938381_7582c87e8f_o.jpg",300,168,false],"1536x1536":["https:\/\/coria.org\/ayuntamiento\/wp-content\/uploads\/2015\/02\/16620938381_7582c87e8f_o.jpg",800,449,false],"2048x2048":["https:\/\/coria.org\/ayuntamiento\/wp-content\/uploads\/2015\/02\/16620938381_7582c87e8f_o.jpg",800,449,false]},"uagb_author_info":{"display_name":"ayuntamiento","author_link":"https:\/\/coria.org\/ayuntamiento\/index.php\/author\/ayuntamiento\/"},"uagb_comment_info":0,"uagb_excerpt":"Despu\u00e9s de ser aplazada en el mes de enero la presente ruta, el pasado domingo 22 de febrero, sin que la meteorolog\u00eda no lo impidiera, la Concejal\u00eda de Deportes del Ayuntamiento de Coria organizaba nuevamente la marcha \u00abCamino del Agua y las Ra\u00edces\u00bb en la poblaci\u00f3n Salmantina de La Alberca, donde acudieron alrededor de 60&hellip;","_links":{"self":[{"href":"https:\/\/coria.org\/ayuntamiento\/index.php\/wp-json\/wp\/v2\/posts\/34719","targetHints":{"allow":["GET"]}}],"collection":[{"href":"https:\/\/coria.org\/ayuntamiento\/index.php\/wp-json\/wp\/v2\/posts"}],"about":[{"href":"https:\/\/coria.org\/ayuntamiento\/index.php\/wp-json\/wp\/v2\/types\/post"}],"author":[{"embeddable":true,"href":"https:\/\/coria.org\/ayuntamiento\/index.php\/wp-json\/wp\/v2\/users\/2"}],"replies":[{"embeddable":true,"href":"https:\/\/coria.org\/ayuntamiento\/index.php\/wp-json\/wp\/v2\/comments?post=34719"}],"version-history":[{"count":0,"href":"https:\/\/coria.org\/ayuntamiento\/index.php\/wp-json\/wp\/v2\/posts\/34719\/revisions"}],"wp:featuredmedia":[{"embeddable":true,"href":"https:\/\/coria.org\/ayuntamiento\/index.php\/wp-json\/wp\/v2\/media\/30761"}],"wp:attachment":[{"href":"https:\/\/coria.org\/ayuntamiento\/index.php\/wp-json\/wp\/v2\/media?parent=34719"}],"wp:term":[{"taxonomy":"category","embeddable":true,"href":"https:\/\/coria.org\/ayuntamiento\/index.php\/wp-json\/wp\/v2\/categories?post=34719"},{"taxonomy":"post_tag","embeddable":true,"href":"https:\/\/coria.org\/ayuntamiento\/index.php\/wp-json\/wp\/v2\/tags?post=34719"}],"curies":[{"name":"wp","href":"https:\/\/api.w.org\/{rel}","templated":true}]}}