{"id":34557,"date":"2011-11-16T00:00:00","date_gmt":"2011-11-15T23:00:00","guid":{"rendered":"https:\/\/ayuntamiento.coriaenimagenes.com\/representacion-de-la-obra-mamaaaaa-en-la-casa-de-cultura-2\/"},"modified":"2023-09-18T13:29:09","modified_gmt":"2023-09-18T11:29:09","slug":"representacion-de-la-obra-mamaaaaa-en-la-casa-de-cultura-2","status":"publish","type":"post","link":"https:\/\/coria.org\/ayuntamiento\/index.php\/2011\/11\/16\/representacion-de-la-obra-mamaaaaa-en-la-casa-de-cultura-2\/","title":{"rendered":"Representaci\u00f3n de la obra \u00abMam\u00e1aaaa\u00bb en la Casa de Cultura"},"content":{"rendered":"\n<p><b>El Dpto. de Animaci\u00f3n SocioCultural del Ayuntamiento de Coria informa que este viernes, d\u00eda 18 de noviembre, a las 20,30 horas la compa\u00f1\u00eda de teatro : \u00abLa diosa c\u00f3mica representar\u00e1 la obra : \u00abMam\u00e1aaaa\u00bb. <\/b><\/p>\n\n\n\n<p><span style=\"font-family: verdana,arial,helvetica,sans-serif; font-size: small;\">Tambi\u00e9n informa que se puede visitar en el Rinc\u00f3n del artista del Museo de la C\u00e1rcel Real, la obra de escultura en madera, de Florentino Carrasco Rosa, donde representa bustos, figura humana, animales destacando por sus dimensiones entre todas ellas, la figura de un cocodrilo. Contin\u00faa hasta el d\u00eda 27 de Noviembre, en el Museo de la C\u00e1rcel Real, la exposici\u00f3n de Juan Jos\u00e9 \u00abGalocha\u00bb. En la casa de cultura tenemos la exposici\u00f3n \u00abInvestigando las causas de la pobreza\u00bb, muy interesante para entender las circunstancias que van haciendo cada vez m\u00e1s pobres a los pa\u00edses pobres . <\/span><\/p>\n\n\n\n<p><span style=\"font-family: verdana,arial,helvetica,sans-serif; font-size: small;\">Finalmente recordar que el pr\u00f3ximo d\u00eda 24 de noviembre , en la casa de cultura , a las 18 horas tendr\u00e1 lugar la siguiente charla de la red local solidaria sobre : \u00abCooperaci\u00f3n para el desarrollo\u00bb por Miguel \u00c1ngel Dur\u00e1n ( t\u00e9cnico de cooperaci\u00f3n) .<\/span><\/p>\n","protected":false},"excerpt":{"rendered":"<p>El Dpto. de Animaci\u00f3n SocioCultural del Ayuntamiento de Coria informa que este viernes, d\u00eda 18 de noviembre, a las 20,30 horas la compa\u00f1\u00eda de teatro : \u00abLa diosa c\u00f3mica representar\u00e1 la obra : \u00abMam\u00e1aaaa\u00bb. Tambi\u00e9n informa que se puede visitar en el Rinc\u00f3n del artista del Museo de la C\u00e1rcel Real, la obra de escultura [&hellip;]<\/p>\n","protected":false},"author":2,"featured_media":0,"comment_status":"closed","ping_status":"closed","sticky":false,"template":"","format":"standard","meta":{"_uag_custom_page_level_css":"","footnotes":""},"categories":[2],"tags":[1221],"class_list":["post-34557","post","type-post","status-publish","format-standard","hentry","category-noticias","tag-teatro"],"yoast_head":"<!-- This site is optimized with the Yoast SEO plugin v27.5 - https:\/\/yoast.com\/product\/yoast-seo-wordpress\/ -->\n<title>Representaci\u00f3n de la obra &quot;Mam\u00e1aaaa&quot; en la Casa de Cultura - Ayuntamiento de Coria<\/title>\n<meta name=\"robots\" content=\"index, follow, max-snippet:-1, max-image-preview:large, max-video-preview:-1\" \/>\n<link rel=\"canonical\" href=\"https:\/\/coria.org\/ayuntamiento\/index.php\/2011\/11\/16\/representacion-de-la-obra-mamaaaaa-en-la-casa-de-cultura-2\/\" \/>\n<meta property=\"og:locale\" content=\"es_ES\" \/>\n<meta property=\"og:type\" content=\"article\" \/>\n<meta property=\"og:title\" content=\"Representaci\u00f3n de la obra &quot;Mam\u00e1aaaa&quot; en la Casa de Cultura - Ayuntamiento de Coria\" \/>\n<meta property=\"og:description\" content=\"El Dpto. de Animaci\u00f3n SocioCultural del Ayuntamiento de Coria informa que este viernes, d\u00eda 18 de noviembre, a las 20,30 horas la compa\u00f1\u00eda de teatro : \u00abLa diosa c\u00f3mica representar\u00e1 la obra : \u00abMam\u00e1aaaa\u00bb. Tambi\u00e9n informa que se puede visitar en el Rinc\u00f3n del artista del Museo de la C\u00e1rcel Real, la obra de escultura [&hellip;]\" \/>\n<meta property=\"og:url\" content=\"https:\/\/coria.org\/ayuntamiento\/index.php\/2011\/11\/16\/representacion-de-la-obra-mamaaaaa-en-la-casa-de-cultura-2\/\" \/>\n<meta property=\"og:site_name\" content=\"Ayuntamiento de Coria\" \/>\n<meta property=\"article:publisher\" content=\"https:\/\/www.facebook.com\/Ayuntamiento.de.Coria\" \/>\n<meta property=\"article:published_time\" content=\"2011-11-15T23:00:00+00:00\" \/>\n<meta property=\"article:modified_time\" content=\"2023-09-18T11:29:09+00:00\" \/>\n<meta name=\"author\" content=\"ayuntamiento\" \/>\n<meta name=\"twitter:card\" content=\"summary_large_image\" \/>\n<meta name=\"twitter:creator\" content=\"@Ayto_de_Coria\" \/>\n<meta name=\"twitter:site\" content=\"@Ayto_de_Coria\" \/>\n<meta name=\"twitter:label1\" content=\"Escrito por\" \/>\n\t<meta name=\"twitter:data1\" content=\"ayuntamiento\" \/>\n\t<meta name=\"twitter:label2\" content=\"Tiempo de lectura\" \/>\n\t<meta name=\"twitter:data2\" content=\"1 minuto\" \/>\n<script type=\"application\/ld+json\" class=\"yoast-schema-graph\">{\"@context\":\"https:\\\/\\\/schema.org\",\"@graph\":[{\"@type\":\"Article\",\"@id\":\"https:\\\/\\\/coria.org\\\/ayuntamiento\\\/index.php\\\/2011\\\/11\\\/16\\\/representacion-de-la-obra-mamaaaaa-en-la-casa-de-cultura-2\\\/#article\",\"isPartOf\":{\"@id\":\"https:\\\/\\\/coria.org\\\/ayuntamiento\\\/index.php\\\/2011\\\/11\\\/16\\\/representacion-de-la-obra-mamaaaaa-en-la-casa-de-cultura-2\\\/\"},\"author\":{\"name\":\"ayuntamiento\",\"@id\":\"https:\\\/\\\/coria.org\\\/ayuntamiento\\\/#\\\/schema\\\/person\\\/8bd589f0e13e8ae5aa06def7a599d622\"},\"headline\":\"Representaci\u00f3n de la obra \u00abMam\u00e1aaaa\u00bb en la Casa de Cultura\",\"datePublished\":\"2011-11-15T23:00:00+00:00\",\"dateModified\":\"2023-09-18T11:29:09+00:00\",\"mainEntityOfPage\":{\"@id\":\"https:\\\/\\\/coria.org\\\/ayuntamiento\\\/index.php\\\/2011\\\/11\\\/16\\\/representacion-de-la-obra-mamaaaaa-en-la-casa-de-cultura-2\\\/\"},\"wordCount\":196,\"publisher\":{\"@id\":\"https:\\\/\\\/coria.org\\\/ayuntamiento\\\/#organization\"},\"keywords\":[\"teatro\"],\"articleSection\":[\"Noticias\"],\"inLanguage\":\"es\"},{\"@type\":\"WebPage\",\"@id\":\"https:\\\/\\\/coria.org\\\/ayuntamiento\\\/index.php\\\/2011\\\/11\\\/16\\\/representacion-de-la-obra-mamaaaaa-en-la-casa-de-cultura-2\\\/\",\"url\":\"https:\\\/\\\/coria.org\\\/ayuntamiento\\\/index.php\\\/2011\\\/11\\\/16\\\/representacion-de-la-obra-mamaaaaa-en-la-casa-de-cultura-2\\\/\",\"name\":\"Representaci\u00f3n de la obra \\\"Mam\u00e1aaaa\\\" en la Casa de Cultura - Ayuntamiento de Coria\",\"isPartOf\":{\"@id\":\"https:\\\/\\\/coria.org\\\/ayuntamiento\\\/#website\"},\"datePublished\":\"2011-11-15T23:00:00+00:00\",\"dateModified\":\"2023-09-18T11:29:09+00:00\",\"breadcrumb\":{\"@id\":\"https:\\\/\\\/coria.org\\\/ayuntamiento\\\/index.php\\\/2011\\\/11\\\/16\\\/representacion-de-la-obra-mamaaaaa-en-la-casa-de-cultura-2\\\/#breadcrumb\"},\"inLanguage\":\"es\",\"potentialAction\":[{\"@type\":\"ReadAction\",\"target\":[\"https:\\\/\\\/coria.org\\\/ayuntamiento\\\/index.php\\\/2011\\\/11\\\/16\\\/representacion-de-la-obra-mamaaaaa-en-la-casa-de-cultura-2\\\/\"]}]},{\"@type\":\"BreadcrumbList\",\"@id\":\"https:\\\/\\\/coria.org\\\/ayuntamiento\\\/index.php\\\/2011\\\/11\\\/16\\\/representacion-de-la-obra-mamaaaaa-en-la-casa-de-cultura-2\\\/#breadcrumb\",\"itemListElement\":[{\"@type\":\"ListItem\",\"position\":1,\"name\":\"Inicio\",\"item\":\"https:\\\/\\\/coria.org\\\/ayuntamiento\\\/\"},{\"@type\":\"ListItem\",\"position\":2,\"name\":\"Representaci\u00f3n de la obra \u00abMam\u00e1aaaa\u00bb en la Casa de Cultura\"}]},{\"@type\":\"WebSite\",\"@id\":\"https:\\\/\\\/coria.org\\\/ayuntamiento\\\/#website\",\"url\":\"https:\\\/\\\/coria.org\\\/ayuntamiento\\\/\",\"name\":\"Ayuntamiento de Coria\",\"description\":\"Web oficial del Ayuntamiento de Coria\",\"publisher\":{\"@id\":\"https:\\\/\\\/coria.org\\\/ayuntamiento\\\/#organization\"},\"alternateName\":\"Web Oficial del Ayuntamiento de Coria\",\"potentialAction\":[{\"@type\":\"SearchAction\",\"target\":{\"@type\":\"EntryPoint\",\"urlTemplate\":\"https:\\\/\\\/coria.org\\\/ayuntamiento\\\/?s={search_term_string}\"},\"query-input\":{\"@type\":\"PropertyValueSpecification\",\"valueRequired\":true,\"valueName\":\"search_term_string\"}}],\"inLanguage\":\"es\"},{\"@type\":\"Organization\",\"@id\":\"https:\\\/\\\/coria.org\\\/ayuntamiento\\\/#organization\",\"name\":\"Ayuntamiento de Coria\",\"alternateName\":\"Ayto de Coria\",\"url\":\"https:\\\/\\\/coria.org\\\/ayuntamiento\\\/\",\"logo\":{\"@type\":\"ImageObject\",\"inLanguage\":\"es\",\"@id\":\"https:\\\/\\\/coria.org\\\/ayuntamiento\\\/#\\\/schema\\\/logo\\\/image\\\/\",\"url\":\"https:\\\/\\\/coria.org\\\/ayuntamiento\\\/wp-content\\\/uploads\\\/2020\\\/12\\\/escudo-ayuntamiento-coria.png\",\"contentUrl\":\"https:\\\/\\\/coria.org\\\/ayuntamiento\\\/wp-content\\\/uploads\\\/2020\\\/12\\\/escudo-ayuntamiento-coria.png\",\"width\":511,\"height\":240,\"caption\":\"Ayuntamiento de Coria\"},\"image\":{\"@id\":\"https:\\\/\\\/coria.org\\\/ayuntamiento\\\/#\\\/schema\\\/logo\\\/image\\\/\"},\"sameAs\":[\"https:\\\/\\\/www.facebook.com\\\/Ayuntamiento.de.Coria\",\"https:\\\/\\\/x.com\\\/Ayto_de_Coria\",\"https:\\\/\\\/www.instagram.com\\\/coria.ayuntamiento\\\/\",\"https:\\\/\\\/www.youtube.com\\\/user\\\/AYUNTAMIENTOCORIA\"]},{\"@type\":\"Person\",\"@id\":\"https:\\\/\\\/coria.org\\\/ayuntamiento\\\/#\\\/schema\\\/person\\\/8bd589f0e13e8ae5aa06def7a599d622\",\"name\":\"ayuntamiento\",\"image\":{\"@type\":\"ImageObject\",\"inLanguage\":\"es\",\"@id\":\"https:\\\/\\\/secure.gravatar.com\\\/avatar\\\/966e5ed73cad334adda5c87f49f2547f7082f7292c1b627cbb548744383b391c?s=96&d=mm&r=g\",\"url\":\"https:\\\/\\\/secure.gravatar.com\\\/avatar\\\/966e5ed73cad334adda5c87f49f2547f7082f7292c1b627cbb548744383b391c?s=96&d=mm&r=g\",\"contentUrl\":\"https:\\\/\\\/secure.gravatar.com\\\/avatar\\\/966e5ed73cad334adda5c87f49f2547f7082f7292c1b627cbb548744383b391c?s=96&d=mm&r=g\",\"caption\":\"ayuntamiento\"}}]}<\/script>\n<!-- \/ Yoast SEO plugin. -->","yoast_head_json":{"title":"Representaci\u00f3n de la obra \"Mam\u00e1aaaa\" en la Casa de Cultura - Ayuntamiento de Coria","robots":{"index":"index","follow":"follow","max-snippet":"max-snippet:-1","max-image-preview":"max-image-preview:large","max-video-preview":"max-video-preview:-1"},"canonical":"https:\/\/coria.org\/ayuntamiento\/index.php\/2011\/11\/16\/representacion-de-la-obra-mamaaaaa-en-la-casa-de-cultura-2\/","og_locale":"es_ES","og_type":"article","og_title":"Representaci\u00f3n de la obra \"Mam\u00e1aaaa\" en la Casa de Cultura - Ayuntamiento de Coria","og_description":"El Dpto. de Animaci\u00f3n SocioCultural del Ayuntamiento de Coria informa que este viernes, d\u00eda 18 de noviembre, a las 20,30 horas la compa\u00f1\u00eda de teatro : \u00abLa diosa c\u00f3mica representar\u00e1 la obra : \u00abMam\u00e1aaaa\u00bb. Tambi\u00e9n informa que se puede visitar en el Rinc\u00f3n del artista del Museo de la C\u00e1rcel Real, la obra de escultura [&hellip;]","og_url":"https:\/\/coria.org\/ayuntamiento\/index.php\/2011\/11\/16\/representacion-de-la-obra-mamaaaaa-en-la-casa-de-cultura-2\/","og_site_name":"Ayuntamiento de Coria","article_publisher":"https:\/\/www.facebook.com\/Ayuntamiento.de.Coria","article_published_time":"2011-11-15T23:00:00+00:00","article_modified_time":"2023-09-18T11:29:09+00:00","author":"ayuntamiento","twitter_card":"summary_large_image","twitter_creator":"@Ayto_de_Coria","twitter_site":"@Ayto_de_Coria","twitter_misc":{"Escrito por":"ayuntamiento","Tiempo de lectura":"1 minuto"},"schema":{"@context":"https:\/\/schema.org","@graph":[{"@type":"Article","@id":"https:\/\/coria.org\/ayuntamiento\/index.php\/2011\/11\/16\/representacion-de-la-obra-mamaaaaa-en-la-casa-de-cultura-2\/#article","isPartOf":{"@id":"https:\/\/coria.org\/ayuntamiento\/index.php\/2011\/11\/16\/representacion-de-la-obra-mamaaaaa-en-la-casa-de-cultura-2\/"},"author":{"name":"ayuntamiento","@id":"https:\/\/coria.org\/ayuntamiento\/#\/schema\/person\/8bd589f0e13e8ae5aa06def7a599d622"},"headline":"Representaci\u00f3n de la obra \u00abMam\u00e1aaaa\u00bb en la Casa de Cultura","datePublished":"2011-11-15T23:00:00+00:00","dateModified":"2023-09-18T11:29:09+00:00","mainEntityOfPage":{"@id":"https:\/\/coria.org\/ayuntamiento\/index.php\/2011\/11\/16\/representacion-de-la-obra-mamaaaaa-en-la-casa-de-cultura-2\/"},"wordCount":196,"publisher":{"@id":"https:\/\/coria.org\/ayuntamiento\/#organization"},"keywords":["teatro"],"articleSection":["Noticias"],"inLanguage":"es"},{"@type":"WebPage","@id":"https:\/\/coria.org\/ayuntamiento\/index.php\/2011\/11\/16\/representacion-de-la-obra-mamaaaaa-en-la-casa-de-cultura-2\/","url":"https:\/\/coria.org\/ayuntamiento\/index.php\/2011\/11\/16\/representacion-de-la-obra-mamaaaaa-en-la-casa-de-cultura-2\/","name":"Representaci\u00f3n de la obra \"Mam\u00e1aaaa\" en la Casa de Cultura - Ayuntamiento de Coria","isPartOf":{"@id":"https:\/\/coria.org\/ayuntamiento\/#website"},"datePublished":"2011-11-15T23:00:00+00:00","dateModified":"2023-09-18T11:29:09+00:00","breadcrumb":{"@id":"https:\/\/coria.org\/ayuntamiento\/index.php\/2011\/11\/16\/representacion-de-la-obra-mamaaaaa-en-la-casa-de-cultura-2\/#breadcrumb"},"inLanguage":"es","potentialAction":[{"@type":"ReadAction","target":["https:\/\/coria.org\/ayuntamiento\/index.php\/2011\/11\/16\/representacion-de-la-obra-mamaaaaa-en-la-casa-de-cultura-2\/"]}]},{"@type":"BreadcrumbList","@id":"https:\/\/coria.org\/ayuntamiento\/index.php\/2011\/11\/16\/representacion-de-la-obra-mamaaaaa-en-la-casa-de-cultura-2\/#breadcrumb","itemListElement":[{"@type":"ListItem","position":1,"name":"Inicio","item":"https:\/\/coria.org\/ayuntamiento\/"},{"@type":"ListItem","position":2,"name":"Representaci\u00f3n de la obra \u00abMam\u00e1aaaa\u00bb en la Casa de Cultura"}]},{"@type":"WebSite","@id":"https:\/\/coria.org\/ayuntamiento\/#website","url":"https:\/\/coria.org\/ayuntamiento\/","name":"Ayuntamiento de Coria","description":"Web oficial del Ayuntamiento de Coria","publisher":{"@id":"https:\/\/coria.org\/ayuntamiento\/#organization"},"alternateName":"Web Oficial del Ayuntamiento de Coria","potentialAction":[{"@type":"SearchAction","target":{"@type":"EntryPoint","urlTemplate":"https:\/\/coria.org\/ayuntamiento\/?s={search_term_string}"},"query-input":{"@type":"PropertyValueSpecification","valueRequired":true,"valueName":"search_term_string"}}],"inLanguage":"es"},{"@type":"Organization","@id":"https:\/\/coria.org\/ayuntamiento\/#organization","name":"Ayuntamiento de Coria","alternateName":"Ayto de Coria","url":"https:\/\/coria.org\/ayuntamiento\/","logo":{"@type":"ImageObject","inLanguage":"es","@id":"https:\/\/coria.org\/ayuntamiento\/#\/schema\/logo\/image\/","url":"https:\/\/coria.org\/ayuntamiento\/wp-content\/uploads\/2020\/12\/escudo-ayuntamiento-coria.png","contentUrl":"https:\/\/coria.org\/ayuntamiento\/wp-content\/uploads\/2020\/12\/escudo-ayuntamiento-coria.png","width":511,"height":240,"caption":"Ayuntamiento de Coria"},"image":{"@id":"https:\/\/coria.org\/ayuntamiento\/#\/schema\/logo\/image\/"},"sameAs":["https:\/\/www.facebook.com\/Ayuntamiento.de.Coria","https:\/\/x.com\/Ayto_de_Coria","https:\/\/www.instagram.com\/coria.ayuntamiento\/","https:\/\/www.youtube.com\/user\/AYUNTAMIENTOCORIA"]},{"@type":"Person","@id":"https:\/\/coria.org\/ayuntamiento\/#\/schema\/person\/8bd589f0e13e8ae5aa06def7a599d622","name":"ayuntamiento","image":{"@type":"ImageObject","inLanguage":"es","@id":"https:\/\/secure.gravatar.com\/avatar\/966e5ed73cad334adda5c87f49f2547f7082f7292c1b627cbb548744383b391c?s=96&d=mm&r=g","url":"https:\/\/secure.gravatar.com\/avatar\/966e5ed73cad334adda5c87f49f2547f7082f7292c1b627cbb548744383b391c?s=96&d=mm&r=g","contentUrl":"https:\/\/secure.gravatar.com\/avatar\/966e5ed73cad334adda5c87f49f2547f7082f7292c1b627cbb548744383b391c?s=96&d=mm&r=g","caption":"ayuntamiento"}}]}},"uagb_featured_image_src":{"full":false,"thumbnail":false,"medium":false,"medium_large":false,"large":false,"thumblist":false,"thumbrelated":false,"meccarouselthumb":false,"gridsquare":false,"tileview":false,"1536x1536":false,"2048x2048":false},"uagb_author_info":{"display_name":"ayuntamiento","author_link":"https:\/\/coria.org\/ayuntamiento\/index.php\/author\/ayuntamiento\/"},"uagb_comment_info":0,"uagb_excerpt":"El Dpto. de Animaci\u00f3n SocioCultural del Ayuntamiento de Coria informa que este viernes, d\u00eda 18 de noviembre, a las 20,30 horas la compa\u00f1\u00eda de teatro : \u00abLa diosa c\u00f3mica representar\u00e1 la obra : \u00abMam\u00e1aaaa\u00bb. Tambi\u00e9n informa que se puede visitar en el Rinc\u00f3n del artista del Museo de la C\u00e1rcel Real, la obra de escultura&hellip;","_links":{"self":[{"href":"https:\/\/coria.org\/ayuntamiento\/index.php\/wp-json\/wp\/v2\/posts\/34557","targetHints":{"allow":["GET"]}}],"collection":[{"href":"https:\/\/coria.org\/ayuntamiento\/index.php\/wp-json\/wp\/v2\/posts"}],"about":[{"href":"https:\/\/coria.org\/ayuntamiento\/index.php\/wp-json\/wp\/v2\/types\/post"}],"author":[{"embeddable":true,"href":"https:\/\/coria.org\/ayuntamiento\/index.php\/wp-json\/wp\/v2\/users\/2"}],"replies":[{"embeddable":true,"href":"https:\/\/coria.org\/ayuntamiento\/index.php\/wp-json\/wp\/v2\/comments?post=34557"}],"version-history":[{"count":0,"href":"https:\/\/coria.org\/ayuntamiento\/index.php\/wp-json\/wp\/v2\/posts\/34557\/revisions"}],"wp:attachment":[{"href":"https:\/\/coria.org\/ayuntamiento\/index.php\/wp-json\/wp\/v2\/media?parent=34557"}],"wp:term":[{"taxonomy":"category","embeddable":true,"href":"https:\/\/coria.org\/ayuntamiento\/index.php\/wp-json\/wp\/v2\/categories?post=34557"},{"taxonomy":"post_tag","embeddable":true,"href":"https:\/\/coria.org\/ayuntamiento\/index.php\/wp-json\/wp\/v2\/tags?post=34557"}],"curies":[{"name":"wp","href":"https:\/\/api.w.org\/{rel}","templated":true}]}}