{"id":34525,"date":"2004-03-23T00:00:00","date_gmt":"2004-03-22T23:00:00","guid":{"rendered":"https:\/\/ayuntamiento.coriaenimagenes.com\/xii-certamen-de-teatro-no-profesional-ciudad-de-coria-3\/"},"modified":"2023-09-18T13:31:56","modified_gmt":"2023-09-18T11:31:56","slug":"xii-certamen-de-teatro-no-profesional-ciudad-de-coria-3","status":"publish","type":"post","link":"https:\/\/coria.org\/ayuntamiento\/index.php\/2004\/03\/23\/xii-certamen-de-teatro-no-profesional-ciudad-de-coria-3\/","title":{"rendered":"XII Certamen de Teatro no Profesional \u00abCiudad de Coria\u00bb"},"content":{"rendered":"\n<p><b>El certamen de Teatro no Profesional <b>Ciudad de Coria<\/b> organizado por la Concejal\u00eda de Educaci\u00f3n y Cultura del Excmo. Ayto. de CORIA se desarrollar\u00e1 del 21 al 28 de marzo.<\/b><\/p>\n\n\n\n<p><b><\/b>La programaci\u00f3n del Certamen se representar\u00e1n diferentes obras de grupos no profesionales, en el orden siguiente:<\/p>\n\n\n\n<p>D\u00eda 21 de Marzo, Domingo<br \/><b>GRUPO DE TEATRO \u00abQ\u00dbRIYA\u00bb <br \/>Obra: \u00a1 Te pill\u00e9, caperucita\u00bb. <\/b><\/p>\n\n\n\n<p>D\u00eda 22 de Marzo, lunes <br \/><b>ZARRAMPLO TEATRO<br \/>Obra: \u00abFarsas\u00bb de Chejov<\/b><\/p>\n\n\n\n<p>D\u00eda 23 de Marzo, Martes <br \/><b>COMPANIA DE TEATRO: MARAMBA de Montehermoso. <br \/>Obra: \u00abPreludios de una diosa\u00bb. <\/b><\/p>\n\n\n\n<p>D\u00eda 24 de Marzo, Mi\u00e9rcoles<br \/><b>COMPA\u00d1\u00cdA : \u00abASOCIACI\u00d3N CULTURAL TO-K.TEATRO\u00bb <br \/>Obra: \u00abPalabras encadenadas\u00bb de Jordi Galcer\u00e1n<\/b><\/p>\n\n\n\n<p>D\u00eda 25 de Marzo, Jueves <br \/><b>GRUPO DE TEATRO CANDILEJAS<br \/>Obra: \u00abHay que deshacer la casa\u00bb de Sebasti\u00e1n Junyent<\/b><\/p>\n\n\n\n<p>D\u00eda 26 de Marzo, Viernes <br \/><b>COMPA\u00d1\u00cdA DE TEATRO: SKAENA-5 TEATRO. <\/b><br \/>Obra: \u00abYerma\u00bb.<\/p>\n\n\n\n<p>D\u00eda 27 de Marzo, s\u00e1bado. <br \/><b>CLAUSURA DEL CERTAMEN Y ENTREGA DE PREMIOS <\/b><\/p>\n\n\n\n<p><b>GRUPO DE TEATRO C\u00c1MARA Y ENSAYO. <br \/>Obra: \u00abJulieta tiene un desliz\u00bb de Julio Mathias<\/b><\/p>\n\n\n\n<p><b>GALARDONES DEL CERTAMEN.<\/b><\/p>\n\n\n\n<p>Premios al mejor montaje teatral, mejor direcci\u00f3n, mejor interpretaci\u00f3n masculina, mejor interpretaci\u00f3n femenina, mejor actor de reparto, mejor actriz de reparto, mejor escenografia, mejor vestuario y premio especial del p\u00fablico.<\/p>\n\n\n\n<p>DIA 28 DE MARZO, Domingo.<br \/><b>CIRCO TEATRO: MICHEL SHOKE<br \/>Obra: \u00abAqu\u00ed y ahora\u00bb. <\/b><br \/>Hora: 18,00<\/p>\n\n\n\n<p>Para m\u00e1s informaci\u00f3n consulte el documento adjunto que contiene la programaci\u00f3n del certamen.<\/p>\n","protected":false},"excerpt":{"rendered":"<p>El certamen de Teatro no Profesional Ciudad de Coria organizado por la Concejal\u00eda de Educaci\u00f3n y Cultura del Excmo. Ayto. de CORIA se desarrollar\u00e1 del 21 al 28 de marzo. La programaci\u00f3n del Certamen se representar\u00e1n diferentes obras de grupos no profesionales, en el orden siguiente: D\u00eda 21 de Marzo, DomingoGRUPO DE TEATRO \u00abQ\u00dbRIYA\u00bb Obra: [&hellip;]<\/p>\n","protected":false},"author":2,"featured_media":0,"comment_status":"closed","ping_status":"closed","sticky":false,"template":"","format":"standard","meta":{"_uag_custom_page_level_css":"","footnotes":""},"categories":[2],"tags":[290,3,4,1221],"class_list":["post-34525","post","type-post","status-publish","format-standard","hentry","category-noticias","tag-certamen","tag-coria","tag-extremadura","tag-teatro"],"yoast_head":"<!-- This site is optimized with the Yoast SEO plugin v27.4 - https:\/\/yoast.com\/product\/yoast-seo-wordpress\/ -->\n<title>XII Certamen de Teatro no Profesional &quot;Ciudad de Coria&quot; - Ayuntamiento de Coria<\/title>\n<meta name=\"robots\" content=\"index, follow, max-snippet:-1, max-image-preview:large, max-video-preview:-1\" \/>\n<link rel=\"canonical\" href=\"https:\/\/coria.org\/ayuntamiento\/index.php\/2004\/03\/23\/xii-certamen-de-teatro-no-profesional-ciudad-de-coria-3\/\" \/>\n<meta property=\"og:locale\" content=\"es_ES\" \/>\n<meta property=\"og:type\" content=\"article\" \/>\n<meta property=\"og:title\" content=\"XII Certamen de Teatro no Profesional &quot;Ciudad de Coria&quot; - Ayuntamiento de Coria\" \/>\n<meta property=\"og:description\" content=\"El certamen de Teatro no Profesional Ciudad de Coria organizado por la Concejal\u00eda de Educaci\u00f3n y Cultura del Excmo. Ayto. de CORIA se desarrollar\u00e1 del 21 al 28 de marzo. La programaci\u00f3n del Certamen se representar\u00e1n diferentes obras de grupos no profesionales, en el orden siguiente: D\u00eda 21 de Marzo, DomingoGRUPO DE TEATRO \u00abQ\u00dbRIYA\u00bb Obra: [&hellip;]\" \/>\n<meta property=\"og:url\" content=\"https:\/\/coria.org\/ayuntamiento\/index.php\/2004\/03\/23\/xii-certamen-de-teatro-no-profesional-ciudad-de-coria-3\/\" \/>\n<meta property=\"og:site_name\" content=\"Ayuntamiento de Coria\" \/>\n<meta property=\"article:publisher\" content=\"https:\/\/www.facebook.com\/Ayuntamiento.de.Coria\" \/>\n<meta property=\"article:published_time\" content=\"2004-03-22T23:00:00+00:00\" \/>\n<meta property=\"article:modified_time\" content=\"2023-09-18T11:31:56+00:00\" \/>\n<meta name=\"author\" content=\"ayuntamiento\" \/>\n<meta name=\"twitter:card\" content=\"summary_large_image\" \/>\n<meta name=\"twitter:creator\" content=\"@Ayto_de_Coria\" \/>\n<meta name=\"twitter:site\" content=\"@Ayto_de_Coria\" \/>\n<meta name=\"twitter:label1\" content=\"Escrito por\" \/>\n\t<meta name=\"twitter:data1\" content=\"ayuntamiento\" \/>\n\t<meta name=\"twitter:label2\" content=\"Tiempo de lectura\" \/>\n\t<meta name=\"twitter:data2\" content=\"1 minuto\" \/>\n<script type=\"application\/ld+json\" class=\"yoast-schema-graph\">{\"@context\":\"https:\\\/\\\/schema.org\",\"@graph\":[{\"@type\":\"Article\",\"@id\":\"https:\\\/\\\/coria.org\\\/ayuntamiento\\\/index.php\\\/2004\\\/03\\\/23\\\/xii-certamen-de-teatro-no-profesional-ciudad-de-coria-3\\\/#article\",\"isPartOf\":{\"@id\":\"https:\\\/\\\/coria.org\\\/ayuntamiento\\\/index.php\\\/2004\\\/03\\\/23\\\/xii-certamen-de-teatro-no-profesional-ciudad-de-coria-3\\\/\"},\"author\":{\"name\":\"ayuntamiento\",\"@id\":\"https:\\\/\\\/coria.org\\\/ayuntamiento\\\/#\\\/schema\\\/person\\\/8bd589f0e13e8ae5aa06def7a599d622\"},\"headline\":\"XII Certamen de Teatro no Profesional \u00abCiudad de Coria\u00bb\",\"datePublished\":\"2004-03-22T23:00:00+00:00\",\"dateModified\":\"2023-09-18T11:31:56+00:00\",\"mainEntityOfPage\":{\"@id\":\"https:\\\/\\\/coria.org\\\/ayuntamiento\\\/index.php\\\/2004\\\/03\\\/23\\\/xii-certamen-de-teatro-no-profesional-ciudad-de-coria-3\\\/\"},\"wordCount\":241,\"publisher\":{\"@id\":\"https:\\\/\\\/coria.org\\\/ayuntamiento\\\/#organization\"},\"keywords\":[\"certamen\",\"coria\",\"extremadura\",\"teatro\"],\"articleSection\":[\"Noticias\"],\"inLanguage\":\"es\"},{\"@type\":\"WebPage\",\"@id\":\"https:\\\/\\\/coria.org\\\/ayuntamiento\\\/index.php\\\/2004\\\/03\\\/23\\\/xii-certamen-de-teatro-no-profesional-ciudad-de-coria-3\\\/\",\"url\":\"https:\\\/\\\/coria.org\\\/ayuntamiento\\\/index.php\\\/2004\\\/03\\\/23\\\/xii-certamen-de-teatro-no-profesional-ciudad-de-coria-3\\\/\",\"name\":\"XII Certamen de Teatro no Profesional \\\"Ciudad de Coria\\\" - Ayuntamiento de Coria\",\"isPartOf\":{\"@id\":\"https:\\\/\\\/coria.org\\\/ayuntamiento\\\/#website\"},\"datePublished\":\"2004-03-22T23:00:00+00:00\",\"dateModified\":\"2023-09-18T11:31:56+00:00\",\"breadcrumb\":{\"@id\":\"https:\\\/\\\/coria.org\\\/ayuntamiento\\\/index.php\\\/2004\\\/03\\\/23\\\/xii-certamen-de-teatro-no-profesional-ciudad-de-coria-3\\\/#breadcrumb\"},\"inLanguage\":\"es\",\"potentialAction\":[{\"@type\":\"ReadAction\",\"target\":[\"https:\\\/\\\/coria.org\\\/ayuntamiento\\\/index.php\\\/2004\\\/03\\\/23\\\/xii-certamen-de-teatro-no-profesional-ciudad-de-coria-3\\\/\"]}]},{\"@type\":\"BreadcrumbList\",\"@id\":\"https:\\\/\\\/coria.org\\\/ayuntamiento\\\/index.php\\\/2004\\\/03\\\/23\\\/xii-certamen-de-teatro-no-profesional-ciudad-de-coria-3\\\/#breadcrumb\",\"itemListElement\":[{\"@type\":\"ListItem\",\"position\":1,\"name\":\"Inicio\",\"item\":\"https:\\\/\\\/coria.org\\\/ayuntamiento\\\/\"},{\"@type\":\"ListItem\",\"position\":2,\"name\":\"XII Certamen de Teatro no Profesional \u00abCiudad de Coria\u00bb\"}]},{\"@type\":\"WebSite\",\"@id\":\"https:\\\/\\\/coria.org\\\/ayuntamiento\\\/#website\",\"url\":\"https:\\\/\\\/coria.org\\\/ayuntamiento\\\/\",\"name\":\"Ayuntamiento de Coria\",\"description\":\"Web oficial del Ayuntamiento de Coria\",\"publisher\":{\"@id\":\"https:\\\/\\\/coria.org\\\/ayuntamiento\\\/#organization\"},\"alternateName\":\"Web Oficial del Ayuntamiento de Coria\",\"potentialAction\":[{\"@type\":\"SearchAction\",\"target\":{\"@type\":\"EntryPoint\",\"urlTemplate\":\"https:\\\/\\\/coria.org\\\/ayuntamiento\\\/?s={search_term_string}\"},\"query-input\":{\"@type\":\"PropertyValueSpecification\",\"valueRequired\":true,\"valueName\":\"search_term_string\"}}],\"inLanguage\":\"es\"},{\"@type\":\"Organization\",\"@id\":\"https:\\\/\\\/coria.org\\\/ayuntamiento\\\/#organization\",\"name\":\"Ayuntamiento de Coria\",\"alternateName\":\"Ayto de Coria\",\"url\":\"https:\\\/\\\/coria.org\\\/ayuntamiento\\\/\",\"logo\":{\"@type\":\"ImageObject\",\"inLanguage\":\"es\",\"@id\":\"https:\\\/\\\/coria.org\\\/ayuntamiento\\\/#\\\/schema\\\/logo\\\/image\\\/\",\"url\":\"https:\\\/\\\/coria.org\\\/ayuntamiento\\\/wp-content\\\/uploads\\\/2020\\\/12\\\/escudo-ayuntamiento-coria.png\",\"contentUrl\":\"https:\\\/\\\/coria.org\\\/ayuntamiento\\\/wp-content\\\/uploads\\\/2020\\\/12\\\/escudo-ayuntamiento-coria.png\",\"width\":511,\"height\":240,\"caption\":\"Ayuntamiento de Coria\"},\"image\":{\"@id\":\"https:\\\/\\\/coria.org\\\/ayuntamiento\\\/#\\\/schema\\\/logo\\\/image\\\/\"},\"sameAs\":[\"https:\\\/\\\/www.facebook.com\\\/Ayuntamiento.de.Coria\",\"https:\\\/\\\/x.com\\\/Ayto_de_Coria\",\"https:\\\/\\\/www.instagram.com\\\/coria.ayuntamiento\\\/\",\"https:\\\/\\\/www.youtube.com\\\/user\\\/AYUNTAMIENTOCORIA\"]},{\"@type\":\"Person\",\"@id\":\"https:\\\/\\\/coria.org\\\/ayuntamiento\\\/#\\\/schema\\\/person\\\/8bd589f0e13e8ae5aa06def7a599d622\",\"name\":\"ayuntamiento\",\"image\":{\"@type\":\"ImageObject\",\"inLanguage\":\"es\",\"@id\":\"https:\\\/\\\/secure.gravatar.com\\\/avatar\\\/966e5ed73cad334adda5c87f49f2547f7082f7292c1b627cbb548744383b391c?s=96&d=mm&r=g\",\"url\":\"https:\\\/\\\/secure.gravatar.com\\\/avatar\\\/966e5ed73cad334adda5c87f49f2547f7082f7292c1b627cbb548744383b391c?s=96&d=mm&r=g\",\"contentUrl\":\"https:\\\/\\\/secure.gravatar.com\\\/avatar\\\/966e5ed73cad334adda5c87f49f2547f7082f7292c1b627cbb548744383b391c?s=96&d=mm&r=g\",\"caption\":\"ayuntamiento\"}}]}<\/script>\n<!-- \/ Yoast SEO plugin. -->","yoast_head_json":{"title":"XII Certamen de Teatro no Profesional \"Ciudad de Coria\" - Ayuntamiento de Coria","robots":{"index":"index","follow":"follow","max-snippet":"max-snippet:-1","max-image-preview":"max-image-preview:large","max-video-preview":"max-video-preview:-1"},"canonical":"https:\/\/coria.org\/ayuntamiento\/index.php\/2004\/03\/23\/xii-certamen-de-teatro-no-profesional-ciudad-de-coria-3\/","og_locale":"es_ES","og_type":"article","og_title":"XII Certamen de Teatro no Profesional \"Ciudad de Coria\" - Ayuntamiento de Coria","og_description":"El certamen de Teatro no Profesional Ciudad de Coria organizado por la Concejal\u00eda de Educaci\u00f3n y Cultura del Excmo. Ayto. de CORIA se desarrollar\u00e1 del 21 al 28 de marzo. La programaci\u00f3n del Certamen se representar\u00e1n diferentes obras de grupos no profesionales, en el orden siguiente: D\u00eda 21 de Marzo, DomingoGRUPO DE TEATRO \u00abQ\u00dbRIYA\u00bb Obra: [&hellip;]","og_url":"https:\/\/coria.org\/ayuntamiento\/index.php\/2004\/03\/23\/xii-certamen-de-teatro-no-profesional-ciudad-de-coria-3\/","og_site_name":"Ayuntamiento de Coria","article_publisher":"https:\/\/www.facebook.com\/Ayuntamiento.de.Coria","article_published_time":"2004-03-22T23:00:00+00:00","article_modified_time":"2023-09-18T11:31:56+00:00","author":"ayuntamiento","twitter_card":"summary_large_image","twitter_creator":"@Ayto_de_Coria","twitter_site":"@Ayto_de_Coria","twitter_misc":{"Escrito por":"ayuntamiento","Tiempo de lectura":"1 minuto"},"schema":{"@context":"https:\/\/schema.org","@graph":[{"@type":"Article","@id":"https:\/\/coria.org\/ayuntamiento\/index.php\/2004\/03\/23\/xii-certamen-de-teatro-no-profesional-ciudad-de-coria-3\/#article","isPartOf":{"@id":"https:\/\/coria.org\/ayuntamiento\/index.php\/2004\/03\/23\/xii-certamen-de-teatro-no-profesional-ciudad-de-coria-3\/"},"author":{"name":"ayuntamiento","@id":"https:\/\/coria.org\/ayuntamiento\/#\/schema\/person\/8bd589f0e13e8ae5aa06def7a599d622"},"headline":"XII Certamen de Teatro no Profesional \u00abCiudad de Coria\u00bb","datePublished":"2004-03-22T23:00:00+00:00","dateModified":"2023-09-18T11:31:56+00:00","mainEntityOfPage":{"@id":"https:\/\/coria.org\/ayuntamiento\/index.php\/2004\/03\/23\/xii-certamen-de-teatro-no-profesional-ciudad-de-coria-3\/"},"wordCount":241,"publisher":{"@id":"https:\/\/coria.org\/ayuntamiento\/#organization"},"keywords":["certamen","coria","extremadura","teatro"],"articleSection":["Noticias"],"inLanguage":"es"},{"@type":"WebPage","@id":"https:\/\/coria.org\/ayuntamiento\/index.php\/2004\/03\/23\/xii-certamen-de-teatro-no-profesional-ciudad-de-coria-3\/","url":"https:\/\/coria.org\/ayuntamiento\/index.php\/2004\/03\/23\/xii-certamen-de-teatro-no-profesional-ciudad-de-coria-3\/","name":"XII Certamen de Teatro no Profesional \"Ciudad de Coria\" - Ayuntamiento de Coria","isPartOf":{"@id":"https:\/\/coria.org\/ayuntamiento\/#website"},"datePublished":"2004-03-22T23:00:00+00:00","dateModified":"2023-09-18T11:31:56+00:00","breadcrumb":{"@id":"https:\/\/coria.org\/ayuntamiento\/index.php\/2004\/03\/23\/xii-certamen-de-teatro-no-profesional-ciudad-de-coria-3\/#breadcrumb"},"inLanguage":"es","potentialAction":[{"@type":"ReadAction","target":["https:\/\/coria.org\/ayuntamiento\/index.php\/2004\/03\/23\/xii-certamen-de-teatro-no-profesional-ciudad-de-coria-3\/"]}]},{"@type":"BreadcrumbList","@id":"https:\/\/coria.org\/ayuntamiento\/index.php\/2004\/03\/23\/xii-certamen-de-teatro-no-profesional-ciudad-de-coria-3\/#breadcrumb","itemListElement":[{"@type":"ListItem","position":1,"name":"Inicio","item":"https:\/\/coria.org\/ayuntamiento\/"},{"@type":"ListItem","position":2,"name":"XII Certamen de Teatro no Profesional \u00abCiudad de Coria\u00bb"}]},{"@type":"WebSite","@id":"https:\/\/coria.org\/ayuntamiento\/#website","url":"https:\/\/coria.org\/ayuntamiento\/","name":"Ayuntamiento de Coria","description":"Web oficial del Ayuntamiento de Coria","publisher":{"@id":"https:\/\/coria.org\/ayuntamiento\/#organization"},"alternateName":"Web Oficial del Ayuntamiento de Coria","potentialAction":[{"@type":"SearchAction","target":{"@type":"EntryPoint","urlTemplate":"https:\/\/coria.org\/ayuntamiento\/?s={search_term_string}"},"query-input":{"@type":"PropertyValueSpecification","valueRequired":true,"valueName":"search_term_string"}}],"inLanguage":"es"},{"@type":"Organization","@id":"https:\/\/coria.org\/ayuntamiento\/#organization","name":"Ayuntamiento de Coria","alternateName":"Ayto de Coria","url":"https:\/\/coria.org\/ayuntamiento\/","logo":{"@type":"ImageObject","inLanguage":"es","@id":"https:\/\/coria.org\/ayuntamiento\/#\/schema\/logo\/image\/","url":"https:\/\/coria.org\/ayuntamiento\/wp-content\/uploads\/2020\/12\/escudo-ayuntamiento-coria.png","contentUrl":"https:\/\/coria.org\/ayuntamiento\/wp-content\/uploads\/2020\/12\/escudo-ayuntamiento-coria.png","width":511,"height":240,"caption":"Ayuntamiento de Coria"},"image":{"@id":"https:\/\/coria.org\/ayuntamiento\/#\/schema\/logo\/image\/"},"sameAs":["https:\/\/www.facebook.com\/Ayuntamiento.de.Coria","https:\/\/x.com\/Ayto_de_Coria","https:\/\/www.instagram.com\/coria.ayuntamiento\/","https:\/\/www.youtube.com\/user\/AYUNTAMIENTOCORIA"]},{"@type":"Person","@id":"https:\/\/coria.org\/ayuntamiento\/#\/schema\/person\/8bd589f0e13e8ae5aa06def7a599d622","name":"ayuntamiento","image":{"@type":"ImageObject","inLanguage":"es","@id":"https:\/\/secure.gravatar.com\/avatar\/966e5ed73cad334adda5c87f49f2547f7082f7292c1b627cbb548744383b391c?s=96&d=mm&r=g","url":"https:\/\/secure.gravatar.com\/avatar\/966e5ed73cad334adda5c87f49f2547f7082f7292c1b627cbb548744383b391c?s=96&d=mm&r=g","contentUrl":"https:\/\/secure.gravatar.com\/avatar\/966e5ed73cad334adda5c87f49f2547f7082f7292c1b627cbb548744383b391c?s=96&d=mm&r=g","caption":"ayuntamiento"}}]}},"uagb_featured_image_src":{"full":false,"thumbnail":false,"medium":false,"medium_large":false,"large":false,"thumblist":false,"thumbrelated":false,"meccarouselthumb":false,"gridsquare":false,"tileview":false,"1536x1536":false,"2048x2048":false},"uagb_author_info":{"display_name":"ayuntamiento","author_link":"https:\/\/coria.org\/ayuntamiento\/index.php\/author\/ayuntamiento\/"},"uagb_comment_info":0,"uagb_excerpt":"El certamen de Teatro no Profesional Ciudad de Coria organizado por la Concejal\u00eda de Educaci\u00f3n y Cultura del Excmo. Ayto. de CORIA se desarrollar\u00e1 del 21 al 28 de marzo. La programaci\u00f3n del Certamen se representar\u00e1n diferentes obras de grupos no profesionales, en el orden siguiente: D\u00eda 21 de Marzo, DomingoGRUPO DE TEATRO \u00abQ\u00dbRIYA\u00bb Obra:&hellip;","_links":{"self":[{"href":"https:\/\/coria.org\/ayuntamiento\/index.php\/wp-json\/wp\/v2\/posts\/34525","targetHints":{"allow":["GET"]}}],"collection":[{"href":"https:\/\/coria.org\/ayuntamiento\/index.php\/wp-json\/wp\/v2\/posts"}],"about":[{"href":"https:\/\/coria.org\/ayuntamiento\/index.php\/wp-json\/wp\/v2\/types\/post"}],"author":[{"embeddable":true,"href":"https:\/\/coria.org\/ayuntamiento\/index.php\/wp-json\/wp\/v2\/users\/2"}],"replies":[{"embeddable":true,"href":"https:\/\/coria.org\/ayuntamiento\/index.php\/wp-json\/wp\/v2\/comments?post=34525"}],"version-history":[{"count":0,"href":"https:\/\/coria.org\/ayuntamiento\/index.php\/wp-json\/wp\/v2\/posts\/34525\/revisions"}],"wp:attachment":[{"href":"https:\/\/coria.org\/ayuntamiento\/index.php\/wp-json\/wp\/v2\/media?parent=34525"}],"wp:term":[{"taxonomy":"category","embeddable":true,"href":"https:\/\/coria.org\/ayuntamiento\/index.php\/wp-json\/wp\/v2\/categories?post=34525"},{"taxonomy":"post_tag","embeddable":true,"href":"https:\/\/coria.org\/ayuntamiento\/index.php\/wp-json\/wp\/v2\/tags?post=34525"}],"curies":[{"name":"wp","href":"https:\/\/api.w.org\/{rel}","templated":true}]}}