{"id":27549,"date":"2013-10-02T00:00:00","date_gmt":"2013-10-02T00:00:00","guid":{"rendered":"https:\/\/ayuntamiento.coriaenimagenes.com\/abierto-el-plazo-de-inscripcion-para-la-universidad-popular-de-coria-en-2013\/"},"modified":"2023-09-18T12:41:43","modified_gmt":"2023-09-18T10:41:43","slug":"abierto-el-plazo-de-inscripcion-para-la-universidad-popular-de-coria-en-2013","status":"publish","type":"post","link":"https:\/\/coria.org\/ayuntamiento\/index.php\/2013\/10\/02\/abierto-el-plazo-de-inscripcion-para-la-universidad-popular-de-coria-en-2013\/","title":{"rendered":"ABIERTO EL PLAZO DE INSCRIPCI\u00d3N PARA LA UNIVERSIDAD POPULAR DE CORIA EN 2013"},"content":{"rendered":"<p><b>Del 1 al 14 de octubre, ambos inclusive<\/p>\n<p><\/b><\/p>\n<p><font size=\"2\" face=\"verdana,arial,helvetica,sans-serif\"><img decoding=\"async\" hspace=\"10\" alt=\"Cartel Universidad Popular de Coria 2013\/14\" align=\"right\" src=\"https:\/\/dl.dropboxusercontent.com\/u\/19431826\/imagenes\/Cartel_UP02.png\" \/>La Universidad Popular ya est\u00e1 en marcha, los interesados se pueden inscribir desde hoy hasta el d\u00eda 14 de octubre, en la oficina de Juventud, sita en Plaza de San Pedro.<\/font><\/p>\n<p><font size=\"2\" face=\"verdana,arial,helvetica,sans-serif\">Los cursos y talleres ofertados est\u00e1n dirigidos a personas mayores de 16 a\u00f1os, comenzando la tercera semana de octubre y finalizando la tercera semana de diciembre.<\/font><\/p>\n<p><font size=\"2\" face=\"verdana,arial,helvetica,sans-serif\">La cuota de cada curso \/ taller ser\u00e1 de 40\u20ac, realiz\u00e1ndose un \u00fanico pago en el n\u00famero de cuenta de Caja Extremadura: 2048 1203 56 3400000223. Es imprescindible guardar el resguardo de pago bancario para entregarlo al formalizar la matr\u00edcula.<\/font><\/p>\n<p><font size=\"2\" face=\"verdana,arial,helvetica,sans-serif\">El m\u00ednimo de alumnos necesario para la realizaci\u00f3n del curso o taller ser\u00e1 de 15 personas, hasta un m\u00e1ximo de 20. Si \u00e9ste no llegara a realizarse, se proceder\u00e1 a la devoluci\u00f3n \u00edntegra de lo ingresado en concepto de matr\u00edcula.<\/font><\/p>\n<p><font size=\"2\" face=\"verdana,arial,helvetica,sans-serif\">M\u00e1s informaci\u00f3n en: oficina de Informaci\u00f3n Juvenil, plaza de San Pedro, 1.<br \/>927 50 80 00 &#8211; Exts. 262 \/ 313<\/font><\/p>\n<p><font size=\"2\" face=\"verdana,arial,helvetica,sans-serif\">Los cursos y talleres ofertados para este a\u00f1o son:<\/font><\/p>\n<p><font size=\"2\" face=\"verdana,arial,helvetica,sans-serif\">-Curso de Cocina<br \/>-Curso de Educaci\u00f3n Canina<br \/>-Curso de Educaci\u00f3n Infantil y Juvenil<br \/>-Curso de Fotograf\u00eda nocturna<br \/>-Curso de Lenguaje de Signos<br \/>-Curso de Corte y Confecci\u00f3n<br \/>-Curso de Gomaeva<br \/>-Curso de Guitarra<br \/>-Curso de Cortometrajes<br \/>-Curso de Jardiner\u00eda y Bot\u00e1nica b\u00e1sica<br \/>-Taller de Jabones Arom\u00e1ticos<br \/>-Taller de identificaci\u00f3n de Setas<\/font> <\/p><\/p>\n","protected":false},"excerpt":{"rendered":"<p>Del 1 al 14 de octubre, ambos inclusive La Universidad Popular ya est\u00e1 en marcha, los interesados se pueden inscribir desde hoy hasta el d\u00eda 14 de octubre, en la oficina de Juventud, sita en Plaza de San Pedro. Los cursos y talleres ofertados est\u00e1n dirigidos a personas mayores de 16 a\u00f1os, comenzando la tercera [&hellip;]<\/p>\n","protected":false},"author":2,"featured_media":0,"comment_status":"closed","ping_status":"closed","sticky":false,"template":"","format":"standard","meta":{"_uag_custom_page_level_css":"","footnotes":""},"categories":[2],"tags":[1278],"class_list":["post-27549","post","type-post","status-publish","format-standard","hentry","category-noticias","tag-universidad-popular"],"yoast_head":"<!-- This site is optimized with the Yoast SEO plugin v27.4 - https:\/\/yoast.com\/product\/yoast-seo-wordpress\/ -->\n<title>ABIERTO EL PLAZO DE INSCRIPCI\u00d3N PARA LA UNIVERSIDAD POPULAR DE CORIA EN 2013 - Ayuntamiento de Coria<\/title>\n<meta name=\"robots\" content=\"index, follow, max-snippet:-1, max-image-preview:large, max-video-preview:-1\" \/>\n<link rel=\"canonical\" href=\"https:\/\/coria.org\/ayuntamiento\/index.php\/2013\/10\/02\/abierto-el-plazo-de-inscripcion-para-la-universidad-popular-de-coria-en-2013\/\" \/>\n<meta property=\"og:locale\" content=\"es_ES\" \/>\n<meta property=\"og:type\" content=\"article\" \/>\n<meta property=\"og:title\" content=\"ABIERTO EL PLAZO DE INSCRIPCI\u00d3N PARA LA UNIVERSIDAD POPULAR DE CORIA EN 2013 - Ayuntamiento de Coria\" \/>\n<meta property=\"og:description\" content=\"Del 1 al 14 de octubre, ambos inclusive La Universidad Popular ya est\u00e1 en marcha, los interesados se pueden inscribir desde hoy hasta el d\u00eda 14 de octubre, en la oficina de Juventud, sita en Plaza de San Pedro. Los cursos y talleres ofertados est\u00e1n dirigidos a personas mayores de 16 a\u00f1os, comenzando la tercera [&hellip;]\" \/>\n<meta property=\"og:url\" content=\"https:\/\/coria.org\/ayuntamiento\/index.php\/2013\/10\/02\/abierto-el-plazo-de-inscripcion-para-la-universidad-popular-de-coria-en-2013\/\" \/>\n<meta property=\"og:site_name\" content=\"Ayuntamiento de Coria\" \/>\n<meta property=\"article:publisher\" content=\"https:\/\/www.facebook.com\/Ayuntamiento.de.Coria\" \/>\n<meta property=\"article:published_time\" content=\"2013-10-02T00:00:00+00:00\" \/>\n<meta property=\"article:modified_time\" content=\"2023-09-18T10:41:43+00:00\" \/>\n<meta property=\"og:image\" content=\"https:\/\/dl.dropboxusercontent.com\/u\/19431826\/imagenes\/Cartel_UP02.png\" \/>\n<meta name=\"author\" content=\"ayuntamiento\" \/>\n<meta name=\"twitter:card\" content=\"summary_large_image\" \/>\n<meta name=\"twitter:creator\" content=\"@Ayto_de_Coria\" \/>\n<meta name=\"twitter:site\" content=\"@Ayto_de_Coria\" \/>\n<meta name=\"twitter:label1\" content=\"Escrito por\" \/>\n\t<meta name=\"twitter:data1\" content=\"ayuntamiento\" \/>\n\t<meta name=\"twitter:label2\" content=\"Tiempo de lectura\" \/>\n\t<meta name=\"twitter:data2\" content=\"1 minuto\" \/>\n<script type=\"application\/ld+json\" class=\"yoast-schema-graph\">{\"@context\":\"https:\\\/\\\/schema.org\",\"@graph\":[{\"@type\":\"Article\",\"@id\":\"https:\\\/\\\/coria.org\\\/ayuntamiento\\\/index.php\\\/2013\\\/10\\\/02\\\/abierto-el-plazo-de-inscripcion-para-la-universidad-popular-de-coria-en-2013\\\/#article\",\"isPartOf\":{\"@id\":\"https:\\\/\\\/coria.org\\\/ayuntamiento\\\/index.php\\\/2013\\\/10\\\/02\\\/abierto-el-plazo-de-inscripcion-para-la-universidad-popular-de-coria-en-2013\\\/\"},\"author\":{\"name\":\"ayuntamiento\",\"@id\":\"https:\\\/\\\/coria.org\\\/ayuntamiento\\\/#\\\/schema\\\/person\\\/8bd589f0e13e8ae5aa06def7a599d622\"},\"headline\":\"ABIERTO EL PLAZO DE INSCRIPCI\u00d3N PARA LA UNIVERSIDAD POPULAR DE CORIA EN 2013\",\"datePublished\":\"2013-10-02T00:00:00+00:00\",\"dateModified\":\"2023-09-18T10:41:43+00:00\",\"mainEntityOfPage\":{\"@id\":\"https:\\\/\\\/coria.org\\\/ayuntamiento\\\/index.php\\\/2013\\\/10\\\/02\\\/abierto-el-plazo-de-inscripcion-para-la-universidad-popular-de-coria-en-2013\\\/\"},\"wordCount\":232,\"publisher\":{\"@id\":\"https:\\\/\\\/coria.org\\\/ayuntamiento\\\/#organization\"},\"image\":{\"@id\":\"https:\\\/\\\/coria.org\\\/ayuntamiento\\\/index.php\\\/2013\\\/10\\\/02\\\/abierto-el-plazo-de-inscripcion-para-la-universidad-popular-de-coria-en-2013\\\/#primaryimage\"},\"thumbnailUrl\":\"https:\\\/\\\/dl.dropboxusercontent.com\\\/u\\\/19431826\\\/imagenes\\\/Cartel_UP02.png\",\"keywords\":[\"universidad popular\"],\"articleSection\":[\"Noticias\"],\"inLanguage\":\"es\"},{\"@type\":\"WebPage\",\"@id\":\"https:\\\/\\\/coria.org\\\/ayuntamiento\\\/index.php\\\/2013\\\/10\\\/02\\\/abierto-el-plazo-de-inscripcion-para-la-universidad-popular-de-coria-en-2013\\\/\",\"url\":\"https:\\\/\\\/coria.org\\\/ayuntamiento\\\/index.php\\\/2013\\\/10\\\/02\\\/abierto-el-plazo-de-inscripcion-para-la-universidad-popular-de-coria-en-2013\\\/\",\"name\":\"ABIERTO EL PLAZO DE INSCRIPCI\u00d3N PARA LA UNIVERSIDAD POPULAR DE CORIA EN 2013 - Ayuntamiento de Coria\",\"isPartOf\":{\"@id\":\"https:\\\/\\\/coria.org\\\/ayuntamiento\\\/#website\"},\"primaryImageOfPage\":{\"@id\":\"https:\\\/\\\/coria.org\\\/ayuntamiento\\\/index.php\\\/2013\\\/10\\\/02\\\/abierto-el-plazo-de-inscripcion-para-la-universidad-popular-de-coria-en-2013\\\/#primaryimage\"},\"image\":{\"@id\":\"https:\\\/\\\/coria.org\\\/ayuntamiento\\\/index.php\\\/2013\\\/10\\\/02\\\/abierto-el-plazo-de-inscripcion-para-la-universidad-popular-de-coria-en-2013\\\/#primaryimage\"},\"thumbnailUrl\":\"https:\\\/\\\/dl.dropboxusercontent.com\\\/u\\\/19431826\\\/imagenes\\\/Cartel_UP02.png\",\"datePublished\":\"2013-10-02T00:00:00+00:00\",\"dateModified\":\"2023-09-18T10:41:43+00:00\",\"breadcrumb\":{\"@id\":\"https:\\\/\\\/coria.org\\\/ayuntamiento\\\/index.php\\\/2013\\\/10\\\/02\\\/abierto-el-plazo-de-inscripcion-para-la-universidad-popular-de-coria-en-2013\\\/#breadcrumb\"},\"inLanguage\":\"es\",\"potentialAction\":[{\"@type\":\"ReadAction\",\"target\":[\"https:\\\/\\\/coria.org\\\/ayuntamiento\\\/index.php\\\/2013\\\/10\\\/02\\\/abierto-el-plazo-de-inscripcion-para-la-universidad-popular-de-coria-en-2013\\\/\"]}]},{\"@type\":\"ImageObject\",\"inLanguage\":\"es\",\"@id\":\"https:\\\/\\\/coria.org\\\/ayuntamiento\\\/index.php\\\/2013\\\/10\\\/02\\\/abierto-el-plazo-de-inscripcion-para-la-universidad-popular-de-coria-en-2013\\\/#primaryimage\",\"url\":\"https:\\\/\\\/dl.dropboxusercontent.com\\\/u\\\/19431826\\\/imagenes\\\/Cartel_UP02.png\",\"contentUrl\":\"https:\\\/\\\/dl.dropboxusercontent.com\\\/u\\\/19431826\\\/imagenes\\\/Cartel_UP02.png\"},{\"@type\":\"BreadcrumbList\",\"@id\":\"https:\\\/\\\/coria.org\\\/ayuntamiento\\\/index.php\\\/2013\\\/10\\\/02\\\/abierto-el-plazo-de-inscripcion-para-la-universidad-popular-de-coria-en-2013\\\/#breadcrumb\",\"itemListElement\":[{\"@type\":\"ListItem\",\"position\":1,\"name\":\"Inicio\",\"item\":\"https:\\\/\\\/coria.org\\\/ayuntamiento\\\/\"},{\"@type\":\"ListItem\",\"position\":2,\"name\":\"ABIERTO EL PLAZO DE INSCRIPCI\u00d3N PARA LA UNIVERSIDAD POPULAR DE CORIA EN 2013\"}]},{\"@type\":\"WebSite\",\"@id\":\"https:\\\/\\\/coria.org\\\/ayuntamiento\\\/#website\",\"url\":\"https:\\\/\\\/coria.org\\\/ayuntamiento\\\/\",\"name\":\"Ayuntamiento de Coria\",\"description\":\"Web oficial del Ayuntamiento de Coria\",\"publisher\":{\"@id\":\"https:\\\/\\\/coria.org\\\/ayuntamiento\\\/#organization\"},\"alternateName\":\"Web Oficial del Ayuntamiento de Coria\",\"potentialAction\":[{\"@type\":\"SearchAction\",\"target\":{\"@type\":\"EntryPoint\",\"urlTemplate\":\"https:\\\/\\\/coria.org\\\/ayuntamiento\\\/?s={search_term_string}\"},\"query-input\":{\"@type\":\"PropertyValueSpecification\",\"valueRequired\":true,\"valueName\":\"search_term_string\"}}],\"inLanguage\":\"es\"},{\"@type\":\"Organization\",\"@id\":\"https:\\\/\\\/coria.org\\\/ayuntamiento\\\/#organization\",\"name\":\"Ayuntamiento de Coria\",\"alternateName\":\"Ayto de Coria\",\"url\":\"https:\\\/\\\/coria.org\\\/ayuntamiento\\\/\",\"logo\":{\"@type\":\"ImageObject\",\"inLanguage\":\"es\",\"@id\":\"https:\\\/\\\/coria.org\\\/ayuntamiento\\\/#\\\/schema\\\/logo\\\/image\\\/\",\"url\":\"https:\\\/\\\/coria.org\\\/ayuntamiento\\\/wp-content\\\/uploads\\\/2020\\\/12\\\/escudo-ayuntamiento-coria.png\",\"contentUrl\":\"https:\\\/\\\/coria.org\\\/ayuntamiento\\\/wp-content\\\/uploads\\\/2020\\\/12\\\/escudo-ayuntamiento-coria.png\",\"width\":511,\"height\":240,\"caption\":\"Ayuntamiento de Coria\"},\"image\":{\"@id\":\"https:\\\/\\\/coria.org\\\/ayuntamiento\\\/#\\\/schema\\\/logo\\\/image\\\/\"},\"sameAs\":[\"https:\\\/\\\/www.facebook.com\\\/Ayuntamiento.de.Coria\",\"https:\\\/\\\/x.com\\\/Ayto_de_Coria\",\"https:\\\/\\\/www.instagram.com\\\/coria.ayuntamiento\\\/\",\"https:\\\/\\\/www.youtube.com\\\/user\\\/AYUNTAMIENTOCORIA\"]},{\"@type\":\"Person\",\"@id\":\"https:\\\/\\\/coria.org\\\/ayuntamiento\\\/#\\\/schema\\\/person\\\/8bd589f0e13e8ae5aa06def7a599d622\",\"name\":\"ayuntamiento\",\"image\":{\"@type\":\"ImageObject\",\"inLanguage\":\"es\",\"@id\":\"https:\\\/\\\/secure.gravatar.com\\\/avatar\\\/966e5ed73cad334adda5c87f49f2547f7082f7292c1b627cbb548744383b391c?s=96&d=mm&r=g\",\"url\":\"https:\\\/\\\/secure.gravatar.com\\\/avatar\\\/966e5ed73cad334adda5c87f49f2547f7082f7292c1b627cbb548744383b391c?s=96&d=mm&r=g\",\"contentUrl\":\"https:\\\/\\\/secure.gravatar.com\\\/avatar\\\/966e5ed73cad334adda5c87f49f2547f7082f7292c1b627cbb548744383b391c?s=96&d=mm&r=g\",\"caption\":\"ayuntamiento\"}}]}<\/script>\n<!-- \/ Yoast SEO plugin. -->","yoast_head_json":{"title":"ABIERTO EL PLAZO DE INSCRIPCI\u00d3N PARA LA UNIVERSIDAD POPULAR DE CORIA EN 2013 - Ayuntamiento de Coria","robots":{"index":"index","follow":"follow","max-snippet":"max-snippet:-1","max-image-preview":"max-image-preview:large","max-video-preview":"max-video-preview:-1"},"canonical":"https:\/\/coria.org\/ayuntamiento\/index.php\/2013\/10\/02\/abierto-el-plazo-de-inscripcion-para-la-universidad-popular-de-coria-en-2013\/","og_locale":"es_ES","og_type":"article","og_title":"ABIERTO EL PLAZO DE INSCRIPCI\u00d3N PARA LA UNIVERSIDAD POPULAR DE CORIA EN 2013 - Ayuntamiento de Coria","og_description":"Del 1 al 14 de octubre, ambos inclusive La Universidad Popular ya est\u00e1 en marcha, los interesados se pueden inscribir desde hoy hasta el d\u00eda 14 de octubre, en la oficina de Juventud, sita en Plaza de San Pedro. Los cursos y talleres ofertados est\u00e1n dirigidos a personas mayores de 16 a\u00f1os, comenzando la tercera [&hellip;]","og_url":"https:\/\/coria.org\/ayuntamiento\/index.php\/2013\/10\/02\/abierto-el-plazo-de-inscripcion-para-la-universidad-popular-de-coria-en-2013\/","og_site_name":"Ayuntamiento de Coria","article_publisher":"https:\/\/www.facebook.com\/Ayuntamiento.de.Coria","article_published_time":"2013-10-02T00:00:00+00:00","article_modified_time":"2023-09-18T10:41:43+00:00","og_image":[{"url":"https:\/\/dl.dropboxusercontent.com\/u\/19431826\/imagenes\/Cartel_UP02.png","type":"","width":"","height":""}],"author":"ayuntamiento","twitter_card":"summary_large_image","twitter_creator":"@Ayto_de_Coria","twitter_site":"@Ayto_de_Coria","twitter_misc":{"Escrito por":"ayuntamiento","Tiempo de lectura":"1 minuto"},"schema":{"@context":"https:\/\/schema.org","@graph":[{"@type":"Article","@id":"https:\/\/coria.org\/ayuntamiento\/index.php\/2013\/10\/02\/abierto-el-plazo-de-inscripcion-para-la-universidad-popular-de-coria-en-2013\/#article","isPartOf":{"@id":"https:\/\/coria.org\/ayuntamiento\/index.php\/2013\/10\/02\/abierto-el-plazo-de-inscripcion-para-la-universidad-popular-de-coria-en-2013\/"},"author":{"name":"ayuntamiento","@id":"https:\/\/coria.org\/ayuntamiento\/#\/schema\/person\/8bd589f0e13e8ae5aa06def7a599d622"},"headline":"ABIERTO EL PLAZO DE INSCRIPCI\u00d3N PARA LA UNIVERSIDAD POPULAR DE CORIA EN 2013","datePublished":"2013-10-02T00:00:00+00:00","dateModified":"2023-09-18T10:41:43+00:00","mainEntityOfPage":{"@id":"https:\/\/coria.org\/ayuntamiento\/index.php\/2013\/10\/02\/abierto-el-plazo-de-inscripcion-para-la-universidad-popular-de-coria-en-2013\/"},"wordCount":232,"publisher":{"@id":"https:\/\/coria.org\/ayuntamiento\/#organization"},"image":{"@id":"https:\/\/coria.org\/ayuntamiento\/index.php\/2013\/10\/02\/abierto-el-plazo-de-inscripcion-para-la-universidad-popular-de-coria-en-2013\/#primaryimage"},"thumbnailUrl":"https:\/\/dl.dropboxusercontent.com\/u\/19431826\/imagenes\/Cartel_UP02.png","keywords":["universidad popular"],"articleSection":["Noticias"],"inLanguage":"es"},{"@type":"WebPage","@id":"https:\/\/coria.org\/ayuntamiento\/index.php\/2013\/10\/02\/abierto-el-plazo-de-inscripcion-para-la-universidad-popular-de-coria-en-2013\/","url":"https:\/\/coria.org\/ayuntamiento\/index.php\/2013\/10\/02\/abierto-el-plazo-de-inscripcion-para-la-universidad-popular-de-coria-en-2013\/","name":"ABIERTO EL PLAZO DE INSCRIPCI\u00d3N PARA LA UNIVERSIDAD POPULAR DE CORIA EN 2013 - Ayuntamiento de Coria","isPartOf":{"@id":"https:\/\/coria.org\/ayuntamiento\/#website"},"primaryImageOfPage":{"@id":"https:\/\/coria.org\/ayuntamiento\/index.php\/2013\/10\/02\/abierto-el-plazo-de-inscripcion-para-la-universidad-popular-de-coria-en-2013\/#primaryimage"},"image":{"@id":"https:\/\/coria.org\/ayuntamiento\/index.php\/2013\/10\/02\/abierto-el-plazo-de-inscripcion-para-la-universidad-popular-de-coria-en-2013\/#primaryimage"},"thumbnailUrl":"https:\/\/dl.dropboxusercontent.com\/u\/19431826\/imagenes\/Cartel_UP02.png","datePublished":"2013-10-02T00:00:00+00:00","dateModified":"2023-09-18T10:41:43+00:00","breadcrumb":{"@id":"https:\/\/coria.org\/ayuntamiento\/index.php\/2013\/10\/02\/abierto-el-plazo-de-inscripcion-para-la-universidad-popular-de-coria-en-2013\/#breadcrumb"},"inLanguage":"es","potentialAction":[{"@type":"ReadAction","target":["https:\/\/coria.org\/ayuntamiento\/index.php\/2013\/10\/02\/abierto-el-plazo-de-inscripcion-para-la-universidad-popular-de-coria-en-2013\/"]}]},{"@type":"ImageObject","inLanguage":"es","@id":"https:\/\/coria.org\/ayuntamiento\/index.php\/2013\/10\/02\/abierto-el-plazo-de-inscripcion-para-la-universidad-popular-de-coria-en-2013\/#primaryimage","url":"https:\/\/dl.dropboxusercontent.com\/u\/19431826\/imagenes\/Cartel_UP02.png","contentUrl":"https:\/\/dl.dropboxusercontent.com\/u\/19431826\/imagenes\/Cartel_UP02.png"},{"@type":"BreadcrumbList","@id":"https:\/\/coria.org\/ayuntamiento\/index.php\/2013\/10\/02\/abierto-el-plazo-de-inscripcion-para-la-universidad-popular-de-coria-en-2013\/#breadcrumb","itemListElement":[{"@type":"ListItem","position":1,"name":"Inicio","item":"https:\/\/coria.org\/ayuntamiento\/"},{"@type":"ListItem","position":2,"name":"ABIERTO EL PLAZO DE INSCRIPCI\u00d3N PARA LA UNIVERSIDAD POPULAR DE CORIA EN 2013"}]},{"@type":"WebSite","@id":"https:\/\/coria.org\/ayuntamiento\/#website","url":"https:\/\/coria.org\/ayuntamiento\/","name":"Ayuntamiento de Coria","description":"Web oficial del Ayuntamiento de Coria","publisher":{"@id":"https:\/\/coria.org\/ayuntamiento\/#organization"},"alternateName":"Web Oficial del Ayuntamiento de Coria","potentialAction":[{"@type":"SearchAction","target":{"@type":"EntryPoint","urlTemplate":"https:\/\/coria.org\/ayuntamiento\/?s={search_term_string}"},"query-input":{"@type":"PropertyValueSpecification","valueRequired":true,"valueName":"search_term_string"}}],"inLanguage":"es"},{"@type":"Organization","@id":"https:\/\/coria.org\/ayuntamiento\/#organization","name":"Ayuntamiento de Coria","alternateName":"Ayto de Coria","url":"https:\/\/coria.org\/ayuntamiento\/","logo":{"@type":"ImageObject","inLanguage":"es","@id":"https:\/\/coria.org\/ayuntamiento\/#\/schema\/logo\/image\/","url":"https:\/\/coria.org\/ayuntamiento\/wp-content\/uploads\/2020\/12\/escudo-ayuntamiento-coria.png","contentUrl":"https:\/\/coria.org\/ayuntamiento\/wp-content\/uploads\/2020\/12\/escudo-ayuntamiento-coria.png","width":511,"height":240,"caption":"Ayuntamiento de Coria"},"image":{"@id":"https:\/\/coria.org\/ayuntamiento\/#\/schema\/logo\/image\/"},"sameAs":["https:\/\/www.facebook.com\/Ayuntamiento.de.Coria","https:\/\/x.com\/Ayto_de_Coria","https:\/\/www.instagram.com\/coria.ayuntamiento\/","https:\/\/www.youtube.com\/user\/AYUNTAMIENTOCORIA"]},{"@type":"Person","@id":"https:\/\/coria.org\/ayuntamiento\/#\/schema\/person\/8bd589f0e13e8ae5aa06def7a599d622","name":"ayuntamiento","image":{"@type":"ImageObject","inLanguage":"es","@id":"https:\/\/secure.gravatar.com\/avatar\/966e5ed73cad334adda5c87f49f2547f7082f7292c1b627cbb548744383b391c?s=96&d=mm&r=g","url":"https:\/\/secure.gravatar.com\/avatar\/966e5ed73cad334adda5c87f49f2547f7082f7292c1b627cbb548744383b391c?s=96&d=mm&r=g","contentUrl":"https:\/\/secure.gravatar.com\/avatar\/966e5ed73cad334adda5c87f49f2547f7082f7292c1b627cbb548744383b391c?s=96&d=mm&r=g","caption":"ayuntamiento"}}]}},"uagb_featured_image_src":{"full":false,"thumbnail":false,"medium":false,"medium_large":false,"large":false,"thumblist":false,"thumbrelated":false,"meccarouselthumb":false,"gridsquare":false,"tileview":false,"1536x1536":false,"2048x2048":false},"uagb_author_info":{"display_name":"ayuntamiento","author_link":"https:\/\/coria.org\/ayuntamiento\/index.php\/author\/ayuntamiento\/"},"uagb_comment_info":0,"uagb_excerpt":"Del 1 al 14 de octubre, ambos inclusive La Universidad Popular ya est\u00e1 en marcha, los interesados se pueden inscribir desde hoy hasta el d\u00eda 14 de octubre, en la oficina de Juventud, sita en Plaza de San Pedro. Los cursos y talleres ofertados est\u00e1n dirigidos a personas mayores de 16 a\u00f1os, comenzando la tercera&hellip;","_links":{"self":[{"href":"https:\/\/coria.org\/ayuntamiento\/index.php\/wp-json\/wp\/v2\/posts\/27549","targetHints":{"allow":["GET"]}}],"collection":[{"href":"https:\/\/coria.org\/ayuntamiento\/index.php\/wp-json\/wp\/v2\/posts"}],"about":[{"href":"https:\/\/coria.org\/ayuntamiento\/index.php\/wp-json\/wp\/v2\/types\/post"}],"author":[{"embeddable":true,"href":"https:\/\/coria.org\/ayuntamiento\/index.php\/wp-json\/wp\/v2\/users\/2"}],"replies":[{"embeddable":true,"href":"https:\/\/coria.org\/ayuntamiento\/index.php\/wp-json\/wp\/v2\/comments?post=27549"}],"version-history":[{"count":0,"href":"https:\/\/coria.org\/ayuntamiento\/index.php\/wp-json\/wp\/v2\/posts\/27549\/revisions"}],"wp:attachment":[{"href":"https:\/\/coria.org\/ayuntamiento\/index.php\/wp-json\/wp\/v2\/media?parent=27549"}],"wp:term":[{"taxonomy":"category","embeddable":true,"href":"https:\/\/coria.org\/ayuntamiento\/index.php\/wp-json\/wp\/v2\/categories?post=27549"},{"taxonomy":"post_tag","embeddable":true,"href":"https:\/\/coria.org\/ayuntamiento\/index.php\/wp-json\/wp\/v2\/tags?post=27549"}],"curies":[{"name":"wp","href":"https:\/\/api.w.org\/{rel}","templated":true}]}}