{"id":27530,"date":"2015-02-05T00:00:00","date_gmt":"2015-02-05T00:00:00","guid":{"rendered":"https:\/\/ayuntamiento.coriaenimagenes.com\/exposicion-la-energia-nos-mueve-ciencia-para-una-energia-mas-limpia-sostenible-y-accesible\/"},"modified":"2024-10-11T08:37:05","modified_gmt":"2024-10-11T06:37:05","slug":"exposicion-la-energia-nos-mueve-ciencia-para-una-energia-mas-limpia-sostenible-y-accesible","status":"publish","type":"post","link":"https:\/\/coria.org\/ayuntamiento\/index.php\/2015\/02\/05\/exposicion-la-energia-nos-mueve-ciencia-para-una-energia-mas-limpia-sostenible-y-accesible\/","title":{"rendered":"Exposici\u00f3n: La energ\u00eda nos mueve. Ciencia para una energ\u00eda m\u00e1s limpia, sostenible y accesible"},"content":{"rendered":"\n<p>Exposici\u00f3n en la Casa de Cultura de Coria del 13\/02\/2015 al 13\/03\/2015. Esta actividad pertenece a Ciudad Ciencia, se trata de un proyecto de divulgaci\u00f3n cient\u00edfica del Consejo Superior de Investigaciones Cient\u00edficas (CSIC), la Obra Social \u00abla Caixa\u00bb y varios ayuntamientos entre los que se encuentra el Ayuntamiento de Coria.<\/p>\n\n\n<figure class=\"wp-block-post-featured-image\"><img loading=\"lazy\" decoding=\"async\" width=\"919\" height=\"550\" src=\"https:\/\/coria.org\/ayuntamiento\/wp-content\/uploads\/2015\/02\/la-energia-nos-mueve.webp\" class=\"attachment-post-thumbnail size-post-thumbnail wp-post-image\" alt=\"\" style=\"object-fit:cover;\" srcset=\"https:\/\/coria.org\/ayuntamiento\/wp-content\/uploads\/2015\/02\/la-energia-nos-mueve.webp 919w, https:\/\/coria.org\/ayuntamiento\/wp-content\/uploads\/2015\/02\/la-energia-nos-mueve-768x460.webp 768w\" sizes=\"auto, (max-width: 919px) 100vw, 919px\" \/><\/figure>\n\n\n<p>La exposici\u00f3n \u00abLa energ\u00eda nos mueve. Ciencia para una energ\u00eda m\u00e1s limpia, sostenible y accesible\u00bb, elaborada y producida por el CSIC en el marco del \u00abA\u00f1o internacional de la energ\u00eda sostenible para todos\u00bb, ofrece una perspectiva global sobre la situaci\u00f3n energ\u00e9tica mundial y las alternativas existentes encaminadas a una electricidad y un transporte m\u00e1s limpios. Adem\u00e1s, se detiene en la situaci\u00f3n concreta de Espa\u00f1a e incluye consejos y medidas que los ciudadanos y ciudadanas podemos realizar para contribuir al cambio de modelo energ\u00e9tico.<\/p>\n\n\n\n<p>La muestra, comisariada por Gregorio Marb\u00e1n, del Instituto Nacional del Carb\u00f3n del CSIC, est\u00e1 dirigida a toda la poblaci\u00f3n, con especial atenci\u00f3n a los j\u00f3venes estudiantes de los distintos ciclos educativos de secundaria. Adem\u00e1s, se complementa con unidades did\u00e1cticas que profundizan en los contenidos y est\u00e1n adaptadas a los niveles educativos de secundaria y bachillerato.<\/p>\n","protected":false},"excerpt":{"rendered":"<p>Exposici\u00f3n en la Casa de Cultura de Coria del 13\/02\/2015 al 13\/03\/2015. Esta actividad pertenece a Ciudad Ciencia, se trata de un proyecto de divulgaci\u00f3n cient\u00edfica del Consejo Superior de Investigaciones Cient\u00edficas (CSIC), la Obra Social \u00abla Caixa\u00bb y varios ayuntamientos entre los que se encuentra el Ayuntamiento de Coria. La exposici\u00f3n \u00abLa energ\u00eda nos [&hellip;]<\/p>\n","protected":false},"author":2,"featured_media":62769,"comment_status":"closed","ping_status":"closed","sticky":false,"template":"","format":"standard","meta":{"_uag_custom_page_level_css":"","footnotes":""},"categories":[2],"tags":[1452],"class_list":["post-27530","post","type-post","status-publish","format-standard","has-post-thumbnail","hentry","category-noticias","tag-ciudad-ciencia"],"yoast_head":"<!-- This site is optimized with the Yoast SEO plugin v27.4 - https:\/\/yoast.com\/product\/yoast-seo-wordpress\/ -->\n<title>Exposici\u00f3n: La energ\u00eda nos mueve. Ciencia para una energ\u00eda m\u00e1s limpia, sostenible y accesible - Ayuntamiento de Coria<\/title>\n<meta name=\"description\" content=\"Exposici\u00f3n en la Casa de Cultura de Coria del 13\/02\/2015 al 13\/03\/2015. Esta actividad pertenece a Ciudad Ciencia, se trata de un proyecto de divulgaci\u00f3n cient\u00edfica del Consejo Superior de Investigaciones Cient\u00edficas (CSIC), la Obra Social &quot;la Caixa&quot; y varios ayuntamientos entre los que se encuentra el Ayuntamiento de Coria.\" \/>\n<meta name=\"robots\" content=\"index, follow, max-snippet:-1, max-image-preview:large, max-video-preview:-1\" \/>\n<link rel=\"canonical\" href=\"https:\/\/coria.org\/ayuntamiento\/index.php\/2015\/02\/05\/exposicion-la-energia-nos-mueve-ciencia-para-una-energia-mas-limpia-sostenible-y-accesible\/\" \/>\n<meta property=\"og:locale\" content=\"es_ES\" \/>\n<meta property=\"og:type\" content=\"article\" \/>\n<meta property=\"og:title\" content=\"Exposici\u00f3n: La energ\u00eda nos mueve. Ciencia para una energ\u00eda m\u00e1s limpia, sostenible y accesible - Ayuntamiento de Coria\" \/>\n<meta property=\"og:description\" content=\"Exposici\u00f3n en la Casa de Cultura de Coria del 13\/02\/2015 al 13\/03\/2015. Esta actividad pertenece a Ciudad Ciencia, se trata de un proyecto de divulgaci\u00f3n cient\u00edfica del Consejo Superior de Investigaciones Cient\u00edficas (CSIC), la Obra Social &quot;la Caixa&quot; y varios ayuntamientos entre los que se encuentra el Ayuntamiento de Coria.\" \/>\n<meta property=\"og:url\" content=\"https:\/\/coria.org\/ayuntamiento\/index.php\/2015\/02\/05\/exposicion-la-energia-nos-mueve-ciencia-para-una-energia-mas-limpia-sostenible-y-accesible\/\" \/>\n<meta property=\"og:site_name\" content=\"Ayuntamiento de Coria\" \/>\n<meta property=\"article:publisher\" content=\"https:\/\/www.facebook.com\/Ayuntamiento.de.Coria\" \/>\n<meta property=\"article:published_time\" content=\"2015-02-05T00:00:00+00:00\" \/>\n<meta property=\"article:modified_time\" content=\"2024-10-11T06:37:05+00:00\" \/>\n<meta property=\"og:image\" content=\"https:\/\/coria.org\/ayuntamiento\/wp-content\/uploads\/2015\/02\/la-energia-nos-mueve.webp\" \/>\n\t<meta property=\"og:image:width\" content=\"919\" \/>\n\t<meta property=\"og:image:height\" content=\"550\" \/>\n\t<meta property=\"og:image:type\" content=\"image\/webp\" \/>\n<meta name=\"author\" content=\"ayuntamiento\" \/>\n<meta name=\"twitter:card\" content=\"summary_large_image\" \/>\n<meta name=\"twitter:creator\" content=\"@Ayto_de_Coria\" \/>\n<meta name=\"twitter:site\" content=\"@Ayto_de_Coria\" \/>\n<meta name=\"twitter:label1\" content=\"Escrito por\" \/>\n\t<meta name=\"twitter:data1\" content=\"ayuntamiento\" \/>\n\t<meta name=\"twitter:label2\" content=\"Tiempo de lectura\" \/>\n\t<meta name=\"twitter:data2\" content=\"2 minutos\" \/>\n<script type=\"application\/ld+json\" class=\"yoast-schema-graph\">{\"@context\":\"https:\\\/\\\/schema.org\",\"@graph\":[{\"@type\":\"Article\",\"@id\":\"https:\\\/\\\/coria.org\\\/ayuntamiento\\\/index.php\\\/2015\\\/02\\\/05\\\/exposicion-la-energia-nos-mueve-ciencia-para-una-energia-mas-limpia-sostenible-y-accesible\\\/#article\",\"isPartOf\":{\"@id\":\"https:\\\/\\\/coria.org\\\/ayuntamiento\\\/index.php\\\/2015\\\/02\\\/05\\\/exposicion-la-energia-nos-mueve-ciencia-para-una-energia-mas-limpia-sostenible-y-accesible\\\/\"},\"author\":{\"name\":\"ayuntamiento\",\"@id\":\"https:\\\/\\\/coria.org\\\/ayuntamiento\\\/#\\\/schema\\\/person\\\/8bd589f0e13e8ae5aa06def7a599d622\"},\"headline\":\"Exposici\u00f3n: La energ\u00eda nos mueve. Ciencia para una energ\u00eda m\u00e1s limpia, sostenible y accesible\",\"datePublished\":\"2015-02-05T00:00:00+00:00\",\"dateModified\":\"2024-10-11T06:37:05+00:00\",\"mainEntityOfPage\":{\"@id\":\"https:\\\/\\\/coria.org\\\/ayuntamiento\\\/index.php\\\/2015\\\/02\\\/05\\\/exposicion-la-energia-nos-mueve-ciencia-para-una-energia-mas-limpia-sostenible-y-accesible\\\/\"},\"wordCount\":229,\"publisher\":{\"@id\":\"https:\\\/\\\/coria.org\\\/ayuntamiento\\\/#organization\"},\"image\":{\"@id\":\"https:\\\/\\\/coria.org\\\/ayuntamiento\\\/index.php\\\/2015\\\/02\\\/05\\\/exposicion-la-energia-nos-mueve-ciencia-para-una-energia-mas-limpia-sostenible-y-accesible\\\/#primaryimage\"},\"thumbnailUrl\":\"https:\\\/\\\/coria.org\\\/ayuntamiento\\\/wp-content\\\/uploads\\\/2015\\\/02\\\/la-energia-nos-mueve.webp\",\"keywords\":[\"ciudad ciencia\"],\"articleSection\":[\"Noticias\"],\"inLanguage\":\"es\"},{\"@type\":\"WebPage\",\"@id\":\"https:\\\/\\\/coria.org\\\/ayuntamiento\\\/index.php\\\/2015\\\/02\\\/05\\\/exposicion-la-energia-nos-mueve-ciencia-para-una-energia-mas-limpia-sostenible-y-accesible\\\/\",\"url\":\"https:\\\/\\\/coria.org\\\/ayuntamiento\\\/index.php\\\/2015\\\/02\\\/05\\\/exposicion-la-energia-nos-mueve-ciencia-para-una-energia-mas-limpia-sostenible-y-accesible\\\/\",\"name\":\"Exposici\u00f3n: La energ\u00eda nos mueve. Ciencia para una energ\u00eda m\u00e1s limpia, sostenible y accesible - Ayuntamiento de Coria\",\"isPartOf\":{\"@id\":\"https:\\\/\\\/coria.org\\\/ayuntamiento\\\/#website\"},\"primaryImageOfPage\":{\"@id\":\"https:\\\/\\\/coria.org\\\/ayuntamiento\\\/index.php\\\/2015\\\/02\\\/05\\\/exposicion-la-energia-nos-mueve-ciencia-para-una-energia-mas-limpia-sostenible-y-accesible\\\/#primaryimage\"},\"image\":{\"@id\":\"https:\\\/\\\/coria.org\\\/ayuntamiento\\\/index.php\\\/2015\\\/02\\\/05\\\/exposicion-la-energia-nos-mueve-ciencia-para-una-energia-mas-limpia-sostenible-y-accesible\\\/#primaryimage\"},\"thumbnailUrl\":\"https:\\\/\\\/coria.org\\\/ayuntamiento\\\/wp-content\\\/uploads\\\/2015\\\/02\\\/la-energia-nos-mueve.webp\",\"datePublished\":\"2015-02-05T00:00:00+00:00\",\"dateModified\":\"2024-10-11T06:37:05+00:00\",\"description\":\"Exposici\u00f3n en la Casa de Cultura de Coria del 13\\\/02\\\/2015 al 13\\\/03\\\/2015. Esta actividad pertenece a Ciudad Ciencia, se trata de un proyecto de divulgaci\u00f3n cient\u00edfica del Consejo Superior de Investigaciones Cient\u00edficas (CSIC), la Obra Social \\\"la Caixa\\\" y varios ayuntamientos entre los que se encuentra el Ayuntamiento de Coria.\",\"breadcrumb\":{\"@id\":\"https:\\\/\\\/coria.org\\\/ayuntamiento\\\/index.php\\\/2015\\\/02\\\/05\\\/exposicion-la-energia-nos-mueve-ciencia-para-una-energia-mas-limpia-sostenible-y-accesible\\\/#breadcrumb\"},\"inLanguage\":\"es\",\"potentialAction\":[{\"@type\":\"ReadAction\",\"target\":[\"https:\\\/\\\/coria.org\\\/ayuntamiento\\\/index.php\\\/2015\\\/02\\\/05\\\/exposicion-la-energia-nos-mueve-ciencia-para-una-energia-mas-limpia-sostenible-y-accesible\\\/\"]}]},{\"@type\":\"ImageObject\",\"inLanguage\":\"es\",\"@id\":\"https:\\\/\\\/coria.org\\\/ayuntamiento\\\/index.php\\\/2015\\\/02\\\/05\\\/exposicion-la-energia-nos-mueve-ciencia-para-una-energia-mas-limpia-sostenible-y-accesible\\\/#primaryimage\",\"url\":\"https:\\\/\\\/coria.org\\\/ayuntamiento\\\/wp-content\\\/uploads\\\/2015\\\/02\\\/la-energia-nos-mueve.webp\",\"contentUrl\":\"https:\\\/\\\/coria.org\\\/ayuntamiento\\\/wp-content\\\/uploads\\\/2015\\\/02\\\/la-energia-nos-mueve.webp\",\"width\":919,\"height\":550},{\"@type\":\"BreadcrumbList\",\"@id\":\"https:\\\/\\\/coria.org\\\/ayuntamiento\\\/index.php\\\/2015\\\/02\\\/05\\\/exposicion-la-energia-nos-mueve-ciencia-para-una-energia-mas-limpia-sostenible-y-accesible\\\/#breadcrumb\",\"itemListElement\":[{\"@type\":\"ListItem\",\"position\":1,\"name\":\"Inicio\",\"item\":\"https:\\\/\\\/coria.org\\\/ayuntamiento\\\/\"},{\"@type\":\"ListItem\",\"position\":2,\"name\":\"Exposici\u00f3n: La energ\u00eda nos mueve. Ciencia para una energ\u00eda m\u00e1s limpia, sostenible y accesible\"}]},{\"@type\":\"WebSite\",\"@id\":\"https:\\\/\\\/coria.org\\\/ayuntamiento\\\/#website\",\"url\":\"https:\\\/\\\/coria.org\\\/ayuntamiento\\\/\",\"name\":\"Ayuntamiento de Coria\",\"description\":\"Web oficial del Ayuntamiento de Coria\",\"publisher\":{\"@id\":\"https:\\\/\\\/coria.org\\\/ayuntamiento\\\/#organization\"},\"alternateName\":\"Web Oficial del Ayuntamiento de Coria\",\"potentialAction\":[{\"@type\":\"SearchAction\",\"target\":{\"@type\":\"EntryPoint\",\"urlTemplate\":\"https:\\\/\\\/coria.org\\\/ayuntamiento\\\/?s={search_term_string}\"},\"query-input\":{\"@type\":\"PropertyValueSpecification\",\"valueRequired\":true,\"valueName\":\"search_term_string\"}}],\"inLanguage\":\"es\"},{\"@type\":\"Organization\",\"@id\":\"https:\\\/\\\/coria.org\\\/ayuntamiento\\\/#organization\",\"name\":\"Ayuntamiento de Coria\",\"alternateName\":\"Ayto de Coria\",\"url\":\"https:\\\/\\\/coria.org\\\/ayuntamiento\\\/\",\"logo\":{\"@type\":\"ImageObject\",\"inLanguage\":\"es\",\"@id\":\"https:\\\/\\\/coria.org\\\/ayuntamiento\\\/#\\\/schema\\\/logo\\\/image\\\/\",\"url\":\"https:\\\/\\\/coria.org\\\/ayuntamiento\\\/wp-content\\\/uploads\\\/2020\\\/12\\\/escudo-ayuntamiento-coria.png\",\"contentUrl\":\"https:\\\/\\\/coria.org\\\/ayuntamiento\\\/wp-content\\\/uploads\\\/2020\\\/12\\\/escudo-ayuntamiento-coria.png\",\"width\":511,\"height\":240,\"caption\":\"Ayuntamiento de Coria\"},\"image\":{\"@id\":\"https:\\\/\\\/coria.org\\\/ayuntamiento\\\/#\\\/schema\\\/logo\\\/image\\\/\"},\"sameAs\":[\"https:\\\/\\\/www.facebook.com\\\/Ayuntamiento.de.Coria\",\"https:\\\/\\\/x.com\\\/Ayto_de_Coria\",\"https:\\\/\\\/www.instagram.com\\\/coria.ayuntamiento\\\/\",\"https:\\\/\\\/www.youtube.com\\\/user\\\/AYUNTAMIENTOCORIA\"]},{\"@type\":\"Person\",\"@id\":\"https:\\\/\\\/coria.org\\\/ayuntamiento\\\/#\\\/schema\\\/person\\\/8bd589f0e13e8ae5aa06def7a599d622\",\"name\":\"ayuntamiento\",\"image\":{\"@type\":\"ImageObject\",\"inLanguage\":\"es\",\"@id\":\"https:\\\/\\\/secure.gravatar.com\\\/avatar\\\/966e5ed73cad334adda5c87f49f2547f7082f7292c1b627cbb548744383b391c?s=96&d=mm&r=g\",\"url\":\"https:\\\/\\\/secure.gravatar.com\\\/avatar\\\/966e5ed73cad334adda5c87f49f2547f7082f7292c1b627cbb548744383b391c?s=96&d=mm&r=g\",\"contentUrl\":\"https:\\\/\\\/secure.gravatar.com\\\/avatar\\\/966e5ed73cad334adda5c87f49f2547f7082f7292c1b627cbb548744383b391c?s=96&d=mm&r=g\",\"caption\":\"ayuntamiento\"}}]}<\/script>\n<!-- \/ Yoast SEO plugin. -->","yoast_head_json":{"title":"Exposici\u00f3n: La energ\u00eda nos mueve. Ciencia para una energ\u00eda m\u00e1s limpia, sostenible y accesible - Ayuntamiento de Coria","description":"Exposici\u00f3n en la Casa de Cultura de Coria del 13\/02\/2015 al 13\/03\/2015. Esta actividad pertenece a Ciudad Ciencia, se trata de un proyecto de divulgaci\u00f3n cient\u00edfica del Consejo Superior de Investigaciones Cient\u00edficas (CSIC), la Obra Social \"la Caixa\" y varios ayuntamientos entre los que se encuentra el Ayuntamiento de Coria.","robots":{"index":"index","follow":"follow","max-snippet":"max-snippet:-1","max-image-preview":"max-image-preview:large","max-video-preview":"max-video-preview:-1"},"canonical":"https:\/\/coria.org\/ayuntamiento\/index.php\/2015\/02\/05\/exposicion-la-energia-nos-mueve-ciencia-para-una-energia-mas-limpia-sostenible-y-accesible\/","og_locale":"es_ES","og_type":"article","og_title":"Exposici\u00f3n: La energ\u00eda nos mueve. Ciencia para una energ\u00eda m\u00e1s limpia, sostenible y accesible - Ayuntamiento de Coria","og_description":"Exposici\u00f3n en la Casa de Cultura de Coria del 13\/02\/2015 al 13\/03\/2015. Esta actividad pertenece a Ciudad Ciencia, se trata de un proyecto de divulgaci\u00f3n cient\u00edfica del Consejo Superior de Investigaciones Cient\u00edficas (CSIC), la Obra Social \"la Caixa\" y varios ayuntamientos entre los que se encuentra el Ayuntamiento de Coria.","og_url":"https:\/\/coria.org\/ayuntamiento\/index.php\/2015\/02\/05\/exposicion-la-energia-nos-mueve-ciencia-para-una-energia-mas-limpia-sostenible-y-accesible\/","og_site_name":"Ayuntamiento de Coria","article_publisher":"https:\/\/www.facebook.com\/Ayuntamiento.de.Coria","article_published_time":"2015-02-05T00:00:00+00:00","article_modified_time":"2024-10-11T06:37:05+00:00","og_image":[{"width":919,"height":550,"url":"https:\/\/coria.org\/ayuntamiento\/wp-content\/uploads\/2015\/02\/la-energia-nos-mueve.webp","type":"image\/webp"}],"author":"ayuntamiento","twitter_card":"summary_large_image","twitter_creator":"@Ayto_de_Coria","twitter_site":"@Ayto_de_Coria","twitter_misc":{"Escrito por":"ayuntamiento","Tiempo de lectura":"2 minutos"},"schema":{"@context":"https:\/\/schema.org","@graph":[{"@type":"Article","@id":"https:\/\/coria.org\/ayuntamiento\/index.php\/2015\/02\/05\/exposicion-la-energia-nos-mueve-ciencia-para-una-energia-mas-limpia-sostenible-y-accesible\/#article","isPartOf":{"@id":"https:\/\/coria.org\/ayuntamiento\/index.php\/2015\/02\/05\/exposicion-la-energia-nos-mueve-ciencia-para-una-energia-mas-limpia-sostenible-y-accesible\/"},"author":{"name":"ayuntamiento","@id":"https:\/\/coria.org\/ayuntamiento\/#\/schema\/person\/8bd589f0e13e8ae5aa06def7a599d622"},"headline":"Exposici\u00f3n: La energ\u00eda nos mueve. Ciencia para una energ\u00eda m\u00e1s limpia, sostenible y accesible","datePublished":"2015-02-05T00:00:00+00:00","dateModified":"2024-10-11T06:37:05+00:00","mainEntityOfPage":{"@id":"https:\/\/coria.org\/ayuntamiento\/index.php\/2015\/02\/05\/exposicion-la-energia-nos-mueve-ciencia-para-una-energia-mas-limpia-sostenible-y-accesible\/"},"wordCount":229,"publisher":{"@id":"https:\/\/coria.org\/ayuntamiento\/#organization"},"image":{"@id":"https:\/\/coria.org\/ayuntamiento\/index.php\/2015\/02\/05\/exposicion-la-energia-nos-mueve-ciencia-para-una-energia-mas-limpia-sostenible-y-accesible\/#primaryimage"},"thumbnailUrl":"https:\/\/coria.org\/ayuntamiento\/wp-content\/uploads\/2015\/02\/la-energia-nos-mueve.webp","keywords":["ciudad ciencia"],"articleSection":["Noticias"],"inLanguage":"es"},{"@type":"WebPage","@id":"https:\/\/coria.org\/ayuntamiento\/index.php\/2015\/02\/05\/exposicion-la-energia-nos-mueve-ciencia-para-una-energia-mas-limpia-sostenible-y-accesible\/","url":"https:\/\/coria.org\/ayuntamiento\/index.php\/2015\/02\/05\/exposicion-la-energia-nos-mueve-ciencia-para-una-energia-mas-limpia-sostenible-y-accesible\/","name":"Exposici\u00f3n: La energ\u00eda nos mueve. Ciencia para una energ\u00eda m\u00e1s limpia, sostenible y accesible - Ayuntamiento de Coria","isPartOf":{"@id":"https:\/\/coria.org\/ayuntamiento\/#website"},"primaryImageOfPage":{"@id":"https:\/\/coria.org\/ayuntamiento\/index.php\/2015\/02\/05\/exposicion-la-energia-nos-mueve-ciencia-para-una-energia-mas-limpia-sostenible-y-accesible\/#primaryimage"},"image":{"@id":"https:\/\/coria.org\/ayuntamiento\/index.php\/2015\/02\/05\/exposicion-la-energia-nos-mueve-ciencia-para-una-energia-mas-limpia-sostenible-y-accesible\/#primaryimage"},"thumbnailUrl":"https:\/\/coria.org\/ayuntamiento\/wp-content\/uploads\/2015\/02\/la-energia-nos-mueve.webp","datePublished":"2015-02-05T00:00:00+00:00","dateModified":"2024-10-11T06:37:05+00:00","description":"Exposici\u00f3n en la Casa de Cultura de Coria del 13\/02\/2015 al 13\/03\/2015. Esta actividad pertenece a Ciudad Ciencia, se trata de un proyecto de divulgaci\u00f3n cient\u00edfica del Consejo Superior de Investigaciones Cient\u00edficas (CSIC), la Obra Social \"la Caixa\" y varios ayuntamientos entre los que se encuentra el Ayuntamiento de Coria.","breadcrumb":{"@id":"https:\/\/coria.org\/ayuntamiento\/index.php\/2015\/02\/05\/exposicion-la-energia-nos-mueve-ciencia-para-una-energia-mas-limpia-sostenible-y-accesible\/#breadcrumb"},"inLanguage":"es","potentialAction":[{"@type":"ReadAction","target":["https:\/\/coria.org\/ayuntamiento\/index.php\/2015\/02\/05\/exposicion-la-energia-nos-mueve-ciencia-para-una-energia-mas-limpia-sostenible-y-accesible\/"]}]},{"@type":"ImageObject","inLanguage":"es","@id":"https:\/\/coria.org\/ayuntamiento\/index.php\/2015\/02\/05\/exposicion-la-energia-nos-mueve-ciencia-para-una-energia-mas-limpia-sostenible-y-accesible\/#primaryimage","url":"https:\/\/coria.org\/ayuntamiento\/wp-content\/uploads\/2015\/02\/la-energia-nos-mueve.webp","contentUrl":"https:\/\/coria.org\/ayuntamiento\/wp-content\/uploads\/2015\/02\/la-energia-nos-mueve.webp","width":919,"height":550},{"@type":"BreadcrumbList","@id":"https:\/\/coria.org\/ayuntamiento\/index.php\/2015\/02\/05\/exposicion-la-energia-nos-mueve-ciencia-para-una-energia-mas-limpia-sostenible-y-accesible\/#breadcrumb","itemListElement":[{"@type":"ListItem","position":1,"name":"Inicio","item":"https:\/\/coria.org\/ayuntamiento\/"},{"@type":"ListItem","position":2,"name":"Exposici\u00f3n: La energ\u00eda nos mueve. Ciencia para una energ\u00eda m\u00e1s limpia, sostenible y accesible"}]},{"@type":"WebSite","@id":"https:\/\/coria.org\/ayuntamiento\/#website","url":"https:\/\/coria.org\/ayuntamiento\/","name":"Ayuntamiento de Coria","description":"Web oficial del Ayuntamiento de Coria","publisher":{"@id":"https:\/\/coria.org\/ayuntamiento\/#organization"},"alternateName":"Web Oficial del Ayuntamiento de Coria","potentialAction":[{"@type":"SearchAction","target":{"@type":"EntryPoint","urlTemplate":"https:\/\/coria.org\/ayuntamiento\/?s={search_term_string}"},"query-input":{"@type":"PropertyValueSpecification","valueRequired":true,"valueName":"search_term_string"}}],"inLanguage":"es"},{"@type":"Organization","@id":"https:\/\/coria.org\/ayuntamiento\/#organization","name":"Ayuntamiento de Coria","alternateName":"Ayto de Coria","url":"https:\/\/coria.org\/ayuntamiento\/","logo":{"@type":"ImageObject","inLanguage":"es","@id":"https:\/\/coria.org\/ayuntamiento\/#\/schema\/logo\/image\/","url":"https:\/\/coria.org\/ayuntamiento\/wp-content\/uploads\/2020\/12\/escudo-ayuntamiento-coria.png","contentUrl":"https:\/\/coria.org\/ayuntamiento\/wp-content\/uploads\/2020\/12\/escudo-ayuntamiento-coria.png","width":511,"height":240,"caption":"Ayuntamiento de Coria"},"image":{"@id":"https:\/\/coria.org\/ayuntamiento\/#\/schema\/logo\/image\/"},"sameAs":["https:\/\/www.facebook.com\/Ayuntamiento.de.Coria","https:\/\/x.com\/Ayto_de_Coria","https:\/\/www.instagram.com\/coria.ayuntamiento\/","https:\/\/www.youtube.com\/user\/AYUNTAMIENTOCORIA"]},{"@type":"Person","@id":"https:\/\/coria.org\/ayuntamiento\/#\/schema\/person\/8bd589f0e13e8ae5aa06def7a599d622","name":"ayuntamiento","image":{"@type":"ImageObject","inLanguage":"es","@id":"https:\/\/secure.gravatar.com\/avatar\/966e5ed73cad334adda5c87f49f2547f7082f7292c1b627cbb548744383b391c?s=96&d=mm&r=g","url":"https:\/\/secure.gravatar.com\/avatar\/966e5ed73cad334adda5c87f49f2547f7082f7292c1b627cbb548744383b391c?s=96&d=mm&r=g","contentUrl":"https:\/\/secure.gravatar.com\/avatar\/966e5ed73cad334adda5c87f49f2547f7082f7292c1b627cbb548744383b391c?s=96&d=mm&r=g","caption":"ayuntamiento"}}]}},"uagb_featured_image_src":{"full":["https:\/\/coria.org\/ayuntamiento\/wp-content\/uploads\/2015\/02\/la-energia-nos-mueve.webp",919,550,false],"thumbnail":["https:\/\/coria.org\/ayuntamiento\/wp-content\/uploads\/2015\/02\/la-energia-nos-mueve-150x150.webp",150,150,true],"medium":["https:\/\/coria.org\/ayuntamiento\/wp-content\/uploads\/2015\/02\/la-energia-nos-mueve.webp",919,550,false],"medium_large":["https:\/\/coria.org\/ayuntamiento\/wp-content\/uploads\/2015\/02\/la-energia-nos-mueve-768x460.webp",768,460,true],"large":["https:\/\/coria.org\/ayuntamiento\/wp-content\/uploads\/2015\/02\/la-energia-nos-mueve.webp",919,550,false],"thumblist":["https:\/\/coria.org\/ayuntamiento\/wp-content\/uploads\/2015\/02\/la-energia-nos-mueve-300x300.webp",300,300,true],"thumbrelated":["https:\/\/coria.org\/ayuntamiento\/wp-content\/uploads\/2015\/02\/la-energia-nos-mueve-500x500.webp",500,500,true],"meccarouselthumb":["https:\/\/coria.org\/ayuntamiento\/wp-content\/uploads\/2015\/02\/la-energia-nos-mueve-474x324.webp",474,324,true],"gridsquare":["https:\/\/coria.org\/ayuntamiento\/wp-content\/uploads\/2015\/02\/la-energia-nos-mueve-391x260.webp",391,260,true],"tileview":["https:\/\/coria.org\/ayuntamiento\/wp-content\/uploads\/2015\/02\/la-energia-nos-mueve-300x400.webp",300,400,true],"1536x1536":["https:\/\/coria.org\/ayuntamiento\/wp-content\/uploads\/2015\/02\/la-energia-nos-mueve.webp",919,550,false],"2048x2048":["https:\/\/coria.org\/ayuntamiento\/wp-content\/uploads\/2015\/02\/la-energia-nos-mueve.webp",919,550,false]},"uagb_author_info":{"display_name":"ayuntamiento","author_link":"https:\/\/coria.org\/ayuntamiento\/index.php\/author\/ayuntamiento\/"},"uagb_comment_info":0,"uagb_excerpt":"Exposici\u00f3n en la Casa de Cultura de Coria del 13\/02\/2015 al 13\/03\/2015. Esta actividad pertenece a Ciudad Ciencia, se trata de un proyecto de divulgaci\u00f3n cient\u00edfica del Consejo Superior de Investigaciones Cient\u00edficas (CSIC), la Obra Social \u00abla Caixa\u00bb y varios ayuntamientos entre los que se encuentra el Ayuntamiento de Coria. La exposici\u00f3n \u00abLa energ\u00eda nos&hellip;","_links":{"self":[{"href":"https:\/\/coria.org\/ayuntamiento\/index.php\/wp-json\/wp\/v2\/posts\/27530","targetHints":{"allow":["GET"]}}],"collection":[{"href":"https:\/\/coria.org\/ayuntamiento\/index.php\/wp-json\/wp\/v2\/posts"}],"about":[{"href":"https:\/\/coria.org\/ayuntamiento\/index.php\/wp-json\/wp\/v2\/types\/post"}],"author":[{"embeddable":true,"href":"https:\/\/coria.org\/ayuntamiento\/index.php\/wp-json\/wp\/v2\/users\/2"}],"replies":[{"embeddable":true,"href":"https:\/\/coria.org\/ayuntamiento\/index.php\/wp-json\/wp\/v2\/comments?post=27530"}],"version-history":[{"count":0,"href":"https:\/\/coria.org\/ayuntamiento\/index.php\/wp-json\/wp\/v2\/posts\/27530\/revisions"}],"wp:featuredmedia":[{"embeddable":true,"href":"https:\/\/coria.org\/ayuntamiento\/index.php\/wp-json\/wp\/v2\/media\/62769"}],"wp:attachment":[{"href":"https:\/\/coria.org\/ayuntamiento\/index.php\/wp-json\/wp\/v2\/media?parent=27530"}],"wp:term":[{"taxonomy":"category","embeddable":true,"href":"https:\/\/coria.org\/ayuntamiento\/index.php\/wp-json\/wp\/v2\/categories?post=27530"},{"taxonomy":"post_tag","embeddable":true,"href":"https:\/\/coria.org\/ayuntamiento\/index.php\/wp-json\/wp\/v2\/tags?post=27530"}],"curies":[{"name":"wp","href":"https:\/\/api.w.org\/{rel}","templated":true}]}}