{"id":27463,"date":"2003-05-15T00:00:00","date_gmt":"2003-05-14T22:00:00","guid":{"rendered":"https:\/\/ayuntamiento.coriaenimagenes.com\/iv-jornadas-interculturales\/"},"modified":"2023-09-18T13:31:58","modified_gmt":"2023-09-18T11:31:58","slug":"iv-jornadas-interculturales","status":"publish","type":"post","link":"https:\/\/coria.org\/ayuntamiento\/index.php\/2003\/05\/15\/iv-jornadas-interculturales\/","title":{"rendered":"IV Jornadas Interculturales"},"content":{"rendered":"\n<p><b>Del 13 al 17 de mayo de 2003 tienen lugar estas jornadas organizadas por la Concejal\u00eda de Juventud del Excmo. Ayuntamiento de Coria, en colaboraci\u00f3n con los Centros Escolares de Primaria y Secundaria, AMPAS de Coria, Voluntariado, NCC de Coria y UPIM. Este a\u00f1o el lema es Un Mundo para todos.<\/b><\/p>\n\n\n\n<p><b><\/b>Las jornadas desarrollar\u00e1n charlas-coloquios, mesas redondas, etc, as\u00ed como otras actividades culturales como exposiciones, teatro y bailes t\u00edpicos.<\/p>\n\n\n\n<p>El programa de actividades es el siguiente:<\/p>\n\n\n\n<p>D\u00eda 13 de mayo, martes<\/p>\n\n\n\n<p>Charla-Coloquio: An\u00e1lisis sobre la guerra de Irak. <br \/>Intervienen: M\u00aa Jos\u00e9 Merinero Mart\u00edn (Universidad de Extremadura) <br \/>Lugar: Casa de Cultura a las 20:30 h.<\/p>\n\n\n\n<p>D\u00eda 14 de mayo, mi\u00e9rcoles<\/p>\n\n\n\n<p>Taller sobre Interculturalidad<br \/>Organiza: Consejo de la Juventud de Extremadura. <br \/>Lugar: Casa de Cultura a las 18:00 h.<\/p>\n\n\n\n<p>Mesa Redonda: Ocio y Tiempo Libre en las diferentes Culturas.. <br \/>Intervienen: Laura Gusoiu (Rumania), Luis S\u00e1nchez Amato (Argentina), Salah Abdin (Palestina), Zroug Yeslem Mohamed (Sahara Occidental), F\u00e1tima (Senegal),y Brouchrd (Marruecos). <br \/>Modera: Sonia Montero (UPIM). <br \/>Lugar: Casa de Cultura a las 20:30 h.<\/p>\n\n\n\n<p>Bailes T\u00edpicos de diferentes pa\u00edses.<\/p>\n\n\n\n<p>D\u00eda 15 de mayo, jueves<\/p>\n\n\n\n<p>Teatro Infantil <br \/>Compa\u00f1\u00eda: El Peque\u00f1o Sastre<br \/>Obras: Don Oso a bordo (17:00 h.) y El Sapo real (19:00 h.). <br \/>Organiza: AMPAS de Centros Escolares.<\/p>\n\n\n\n<p>D\u00eda 16 de mayo, jueves<\/p>\n\n\n\n<p>Comida de Convivencia, con platos t\u00edpicos de diferentes pa\u00edses. <br \/>Lugar: Pabell\u00f3n de Deportes.<\/p>\n\n\n\n<p>XIII Premio de Cuentos Ciudad de Coria<br \/>Lugar: Ayuntamiento de Coria, a las 21:00 h.<\/p>\n\n\n\n<p>Teatro <br \/>Compa\u00f1\u00eda: Grupo de teatro AJITAR (Idanha-a-Nova) <br \/>Obra: A noite dos assassinos. <br \/>Lugar: Casa de Cultura a las 21:30 h.<\/p>\n\n\n\n<p>D\u00eda 16 de mayo, jueves<\/p>\n\n\n\n<p>M\u00fasica y danza de las tres Culturas de Espa\u00f1a.(Cristiana, Sefard\u00ed y Andalus\u00ed) <br \/>Grupo Al-Quimia<br \/>Patrocina: Diputaci\u00f3n de C\u00e1ceres. Instituci\u00f3n Cultural El Brocense<br \/>Lugar: Casa de Cultura, a las 22:00 h.<\/p>\n\n\n\n<p>Exposici\u00f3n de Carteles y Exposici\u00f3n Intercultural<br \/>Trajes t\u00edpicos, utensilios, adornos, fotograf\u00edas, etc. <br \/>Del 13 al 17 de mayo en la Casa de la Cultura.<\/p>\n","protected":false},"excerpt":{"rendered":"<p>Del 13 al 17 de mayo de 2003 tienen lugar estas jornadas organizadas por la Concejal\u00eda de Juventud del Excmo. Ayuntamiento de Coria, en colaboraci\u00f3n con los Centros Escolares de Primaria y Secundaria, AMPAS de Coria, Voluntariado, NCC de Coria y UPIM. Este a\u00f1o el lema es Un Mundo para todos. Las jornadas desarrollar\u00e1n charlas-coloquios, [&hellip;]<\/p>\n","protected":false},"author":2,"featured_media":0,"comment_status":"closed","ping_status":"closed","sticky":false,"template":"","format":"standard","meta":{"_uag_custom_page_level_css":"","footnotes":""},"categories":[2],"tags":[3,4,674,698],"class_list":["post-27463","post","type-post","status-publish","format-standard","hentry","category-noticias","tag-coria","tag-extremadura","tag-interculturales","tag-jornadas"],"yoast_head":"<!-- This site is optimized with the Yoast SEO plugin v27.4 - https:\/\/yoast.com\/product\/yoast-seo-wordpress\/ -->\n<title>IV Jornadas Interculturales - Ayuntamiento de Coria<\/title>\n<meta name=\"robots\" content=\"index, follow, max-snippet:-1, max-image-preview:large, max-video-preview:-1\" \/>\n<link rel=\"canonical\" href=\"https:\/\/coria.org\/ayuntamiento\/index.php\/2003\/05\/15\/iv-jornadas-interculturales\/\" \/>\n<meta property=\"og:locale\" content=\"es_ES\" \/>\n<meta property=\"og:type\" content=\"article\" \/>\n<meta property=\"og:title\" content=\"IV Jornadas Interculturales - Ayuntamiento de Coria\" \/>\n<meta property=\"og:description\" content=\"Del 13 al 17 de mayo de 2003 tienen lugar estas jornadas organizadas por la Concejal\u00eda de Juventud del Excmo. Ayuntamiento de Coria, en colaboraci\u00f3n con los Centros Escolares de Primaria y Secundaria, AMPAS de Coria, Voluntariado, NCC de Coria y UPIM. Este a\u00f1o el lema es Un Mundo para todos. Las jornadas desarrollar\u00e1n charlas-coloquios, [&hellip;]\" \/>\n<meta property=\"og:url\" content=\"https:\/\/coria.org\/ayuntamiento\/index.php\/2003\/05\/15\/iv-jornadas-interculturales\/\" \/>\n<meta property=\"og:site_name\" content=\"Ayuntamiento de Coria\" \/>\n<meta property=\"article:publisher\" content=\"https:\/\/www.facebook.com\/Ayuntamiento.de.Coria\" \/>\n<meta property=\"article:published_time\" content=\"2003-05-14T22:00:00+00:00\" \/>\n<meta property=\"article:modified_time\" content=\"2023-09-18T11:31:58+00:00\" \/>\n<meta name=\"author\" content=\"ayuntamiento\" \/>\n<meta name=\"twitter:card\" content=\"summary_large_image\" \/>\n<meta name=\"twitter:creator\" content=\"@Ayto_de_Coria\" \/>\n<meta name=\"twitter:site\" content=\"@Ayto_de_Coria\" \/>\n<meta name=\"twitter:label1\" content=\"Escrito por\" \/>\n\t<meta name=\"twitter:data1\" content=\"ayuntamiento\" \/>\n\t<meta name=\"twitter:label2\" content=\"Tiempo de lectura\" \/>\n\t<meta name=\"twitter:data2\" content=\"2 minutos\" \/>\n<script type=\"application\/ld+json\" class=\"yoast-schema-graph\">{\"@context\":\"https:\\\/\\\/schema.org\",\"@graph\":[{\"@type\":\"Article\",\"@id\":\"https:\\\/\\\/coria.org\\\/ayuntamiento\\\/index.php\\\/2003\\\/05\\\/15\\\/iv-jornadas-interculturales\\\/#article\",\"isPartOf\":{\"@id\":\"https:\\\/\\\/coria.org\\\/ayuntamiento\\\/index.php\\\/2003\\\/05\\\/15\\\/iv-jornadas-interculturales\\\/\"},\"author\":{\"name\":\"ayuntamiento\",\"@id\":\"https:\\\/\\\/coria.org\\\/ayuntamiento\\\/#\\\/schema\\\/person\\\/8bd589f0e13e8ae5aa06def7a599d622\"},\"headline\":\"IV Jornadas Interculturales\",\"datePublished\":\"2003-05-14T22:00:00+00:00\",\"dateModified\":\"2023-09-18T11:31:58+00:00\",\"mainEntityOfPage\":{\"@id\":\"https:\\\/\\\/coria.org\\\/ayuntamiento\\\/index.php\\\/2003\\\/05\\\/15\\\/iv-jornadas-interculturales\\\/\"},\"wordCount\":328,\"publisher\":{\"@id\":\"https:\\\/\\\/coria.org\\\/ayuntamiento\\\/#organization\"},\"keywords\":[\"coria\",\"extremadura\",\"interculturales\",\"jornadas\"],\"articleSection\":[\"Noticias\"],\"inLanguage\":\"es\"},{\"@type\":\"WebPage\",\"@id\":\"https:\\\/\\\/coria.org\\\/ayuntamiento\\\/index.php\\\/2003\\\/05\\\/15\\\/iv-jornadas-interculturales\\\/\",\"url\":\"https:\\\/\\\/coria.org\\\/ayuntamiento\\\/index.php\\\/2003\\\/05\\\/15\\\/iv-jornadas-interculturales\\\/\",\"name\":\"IV Jornadas Interculturales - Ayuntamiento de Coria\",\"isPartOf\":{\"@id\":\"https:\\\/\\\/coria.org\\\/ayuntamiento\\\/#website\"},\"datePublished\":\"2003-05-14T22:00:00+00:00\",\"dateModified\":\"2023-09-18T11:31:58+00:00\",\"breadcrumb\":{\"@id\":\"https:\\\/\\\/coria.org\\\/ayuntamiento\\\/index.php\\\/2003\\\/05\\\/15\\\/iv-jornadas-interculturales\\\/#breadcrumb\"},\"inLanguage\":\"es\",\"potentialAction\":[{\"@type\":\"ReadAction\",\"target\":[\"https:\\\/\\\/coria.org\\\/ayuntamiento\\\/index.php\\\/2003\\\/05\\\/15\\\/iv-jornadas-interculturales\\\/\"]}]},{\"@type\":\"BreadcrumbList\",\"@id\":\"https:\\\/\\\/coria.org\\\/ayuntamiento\\\/index.php\\\/2003\\\/05\\\/15\\\/iv-jornadas-interculturales\\\/#breadcrumb\",\"itemListElement\":[{\"@type\":\"ListItem\",\"position\":1,\"name\":\"Inicio\",\"item\":\"https:\\\/\\\/coria.org\\\/ayuntamiento\\\/\"},{\"@type\":\"ListItem\",\"position\":2,\"name\":\"IV Jornadas Interculturales\"}]},{\"@type\":\"WebSite\",\"@id\":\"https:\\\/\\\/coria.org\\\/ayuntamiento\\\/#website\",\"url\":\"https:\\\/\\\/coria.org\\\/ayuntamiento\\\/\",\"name\":\"Ayuntamiento de Coria\",\"description\":\"Web oficial del Ayuntamiento de Coria\",\"publisher\":{\"@id\":\"https:\\\/\\\/coria.org\\\/ayuntamiento\\\/#organization\"},\"alternateName\":\"Web Oficial del Ayuntamiento de Coria\",\"potentialAction\":[{\"@type\":\"SearchAction\",\"target\":{\"@type\":\"EntryPoint\",\"urlTemplate\":\"https:\\\/\\\/coria.org\\\/ayuntamiento\\\/?s={search_term_string}\"},\"query-input\":{\"@type\":\"PropertyValueSpecification\",\"valueRequired\":true,\"valueName\":\"search_term_string\"}}],\"inLanguage\":\"es\"},{\"@type\":\"Organization\",\"@id\":\"https:\\\/\\\/coria.org\\\/ayuntamiento\\\/#organization\",\"name\":\"Ayuntamiento de Coria\",\"alternateName\":\"Ayto de Coria\",\"url\":\"https:\\\/\\\/coria.org\\\/ayuntamiento\\\/\",\"logo\":{\"@type\":\"ImageObject\",\"inLanguage\":\"es\",\"@id\":\"https:\\\/\\\/coria.org\\\/ayuntamiento\\\/#\\\/schema\\\/logo\\\/image\\\/\",\"url\":\"https:\\\/\\\/coria.org\\\/ayuntamiento\\\/wp-content\\\/uploads\\\/2020\\\/12\\\/escudo-ayuntamiento-coria.png\",\"contentUrl\":\"https:\\\/\\\/coria.org\\\/ayuntamiento\\\/wp-content\\\/uploads\\\/2020\\\/12\\\/escudo-ayuntamiento-coria.png\",\"width\":511,\"height\":240,\"caption\":\"Ayuntamiento de Coria\"},\"image\":{\"@id\":\"https:\\\/\\\/coria.org\\\/ayuntamiento\\\/#\\\/schema\\\/logo\\\/image\\\/\"},\"sameAs\":[\"https:\\\/\\\/www.facebook.com\\\/Ayuntamiento.de.Coria\",\"https:\\\/\\\/x.com\\\/Ayto_de_Coria\",\"https:\\\/\\\/www.instagram.com\\\/coria.ayuntamiento\\\/\",\"https:\\\/\\\/www.youtube.com\\\/user\\\/AYUNTAMIENTOCORIA\"]},{\"@type\":\"Person\",\"@id\":\"https:\\\/\\\/coria.org\\\/ayuntamiento\\\/#\\\/schema\\\/person\\\/8bd589f0e13e8ae5aa06def7a599d622\",\"name\":\"ayuntamiento\",\"image\":{\"@type\":\"ImageObject\",\"inLanguage\":\"es\",\"@id\":\"https:\\\/\\\/secure.gravatar.com\\\/avatar\\\/966e5ed73cad334adda5c87f49f2547f7082f7292c1b627cbb548744383b391c?s=96&d=mm&r=g\",\"url\":\"https:\\\/\\\/secure.gravatar.com\\\/avatar\\\/966e5ed73cad334adda5c87f49f2547f7082f7292c1b627cbb548744383b391c?s=96&d=mm&r=g\",\"contentUrl\":\"https:\\\/\\\/secure.gravatar.com\\\/avatar\\\/966e5ed73cad334adda5c87f49f2547f7082f7292c1b627cbb548744383b391c?s=96&d=mm&r=g\",\"caption\":\"ayuntamiento\"}}]}<\/script>\n<!-- \/ Yoast SEO plugin. -->","yoast_head_json":{"title":"IV Jornadas Interculturales - Ayuntamiento de Coria","robots":{"index":"index","follow":"follow","max-snippet":"max-snippet:-1","max-image-preview":"max-image-preview:large","max-video-preview":"max-video-preview:-1"},"canonical":"https:\/\/coria.org\/ayuntamiento\/index.php\/2003\/05\/15\/iv-jornadas-interculturales\/","og_locale":"es_ES","og_type":"article","og_title":"IV Jornadas Interculturales - Ayuntamiento de Coria","og_description":"Del 13 al 17 de mayo de 2003 tienen lugar estas jornadas organizadas por la Concejal\u00eda de Juventud del Excmo. Ayuntamiento de Coria, en colaboraci\u00f3n con los Centros Escolares de Primaria y Secundaria, AMPAS de Coria, Voluntariado, NCC de Coria y UPIM. Este a\u00f1o el lema es Un Mundo para todos. Las jornadas desarrollar\u00e1n charlas-coloquios, [&hellip;]","og_url":"https:\/\/coria.org\/ayuntamiento\/index.php\/2003\/05\/15\/iv-jornadas-interculturales\/","og_site_name":"Ayuntamiento de Coria","article_publisher":"https:\/\/www.facebook.com\/Ayuntamiento.de.Coria","article_published_time":"2003-05-14T22:00:00+00:00","article_modified_time":"2023-09-18T11:31:58+00:00","author":"ayuntamiento","twitter_card":"summary_large_image","twitter_creator":"@Ayto_de_Coria","twitter_site":"@Ayto_de_Coria","twitter_misc":{"Escrito por":"ayuntamiento","Tiempo de lectura":"2 minutos"},"schema":{"@context":"https:\/\/schema.org","@graph":[{"@type":"Article","@id":"https:\/\/coria.org\/ayuntamiento\/index.php\/2003\/05\/15\/iv-jornadas-interculturales\/#article","isPartOf":{"@id":"https:\/\/coria.org\/ayuntamiento\/index.php\/2003\/05\/15\/iv-jornadas-interculturales\/"},"author":{"name":"ayuntamiento","@id":"https:\/\/coria.org\/ayuntamiento\/#\/schema\/person\/8bd589f0e13e8ae5aa06def7a599d622"},"headline":"IV Jornadas Interculturales","datePublished":"2003-05-14T22:00:00+00:00","dateModified":"2023-09-18T11:31:58+00:00","mainEntityOfPage":{"@id":"https:\/\/coria.org\/ayuntamiento\/index.php\/2003\/05\/15\/iv-jornadas-interculturales\/"},"wordCount":328,"publisher":{"@id":"https:\/\/coria.org\/ayuntamiento\/#organization"},"keywords":["coria","extremadura","interculturales","jornadas"],"articleSection":["Noticias"],"inLanguage":"es"},{"@type":"WebPage","@id":"https:\/\/coria.org\/ayuntamiento\/index.php\/2003\/05\/15\/iv-jornadas-interculturales\/","url":"https:\/\/coria.org\/ayuntamiento\/index.php\/2003\/05\/15\/iv-jornadas-interculturales\/","name":"IV Jornadas Interculturales - Ayuntamiento de Coria","isPartOf":{"@id":"https:\/\/coria.org\/ayuntamiento\/#website"},"datePublished":"2003-05-14T22:00:00+00:00","dateModified":"2023-09-18T11:31:58+00:00","breadcrumb":{"@id":"https:\/\/coria.org\/ayuntamiento\/index.php\/2003\/05\/15\/iv-jornadas-interculturales\/#breadcrumb"},"inLanguage":"es","potentialAction":[{"@type":"ReadAction","target":["https:\/\/coria.org\/ayuntamiento\/index.php\/2003\/05\/15\/iv-jornadas-interculturales\/"]}]},{"@type":"BreadcrumbList","@id":"https:\/\/coria.org\/ayuntamiento\/index.php\/2003\/05\/15\/iv-jornadas-interculturales\/#breadcrumb","itemListElement":[{"@type":"ListItem","position":1,"name":"Inicio","item":"https:\/\/coria.org\/ayuntamiento\/"},{"@type":"ListItem","position":2,"name":"IV Jornadas Interculturales"}]},{"@type":"WebSite","@id":"https:\/\/coria.org\/ayuntamiento\/#website","url":"https:\/\/coria.org\/ayuntamiento\/","name":"Ayuntamiento de Coria","description":"Web oficial del Ayuntamiento de Coria","publisher":{"@id":"https:\/\/coria.org\/ayuntamiento\/#organization"},"alternateName":"Web Oficial del Ayuntamiento de Coria","potentialAction":[{"@type":"SearchAction","target":{"@type":"EntryPoint","urlTemplate":"https:\/\/coria.org\/ayuntamiento\/?s={search_term_string}"},"query-input":{"@type":"PropertyValueSpecification","valueRequired":true,"valueName":"search_term_string"}}],"inLanguage":"es"},{"@type":"Organization","@id":"https:\/\/coria.org\/ayuntamiento\/#organization","name":"Ayuntamiento de Coria","alternateName":"Ayto de Coria","url":"https:\/\/coria.org\/ayuntamiento\/","logo":{"@type":"ImageObject","inLanguage":"es","@id":"https:\/\/coria.org\/ayuntamiento\/#\/schema\/logo\/image\/","url":"https:\/\/coria.org\/ayuntamiento\/wp-content\/uploads\/2020\/12\/escudo-ayuntamiento-coria.png","contentUrl":"https:\/\/coria.org\/ayuntamiento\/wp-content\/uploads\/2020\/12\/escudo-ayuntamiento-coria.png","width":511,"height":240,"caption":"Ayuntamiento de Coria"},"image":{"@id":"https:\/\/coria.org\/ayuntamiento\/#\/schema\/logo\/image\/"},"sameAs":["https:\/\/www.facebook.com\/Ayuntamiento.de.Coria","https:\/\/x.com\/Ayto_de_Coria","https:\/\/www.instagram.com\/coria.ayuntamiento\/","https:\/\/www.youtube.com\/user\/AYUNTAMIENTOCORIA"]},{"@type":"Person","@id":"https:\/\/coria.org\/ayuntamiento\/#\/schema\/person\/8bd589f0e13e8ae5aa06def7a599d622","name":"ayuntamiento","image":{"@type":"ImageObject","inLanguage":"es","@id":"https:\/\/secure.gravatar.com\/avatar\/966e5ed73cad334adda5c87f49f2547f7082f7292c1b627cbb548744383b391c?s=96&d=mm&r=g","url":"https:\/\/secure.gravatar.com\/avatar\/966e5ed73cad334adda5c87f49f2547f7082f7292c1b627cbb548744383b391c?s=96&d=mm&r=g","contentUrl":"https:\/\/secure.gravatar.com\/avatar\/966e5ed73cad334adda5c87f49f2547f7082f7292c1b627cbb548744383b391c?s=96&d=mm&r=g","caption":"ayuntamiento"}}]}},"uagb_featured_image_src":{"full":false,"thumbnail":false,"medium":false,"medium_large":false,"large":false,"thumblist":false,"thumbrelated":false,"meccarouselthumb":false,"gridsquare":false,"tileview":false,"1536x1536":false,"2048x2048":false},"uagb_author_info":{"display_name":"ayuntamiento","author_link":"https:\/\/coria.org\/ayuntamiento\/index.php\/author\/ayuntamiento\/"},"uagb_comment_info":0,"uagb_excerpt":"Del 13 al 17 de mayo de 2003 tienen lugar estas jornadas organizadas por la Concejal\u00eda de Juventud del Excmo. Ayuntamiento de Coria, en colaboraci\u00f3n con los Centros Escolares de Primaria y Secundaria, AMPAS de Coria, Voluntariado, NCC de Coria y UPIM. Este a\u00f1o el lema es Un Mundo para todos. Las jornadas desarrollar\u00e1n charlas-coloquios,&hellip;","_links":{"self":[{"href":"https:\/\/coria.org\/ayuntamiento\/index.php\/wp-json\/wp\/v2\/posts\/27463","targetHints":{"allow":["GET"]}}],"collection":[{"href":"https:\/\/coria.org\/ayuntamiento\/index.php\/wp-json\/wp\/v2\/posts"}],"about":[{"href":"https:\/\/coria.org\/ayuntamiento\/index.php\/wp-json\/wp\/v2\/types\/post"}],"author":[{"embeddable":true,"href":"https:\/\/coria.org\/ayuntamiento\/index.php\/wp-json\/wp\/v2\/users\/2"}],"replies":[{"embeddable":true,"href":"https:\/\/coria.org\/ayuntamiento\/index.php\/wp-json\/wp\/v2\/comments?post=27463"}],"version-history":[{"count":0,"href":"https:\/\/coria.org\/ayuntamiento\/index.php\/wp-json\/wp\/v2\/posts\/27463\/revisions"}],"wp:attachment":[{"href":"https:\/\/coria.org\/ayuntamiento\/index.php\/wp-json\/wp\/v2\/media?parent=27463"}],"wp:term":[{"taxonomy":"category","embeddable":true,"href":"https:\/\/coria.org\/ayuntamiento\/index.php\/wp-json\/wp\/v2\/categories?post=27463"},{"taxonomy":"post_tag","embeddable":true,"href":"https:\/\/coria.org\/ayuntamiento\/index.php\/wp-json\/wp\/v2\/tags?post=27463"}],"curies":[{"name":"wp","href":"https:\/\/api.w.org\/{rel}","templated":true}]}}