{"id":27461,"date":"2003-05-30T00:00:00","date_gmt":"2003-05-29T22:00:00","guid":{"rendered":"https:\/\/ayuntamiento.coriaenimagenes.com\/convocatoria-de-varias-plazas-por-la-mancomunidad-rivera-de-fresnedosa\/"},"modified":"2023-09-18T13:31:58","modified_gmt":"2023-09-18T11:31:58","slug":"convocatoria-de-varias-plazas-por-la-mancomunidad-rivera-de-fresnedosa","status":"publish","type":"post","link":"https:\/\/coria.org\/ayuntamiento\/index.php\/2003\/05\/30\/convocatoria-de-varias-plazas-por-la-mancomunidad-rivera-de-fresnedosa\/","title":{"rendered":"Convocatoria de varias plazas por la Mancomunidad Rivera de Fresnedosa"},"content":{"rendered":"\n<p><b>La Mancomunidad convoca varias plazas en diferentes categor\u00edas con una duraci\u00f3n de contrato de 6 meses, algunas a jornada completa y otras a media jornada.<\/b><\/p>\n\n\n\n<p><b><\/b>La Mancomunidad convoca varias plazas en diferentes categor\u00edas con una duraci\u00f3n de contrato de 6 meses, algunas a jornada completa y otras a media jornada.<br \/><br \/>Las categor\u00edas convocadas son las siguientes:<br \/><br \/>-Monitor de Ocio y Tiempo Libre (dos plazas a media jornada) para el Proyecto \u00abHabilidades, Ocio y Tiempo Libre para Discapacitados\u00bb en la Mancomunidad.<br \/><br \/>-T\u00e9cnico (jornada completa) para el Proyecto \u00abHabilidades, Ocio y Tiempo Libre para Discapacitados\u00bb en la Mancomunidad.<br \/><br \/>&#8211; Educador de Familia (dos plazas a media jornada) para el Programa de Atenci\u00f3n a familias Desfavorecidas.<br \/><br \/>&#8211; Psic\u00f3logo (media jornada) para el Programa de Atenci\u00f3n a familias Desfavorecidas.<br \/><br \/>&#8211; Carpintero (jornada completa) para la Mancomunidad.<br \/><br \/>&#8211; Alba\u00f1il (tres plazas a jornada completa) para la Mancomunidad.<br \/><br \/>&#8211; Auxiliar de Ayuda a Domicilio (tres plazas a jornada completa) para la Mancomunidad.<br \/><br \/>Para las plazas de Carpintero, Alba\u00f1il y Auxiliar de Ayuda a Domicilio es requisito indispensable, entre otros, el haber superado con la calificaci\u00f3n de apto, en un curso de Formaci\u00f3n Profesional, gestionado por la Consejer\u00eda de Trabajo y relacionado con la actividad a desarrollar, disponer del carnet de conducir B-1 y ser demandante de empleo.<\/p>\n\n\n\n<p>El plazo de entrega de solicitudes finaliza el 2 de junio en el registro de la mancomunidad, sito en el Ayto de Portezuelo.<\/p>\n\n\n\n<p>Las Bases de las diferentes plazas se encuentran en los tablones de anuncios de los ayuntamientos de la mancomunidad.<\/p>\n","protected":false},"excerpt":{"rendered":"<p>La Mancomunidad convoca varias plazas en diferentes categor\u00edas con una duraci\u00f3n de contrato de 6 meses, algunas a jornada completa y otras a media jornada. La Mancomunidad convoca varias plazas en diferentes categor\u00edas con una duraci\u00f3n de contrato de 6 meses, algunas a jornada completa y otras a media jornada. Las categor\u00edas convocadas son las [&hellip;]<\/p>\n","protected":false},"author":2,"featured_media":0,"comment_status":"closed","ping_status":"closed","sticky":false,"template":"","format":"standard","meta":{"_uag_custom_page_level_css":"","footnotes":""},"categories":[2],"tags":[3,479,4,595,1098],"class_list":["post-27461","post","type-post","status-publish","format-standard","hentry","category-noticias","tag-coria","tag-empleo","tag-extremadura","tag-fresnedosa","tag-rivera"],"yoast_head":"<!-- This site is optimized with the Yoast SEO plugin v27.4 - https:\/\/yoast.com\/product\/yoast-seo-wordpress\/ -->\n<title>Convocatoria de varias plazas por la Mancomunidad Rivera de Fresnedosa - Ayuntamiento de Coria<\/title>\n<meta name=\"robots\" content=\"index, follow, max-snippet:-1, max-image-preview:large, max-video-preview:-1\" \/>\n<link rel=\"canonical\" href=\"https:\/\/coria.org\/ayuntamiento\/index.php\/2003\/05\/30\/convocatoria-de-varias-plazas-por-la-mancomunidad-rivera-de-fresnedosa\/\" \/>\n<meta property=\"og:locale\" content=\"es_ES\" \/>\n<meta property=\"og:type\" content=\"article\" \/>\n<meta property=\"og:title\" content=\"Convocatoria de varias plazas por la Mancomunidad Rivera de Fresnedosa - Ayuntamiento de Coria\" \/>\n<meta property=\"og:description\" content=\"La Mancomunidad convoca varias plazas en diferentes categor\u00edas con una duraci\u00f3n de contrato de 6 meses, algunas a jornada completa y otras a media jornada. La Mancomunidad convoca varias plazas en diferentes categor\u00edas con una duraci\u00f3n de contrato de 6 meses, algunas a jornada completa y otras a media jornada. Las categor\u00edas convocadas son las [&hellip;]\" \/>\n<meta property=\"og:url\" content=\"https:\/\/coria.org\/ayuntamiento\/index.php\/2003\/05\/30\/convocatoria-de-varias-plazas-por-la-mancomunidad-rivera-de-fresnedosa\/\" \/>\n<meta property=\"og:site_name\" content=\"Ayuntamiento de Coria\" \/>\n<meta property=\"article:publisher\" content=\"https:\/\/www.facebook.com\/Ayuntamiento.de.Coria\" \/>\n<meta property=\"article:published_time\" content=\"2003-05-29T22:00:00+00:00\" \/>\n<meta property=\"article:modified_time\" content=\"2023-09-18T11:31:58+00:00\" \/>\n<meta name=\"author\" content=\"ayuntamiento\" \/>\n<meta name=\"twitter:card\" content=\"summary_large_image\" \/>\n<meta name=\"twitter:creator\" content=\"@Ayto_de_Coria\" \/>\n<meta name=\"twitter:site\" content=\"@Ayto_de_Coria\" \/>\n<meta name=\"twitter:label1\" content=\"Escrito por\" \/>\n\t<meta name=\"twitter:data1\" content=\"ayuntamiento\" \/>\n\t<meta name=\"twitter:label2\" content=\"Tiempo de lectura\" \/>\n\t<meta name=\"twitter:data2\" content=\"1 minuto\" \/>\n<script type=\"application\/ld+json\" class=\"yoast-schema-graph\">{\"@context\":\"https:\\\/\\\/schema.org\",\"@graph\":[{\"@type\":\"Article\",\"@id\":\"https:\\\/\\\/coria.org\\\/ayuntamiento\\\/index.php\\\/2003\\\/05\\\/30\\\/convocatoria-de-varias-plazas-por-la-mancomunidad-rivera-de-fresnedosa\\\/#article\",\"isPartOf\":{\"@id\":\"https:\\\/\\\/coria.org\\\/ayuntamiento\\\/index.php\\\/2003\\\/05\\\/30\\\/convocatoria-de-varias-plazas-por-la-mancomunidad-rivera-de-fresnedosa\\\/\"},\"author\":{\"name\":\"ayuntamiento\",\"@id\":\"https:\\\/\\\/coria.org\\\/ayuntamiento\\\/#\\\/schema\\\/person\\\/8bd589f0e13e8ae5aa06def7a599d622\"},\"headline\":\"Convocatoria de varias plazas por la Mancomunidad Rivera de Fresnedosa\",\"datePublished\":\"2003-05-29T22:00:00+00:00\",\"dateModified\":\"2023-09-18T11:31:58+00:00\",\"mainEntityOfPage\":{\"@id\":\"https:\\\/\\\/coria.org\\\/ayuntamiento\\\/index.php\\\/2003\\\/05\\\/30\\\/convocatoria-de-varias-plazas-por-la-mancomunidad-rivera-de-fresnedosa\\\/\"},\"wordCount\":274,\"publisher\":{\"@id\":\"https:\\\/\\\/coria.org\\\/ayuntamiento\\\/#organization\"},\"keywords\":[\"coria\",\"empleo\",\"extremadura\",\"fresnedosa\",\"rivera\"],\"articleSection\":[\"Noticias\"],\"inLanguage\":\"es\"},{\"@type\":\"WebPage\",\"@id\":\"https:\\\/\\\/coria.org\\\/ayuntamiento\\\/index.php\\\/2003\\\/05\\\/30\\\/convocatoria-de-varias-plazas-por-la-mancomunidad-rivera-de-fresnedosa\\\/\",\"url\":\"https:\\\/\\\/coria.org\\\/ayuntamiento\\\/index.php\\\/2003\\\/05\\\/30\\\/convocatoria-de-varias-plazas-por-la-mancomunidad-rivera-de-fresnedosa\\\/\",\"name\":\"Convocatoria de varias plazas por la Mancomunidad Rivera de Fresnedosa - Ayuntamiento de Coria\",\"isPartOf\":{\"@id\":\"https:\\\/\\\/coria.org\\\/ayuntamiento\\\/#website\"},\"datePublished\":\"2003-05-29T22:00:00+00:00\",\"dateModified\":\"2023-09-18T11:31:58+00:00\",\"breadcrumb\":{\"@id\":\"https:\\\/\\\/coria.org\\\/ayuntamiento\\\/index.php\\\/2003\\\/05\\\/30\\\/convocatoria-de-varias-plazas-por-la-mancomunidad-rivera-de-fresnedosa\\\/#breadcrumb\"},\"inLanguage\":\"es\",\"potentialAction\":[{\"@type\":\"ReadAction\",\"target\":[\"https:\\\/\\\/coria.org\\\/ayuntamiento\\\/index.php\\\/2003\\\/05\\\/30\\\/convocatoria-de-varias-plazas-por-la-mancomunidad-rivera-de-fresnedosa\\\/\"]}]},{\"@type\":\"BreadcrumbList\",\"@id\":\"https:\\\/\\\/coria.org\\\/ayuntamiento\\\/index.php\\\/2003\\\/05\\\/30\\\/convocatoria-de-varias-plazas-por-la-mancomunidad-rivera-de-fresnedosa\\\/#breadcrumb\",\"itemListElement\":[{\"@type\":\"ListItem\",\"position\":1,\"name\":\"Inicio\",\"item\":\"https:\\\/\\\/coria.org\\\/ayuntamiento\\\/\"},{\"@type\":\"ListItem\",\"position\":2,\"name\":\"Convocatoria de varias plazas por la Mancomunidad Rivera de Fresnedosa\"}]},{\"@type\":\"WebSite\",\"@id\":\"https:\\\/\\\/coria.org\\\/ayuntamiento\\\/#website\",\"url\":\"https:\\\/\\\/coria.org\\\/ayuntamiento\\\/\",\"name\":\"Ayuntamiento de Coria\",\"description\":\"Web oficial del Ayuntamiento de Coria\",\"publisher\":{\"@id\":\"https:\\\/\\\/coria.org\\\/ayuntamiento\\\/#organization\"},\"alternateName\":\"Web Oficial del Ayuntamiento de Coria\",\"potentialAction\":[{\"@type\":\"SearchAction\",\"target\":{\"@type\":\"EntryPoint\",\"urlTemplate\":\"https:\\\/\\\/coria.org\\\/ayuntamiento\\\/?s={search_term_string}\"},\"query-input\":{\"@type\":\"PropertyValueSpecification\",\"valueRequired\":true,\"valueName\":\"search_term_string\"}}],\"inLanguage\":\"es\"},{\"@type\":\"Organization\",\"@id\":\"https:\\\/\\\/coria.org\\\/ayuntamiento\\\/#organization\",\"name\":\"Ayuntamiento de Coria\",\"alternateName\":\"Ayto de Coria\",\"url\":\"https:\\\/\\\/coria.org\\\/ayuntamiento\\\/\",\"logo\":{\"@type\":\"ImageObject\",\"inLanguage\":\"es\",\"@id\":\"https:\\\/\\\/coria.org\\\/ayuntamiento\\\/#\\\/schema\\\/logo\\\/image\\\/\",\"url\":\"https:\\\/\\\/coria.org\\\/ayuntamiento\\\/wp-content\\\/uploads\\\/2020\\\/12\\\/escudo-ayuntamiento-coria.png\",\"contentUrl\":\"https:\\\/\\\/coria.org\\\/ayuntamiento\\\/wp-content\\\/uploads\\\/2020\\\/12\\\/escudo-ayuntamiento-coria.png\",\"width\":511,\"height\":240,\"caption\":\"Ayuntamiento de Coria\"},\"image\":{\"@id\":\"https:\\\/\\\/coria.org\\\/ayuntamiento\\\/#\\\/schema\\\/logo\\\/image\\\/\"},\"sameAs\":[\"https:\\\/\\\/www.facebook.com\\\/Ayuntamiento.de.Coria\",\"https:\\\/\\\/x.com\\\/Ayto_de_Coria\",\"https:\\\/\\\/www.instagram.com\\\/coria.ayuntamiento\\\/\",\"https:\\\/\\\/www.youtube.com\\\/user\\\/AYUNTAMIENTOCORIA\"]},{\"@type\":\"Person\",\"@id\":\"https:\\\/\\\/coria.org\\\/ayuntamiento\\\/#\\\/schema\\\/person\\\/8bd589f0e13e8ae5aa06def7a599d622\",\"name\":\"ayuntamiento\",\"image\":{\"@type\":\"ImageObject\",\"inLanguage\":\"es\",\"@id\":\"https:\\\/\\\/secure.gravatar.com\\\/avatar\\\/966e5ed73cad334adda5c87f49f2547f7082f7292c1b627cbb548744383b391c?s=96&d=mm&r=g\",\"url\":\"https:\\\/\\\/secure.gravatar.com\\\/avatar\\\/966e5ed73cad334adda5c87f49f2547f7082f7292c1b627cbb548744383b391c?s=96&d=mm&r=g\",\"contentUrl\":\"https:\\\/\\\/secure.gravatar.com\\\/avatar\\\/966e5ed73cad334adda5c87f49f2547f7082f7292c1b627cbb548744383b391c?s=96&d=mm&r=g\",\"caption\":\"ayuntamiento\"}}]}<\/script>\n<!-- \/ Yoast SEO plugin. -->","yoast_head_json":{"title":"Convocatoria de varias plazas por la Mancomunidad Rivera de Fresnedosa - Ayuntamiento de Coria","robots":{"index":"index","follow":"follow","max-snippet":"max-snippet:-1","max-image-preview":"max-image-preview:large","max-video-preview":"max-video-preview:-1"},"canonical":"https:\/\/coria.org\/ayuntamiento\/index.php\/2003\/05\/30\/convocatoria-de-varias-plazas-por-la-mancomunidad-rivera-de-fresnedosa\/","og_locale":"es_ES","og_type":"article","og_title":"Convocatoria de varias plazas por la Mancomunidad Rivera de Fresnedosa - Ayuntamiento de Coria","og_description":"La Mancomunidad convoca varias plazas en diferentes categor\u00edas con una duraci\u00f3n de contrato de 6 meses, algunas a jornada completa y otras a media jornada. La Mancomunidad convoca varias plazas en diferentes categor\u00edas con una duraci\u00f3n de contrato de 6 meses, algunas a jornada completa y otras a media jornada. Las categor\u00edas convocadas son las [&hellip;]","og_url":"https:\/\/coria.org\/ayuntamiento\/index.php\/2003\/05\/30\/convocatoria-de-varias-plazas-por-la-mancomunidad-rivera-de-fresnedosa\/","og_site_name":"Ayuntamiento de Coria","article_publisher":"https:\/\/www.facebook.com\/Ayuntamiento.de.Coria","article_published_time":"2003-05-29T22:00:00+00:00","article_modified_time":"2023-09-18T11:31:58+00:00","author":"ayuntamiento","twitter_card":"summary_large_image","twitter_creator":"@Ayto_de_Coria","twitter_site":"@Ayto_de_Coria","twitter_misc":{"Escrito por":"ayuntamiento","Tiempo de lectura":"1 minuto"},"schema":{"@context":"https:\/\/schema.org","@graph":[{"@type":"Article","@id":"https:\/\/coria.org\/ayuntamiento\/index.php\/2003\/05\/30\/convocatoria-de-varias-plazas-por-la-mancomunidad-rivera-de-fresnedosa\/#article","isPartOf":{"@id":"https:\/\/coria.org\/ayuntamiento\/index.php\/2003\/05\/30\/convocatoria-de-varias-plazas-por-la-mancomunidad-rivera-de-fresnedosa\/"},"author":{"name":"ayuntamiento","@id":"https:\/\/coria.org\/ayuntamiento\/#\/schema\/person\/8bd589f0e13e8ae5aa06def7a599d622"},"headline":"Convocatoria de varias plazas por la Mancomunidad Rivera de Fresnedosa","datePublished":"2003-05-29T22:00:00+00:00","dateModified":"2023-09-18T11:31:58+00:00","mainEntityOfPage":{"@id":"https:\/\/coria.org\/ayuntamiento\/index.php\/2003\/05\/30\/convocatoria-de-varias-plazas-por-la-mancomunidad-rivera-de-fresnedosa\/"},"wordCount":274,"publisher":{"@id":"https:\/\/coria.org\/ayuntamiento\/#organization"},"keywords":["coria","empleo","extremadura","fresnedosa","rivera"],"articleSection":["Noticias"],"inLanguage":"es"},{"@type":"WebPage","@id":"https:\/\/coria.org\/ayuntamiento\/index.php\/2003\/05\/30\/convocatoria-de-varias-plazas-por-la-mancomunidad-rivera-de-fresnedosa\/","url":"https:\/\/coria.org\/ayuntamiento\/index.php\/2003\/05\/30\/convocatoria-de-varias-plazas-por-la-mancomunidad-rivera-de-fresnedosa\/","name":"Convocatoria de varias plazas por la Mancomunidad Rivera de Fresnedosa - Ayuntamiento de Coria","isPartOf":{"@id":"https:\/\/coria.org\/ayuntamiento\/#website"},"datePublished":"2003-05-29T22:00:00+00:00","dateModified":"2023-09-18T11:31:58+00:00","breadcrumb":{"@id":"https:\/\/coria.org\/ayuntamiento\/index.php\/2003\/05\/30\/convocatoria-de-varias-plazas-por-la-mancomunidad-rivera-de-fresnedosa\/#breadcrumb"},"inLanguage":"es","potentialAction":[{"@type":"ReadAction","target":["https:\/\/coria.org\/ayuntamiento\/index.php\/2003\/05\/30\/convocatoria-de-varias-plazas-por-la-mancomunidad-rivera-de-fresnedosa\/"]}]},{"@type":"BreadcrumbList","@id":"https:\/\/coria.org\/ayuntamiento\/index.php\/2003\/05\/30\/convocatoria-de-varias-plazas-por-la-mancomunidad-rivera-de-fresnedosa\/#breadcrumb","itemListElement":[{"@type":"ListItem","position":1,"name":"Inicio","item":"https:\/\/coria.org\/ayuntamiento\/"},{"@type":"ListItem","position":2,"name":"Convocatoria de varias plazas por la Mancomunidad Rivera de Fresnedosa"}]},{"@type":"WebSite","@id":"https:\/\/coria.org\/ayuntamiento\/#website","url":"https:\/\/coria.org\/ayuntamiento\/","name":"Ayuntamiento de Coria","description":"Web oficial del Ayuntamiento de Coria","publisher":{"@id":"https:\/\/coria.org\/ayuntamiento\/#organization"},"alternateName":"Web Oficial del Ayuntamiento de Coria","potentialAction":[{"@type":"SearchAction","target":{"@type":"EntryPoint","urlTemplate":"https:\/\/coria.org\/ayuntamiento\/?s={search_term_string}"},"query-input":{"@type":"PropertyValueSpecification","valueRequired":true,"valueName":"search_term_string"}}],"inLanguage":"es"},{"@type":"Organization","@id":"https:\/\/coria.org\/ayuntamiento\/#organization","name":"Ayuntamiento de Coria","alternateName":"Ayto de Coria","url":"https:\/\/coria.org\/ayuntamiento\/","logo":{"@type":"ImageObject","inLanguage":"es","@id":"https:\/\/coria.org\/ayuntamiento\/#\/schema\/logo\/image\/","url":"https:\/\/coria.org\/ayuntamiento\/wp-content\/uploads\/2020\/12\/escudo-ayuntamiento-coria.png","contentUrl":"https:\/\/coria.org\/ayuntamiento\/wp-content\/uploads\/2020\/12\/escudo-ayuntamiento-coria.png","width":511,"height":240,"caption":"Ayuntamiento de Coria"},"image":{"@id":"https:\/\/coria.org\/ayuntamiento\/#\/schema\/logo\/image\/"},"sameAs":["https:\/\/www.facebook.com\/Ayuntamiento.de.Coria","https:\/\/x.com\/Ayto_de_Coria","https:\/\/www.instagram.com\/coria.ayuntamiento\/","https:\/\/www.youtube.com\/user\/AYUNTAMIENTOCORIA"]},{"@type":"Person","@id":"https:\/\/coria.org\/ayuntamiento\/#\/schema\/person\/8bd589f0e13e8ae5aa06def7a599d622","name":"ayuntamiento","image":{"@type":"ImageObject","inLanguage":"es","@id":"https:\/\/secure.gravatar.com\/avatar\/966e5ed73cad334adda5c87f49f2547f7082f7292c1b627cbb548744383b391c?s=96&d=mm&r=g","url":"https:\/\/secure.gravatar.com\/avatar\/966e5ed73cad334adda5c87f49f2547f7082f7292c1b627cbb548744383b391c?s=96&d=mm&r=g","contentUrl":"https:\/\/secure.gravatar.com\/avatar\/966e5ed73cad334adda5c87f49f2547f7082f7292c1b627cbb548744383b391c?s=96&d=mm&r=g","caption":"ayuntamiento"}}]}},"uagb_featured_image_src":{"full":false,"thumbnail":false,"medium":false,"medium_large":false,"large":false,"thumblist":false,"thumbrelated":false,"meccarouselthumb":false,"gridsquare":false,"tileview":false,"1536x1536":false,"2048x2048":false},"uagb_author_info":{"display_name":"ayuntamiento","author_link":"https:\/\/coria.org\/ayuntamiento\/index.php\/author\/ayuntamiento\/"},"uagb_comment_info":0,"uagb_excerpt":"La Mancomunidad convoca varias plazas en diferentes categor\u00edas con una duraci\u00f3n de contrato de 6 meses, algunas a jornada completa y otras a media jornada. La Mancomunidad convoca varias plazas en diferentes categor\u00edas con una duraci\u00f3n de contrato de 6 meses, algunas a jornada completa y otras a media jornada. Las categor\u00edas convocadas son las&hellip;","_links":{"self":[{"href":"https:\/\/coria.org\/ayuntamiento\/index.php\/wp-json\/wp\/v2\/posts\/27461","targetHints":{"allow":["GET"]}}],"collection":[{"href":"https:\/\/coria.org\/ayuntamiento\/index.php\/wp-json\/wp\/v2\/posts"}],"about":[{"href":"https:\/\/coria.org\/ayuntamiento\/index.php\/wp-json\/wp\/v2\/types\/post"}],"author":[{"embeddable":true,"href":"https:\/\/coria.org\/ayuntamiento\/index.php\/wp-json\/wp\/v2\/users\/2"}],"replies":[{"embeddable":true,"href":"https:\/\/coria.org\/ayuntamiento\/index.php\/wp-json\/wp\/v2\/comments?post=27461"}],"version-history":[{"count":0,"href":"https:\/\/coria.org\/ayuntamiento\/index.php\/wp-json\/wp\/v2\/posts\/27461\/revisions"}],"wp:attachment":[{"href":"https:\/\/coria.org\/ayuntamiento\/index.php\/wp-json\/wp\/v2\/media?parent=27461"}],"wp:term":[{"taxonomy":"category","embeddable":true,"href":"https:\/\/coria.org\/ayuntamiento\/index.php\/wp-json\/wp\/v2\/categories?post=27461"},{"taxonomy":"post_tag","embeddable":true,"href":"https:\/\/coria.org\/ayuntamiento\/index.php\/wp-json\/wp\/v2\/tags?post=27461"}],"curies":[{"name":"wp","href":"https:\/\/api.w.org\/{rel}","templated":true}]}}