{"id":27403,"date":"2005-05-16T00:00:00","date_gmt":"2005-05-15T22:00:00","guid":{"rendered":"https:\/\/ayuntamiento.coriaenimagenes.com\/control-del-uso-del-casco-y-ruido\/"},"modified":"2023-09-18T13:31:28","modified_gmt":"2023-09-18T11:31:28","slug":"control-del-uso-del-casco-y-ruido","status":"publish","type":"post","link":"https:\/\/coria.org\/ayuntamiento\/index.php\/2005\/05\/16\/control-del-uso-del-casco-y-ruido\/","title":{"rendered":"Control del uso del Casco y Ruido"},"content":{"rendered":"\n<p><b>Con el objetivo de proteger a conductores y peatones, evitar accidentes y contribuir a ordenar el tr\u00e1nsito, el Ayuntamiento de la Ciudad, iniciar\u00e1 una campa\u00f1a para el uso obligatorio de cascos de protecci\u00f3n en los conductores de motos y ciclomotores, promovida por la Direcci\u00f3n General de Trafico.<\/b><\/p>\n\n\n\n<p><b><\/b>La campa\u00f1a comenzara el lunes 16 de Mayo y finalizara el pr\u00f3ximo 29 de Mayo, y en ella la Polic\u00eda Municipal comenzar\u00e1 a controlar el uso del casco. Aquellos conductores o acompa\u00f1antes que no utilicen el casco o que lo lleven abrochado de forma indebida, se les aplicaran las sanciones previstas por la Ley, 90 euros de multa.<br \/>Por qu\u00e9 usar casco: En Coria existen numerosas motos y motocicletas empadronadas y la mayor parte de los conductores son j\u00f3venes. Durante el a\u00f1o 2004, fallecieron en Espa\u00f1a por accidentes de trafico ocurridos en v\u00edas urbanas mas de 100 motoristas y ciclomotoristas que no llevaban casco. Si todos lo hubieran usado, 65 aun estar\u00edan vivos. Los cascos tienen una efectividad del 67% en la prevenci\u00f3n de lesiones cerebrales. <br \/>La posibilidad de un accidente mortal para el usuario de un veh\u00edculo de dos ruedas es 13 veces mayor que para el conductor de un autom\u00f3vil.<\/p>\n\n\n\n<p><b>Campa\u00f1a municipal de control de ruido en motos y ciclomotores. 16 al 29 de mayo de 2005.<br \/><\/b><\/p>\n\n\n\n<p>El control de los ruidos que emiten las motos en Coria es una de las prioridades del Ayuntamiento durante el verano, cuando la circulaci\u00f3n de este tipo de veh\u00edculos se intensifica por el buen tiempo y crecen tambi\u00e9n las molestias a los vecinos por parte de algunos motoristas a los que les gusta el exceso de ac\u00fastica. <br \/>En realidad, no son muchos los conductores que inundan de ruidos las calles. M\u00e1s bien son escandalosos e irritantes, especialmente si circulan en horas de siesta o por la noche. Contra ellos va dirigida la campa\u00f1a del Ayuntamiento, que est\u00e1 estrechando el cerco sobre estos motoristas, en su mayor parte j\u00f3venes que conducen motocicletas de baja cilindrada. La sanci\u00f3n que se aplicara a los que incumplan la normativa de ruidos vigentes, ser\u00e1 de 90 euros.<\/p>\n","protected":false},"excerpt":{"rendered":"<p>Con el objetivo de proteger a conductores y peatones, evitar accidentes y contribuir a ordenar el tr\u00e1nsito, el Ayuntamiento de la Ciudad, iniciar\u00e1 una campa\u00f1a para el uso obligatorio de cascos de protecci\u00f3n en los conductores de motos y ciclomotores, promovida por la Direcci\u00f3n General de Trafico. La campa\u00f1a comenzara el lunes 16 de Mayo [&hellip;]<\/p>\n","protected":false},"author":2,"featured_media":0,"comment_status":"closed","ping_status":"closed","sticky":false,"template":"","format":"standard","meta":{"_uag_custom_page_level_css":"","footnotes":""},"categories":[2],"tags":[268,3,4,1110],"class_list":["post-27403","post","type-post","status-publish","format-standard","hentry","category-noticias","tag-casco","tag-coria","tag-extremadura","tag-ruido"],"yoast_head":"<!-- This site is optimized with the Yoast SEO plugin v27.4 - https:\/\/yoast.com\/product\/yoast-seo-wordpress\/ -->\n<title>Control del uso del Casco y Ruido - Ayuntamiento de Coria<\/title>\n<meta name=\"robots\" content=\"index, follow, max-snippet:-1, max-image-preview:large, max-video-preview:-1\" \/>\n<link rel=\"canonical\" href=\"https:\/\/coria.org\/ayuntamiento\/index.php\/2005\/05\/16\/control-del-uso-del-casco-y-ruido\/\" \/>\n<meta property=\"og:locale\" content=\"es_ES\" \/>\n<meta property=\"og:type\" content=\"article\" \/>\n<meta property=\"og:title\" content=\"Control del uso del Casco y Ruido - Ayuntamiento de Coria\" \/>\n<meta property=\"og:description\" content=\"Con el objetivo de proteger a conductores y peatones, evitar accidentes y contribuir a ordenar el tr\u00e1nsito, el Ayuntamiento de la Ciudad, iniciar\u00e1 una campa\u00f1a para el uso obligatorio de cascos de protecci\u00f3n en los conductores de motos y ciclomotores, promovida por la Direcci\u00f3n General de Trafico. La campa\u00f1a comenzara el lunes 16 de Mayo [&hellip;]\" \/>\n<meta property=\"og:url\" content=\"https:\/\/coria.org\/ayuntamiento\/index.php\/2005\/05\/16\/control-del-uso-del-casco-y-ruido\/\" \/>\n<meta property=\"og:site_name\" content=\"Ayuntamiento de Coria\" \/>\n<meta property=\"article:publisher\" content=\"https:\/\/www.facebook.com\/Ayuntamiento.de.Coria\" \/>\n<meta property=\"article:published_time\" content=\"2005-05-15T22:00:00+00:00\" \/>\n<meta property=\"article:modified_time\" content=\"2023-09-18T11:31:28+00:00\" \/>\n<meta name=\"author\" content=\"ayuntamiento\" \/>\n<meta name=\"twitter:card\" content=\"summary_large_image\" \/>\n<meta name=\"twitter:creator\" content=\"@Ayto_de_Coria\" \/>\n<meta name=\"twitter:site\" content=\"@Ayto_de_Coria\" \/>\n<meta name=\"twitter:label1\" content=\"Escrito por\" \/>\n\t<meta name=\"twitter:data1\" content=\"ayuntamiento\" \/>\n\t<meta name=\"twitter:label2\" content=\"Tiempo de lectura\" \/>\n\t<meta name=\"twitter:data2\" content=\"2 minutos\" \/>\n<script type=\"application\/ld+json\" class=\"yoast-schema-graph\">{\"@context\":\"https:\\\/\\\/schema.org\",\"@graph\":[{\"@type\":\"Article\",\"@id\":\"https:\\\/\\\/coria.org\\\/ayuntamiento\\\/index.php\\\/2005\\\/05\\\/16\\\/control-del-uso-del-casco-y-ruido\\\/#article\",\"isPartOf\":{\"@id\":\"https:\\\/\\\/coria.org\\\/ayuntamiento\\\/index.php\\\/2005\\\/05\\\/16\\\/control-del-uso-del-casco-y-ruido\\\/\"},\"author\":{\"name\":\"ayuntamiento\",\"@id\":\"https:\\\/\\\/coria.org\\\/ayuntamiento\\\/#\\\/schema\\\/person\\\/8bd589f0e13e8ae5aa06def7a599d622\"},\"headline\":\"Control del uso del Casco y Ruido\",\"datePublished\":\"2005-05-15T22:00:00+00:00\",\"dateModified\":\"2023-09-18T11:31:28+00:00\",\"mainEntityOfPage\":{\"@id\":\"https:\\\/\\\/coria.org\\\/ayuntamiento\\\/index.php\\\/2005\\\/05\\\/16\\\/control-del-uso-del-casco-y-ruido\\\/\"},\"wordCount\":368,\"publisher\":{\"@id\":\"https:\\\/\\\/coria.org\\\/ayuntamiento\\\/#organization\"},\"keywords\":[\"casco\",\"coria\",\"extremadura\",\"ruido\"],\"articleSection\":[\"Noticias\"],\"inLanguage\":\"es\"},{\"@type\":\"WebPage\",\"@id\":\"https:\\\/\\\/coria.org\\\/ayuntamiento\\\/index.php\\\/2005\\\/05\\\/16\\\/control-del-uso-del-casco-y-ruido\\\/\",\"url\":\"https:\\\/\\\/coria.org\\\/ayuntamiento\\\/index.php\\\/2005\\\/05\\\/16\\\/control-del-uso-del-casco-y-ruido\\\/\",\"name\":\"Control del uso del Casco y Ruido - Ayuntamiento de Coria\",\"isPartOf\":{\"@id\":\"https:\\\/\\\/coria.org\\\/ayuntamiento\\\/#website\"},\"datePublished\":\"2005-05-15T22:00:00+00:00\",\"dateModified\":\"2023-09-18T11:31:28+00:00\",\"breadcrumb\":{\"@id\":\"https:\\\/\\\/coria.org\\\/ayuntamiento\\\/index.php\\\/2005\\\/05\\\/16\\\/control-del-uso-del-casco-y-ruido\\\/#breadcrumb\"},\"inLanguage\":\"es\",\"potentialAction\":[{\"@type\":\"ReadAction\",\"target\":[\"https:\\\/\\\/coria.org\\\/ayuntamiento\\\/index.php\\\/2005\\\/05\\\/16\\\/control-del-uso-del-casco-y-ruido\\\/\"]}]},{\"@type\":\"BreadcrumbList\",\"@id\":\"https:\\\/\\\/coria.org\\\/ayuntamiento\\\/index.php\\\/2005\\\/05\\\/16\\\/control-del-uso-del-casco-y-ruido\\\/#breadcrumb\",\"itemListElement\":[{\"@type\":\"ListItem\",\"position\":1,\"name\":\"Inicio\",\"item\":\"https:\\\/\\\/coria.org\\\/ayuntamiento\\\/\"},{\"@type\":\"ListItem\",\"position\":2,\"name\":\"Control del uso del Casco y Ruido\"}]},{\"@type\":\"WebSite\",\"@id\":\"https:\\\/\\\/coria.org\\\/ayuntamiento\\\/#website\",\"url\":\"https:\\\/\\\/coria.org\\\/ayuntamiento\\\/\",\"name\":\"Ayuntamiento de Coria\",\"description\":\"Web oficial del Ayuntamiento de Coria\",\"publisher\":{\"@id\":\"https:\\\/\\\/coria.org\\\/ayuntamiento\\\/#organization\"},\"alternateName\":\"Web Oficial del Ayuntamiento de Coria\",\"potentialAction\":[{\"@type\":\"SearchAction\",\"target\":{\"@type\":\"EntryPoint\",\"urlTemplate\":\"https:\\\/\\\/coria.org\\\/ayuntamiento\\\/?s={search_term_string}\"},\"query-input\":{\"@type\":\"PropertyValueSpecification\",\"valueRequired\":true,\"valueName\":\"search_term_string\"}}],\"inLanguage\":\"es\"},{\"@type\":\"Organization\",\"@id\":\"https:\\\/\\\/coria.org\\\/ayuntamiento\\\/#organization\",\"name\":\"Ayuntamiento de Coria\",\"alternateName\":\"Ayto de Coria\",\"url\":\"https:\\\/\\\/coria.org\\\/ayuntamiento\\\/\",\"logo\":{\"@type\":\"ImageObject\",\"inLanguage\":\"es\",\"@id\":\"https:\\\/\\\/coria.org\\\/ayuntamiento\\\/#\\\/schema\\\/logo\\\/image\\\/\",\"url\":\"https:\\\/\\\/coria.org\\\/ayuntamiento\\\/wp-content\\\/uploads\\\/2020\\\/12\\\/escudo-ayuntamiento-coria.png\",\"contentUrl\":\"https:\\\/\\\/coria.org\\\/ayuntamiento\\\/wp-content\\\/uploads\\\/2020\\\/12\\\/escudo-ayuntamiento-coria.png\",\"width\":511,\"height\":240,\"caption\":\"Ayuntamiento de Coria\"},\"image\":{\"@id\":\"https:\\\/\\\/coria.org\\\/ayuntamiento\\\/#\\\/schema\\\/logo\\\/image\\\/\"},\"sameAs\":[\"https:\\\/\\\/www.facebook.com\\\/Ayuntamiento.de.Coria\",\"https:\\\/\\\/x.com\\\/Ayto_de_Coria\",\"https:\\\/\\\/www.instagram.com\\\/coria.ayuntamiento\\\/\",\"https:\\\/\\\/www.youtube.com\\\/user\\\/AYUNTAMIENTOCORIA\"]},{\"@type\":\"Person\",\"@id\":\"https:\\\/\\\/coria.org\\\/ayuntamiento\\\/#\\\/schema\\\/person\\\/8bd589f0e13e8ae5aa06def7a599d622\",\"name\":\"ayuntamiento\",\"image\":{\"@type\":\"ImageObject\",\"inLanguage\":\"es\",\"@id\":\"https:\\\/\\\/secure.gravatar.com\\\/avatar\\\/966e5ed73cad334adda5c87f49f2547f7082f7292c1b627cbb548744383b391c?s=96&d=mm&r=g\",\"url\":\"https:\\\/\\\/secure.gravatar.com\\\/avatar\\\/966e5ed73cad334adda5c87f49f2547f7082f7292c1b627cbb548744383b391c?s=96&d=mm&r=g\",\"contentUrl\":\"https:\\\/\\\/secure.gravatar.com\\\/avatar\\\/966e5ed73cad334adda5c87f49f2547f7082f7292c1b627cbb548744383b391c?s=96&d=mm&r=g\",\"caption\":\"ayuntamiento\"}}]}<\/script>\n<!-- \/ Yoast SEO plugin. -->","yoast_head_json":{"title":"Control del uso del Casco y Ruido - Ayuntamiento de Coria","robots":{"index":"index","follow":"follow","max-snippet":"max-snippet:-1","max-image-preview":"max-image-preview:large","max-video-preview":"max-video-preview:-1"},"canonical":"https:\/\/coria.org\/ayuntamiento\/index.php\/2005\/05\/16\/control-del-uso-del-casco-y-ruido\/","og_locale":"es_ES","og_type":"article","og_title":"Control del uso del Casco y Ruido - Ayuntamiento de Coria","og_description":"Con el objetivo de proteger a conductores y peatones, evitar accidentes y contribuir a ordenar el tr\u00e1nsito, el Ayuntamiento de la Ciudad, iniciar\u00e1 una campa\u00f1a para el uso obligatorio de cascos de protecci\u00f3n en los conductores de motos y ciclomotores, promovida por la Direcci\u00f3n General de Trafico. La campa\u00f1a comenzara el lunes 16 de Mayo [&hellip;]","og_url":"https:\/\/coria.org\/ayuntamiento\/index.php\/2005\/05\/16\/control-del-uso-del-casco-y-ruido\/","og_site_name":"Ayuntamiento de Coria","article_publisher":"https:\/\/www.facebook.com\/Ayuntamiento.de.Coria","article_published_time":"2005-05-15T22:00:00+00:00","article_modified_time":"2023-09-18T11:31:28+00:00","author":"ayuntamiento","twitter_card":"summary_large_image","twitter_creator":"@Ayto_de_Coria","twitter_site":"@Ayto_de_Coria","twitter_misc":{"Escrito por":"ayuntamiento","Tiempo de lectura":"2 minutos"},"schema":{"@context":"https:\/\/schema.org","@graph":[{"@type":"Article","@id":"https:\/\/coria.org\/ayuntamiento\/index.php\/2005\/05\/16\/control-del-uso-del-casco-y-ruido\/#article","isPartOf":{"@id":"https:\/\/coria.org\/ayuntamiento\/index.php\/2005\/05\/16\/control-del-uso-del-casco-y-ruido\/"},"author":{"name":"ayuntamiento","@id":"https:\/\/coria.org\/ayuntamiento\/#\/schema\/person\/8bd589f0e13e8ae5aa06def7a599d622"},"headline":"Control del uso del Casco y Ruido","datePublished":"2005-05-15T22:00:00+00:00","dateModified":"2023-09-18T11:31:28+00:00","mainEntityOfPage":{"@id":"https:\/\/coria.org\/ayuntamiento\/index.php\/2005\/05\/16\/control-del-uso-del-casco-y-ruido\/"},"wordCount":368,"publisher":{"@id":"https:\/\/coria.org\/ayuntamiento\/#organization"},"keywords":["casco","coria","extremadura","ruido"],"articleSection":["Noticias"],"inLanguage":"es"},{"@type":"WebPage","@id":"https:\/\/coria.org\/ayuntamiento\/index.php\/2005\/05\/16\/control-del-uso-del-casco-y-ruido\/","url":"https:\/\/coria.org\/ayuntamiento\/index.php\/2005\/05\/16\/control-del-uso-del-casco-y-ruido\/","name":"Control del uso del Casco y Ruido - Ayuntamiento de Coria","isPartOf":{"@id":"https:\/\/coria.org\/ayuntamiento\/#website"},"datePublished":"2005-05-15T22:00:00+00:00","dateModified":"2023-09-18T11:31:28+00:00","breadcrumb":{"@id":"https:\/\/coria.org\/ayuntamiento\/index.php\/2005\/05\/16\/control-del-uso-del-casco-y-ruido\/#breadcrumb"},"inLanguage":"es","potentialAction":[{"@type":"ReadAction","target":["https:\/\/coria.org\/ayuntamiento\/index.php\/2005\/05\/16\/control-del-uso-del-casco-y-ruido\/"]}]},{"@type":"BreadcrumbList","@id":"https:\/\/coria.org\/ayuntamiento\/index.php\/2005\/05\/16\/control-del-uso-del-casco-y-ruido\/#breadcrumb","itemListElement":[{"@type":"ListItem","position":1,"name":"Inicio","item":"https:\/\/coria.org\/ayuntamiento\/"},{"@type":"ListItem","position":2,"name":"Control del uso del Casco y Ruido"}]},{"@type":"WebSite","@id":"https:\/\/coria.org\/ayuntamiento\/#website","url":"https:\/\/coria.org\/ayuntamiento\/","name":"Ayuntamiento de Coria","description":"Web oficial del Ayuntamiento de Coria","publisher":{"@id":"https:\/\/coria.org\/ayuntamiento\/#organization"},"alternateName":"Web Oficial del Ayuntamiento de Coria","potentialAction":[{"@type":"SearchAction","target":{"@type":"EntryPoint","urlTemplate":"https:\/\/coria.org\/ayuntamiento\/?s={search_term_string}"},"query-input":{"@type":"PropertyValueSpecification","valueRequired":true,"valueName":"search_term_string"}}],"inLanguage":"es"},{"@type":"Organization","@id":"https:\/\/coria.org\/ayuntamiento\/#organization","name":"Ayuntamiento de Coria","alternateName":"Ayto de Coria","url":"https:\/\/coria.org\/ayuntamiento\/","logo":{"@type":"ImageObject","inLanguage":"es","@id":"https:\/\/coria.org\/ayuntamiento\/#\/schema\/logo\/image\/","url":"https:\/\/coria.org\/ayuntamiento\/wp-content\/uploads\/2020\/12\/escudo-ayuntamiento-coria.png","contentUrl":"https:\/\/coria.org\/ayuntamiento\/wp-content\/uploads\/2020\/12\/escudo-ayuntamiento-coria.png","width":511,"height":240,"caption":"Ayuntamiento de Coria"},"image":{"@id":"https:\/\/coria.org\/ayuntamiento\/#\/schema\/logo\/image\/"},"sameAs":["https:\/\/www.facebook.com\/Ayuntamiento.de.Coria","https:\/\/x.com\/Ayto_de_Coria","https:\/\/www.instagram.com\/coria.ayuntamiento\/","https:\/\/www.youtube.com\/user\/AYUNTAMIENTOCORIA"]},{"@type":"Person","@id":"https:\/\/coria.org\/ayuntamiento\/#\/schema\/person\/8bd589f0e13e8ae5aa06def7a599d622","name":"ayuntamiento","image":{"@type":"ImageObject","inLanguage":"es","@id":"https:\/\/secure.gravatar.com\/avatar\/966e5ed73cad334adda5c87f49f2547f7082f7292c1b627cbb548744383b391c?s=96&d=mm&r=g","url":"https:\/\/secure.gravatar.com\/avatar\/966e5ed73cad334adda5c87f49f2547f7082f7292c1b627cbb548744383b391c?s=96&d=mm&r=g","contentUrl":"https:\/\/secure.gravatar.com\/avatar\/966e5ed73cad334adda5c87f49f2547f7082f7292c1b627cbb548744383b391c?s=96&d=mm&r=g","caption":"ayuntamiento"}}]}},"uagb_featured_image_src":{"full":false,"thumbnail":false,"medium":false,"medium_large":false,"large":false,"thumblist":false,"thumbrelated":false,"meccarouselthumb":false,"gridsquare":false,"tileview":false,"1536x1536":false,"2048x2048":false},"uagb_author_info":{"display_name":"ayuntamiento","author_link":"https:\/\/coria.org\/ayuntamiento\/index.php\/author\/ayuntamiento\/"},"uagb_comment_info":0,"uagb_excerpt":"Con el objetivo de proteger a conductores y peatones, evitar accidentes y contribuir a ordenar el tr\u00e1nsito, el Ayuntamiento de la Ciudad, iniciar\u00e1 una campa\u00f1a para el uso obligatorio de cascos de protecci\u00f3n en los conductores de motos y ciclomotores, promovida por la Direcci\u00f3n General de Trafico. La campa\u00f1a comenzara el lunes 16 de Mayo&hellip;","_links":{"self":[{"href":"https:\/\/coria.org\/ayuntamiento\/index.php\/wp-json\/wp\/v2\/posts\/27403","targetHints":{"allow":["GET"]}}],"collection":[{"href":"https:\/\/coria.org\/ayuntamiento\/index.php\/wp-json\/wp\/v2\/posts"}],"about":[{"href":"https:\/\/coria.org\/ayuntamiento\/index.php\/wp-json\/wp\/v2\/types\/post"}],"author":[{"embeddable":true,"href":"https:\/\/coria.org\/ayuntamiento\/index.php\/wp-json\/wp\/v2\/users\/2"}],"replies":[{"embeddable":true,"href":"https:\/\/coria.org\/ayuntamiento\/index.php\/wp-json\/wp\/v2\/comments?post=27403"}],"version-history":[{"count":0,"href":"https:\/\/coria.org\/ayuntamiento\/index.php\/wp-json\/wp\/v2\/posts\/27403\/revisions"}],"wp:attachment":[{"href":"https:\/\/coria.org\/ayuntamiento\/index.php\/wp-json\/wp\/v2\/media?parent=27403"}],"wp:term":[{"taxonomy":"category","embeddable":true,"href":"https:\/\/coria.org\/ayuntamiento\/index.php\/wp-json\/wp\/v2\/categories?post=27403"},{"taxonomy":"post_tag","embeddable":true,"href":"https:\/\/coria.org\/ayuntamiento\/index.php\/wp-json\/wp\/v2\/tags?post=27403"}],"curies":[{"name":"wp","href":"https:\/\/api.w.org\/{rel}","templated":true}]}}