{"id":27402,"date":"2005-05-17T00:00:00","date_gmt":"2005-05-16T22:00:00","guid":{"rendered":"https:\/\/ayuntamiento.coriaenimagenes.com\/jornada-sobre-violencia-de-genero\/"},"modified":"2023-09-18T13:31:28","modified_gmt":"2023-09-18T11:31:28","slug":"jornada-sobre-violencia-de-genero","status":"publish","type":"post","link":"https:\/\/coria.org\/ayuntamiento\/index.php\/2005\/05\/17\/jornada-sobre-violencia-de-genero\/","title":{"rendered":"Jornada sobre Violencia de G\u00e9nero"},"content":{"rendered":"\n<p><b>El Ayuntamiento de Coria a trav\u00e9s de la Concejal\u00eda de Cultura y de la UPIM, organizar\u00e1 el pr\u00f3ximo 24 de mayo, en colaboraci\u00f3n con el Despacho de Abogadas \u00abMassana-Garcia\u00bb del que son titulares las abogadas, Isabel Massana y Ana Isabel Garcia, una charla destinada a dar a conocer, al mayor numero posible de ciudadanos los cambios e innovaciones que introduce la nueva Ley de Violencia de Genero. La Casa de Cultura acoger\u00e1 la visi\u00f3n, eminentemente practica, de una lacra social, el maltrato, que cada d\u00eda otorga el titulo de v\u00edctimas a mujeres sin distinci\u00f3n de edad o estatus social.<\/b><\/p>\n\n\n\n<p><b><\/b>El Alcalde de Coria es especialmente sensible a este mal, el de la violencia que se ejerce sobre las mujeres y al miedo que, en casi todas sus variantes, ataca a las que son atacadas y provoca en ellas sentimientos de frustraci\u00f3n, soledad y aislamiento social. <br \/>Don Joaqu\u00edn Hurtado y casi todos los ciudadanos han escuchado desgarradores testimonios de mujeres que han vivido sometidas a la esclavitud del maltrato y han sido testigos a trav\u00e9s de im\u00e1genes de la tortuosa relaci\u00f3n familiar a que estas personas se encuentran abocadas. <br \/>El Alcalde de Coria, esta convencido, que desde el conocimiento y la conciencia social se pueden dise\u00f1ar pol\u00edticas de prevenci\u00f3n, que ayuden a erradicar esta lacra social y trabajar desde un escenario eminentemente practico en la compresi\u00f3n de los papeles de v\u00edctima y verdugo. <br \/>La puesta en marcha de todos los actos que ayuden a comprender el problema desde cualquier enfoque, ya sea legal, sociol\u00f3gico o institucional, ejercer\u00e1n una acci\u00f3n sumamente beneficiosa en la tarea de erradicarlo.<\/p>\n","protected":false},"excerpt":{"rendered":"<p>El Ayuntamiento de Coria a trav\u00e9s de la Concejal\u00eda de Cultura y de la UPIM, organizar\u00e1 el pr\u00f3ximo 24 de mayo, en colaboraci\u00f3n con el Despacho de Abogadas \u00abMassana-Garcia\u00bb del que son titulares las abogadas, Isabel Massana y Ana Isabel Garcia, una charla destinada a dar a conocer, al mayor numero posible de ciudadanos los [&hellip;]<\/p>\n","protected":false},"author":2,"featured_media":0,"comment_status":"closed","ping_status":"closed","sticky":false,"template":"","format":"standard","meta":{"_uag_custom_page_level_css":"","footnotes":""},"categories":[2],"tags":[3,4,610,1314],"class_list":["post-27402","post","type-post","status-publish","format-standard","hentry","category-noticias","tag-coria","tag-extremadura","tag-genero","tag-violencia"],"yoast_head":"<!-- This site is optimized with the Yoast SEO plugin v27.4 - https:\/\/yoast.com\/product\/yoast-seo-wordpress\/ -->\n<title>Jornada sobre Violencia de G\u00e9nero - Ayuntamiento de Coria<\/title>\n<meta name=\"robots\" content=\"index, follow, max-snippet:-1, max-image-preview:large, max-video-preview:-1\" \/>\n<link rel=\"canonical\" href=\"https:\/\/coria.org\/ayuntamiento\/index.php\/2005\/05\/17\/jornada-sobre-violencia-de-genero\/\" \/>\n<meta property=\"og:locale\" content=\"es_ES\" \/>\n<meta property=\"og:type\" content=\"article\" \/>\n<meta property=\"og:title\" content=\"Jornada sobre Violencia de G\u00e9nero - Ayuntamiento de Coria\" \/>\n<meta property=\"og:description\" content=\"El Ayuntamiento de Coria a trav\u00e9s de la Concejal\u00eda de Cultura y de la UPIM, organizar\u00e1 el pr\u00f3ximo 24 de mayo, en colaboraci\u00f3n con el Despacho de Abogadas \u00abMassana-Garcia\u00bb del que son titulares las abogadas, Isabel Massana y Ana Isabel Garcia, una charla destinada a dar a conocer, al mayor numero posible de ciudadanos los [&hellip;]\" \/>\n<meta property=\"og:url\" content=\"https:\/\/coria.org\/ayuntamiento\/index.php\/2005\/05\/17\/jornada-sobre-violencia-de-genero\/\" \/>\n<meta property=\"og:site_name\" content=\"Ayuntamiento de Coria\" \/>\n<meta property=\"article:publisher\" content=\"https:\/\/www.facebook.com\/Ayuntamiento.de.Coria\" \/>\n<meta property=\"article:published_time\" content=\"2005-05-16T22:00:00+00:00\" \/>\n<meta property=\"article:modified_time\" content=\"2023-09-18T11:31:28+00:00\" \/>\n<meta name=\"author\" content=\"ayuntamiento\" \/>\n<meta name=\"twitter:card\" content=\"summary_large_image\" \/>\n<meta name=\"twitter:creator\" content=\"@Ayto_de_Coria\" \/>\n<meta name=\"twitter:site\" content=\"@Ayto_de_Coria\" \/>\n<meta name=\"twitter:label1\" content=\"Escrito por\" \/>\n\t<meta name=\"twitter:data1\" content=\"ayuntamiento\" \/>\n\t<meta name=\"twitter:label2\" content=\"Tiempo de lectura\" \/>\n\t<meta name=\"twitter:data2\" content=\"1 minuto\" \/>\n<script type=\"application\/ld+json\" class=\"yoast-schema-graph\">{\"@context\":\"https:\\\/\\\/schema.org\",\"@graph\":[{\"@type\":\"Article\",\"@id\":\"https:\\\/\\\/coria.org\\\/ayuntamiento\\\/index.php\\\/2005\\\/05\\\/17\\\/jornada-sobre-violencia-de-genero\\\/#article\",\"isPartOf\":{\"@id\":\"https:\\\/\\\/coria.org\\\/ayuntamiento\\\/index.php\\\/2005\\\/05\\\/17\\\/jornada-sobre-violencia-de-genero\\\/\"},\"author\":{\"name\":\"ayuntamiento\",\"@id\":\"https:\\\/\\\/coria.org\\\/ayuntamiento\\\/#\\\/schema\\\/person\\\/8bd589f0e13e8ae5aa06def7a599d622\"},\"headline\":\"Jornada sobre Violencia de G\u00e9nero\",\"datePublished\":\"2005-05-16T22:00:00+00:00\",\"dateModified\":\"2023-09-18T11:31:28+00:00\",\"mainEntityOfPage\":{\"@id\":\"https:\\\/\\\/coria.org\\\/ayuntamiento\\\/index.php\\\/2005\\\/05\\\/17\\\/jornada-sobre-violencia-de-genero\\\/\"},\"wordCount\":291,\"publisher\":{\"@id\":\"https:\\\/\\\/coria.org\\\/ayuntamiento\\\/#organization\"},\"keywords\":[\"coria\",\"extremadura\",\"genero\",\"violencia\"],\"articleSection\":[\"Noticias\"],\"inLanguage\":\"es\"},{\"@type\":\"WebPage\",\"@id\":\"https:\\\/\\\/coria.org\\\/ayuntamiento\\\/index.php\\\/2005\\\/05\\\/17\\\/jornada-sobre-violencia-de-genero\\\/\",\"url\":\"https:\\\/\\\/coria.org\\\/ayuntamiento\\\/index.php\\\/2005\\\/05\\\/17\\\/jornada-sobre-violencia-de-genero\\\/\",\"name\":\"Jornada sobre Violencia de G\u00e9nero - Ayuntamiento de Coria\",\"isPartOf\":{\"@id\":\"https:\\\/\\\/coria.org\\\/ayuntamiento\\\/#website\"},\"datePublished\":\"2005-05-16T22:00:00+00:00\",\"dateModified\":\"2023-09-18T11:31:28+00:00\",\"breadcrumb\":{\"@id\":\"https:\\\/\\\/coria.org\\\/ayuntamiento\\\/index.php\\\/2005\\\/05\\\/17\\\/jornada-sobre-violencia-de-genero\\\/#breadcrumb\"},\"inLanguage\":\"es\",\"potentialAction\":[{\"@type\":\"ReadAction\",\"target\":[\"https:\\\/\\\/coria.org\\\/ayuntamiento\\\/index.php\\\/2005\\\/05\\\/17\\\/jornada-sobre-violencia-de-genero\\\/\"]}]},{\"@type\":\"BreadcrumbList\",\"@id\":\"https:\\\/\\\/coria.org\\\/ayuntamiento\\\/index.php\\\/2005\\\/05\\\/17\\\/jornada-sobre-violencia-de-genero\\\/#breadcrumb\",\"itemListElement\":[{\"@type\":\"ListItem\",\"position\":1,\"name\":\"Inicio\",\"item\":\"https:\\\/\\\/coria.org\\\/ayuntamiento\\\/\"},{\"@type\":\"ListItem\",\"position\":2,\"name\":\"Jornada sobre Violencia de G\u00e9nero\"}]},{\"@type\":\"WebSite\",\"@id\":\"https:\\\/\\\/coria.org\\\/ayuntamiento\\\/#website\",\"url\":\"https:\\\/\\\/coria.org\\\/ayuntamiento\\\/\",\"name\":\"Ayuntamiento de Coria\",\"description\":\"Web oficial del Ayuntamiento de Coria\",\"publisher\":{\"@id\":\"https:\\\/\\\/coria.org\\\/ayuntamiento\\\/#organization\"},\"alternateName\":\"Web Oficial del Ayuntamiento de Coria\",\"potentialAction\":[{\"@type\":\"SearchAction\",\"target\":{\"@type\":\"EntryPoint\",\"urlTemplate\":\"https:\\\/\\\/coria.org\\\/ayuntamiento\\\/?s={search_term_string}\"},\"query-input\":{\"@type\":\"PropertyValueSpecification\",\"valueRequired\":true,\"valueName\":\"search_term_string\"}}],\"inLanguage\":\"es\"},{\"@type\":\"Organization\",\"@id\":\"https:\\\/\\\/coria.org\\\/ayuntamiento\\\/#organization\",\"name\":\"Ayuntamiento de Coria\",\"alternateName\":\"Ayto de Coria\",\"url\":\"https:\\\/\\\/coria.org\\\/ayuntamiento\\\/\",\"logo\":{\"@type\":\"ImageObject\",\"inLanguage\":\"es\",\"@id\":\"https:\\\/\\\/coria.org\\\/ayuntamiento\\\/#\\\/schema\\\/logo\\\/image\\\/\",\"url\":\"https:\\\/\\\/coria.org\\\/ayuntamiento\\\/wp-content\\\/uploads\\\/2020\\\/12\\\/escudo-ayuntamiento-coria.png\",\"contentUrl\":\"https:\\\/\\\/coria.org\\\/ayuntamiento\\\/wp-content\\\/uploads\\\/2020\\\/12\\\/escudo-ayuntamiento-coria.png\",\"width\":511,\"height\":240,\"caption\":\"Ayuntamiento de Coria\"},\"image\":{\"@id\":\"https:\\\/\\\/coria.org\\\/ayuntamiento\\\/#\\\/schema\\\/logo\\\/image\\\/\"},\"sameAs\":[\"https:\\\/\\\/www.facebook.com\\\/Ayuntamiento.de.Coria\",\"https:\\\/\\\/x.com\\\/Ayto_de_Coria\",\"https:\\\/\\\/www.instagram.com\\\/coria.ayuntamiento\\\/\",\"https:\\\/\\\/www.youtube.com\\\/user\\\/AYUNTAMIENTOCORIA\"]},{\"@type\":\"Person\",\"@id\":\"https:\\\/\\\/coria.org\\\/ayuntamiento\\\/#\\\/schema\\\/person\\\/8bd589f0e13e8ae5aa06def7a599d622\",\"name\":\"ayuntamiento\",\"image\":{\"@type\":\"ImageObject\",\"inLanguage\":\"es\",\"@id\":\"https:\\\/\\\/secure.gravatar.com\\\/avatar\\\/966e5ed73cad334adda5c87f49f2547f7082f7292c1b627cbb548744383b391c?s=96&d=mm&r=g\",\"url\":\"https:\\\/\\\/secure.gravatar.com\\\/avatar\\\/966e5ed73cad334adda5c87f49f2547f7082f7292c1b627cbb548744383b391c?s=96&d=mm&r=g\",\"contentUrl\":\"https:\\\/\\\/secure.gravatar.com\\\/avatar\\\/966e5ed73cad334adda5c87f49f2547f7082f7292c1b627cbb548744383b391c?s=96&d=mm&r=g\",\"caption\":\"ayuntamiento\"}}]}<\/script>\n<!-- \/ Yoast SEO plugin. -->","yoast_head_json":{"title":"Jornada sobre Violencia de G\u00e9nero - Ayuntamiento de Coria","robots":{"index":"index","follow":"follow","max-snippet":"max-snippet:-1","max-image-preview":"max-image-preview:large","max-video-preview":"max-video-preview:-1"},"canonical":"https:\/\/coria.org\/ayuntamiento\/index.php\/2005\/05\/17\/jornada-sobre-violencia-de-genero\/","og_locale":"es_ES","og_type":"article","og_title":"Jornada sobre Violencia de G\u00e9nero - Ayuntamiento de Coria","og_description":"El Ayuntamiento de Coria a trav\u00e9s de la Concejal\u00eda de Cultura y de la UPIM, organizar\u00e1 el pr\u00f3ximo 24 de mayo, en colaboraci\u00f3n con el Despacho de Abogadas \u00abMassana-Garcia\u00bb del que son titulares las abogadas, Isabel Massana y Ana Isabel Garcia, una charla destinada a dar a conocer, al mayor numero posible de ciudadanos los [&hellip;]","og_url":"https:\/\/coria.org\/ayuntamiento\/index.php\/2005\/05\/17\/jornada-sobre-violencia-de-genero\/","og_site_name":"Ayuntamiento de Coria","article_publisher":"https:\/\/www.facebook.com\/Ayuntamiento.de.Coria","article_published_time":"2005-05-16T22:00:00+00:00","article_modified_time":"2023-09-18T11:31:28+00:00","author":"ayuntamiento","twitter_card":"summary_large_image","twitter_creator":"@Ayto_de_Coria","twitter_site":"@Ayto_de_Coria","twitter_misc":{"Escrito por":"ayuntamiento","Tiempo de lectura":"1 minuto"},"schema":{"@context":"https:\/\/schema.org","@graph":[{"@type":"Article","@id":"https:\/\/coria.org\/ayuntamiento\/index.php\/2005\/05\/17\/jornada-sobre-violencia-de-genero\/#article","isPartOf":{"@id":"https:\/\/coria.org\/ayuntamiento\/index.php\/2005\/05\/17\/jornada-sobre-violencia-de-genero\/"},"author":{"name":"ayuntamiento","@id":"https:\/\/coria.org\/ayuntamiento\/#\/schema\/person\/8bd589f0e13e8ae5aa06def7a599d622"},"headline":"Jornada sobre Violencia de G\u00e9nero","datePublished":"2005-05-16T22:00:00+00:00","dateModified":"2023-09-18T11:31:28+00:00","mainEntityOfPage":{"@id":"https:\/\/coria.org\/ayuntamiento\/index.php\/2005\/05\/17\/jornada-sobre-violencia-de-genero\/"},"wordCount":291,"publisher":{"@id":"https:\/\/coria.org\/ayuntamiento\/#organization"},"keywords":["coria","extremadura","genero","violencia"],"articleSection":["Noticias"],"inLanguage":"es"},{"@type":"WebPage","@id":"https:\/\/coria.org\/ayuntamiento\/index.php\/2005\/05\/17\/jornada-sobre-violencia-de-genero\/","url":"https:\/\/coria.org\/ayuntamiento\/index.php\/2005\/05\/17\/jornada-sobre-violencia-de-genero\/","name":"Jornada sobre Violencia de G\u00e9nero - Ayuntamiento de Coria","isPartOf":{"@id":"https:\/\/coria.org\/ayuntamiento\/#website"},"datePublished":"2005-05-16T22:00:00+00:00","dateModified":"2023-09-18T11:31:28+00:00","breadcrumb":{"@id":"https:\/\/coria.org\/ayuntamiento\/index.php\/2005\/05\/17\/jornada-sobre-violencia-de-genero\/#breadcrumb"},"inLanguage":"es","potentialAction":[{"@type":"ReadAction","target":["https:\/\/coria.org\/ayuntamiento\/index.php\/2005\/05\/17\/jornada-sobre-violencia-de-genero\/"]}]},{"@type":"BreadcrumbList","@id":"https:\/\/coria.org\/ayuntamiento\/index.php\/2005\/05\/17\/jornada-sobre-violencia-de-genero\/#breadcrumb","itemListElement":[{"@type":"ListItem","position":1,"name":"Inicio","item":"https:\/\/coria.org\/ayuntamiento\/"},{"@type":"ListItem","position":2,"name":"Jornada sobre Violencia de G\u00e9nero"}]},{"@type":"WebSite","@id":"https:\/\/coria.org\/ayuntamiento\/#website","url":"https:\/\/coria.org\/ayuntamiento\/","name":"Ayuntamiento de Coria","description":"Web oficial del Ayuntamiento de Coria","publisher":{"@id":"https:\/\/coria.org\/ayuntamiento\/#organization"},"alternateName":"Web Oficial del Ayuntamiento de Coria","potentialAction":[{"@type":"SearchAction","target":{"@type":"EntryPoint","urlTemplate":"https:\/\/coria.org\/ayuntamiento\/?s={search_term_string}"},"query-input":{"@type":"PropertyValueSpecification","valueRequired":true,"valueName":"search_term_string"}}],"inLanguage":"es"},{"@type":"Organization","@id":"https:\/\/coria.org\/ayuntamiento\/#organization","name":"Ayuntamiento de Coria","alternateName":"Ayto de Coria","url":"https:\/\/coria.org\/ayuntamiento\/","logo":{"@type":"ImageObject","inLanguage":"es","@id":"https:\/\/coria.org\/ayuntamiento\/#\/schema\/logo\/image\/","url":"https:\/\/coria.org\/ayuntamiento\/wp-content\/uploads\/2020\/12\/escudo-ayuntamiento-coria.png","contentUrl":"https:\/\/coria.org\/ayuntamiento\/wp-content\/uploads\/2020\/12\/escudo-ayuntamiento-coria.png","width":511,"height":240,"caption":"Ayuntamiento de Coria"},"image":{"@id":"https:\/\/coria.org\/ayuntamiento\/#\/schema\/logo\/image\/"},"sameAs":["https:\/\/www.facebook.com\/Ayuntamiento.de.Coria","https:\/\/x.com\/Ayto_de_Coria","https:\/\/www.instagram.com\/coria.ayuntamiento\/","https:\/\/www.youtube.com\/user\/AYUNTAMIENTOCORIA"]},{"@type":"Person","@id":"https:\/\/coria.org\/ayuntamiento\/#\/schema\/person\/8bd589f0e13e8ae5aa06def7a599d622","name":"ayuntamiento","image":{"@type":"ImageObject","inLanguage":"es","@id":"https:\/\/secure.gravatar.com\/avatar\/966e5ed73cad334adda5c87f49f2547f7082f7292c1b627cbb548744383b391c?s=96&d=mm&r=g","url":"https:\/\/secure.gravatar.com\/avatar\/966e5ed73cad334adda5c87f49f2547f7082f7292c1b627cbb548744383b391c?s=96&d=mm&r=g","contentUrl":"https:\/\/secure.gravatar.com\/avatar\/966e5ed73cad334adda5c87f49f2547f7082f7292c1b627cbb548744383b391c?s=96&d=mm&r=g","caption":"ayuntamiento"}}]}},"uagb_featured_image_src":{"full":false,"thumbnail":false,"medium":false,"medium_large":false,"large":false,"thumblist":false,"thumbrelated":false,"meccarouselthumb":false,"gridsquare":false,"tileview":false,"1536x1536":false,"2048x2048":false},"uagb_author_info":{"display_name":"ayuntamiento","author_link":"https:\/\/coria.org\/ayuntamiento\/index.php\/author\/ayuntamiento\/"},"uagb_comment_info":0,"uagb_excerpt":"El Ayuntamiento de Coria a trav\u00e9s de la Concejal\u00eda de Cultura y de la UPIM, organizar\u00e1 el pr\u00f3ximo 24 de mayo, en colaboraci\u00f3n con el Despacho de Abogadas \u00abMassana-Garcia\u00bb del que son titulares las abogadas, Isabel Massana y Ana Isabel Garcia, una charla destinada a dar a conocer, al mayor numero posible de ciudadanos los&hellip;","_links":{"self":[{"href":"https:\/\/coria.org\/ayuntamiento\/index.php\/wp-json\/wp\/v2\/posts\/27402","targetHints":{"allow":["GET"]}}],"collection":[{"href":"https:\/\/coria.org\/ayuntamiento\/index.php\/wp-json\/wp\/v2\/posts"}],"about":[{"href":"https:\/\/coria.org\/ayuntamiento\/index.php\/wp-json\/wp\/v2\/types\/post"}],"author":[{"embeddable":true,"href":"https:\/\/coria.org\/ayuntamiento\/index.php\/wp-json\/wp\/v2\/users\/2"}],"replies":[{"embeddable":true,"href":"https:\/\/coria.org\/ayuntamiento\/index.php\/wp-json\/wp\/v2\/comments?post=27402"}],"version-history":[{"count":0,"href":"https:\/\/coria.org\/ayuntamiento\/index.php\/wp-json\/wp\/v2\/posts\/27402\/revisions"}],"wp:attachment":[{"href":"https:\/\/coria.org\/ayuntamiento\/index.php\/wp-json\/wp\/v2\/media?parent=27402"}],"wp:term":[{"taxonomy":"category","embeddable":true,"href":"https:\/\/coria.org\/ayuntamiento\/index.php\/wp-json\/wp\/v2\/categories?post=27402"},{"taxonomy":"post_tag","embeddable":true,"href":"https:\/\/coria.org\/ayuntamiento\/index.php\/wp-json\/wp\/v2\/tags?post=27402"}],"curies":[{"name":"wp","href":"https:\/\/api.w.org\/{rel}","templated":true}]}}