{"id":27395,"date":"2005-06-02T00:00:00","date_gmt":"2005-06-01T22:00:00","guid":{"rendered":"https:\/\/ayuntamiento.coriaenimagenes.com\/dia-mundial-sin-tabaco\/"},"modified":"2023-09-18T13:31:27","modified_gmt":"2023-09-18T11:31:27","slug":"dia-mundial-sin-tabaco","status":"publish","type":"post","link":"https:\/\/coria.org\/ayuntamiento\/index.php\/2005\/06\/02\/dia-mundial-sin-tabaco\/","title":{"rendered":"D\u00eda Mundial sin tabaco"},"content":{"rendered":"\n<p><b>\u00bfTe imaginas un mundo sin humos?. Porque no comenzar diciendo adi\u00f3s a los que nosotros exhalamos al fumar un cigarro.El d\u00eda 31 de Mayo se celebra el d\u00eda Mundial sin Tabaco.<\/b><\/p>\n\n\n\n<p><b><\/b>El Ayuntamiento de Coria, desde el Programa Ciudades Saludables y Sostenibles de Coria se une a esta iniciativa promovida por la Organizaci\u00f3n Mundial de la Salud e invita a todos aquellos que se sientan cansados de perpetuar en su cuerpo este mal h\u00e1bito, a un saludable intercambio. \u00abFrutas por tabaco\u00bb<br \/>El jueves 2 de junio encontrar\u00e1s instalado en la Plaza de la Paz un stand, al frente del cual estar\u00e1n, desde las diez de la ma\u00f1ana, Araceli Mart\u00edn, t\u00e9cnico del Proyecto Ciudades Saludables y Sostenibles, y el de grupo de voluntarios de Coria, quienes prestaran, como siempre, su colaboraci\u00f3n desinteresada y que contar\u00e1 con la presencia del Alcalde de Coria, Joaqu\u00edn Hurtado, sensibilizado con los grandes perjuicios que acarrea el consumo de tabaco para la sociedad \u00abno s\u00f3lo para los fumadores\u00bb se\u00f1ala el Alcalde, a\u00f1adiendo que \u00abesta adicci\u00f3n constituye uno de los problemas m\u00e1s graves de salud p\u00fablica\u00bb. <br \/>A lo largo de la ma\u00f1ana se dar\u00e1 una pieza de fruta a los fumadores que entreguen un cigarro y se regalar\u00e1 una camiseta y una fruta a cambio de una cajetilla de tabaco. Todos los cigarrillos que se obtengan, ser\u00e1n destruidos. <br \/>Se pretende con esta iniciativa, que la poblaci\u00f3n, tome conciencia sobre los efectos nocivos que el tabaco ejerce en la salud, para ello, se pondr\u00e1n a disposici\u00f3n del publico, folletos informativos que han sido cedidos al Ayuntamiento por La Asociaci\u00f3n Espa\u00f1ola contra el C\u00e1ncer. Adem\u00e1s, todos los que lo deseen se podr\u00e1n hacer un test de autoevaluaci\u00f3n, para conocer el grado de dependencia a la nicotina que padecen y si resulta posible se har\u00e1n pruebas destinadas a medir la capacidad pulmonar. <br \/>S\u00f3lo en nuestro pa\u00eds, los c\u00e1lculos de la Sociedad Espa\u00f1ola de Especialistas en Tabaquismo, estiman que cada 10 minutos muere una persona por causas directamente relacionadas con el tabaco, esto es, 6 a la hora, 150 al d\u00eda, 1.050 a la semana, 4.500 al mes y unas 55.000 al a\u00f1o. Las mismas estimaciones apuntan que el gasto diario en tabaco en Espa\u00f1a asciende a 24.040.050 de euros, lo que significa que cada segundo el gasto es de casi 300 euros y el consumo de tabaco por persona asciende a mas de 2500 al a\u00f1o.<\/p>\n","protected":false},"excerpt":{"rendered":"<p>\u00bfTe imaginas un mundo sin humos?. Porque no comenzar diciendo adi\u00f3s a los que nosotros exhalamos al fumar un cigarro.El d\u00eda 31 de Mayo se celebra el d\u00eda Mundial sin Tabaco. El Ayuntamiento de Coria, desde el Programa Ciudades Saludables y Sostenibles de Coria se une a esta iniciativa promovida por la Organizaci\u00f3n Mundial de [&hellip;]<\/p>\n","protected":false},"author":2,"featured_media":0,"comment_status":"closed","ping_status":"closed","sticky":false,"template":"","format":"standard","meta":{"_uag_custom_page_level_css":"","footnotes":""},"categories":[2],"tags":[3,4,1203],"class_list":["post-27395","post","type-post","status-publish","format-standard","hentry","category-noticias","tag-coria","tag-extremadura","tag-tabaco"],"yoast_head":"<!-- This site is optimized with the Yoast SEO plugin v27.4 - https:\/\/yoast.com\/product\/yoast-seo-wordpress\/ -->\n<title>D\u00eda Mundial sin tabaco - Ayuntamiento de Coria<\/title>\n<meta name=\"robots\" content=\"index, follow, max-snippet:-1, max-image-preview:large, max-video-preview:-1\" \/>\n<link rel=\"canonical\" href=\"https:\/\/coria.org\/ayuntamiento\/index.php\/2005\/06\/02\/dia-mundial-sin-tabaco\/\" \/>\n<meta property=\"og:locale\" content=\"es_ES\" \/>\n<meta property=\"og:type\" content=\"article\" \/>\n<meta property=\"og:title\" content=\"D\u00eda Mundial sin tabaco - Ayuntamiento de Coria\" \/>\n<meta property=\"og:description\" content=\"\u00bfTe imaginas un mundo sin humos?. Porque no comenzar diciendo adi\u00f3s a los que nosotros exhalamos al fumar un cigarro.El d\u00eda 31 de Mayo se celebra el d\u00eda Mundial sin Tabaco. El Ayuntamiento de Coria, desde el Programa Ciudades Saludables y Sostenibles de Coria se une a esta iniciativa promovida por la Organizaci\u00f3n Mundial de [&hellip;]\" \/>\n<meta property=\"og:url\" content=\"https:\/\/coria.org\/ayuntamiento\/index.php\/2005\/06\/02\/dia-mundial-sin-tabaco\/\" \/>\n<meta property=\"og:site_name\" content=\"Ayuntamiento de Coria\" \/>\n<meta property=\"article:publisher\" content=\"https:\/\/www.facebook.com\/Ayuntamiento.de.Coria\" \/>\n<meta property=\"article:published_time\" content=\"2005-06-01T22:00:00+00:00\" \/>\n<meta property=\"article:modified_time\" content=\"2023-09-18T11:31:27+00:00\" \/>\n<meta name=\"author\" content=\"ayuntamiento\" \/>\n<meta name=\"twitter:card\" content=\"summary_large_image\" \/>\n<meta name=\"twitter:creator\" content=\"@Ayto_de_Coria\" \/>\n<meta name=\"twitter:site\" content=\"@Ayto_de_Coria\" \/>\n<meta name=\"twitter:label1\" content=\"Escrito por\" \/>\n\t<meta name=\"twitter:data1\" content=\"ayuntamiento\" \/>\n\t<meta name=\"twitter:label2\" content=\"Tiempo de lectura\" \/>\n\t<meta name=\"twitter:data2\" content=\"2 minutos\" \/>\n<script type=\"application\/ld+json\" class=\"yoast-schema-graph\">{\"@context\":\"https:\\\/\\\/schema.org\",\"@graph\":[{\"@type\":\"Article\",\"@id\":\"https:\\\/\\\/coria.org\\\/ayuntamiento\\\/index.php\\\/2005\\\/06\\\/02\\\/dia-mundial-sin-tabaco\\\/#article\",\"isPartOf\":{\"@id\":\"https:\\\/\\\/coria.org\\\/ayuntamiento\\\/index.php\\\/2005\\\/06\\\/02\\\/dia-mundial-sin-tabaco\\\/\"},\"author\":{\"name\":\"ayuntamiento\",\"@id\":\"https:\\\/\\\/coria.org\\\/ayuntamiento\\\/#\\\/schema\\\/person\\\/8bd589f0e13e8ae5aa06def7a599d622\"},\"headline\":\"D\u00eda Mundial sin tabaco\",\"datePublished\":\"2005-06-01T22:00:00+00:00\",\"dateModified\":\"2023-09-18T11:31:27+00:00\",\"mainEntityOfPage\":{\"@id\":\"https:\\\/\\\/coria.org\\\/ayuntamiento\\\/index.php\\\/2005\\\/06\\\/02\\\/dia-mundial-sin-tabaco\\\/\"},\"wordCount\":429,\"publisher\":{\"@id\":\"https:\\\/\\\/coria.org\\\/ayuntamiento\\\/#organization\"},\"keywords\":[\"coria\",\"extremadura\",\"tabaco\"],\"articleSection\":[\"Noticias\"],\"inLanguage\":\"es\"},{\"@type\":\"WebPage\",\"@id\":\"https:\\\/\\\/coria.org\\\/ayuntamiento\\\/index.php\\\/2005\\\/06\\\/02\\\/dia-mundial-sin-tabaco\\\/\",\"url\":\"https:\\\/\\\/coria.org\\\/ayuntamiento\\\/index.php\\\/2005\\\/06\\\/02\\\/dia-mundial-sin-tabaco\\\/\",\"name\":\"D\u00eda Mundial sin tabaco - Ayuntamiento de Coria\",\"isPartOf\":{\"@id\":\"https:\\\/\\\/coria.org\\\/ayuntamiento\\\/#website\"},\"datePublished\":\"2005-06-01T22:00:00+00:00\",\"dateModified\":\"2023-09-18T11:31:27+00:00\",\"breadcrumb\":{\"@id\":\"https:\\\/\\\/coria.org\\\/ayuntamiento\\\/index.php\\\/2005\\\/06\\\/02\\\/dia-mundial-sin-tabaco\\\/#breadcrumb\"},\"inLanguage\":\"es\",\"potentialAction\":[{\"@type\":\"ReadAction\",\"target\":[\"https:\\\/\\\/coria.org\\\/ayuntamiento\\\/index.php\\\/2005\\\/06\\\/02\\\/dia-mundial-sin-tabaco\\\/\"]}]},{\"@type\":\"BreadcrumbList\",\"@id\":\"https:\\\/\\\/coria.org\\\/ayuntamiento\\\/index.php\\\/2005\\\/06\\\/02\\\/dia-mundial-sin-tabaco\\\/#breadcrumb\",\"itemListElement\":[{\"@type\":\"ListItem\",\"position\":1,\"name\":\"Inicio\",\"item\":\"https:\\\/\\\/coria.org\\\/ayuntamiento\\\/\"},{\"@type\":\"ListItem\",\"position\":2,\"name\":\"D\u00eda Mundial sin tabaco\"}]},{\"@type\":\"WebSite\",\"@id\":\"https:\\\/\\\/coria.org\\\/ayuntamiento\\\/#website\",\"url\":\"https:\\\/\\\/coria.org\\\/ayuntamiento\\\/\",\"name\":\"Ayuntamiento de Coria\",\"description\":\"Web oficial del Ayuntamiento de Coria\",\"publisher\":{\"@id\":\"https:\\\/\\\/coria.org\\\/ayuntamiento\\\/#organization\"},\"alternateName\":\"Web Oficial del Ayuntamiento de Coria\",\"potentialAction\":[{\"@type\":\"SearchAction\",\"target\":{\"@type\":\"EntryPoint\",\"urlTemplate\":\"https:\\\/\\\/coria.org\\\/ayuntamiento\\\/?s={search_term_string}\"},\"query-input\":{\"@type\":\"PropertyValueSpecification\",\"valueRequired\":true,\"valueName\":\"search_term_string\"}}],\"inLanguage\":\"es\"},{\"@type\":\"Organization\",\"@id\":\"https:\\\/\\\/coria.org\\\/ayuntamiento\\\/#organization\",\"name\":\"Ayuntamiento de Coria\",\"alternateName\":\"Ayto de Coria\",\"url\":\"https:\\\/\\\/coria.org\\\/ayuntamiento\\\/\",\"logo\":{\"@type\":\"ImageObject\",\"inLanguage\":\"es\",\"@id\":\"https:\\\/\\\/coria.org\\\/ayuntamiento\\\/#\\\/schema\\\/logo\\\/image\\\/\",\"url\":\"https:\\\/\\\/coria.org\\\/ayuntamiento\\\/wp-content\\\/uploads\\\/2020\\\/12\\\/escudo-ayuntamiento-coria.png\",\"contentUrl\":\"https:\\\/\\\/coria.org\\\/ayuntamiento\\\/wp-content\\\/uploads\\\/2020\\\/12\\\/escudo-ayuntamiento-coria.png\",\"width\":511,\"height\":240,\"caption\":\"Ayuntamiento de Coria\"},\"image\":{\"@id\":\"https:\\\/\\\/coria.org\\\/ayuntamiento\\\/#\\\/schema\\\/logo\\\/image\\\/\"},\"sameAs\":[\"https:\\\/\\\/www.facebook.com\\\/Ayuntamiento.de.Coria\",\"https:\\\/\\\/x.com\\\/Ayto_de_Coria\",\"https:\\\/\\\/www.instagram.com\\\/coria.ayuntamiento\\\/\",\"https:\\\/\\\/www.youtube.com\\\/user\\\/AYUNTAMIENTOCORIA\"]},{\"@type\":\"Person\",\"@id\":\"https:\\\/\\\/coria.org\\\/ayuntamiento\\\/#\\\/schema\\\/person\\\/8bd589f0e13e8ae5aa06def7a599d622\",\"name\":\"ayuntamiento\",\"image\":{\"@type\":\"ImageObject\",\"inLanguage\":\"es\",\"@id\":\"https:\\\/\\\/secure.gravatar.com\\\/avatar\\\/966e5ed73cad334adda5c87f49f2547f7082f7292c1b627cbb548744383b391c?s=96&d=mm&r=g\",\"url\":\"https:\\\/\\\/secure.gravatar.com\\\/avatar\\\/966e5ed73cad334adda5c87f49f2547f7082f7292c1b627cbb548744383b391c?s=96&d=mm&r=g\",\"contentUrl\":\"https:\\\/\\\/secure.gravatar.com\\\/avatar\\\/966e5ed73cad334adda5c87f49f2547f7082f7292c1b627cbb548744383b391c?s=96&d=mm&r=g\",\"caption\":\"ayuntamiento\"}}]}<\/script>\n<!-- \/ Yoast SEO plugin. -->","yoast_head_json":{"title":"D\u00eda Mundial sin tabaco - Ayuntamiento de Coria","robots":{"index":"index","follow":"follow","max-snippet":"max-snippet:-1","max-image-preview":"max-image-preview:large","max-video-preview":"max-video-preview:-1"},"canonical":"https:\/\/coria.org\/ayuntamiento\/index.php\/2005\/06\/02\/dia-mundial-sin-tabaco\/","og_locale":"es_ES","og_type":"article","og_title":"D\u00eda Mundial sin tabaco - Ayuntamiento de Coria","og_description":"\u00bfTe imaginas un mundo sin humos?. Porque no comenzar diciendo adi\u00f3s a los que nosotros exhalamos al fumar un cigarro.El d\u00eda 31 de Mayo se celebra el d\u00eda Mundial sin Tabaco. El Ayuntamiento de Coria, desde el Programa Ciudades Saludables y Sostenibles de Coria se une a esta iniciativa promovida por la Organizaci\u00f3n Mundial de [&hellip;]","og_url":"https:\/\/coria.org\/ayuntamiento\/index.php\/2005\/06\/02\/dia-mundial-sin-tabaco\/","og_site_name":"Ayuntamiento de Coria","article_publisher":"https:\/\/www.facebook.com\/Ayuntamiento.de.Coria","article_published_time":"2005-06-01T22:00:00+00:00","article_modified_time":"2023-09-18T11:31:27+00:00","author":"ayuntamiento","twitter_card":"summary_large_image","twitter_creator":"@Ayto_de_Coria","twitter_site":"@Ayto_de_Coria","twitter_misc":{"Escrito por":"ayuntamiento","Tiempo de lectura":"2 minutos"},"schema":{"@context":"https:\/\/schema.org","@graph":[{"@type":"Article","@id":"https:\/\/coria.org\/ayuntamiento\/index.php\/2005\/06\/02\/dia-mundial-sin-tabaco\/#article","isPartOf":{"@id":"https:\/\/coria.org\/ayuntamiento\/index.php\/2005\/06\/02\/dia-mundial-sin-tabaco\/"},"author":{"name":"ayuntamiento","@id":"https:\/\/coria.org\/ayuntamiento\/#\/schema\/person\/8bd589f0e13e8ae5aa06def7a599d622"},"headline":"D\u00eda Mundial sin tabaco","datePublished":"2005-06-01T22:00:00+00:00","dateModified":"2023-09-18T11:31:27+00:00","mainEntityOfPage":{"@id":"https:\/\/coria.org\/ayuntamiento\/index.php\/2005\/06\/02\/dia-mundial-sin-tabaco\/"},"wordCount":429,"publisher":{"@id":"https:\/\/coria.org\/ayuntamiento\/#organization"},"keywords":["coria","extremadura","tabaco"],"articleSection":["Noticias"],"inLanguage":"es"},{"@type":"WebPage","@id":"https:\/\/coria.org\/ayuntamiento\/index.php\/2005\/06\/02\/dia-mundial-sin-tabaco\/","url":"https:\/\/coria.org\/ayuntamiento\/index.php\/2005\/06\/02\/dia-mundial-sin-tabaco\/","name":"D\u00eda Mundial sin tabaco - Ayuntamiento de Coria","isPartOf":{"@id":"https:\/\/coria.org\/ayuntamiento\/#website"},"datePublished":"2005-06-01T22:00:00+00:00","dateModified":"2023-09-18T11:31:27+00:00","breadcrumb":{"@id":"https:\/\/coria.org\/ayuntamiento\/index.php\/2005\/06\/02\/dia-mundial-sin-tabaco\/#breadcrumb"},"inLanguage":"es","potentialAction":[{"@type":"ReadAction","target":["https:\/\/coria.org\/ayuntamiento\/index.php\/2005\/06\/02\/dia-mundial-sin-tabaco\/"]}]},{"@type":"BreadcrumbList","@id":"https:\/\/coria.org\/ayuntamiento\/index.php\/2005\/06\/02\/dia-mundial-sin-tabaco\/#breadcrumb","itemListElement":[{"@type":"ListItem","position":1,"name":"Inicio","item":"https:\/\/coria.org\/ayuntamiento\/"},{"@type":"ListItem","position":2,"name":"D\u00eda Mundial sin tabaco"}]},{"@type":"WebSite","@id":"https:\/\/coria.org\/ayuntamiento\/#website","url":"https:\/\/coria.org\/ayuntamiento\/","name":"Ayuntamiento de Coria","description":"Web oficial del Ayuntamiento de Coria","publisher":{"@id":"https:\/\/coria.org\/ayuntamiento\/#organization"},"alternateName":"Web Oficial del Ayuntamiento de Coria","potentialAction":[{"@type":"SearchAction","target":{"@type":"EntryPoint","urlTemplate":"https:\/\/coria.org\/ayuntamiento\/?s={search_term_string}"},"query-input":{"@type":"PropertyValueSpecification","valueRequired":true,"valueName":"search_term_string"}}],"inLanguage":"es"},{"@type":"Organization","@id":"https:\/\/coria.org\/ayuntamiento\/#organization","name":"Ayuntamiento de Coria","alternateName":"Ayto de Coria","url":"https:\/\/coria.org\/ayuntamiento\/","logo":{"@type":"ImageObject","inLanguage":"es","@id":"https:\/\/coria.org\/ayuntamiento\/#\/schema\/logo\/image\/","url":"https:\/\/coria.org\/ayuntamiento\/wp-content\/uploads\/2020\/12\/escudo-ayuntamiento-coria.png","contentUrl":"https:\/\/coria.org\/ayuntamiento\/wp-content\/uploads\/2020\/12\/escudo-ayuntamiento-coria.png","width":511,"height":240,"caption":"Ayuntamiento de Coria"},"image":{"@id":"https:\/\/coria.org\/ayuntamiento\/#\/schema\/logo\/image\/"},"sameAs":["https:\/\/www.facebook.com\/Ayuntamiento.de.Coria","https:\/\/x.com\/Ayto_de_Coria","https:\/\/www.instagram.com\/coria.ayuntamiento\/","https:\/\/www.youtube.com\/user\/AYUNTAMIENTOCORIA"]},{"@type":"Person","@id":"https:\/\/coria.org\/ayuntamiento\/#\/schema\/person\/8bd589f0e13e8ae5aa06def7a599d622","name":"ayuntamiento","image":{"@type":"ImageObject","inLanguage":"es","@id":"https:\/\/secure.gravatar.com\/avatar\/966e5ed73cad334adda5c87f49f2547f7082f7292c1b627cbb548744383b391c?s=96&d=mm&r=g","url":"https:\/\/secure.gravatar.com\/avatar\/966e5ed73cad334adda5c87f49f2547f7082f7292c1b627cbb548744383b391c?s=96&d=mm&r=g","contentUrl":"https:\/\/secure.gravatar.com\/avatar\/966e5ed73cad334adda5c87f49f2547f7082f7292c1b627cbb548744383b391c?s=96&d=mm&r=g","caption":"ayuntamiento"}}]}},"uagb_featured_image_src":{"full":false,"thumbnail":false,"medium":false,"medium_large":false,"large":false,"thumblist":false,"thumbrelated":false,"meccarouselthumb":false,"gridsquare":false,"tileview":false,"1536x1536":false,"2048x2048":false},"uagb_author_info":{"display_name":"ayuntamiento","author_link":"https:\/\/coria.org\/ayuntamiento\/index.php\/author\/ayuntamiento\/"},"uagb_comment_info":0,"uagb_excerpt":"\u00bfTe imaginas un mundo sin humos?. Porque no comenzar diciendo adi\u00f3s a los que nosotros exhalamos al fumar un cigarro.El d\u00eda 31 de Mayo se celebra el d\u00eda Mundial sin Tabaco. El Ayuntamiento de Coria, desde el Programa Ciudades Saludables y Sostenibles de Coria se une a esta iniciativa promovida por la Organizaci\u00f3n Mundial de&hellip;","_links":{"self":[{"href":"https:\/\/coria.org\/ayuntamiento\/index.php\/wp-json\/wp\/v2\/posts\/27395","targetHints":{"allow":["GET"]}}],"collection":[{"href":"https:\/\/coria.org\/ayuntamiento\/index.php\/wp-json\/wp\/v2\/posts"}],"about":[{"href":"https:\/\/coria.org\/ayuntamiento\/index.php\/wp-json\/wp\/v2\/types\/post"}],"author":[{"embeddable":true,"href":"https:\/\/coria.org\/ayuntamiento\/index.php\/wp-json\/wp\/v2\/users\/2"}],"replies":[{"embeddable":true,"href":"https:\/\/coria.org\/ayuntamiento\/index.php\/wp-json\/wp\/v2\/comments?post=27395"}],"version-history":[{"count":0,"href":"https:\/\/coria.org\/ayuntamiento\/index.php\/wp-json\/wp\/v2\/posts\/27395\/revisions"}],"wp:attachment":[{"href":"https:\/\/coria.org\/ayuntamiento\/index.php\/wp-json\/wp\/v2\/media?parent=27395"}],"wp:term":[{"taxonomy":"category","embeddable":true,"href":"https:\/\/coria.org\/ayuntamiento\/index.php\/wp-json\/wp\/v2\/categories?post=27395"},{"taxonomy":"post_tag","embeddable":true,"href":"https:\/\/coria.org\/ayuntamiento\/index.php\/wp-json\/wp\/v2\/tags?post=27395"}],"curies":[{"name":"wp","href":"https:\/\/api.w.org\/{rel}","templated":true}]}}