{"id":27291,"date":"2006-10-03T00:00:00","date_gmt":"2006-10-02T22:00:00","guid":{"rendered":"https:\/\/ayuntamiento.coriaenimagenes.com\/el-alcalde-de-coria-se-reune-con-empresarios-hosteleros-del-rollo\/"},"modified":"2023-09-18T13:31:08","modified_gmt":"2023-09-18T11:31:08","slug":"el-alcalde-de-coria-se-reune-con-empresarios-hosteleros-del-rollo","status":"publish","type":"post","link":"https:\/\/coria.org\/ayuntamiento\/index.php\/2006\/10\/03\/el-alcalde-de-coria-se-reune-con-empresarios-hosteleros-del-rollo\/","title":{"rendered":"El Alcalde de Coria se re\u00fane con empresarios hosteleros del Rollo"},"content":{"rendered":"\n<p><b>El mi\u00e9rcoles 8 de marzo Joaqu\u00edn Hurtado Sim\u00f3n, Jos\u00e9 Antonio Moreno Lucas Concejal de Obras y Servicios y Jes\u00fas Dom\u00ednguez, Subinspector de la Polic\u00eda Municipal mantuvieron una reuni\u00f3n con una nutrida representaci\u00f3n de los empresarios de la zona del Rollo a fin de establecer las prioridades sobre ordenaci\u00f3n del trafico rodado en la plaza del Mentidero.<\/b><\/p>\n\n\n\n<p><b><\/b>Durante el encuentro los empresarios transmitieron las quejas del sector hostelero, ante el incremento del numero de estacionamientos en bater\u00eda que cada d\u00eda se realizan de forma incorrecta tanto en el interior como en los extremos de la Plaza, un hecho que congestiona la zona y dificulta la fluidez del trafico rodado a trav\u00e9s de las v\u00edas de acceso al Rollo.<\/p>\n\n\n\n<p>As\u00ed, para atajar este problema, la representaci\u00f3n empresarial planteo al Alcalde la posibilidad de iniciar actuaciones encaminadas a convertir la Plaza del Rollo en una rotonda.<\/p>\n\n\n\n<p>Aunque el Alcalde se comprometi\u00f3 a estudiar la propuesta, adelanto a los presentes que cualquier medida adoptada desde el Consistorio se tomara sobre la base de los informes elaborados por los t\u00e9cnicos municipales y teniendo en cuenta la opini\u00f3n de los vecinos.<\/p>\n\n\n\n<p>Adem\u00e1s Hurtado Sim\u00f3n y Moreno Lucas informaron a los empresarios de la intenci\u00f3n del Equipo de Gobierno de dotar, en los pr\u00f3ximos meses, de mobiliario urbano al espacio situado frente al edificio donde se anuncia la cartelera semanal del Cine, la medida, que cuenta con el respaldo de los t\u00e9cnicos municipales, incluye colocar una serie de bancos asegur\u00e1ndolos al suelo mediante tornillos.<\/p>\n\n\n\n<p>Esta acci\u00f3n evitara los estacionamientos realizados en el interior de la Plaza y a la vez contribuir\u00e1 a que el trafico rodado alrededor de la zona se desarrolle de manera fluida. Ademas el espacio resulta id\u00f3neo para ubicar escenarios de distinto tama\u00f1o cuando se realicen las actuaciones que incidental o tradicionalmente se celebran en el Rollo.<\/p>\n\n\n\n<p>Con todo lo anterior se pone de manifiesto una vez mas la implicaci\u00f3n constante y el trabajo desarrollado por el Equipo de Gobierno para llevar a cabo proyectos que mejoren la calidad de vida a los ciudadanos caurienses.<\/p>\n\n\n\n<p>Al finalizar el encuentro Hurtado Sim\u00f3n transmiti\u00f3 a los empresarios la necesidad de ir ampliando la zona de peatonalizaci\u00f3n en el interior del Casco Hist\u00f3rico, una ampliaci\u00f3n que obedece a peticiones realizadas al Ayuntamiento por los vecinos.<\/p>\n","protected":false},"excerpt":{"rendered":"<p>El mi\u00e9rcoles 8 de marzo Joaqu\u00edn Hurtado Sim\u00f3n, Jos\u00e9 Antonio Moreno Lucas Concejal de Obras y Servicios y Jes\u00fas Dom\u00ednguez, Subinspector de la Polic\u00eda Municipal mantuvieron una reuni\u00f3n con una nutrida representaci\u00f3n de los empresarios de la zona del Rollo a fin de establecer las prioridades sobre ordenaci\u00f3n del trafico rodado en la plaza del [&hellip;]<\/p>\n","protected":false},"author":2,"featured_media":0,"comment_status":"closed","ping_status":"closed","sticky":false,"template":"","format":"standard","meta":{"_uag_custom_page_level_css":"","footnotes":""},"categories":[2],"tags":[644,1084,1101],"class_list":["post-27291","post","type-post","status-publish","format-standard","hentry","category-noticias","tag-hosteleros","tag-reunion","tag-rollo"],"yoast_head":"<!-- This site is optimized with the Yoast SEO plugin v27.4 - https:\/\/yoast.com\/product\/yoast-seo-wordpress\/ -->\n<title>El Alcalde de Coria se re\u00fane con empresarios hosteleros del Rollo - Ayuntamiento de Coria<\/title>\n<meta name=\"robots\" content=\"index, follow, max-snippet:-1, max-image-preview:large, max-video-preview:-1\" \/>\n<link rel=\"canonical\" href=\"https:\/\/coria.org\/ayuntamiento\/index.php\/2006\/10\/03\/el-alcalde-de-coria-se-reune-con-empresarios-hosteleros-del-rollo\/\" \/>\n<meta property=\"og:locale\" content=\"es_ES\" \/>\n<meta property=\"og:type\" content=\"article\" \/>\n<meta property=\"og:title\" content=\"El Alcalde de Coria se re\u00fane con empresarios hosteleros del Rollo - Ayuntamiento de Coria\" \/>\n<meta property=\"og:description\" content=\"El mi\u00e9rcoles 8 de marzo Joaqu\u00edn Hurtado Sim\u00f3n, Jos\u00e9 Antonio Moreno Lucas Concejal de Obras y Servicios y Jes\u00fas Dom\u00ednguez, Subinspector de la Polic\u00eda Municipal mantuvieron una reuni\u00f3n con una nutrida representaci\u00f3n de los empresarios de la zona del Rollo a fin de establecer las prioridades sobre ordenaci\u00f3n del trafico rodado en la plaza del [&hellip;]\" \/>\n<meta property=\"og:url\" content=\"https:\/\/coria.org\/ayuntamiento\/index.php\/2006\/10\/03\/el-alcalde-de-coria-se-reune-con-empresarios-hosteleros-del-rollo\/\" \/>\n<meta property=\"og:site_name\" content=\"Ayuntamiento de Coria\" \/>\n<meta property=\"article:publisher\" content=\"https:\/\/www.facebook.com\/Ayuntamiento.de.Coria\" \/>\n<meta property=\"article:published_time\" content=\"2006-10-02T22:00:00+00:00\" \/>\n<meta property=\"article:modified_time\" content=\"2023-09-18T11:31:08+00:00\" \/>\n<meta name=\"author\" content=\"ayuntamiento\" \/>\n<meta name=\"twitter:card\" content=\"summary_large_image\" \/>\n<meta name=\"twitter:creator\" content=\"@Ayto_de_Coria\" \/>\n<meta name=\"twitter:site\" content=\"@Ayto_de_Coria\" \/>\n<meta name=\"twitter:label1\" content=\"Escrito por\" \/>\n\t<meta name=\"twitter:data1\" content=\"ayuntamiento\" \/>\n\t<meta name=\"twitter:label2\" content=\"Tiempo de lectura\" \/>\n\t<meta name=\"twitter:data2\" content=\"2 minutos\" \/>\n<script type=\"application\/ld+json\" class=\"yoast-schema-graph\">{\"@context\":\"https:\\\/\\\/schema.org\",\"@graph\":[{\"@type\":\"Article\",\"@id\":\"https:\\\/\\\/coria.org\\\/ayuntamiento\\\/index.php\\\/2006\\\/10\\\/03\\\/el-alcalde-de-coria-se-reune-con-empresarios-hosteleros-del-rollo\\\/#article\",\"isPartOf\":{\"@id\":\"https:\\\/\\\/coria.org\\\/ayuntamiento\\\/index.php\\\/2006\\\/10\\\/03\\\/el-alcalde-de-coria-se-reune-con-empresarios-hosteleros-del-rollo\\\/\"},\"author\":{\"name\":\"ayuntamiento\",\"@id\":\"https:\\\/\\\/coria.org\\\/ayuntamiento\\\/#\\\/schema\\\/person\\\/8bd589f0e13e8ae5aa06def7a599d622\"},\"headline\":\"El Alcalde de Coria se re\u00fane con empresarios hosteleros del Rollo\",\"datePublished\":\"2006-10-02T22:00:00+00:00\",\"dateModified\":\"2023-09-18T11:31:08+00:00\",\"mainEntityOfPage\":{\"@id\":\"https:\\\/\\\/coria.org\\\/ayuntamiento\\\/index.php\\\/2006\\\/10\\\/03\\\/el-alcalde-de-coria-se-reune-con-empresarios-hosteleros-del-rollo\\\/\"},\"wordCount\":419,\"publisher\":{\"@id\":\"https:\\\/\\\/coria.org\\\/ayuntamiento\\\/#organization\"},\"keywords\":[\"hosteleros\",\"reunion\",\"rollo\"],\"articleSection\":[\"Noticias\"],\"inLanguage\":\"es\"},{\"@type\":\"WebPage\",\"@id\":\"https:\\\/\\\/coria.org\\\/ayuntamiento\\\/index.php\\\/2006\\\/10\\\/03\\\/el-alcalde-de-coria-se-reune-con-empresarios-hosteleros-del-rollo\\\/\",\"url\":\"https:\\\/\\\/coria.org\\\/ayuntamiento\\\/index.php\\\/2006\\\/10\\\/03\\\/el-alcalde-de-coria-se-reune-con-empresarios-hosteleros-del-rollo\\\/\",\"name\":\"El Alcalde de Coria se re\u00fane con empresarios hosteleros del Rollo - Ayuntamiento de Coria\",\"isPartOf\":{\"@id\":\"https:\\\/\\\/coria.org\\\/ayuntamiento\\\/#website\"},\"datePublished\":\"2006-10-02T22:00:00+00:00\",\"dateModified\":\"2023-09-18T11:31:08+00:00\",\"breadcrumb\":{\"@id\":\"https:\\\/\\\/coria.org\\\/ayuntamiento\\\/index.php\\\/2006\\\/10\\\/03\\\/el-alcalde-de-coria-se-reune-con-empresarios-hosteleros-del-rollo\\\/#breadcrumb\"},\"inLanguage\":\"es\",\"potentialAction\":[{\"@type\":\"ReadAction\",\"target\":[\"https:\\\/\\\/coria.org\\\/ayuntamiento\\\/index.php\\\/2006\\\/10\\\/03\\\/el-alcalde-de-coria-se-reune-con-empresarios-hosteleros-del-rollo\\\/\"]}]},{\"@type\":\"BreadcrumbList\",\"@id\":\"https:\\\/\\\/coria.org\\\/ayuntamiento\\\/index.php\\\/2006\\\/10\\\/03\\\/el-alcalde-de-coria-se-reune-con-empresarios-hosteleros-del-rollo\\\/#breadcrumb\",\"itemListElement\":[{\"@type\":\"ListItem\",\"position\":1,\"name\":\"Inicio\",\"item\":\"https:\\\/\\\/coria.org\\\/ayuntamiento\\\/\"},{\"@type\":\"ListItem\",\"position\":2,\"name\":\"El Alcalde de Coria se re\u00fane con empresarios hosteleros del Rollo\"}]},{\"@type\":\"WebSite\",\"@id\":\"https:\\\/\\\/coria.org\\\/ayuntamiento\\\/#website\",\"url\":\"https:\\\/\\\/coria.org\\\/ayuntamiento\\\/\",\"name\":\"Ayuntamiento de Coria\",\"description\":\"Web oficial del Ayuntamiento de Coria\",\"publisher\":{\"@id\":\"https:\\\/\\\/coria.org\\\/ayuntamiento\\\/#organization\"},\"alternateName\":\"Web Oficial del Ayuntamiento de Coria\",\"potentialAction\":[{\"@type\":\"SearchAction\",\"target\":{\"@type\":\"EntryPoint\",\"urlTemplate\":\"https:\\\/\\\/coria.org\\\/ayuntamiento\\\/?s={search_term_string}\"},\"query-input\":{\"@type\":\"PropertyValueSpecification\",\"valueRequired\":true,\"valueName\":\"search_term_string\"}}],\"inLanguage\":\"es\"},{\"@type\":\"Organization\",\"@id\":\"https:\\\/\\\/coria.org\\\/ayuntamiento\\\/#organization\",\"name\":\"Ayuntamiento de Coria\",\"alternateName\":\"Ayto de Coria\",\"url\":\"https:\\\/\\\/coria.org\\\/ayuntamiento\\\/\",\"logo\":{\"@type\":\"ImageObject\",\"inLanguage\":\"es\",\"@id\":\"https:\\\/\\\/coria.org\\\/ayuntamiento\\\/#\\\/schema\\\/logo\\\/image\\\/\",\"url\":\"https:\\\/\\\/coria.org\\\/ayuntamiento\\\/wp-content\\\/uploads\\\/2020\\\/12\\\/escudo-ayuntamiento-coria.png\",\"contentUrl\":\"https:\\\/\\\/coria.org\\\/ayuntamiento\\\/wp-content\\\/uploads\\\/2020\\\/12\\\/escudo-ayuntamiento-coria.png\",\"width\":511,\"height\":240,\"caption\":\"Ayuntamiento de Coria\"},\"image\":{\"@id\":\"https:\\\/\\\/coria.org\\\/ayuntamiento\\\/#\\\/schema\\\/logo\\\/image\\\/\"},\"sameAs\":[\"https:\\\/\\\/www.facebook.com\\\/Ayuntamiento.de.Coria\",\"https:\\\/\\\/x.com\\\/Ayto_de_Coria\",\"https:\\\/\\\/www.instagram.com\\\/coria.ayuntamiento\\\/\",\"https:\\\/\\\/www.youtube.com\\\/user\\\/AYUNTAMIENTOCORIA\"]},{\"@type\":\"Person\",\"@id\":\"https:\\\/\\\/coria.org\\\/ayuntamiento\\\/#\\\/schema\\\/person\\\/8bd589f0e13e8ae5aa06def7a599d622\",\"name\":\"ayuntamiento\",\"image\":{\"@type\":\"ImageObject\",\"inLanguage\":\"es\",\"@id\":\"https:\\\/\\\/secure.gravatar.com\\\/avatar\\\/966e5ed73cad334adda5c87f49f2547f7082f7292c1b627cbb548744383b391c?s=96&d=mm&r=g\",\"url\":\"https:\\\/\\\/secure.gravatar.com\\\/avatar\\\/966e5ed73cad334adda5c87f49f2547f7082f7292c1b627cbb548744383b391c?s=96&d=mm&r=g\",\"contentUrl\":\"https:\\\/\\\/secure.gravatar.com\\\/avatar\\\/966e5ed73cad334adda5c87f49f2547f7082f7292c1b627cbb548744383b391c?s=96&d=mm&r=g\",\"caption\":\"ayuntamiento\"}}]}<\/script>\n<!-- \/ Yoast SEO plugin. -->","yoast_head_json":{"title":"El Alcalde de Coria se re\u00fane con empresarios hosteleros del Rollo - Ayuntamiento de Coria","robots":{"index":"index","follow":"follow","max-snippet":"max-snippet:-1","max-image-preview":"max-image-preview:large","max-video-preview":"max-video-preview:-1"},"canonical":"https:\/\/coria.org\/ayuntamiento\/index.php\/2006\/10\/03\/el-alcalde-de-coria-se-reune-con-empresarios-hosteleros-del-rollo\/","og_locale":"es_ES","og_type":"article","og_title":"El Alcalde de Coria se re\u00fane con empresarios hosteleros del Rollo - Ayuntamiento de Coria","og_description":"El mi\u00e9rcoles 8 de marzo Joaqu\u00edn Hurtado Sim\u00f3n, Jos\u00e9 Antonio Moreno Lucas Concejal de Obras y Servicios y Jes\u00fas Dom\u00ednguez, Subinspector de la Polic\u00eda Municipal mantuvieron una reuni\u00f3n con una nutrida representaci\u00f3n de los empresarios de la zona del Rollo a fin de establecer las prioridades sobre ordenaci\u00f3n del trafico rodado en la plaza del [&hellip;]","og_url":"https:\/\/coria.org\/ayuntamiento\/index.php\/2006\/10\/03\/el-alcalde-de-coria-se-reune-con-empresarios-hosteleros-del-rollo\/","og_site_name":"Ayuntamiento de Coria","article_publisher":"https:\/\/www.facebook.com\/Ayuntamiento.de.Coria","article_published_time":"2006-10-02T22:00:00+00:00","article_modified_time":"2023-09-18T11:31:08+00:00","author":"ayuntamiento","twitter_card":"summary_large_image","twitter_creator":"@Ayto_de_Coria","twitter_site":"@Ayto_de_Coria","twitter_misc":{"Escrito por":"ayuntamiento","Tiempo de lectura":"2 minutos"},"schema":{"@context":"https:\/\/schema.org","@graph":[{"@type":"Article","@id":"https:\/\/coria.org\/ayuntamiento\/index.php\/2006\/10\/03\/el-alcalde-de-coria-se-reune-con-empresarios-hosteleros-del-rollo\/#article","isPartOf":{"@id":"https:\/\/coria.org\/ayuntamiento\/index.php\/2006\/10\/03\/el-alcalde-de-coria-se-reune-con-empresarios-hosteleros-del-rollo\/"},"author":{"name":"ayuntamiento","@id":"https:\/\/coria.org\/ayuntamiento\/#\/schema\/person\/8bd589f0e13e8ae5aa06def7a599d622"},"headline":"El Alcalde de Coria se re\u00fane con empresarios hosteleros del Rollo","datePublished":"2006-10-02T22:00:00+00:00","dateModified":"2023-09-18T11:31:08+00:00","mainEntityOfPage":{"@id":"https:\/\/coria.org\/ayuntamiento\/index.php\/2006\/10\/03\/el-alcalde-de-coria-se-reune-con-empresarios-hosteleros-del-rollo\/"},"wordCount":419,"publisher":{"@id":"https:\/\/coria.org\/ayuntamiento\/#organization"},"keywords":["hosteleros","reunion","rollo"],"articleSection":["Noticias"],"inLanguage":"es"},{"@type":"WebPage","@id":"https:\/\/coria.org\/ayuntamiento\/index.php\/2006\/10\/03\/el-alcalde-de-coria-se-reune-con-empresarios-hosteleros-del-rollo\/","url":"https:\/\/coria.org\/ayuntamiento\/index.php\/2006\/10\/03\/el-alcalde-de-coria-se-reune-con-empresarios-hosteleros-del-rollo\/","name":"El Alcalde de Coria se re\u00fane con empresarios hosteleros del Rollo - Ayuntamiento de Coria","isPartOf":{"@id":"https:\/\/coria.org\/ayuntamiento\/#website"},"datePublished":"2006-10-02T22:00:00+00:00","dateModified":"2023-09-18T11:31:08+00:00","breadcrumb":{"@id":"https:\/\/coria.org\/ayuntamiento\/index.php\/2006\/10\/03\/el-alcalde-de-coria-se-reune-con-empresarios-hosteleros-del-rollo\/#breadcrumb"},"inLanguage":"es","potentialAction":[{"@type":"ReadAction","target":["https:\/\/coria.org\/ayuntamiento\/index.php\/2006\/10\/03\/el-alcalde-de-coria-se-reune-con-empresarios-hosteleros-del-rollo\/"]}]},{"@type":"BreadcrumbList","@id":"https:\/\/coria.org\/ayuntamiento\/index.php\/2006\/10\/03\/el-alcalde-de-coria-se-reune-con-empresarios-hosteleros-del-rollo\/#breadcrumb","itemListElement":[{"@type":"ListItem","position":1,"name":"Inicio","item":"https:\/\/coria.org\/ayuntamiento\/"},{"@type":"ListItem","position":2,"name":"El Alcalde de Coria se re\u00fane con empresarios hosteleros del Rollo"}]},{"@type":"WebSite","@id":"https:\/\/coria.org\/ayuntamiento\/#website","url":"https:\/\/coria.org\/ayuntamiento\/","name":"Ayuntamiento de Coria","description":"Web oficial del Ayuntamiento de Coria","publisher":{"@id":"https:\/\/coria.org\/ayuntamiento\/#organization"},"alternateName":"Web Oficial del Ayuntamiento de Coria","potentialAction":[{"@type":"SearchAction","target":{"@type":"EntryPoint","urlTemplate":"https:\/\/coria.org\/ayuntamiento\/?s={search_term_string}"},"query-input":{"@type":"PropertyValueSpecification","valueRequired":true,"valueName":"search_term_string"}}],"inLanguage":"es"},{"@type":"Organization","@id":"https:\/\/coria.org\/ayuntamiento\/#organization","name":"Ayuntamiento de Coria","alternateName":"Ayto de Coria","url":"https:\/\/coria.org\/ayuntamiento\/","logo":{"@type":"ImageObject","inLanguage":"es","@id":"https:\/\/coria.org\/ayuntamiento\/#\/schema\/logo\/image\/","url":"https:\/\/coria.org\/ayuntamiento\/wp-content\/uploads\/2020\/12\/escudo-ayuntamiento-coria.png","contentUrl":"https:\/\/coria.org\/ayuntamiento\/wp-content\/uploads\/2020\/12\/escudo-ayuntamiento-coria.png","width":511,"height":240,"caption":"Ayuntamiento de Coria"},"image":{"@id":"https:\/\/coria.org\/ayuntamiento\/#\/schema\/logo\/image\/"},"sameAs":["https:\/\/www.facebook.com\/Ayuntamiento.de.Coria","https:\/\/x.com\/Ayto_de_Coria","https:\/\/www.instagram.com\/coria.ayuntamiento\/","https:\/\/www.youtube.com\/user\/AYUNTAMIENTOCORIA"]},{"@type":"Person","@id":"https:\/\/coria.org\/ayuntamiento\/#\/schema\/person\/8bd589f0e13e8ae5aa06def7a599d622","name":"ayuntamiento","image":{"@type":"ImageObject","inLanguage":"es","@id":"https:\/\/secure.gravatar.com\/avatar\/966e5ed73cad334adda5c87f49f2547f7082f7292c1b627cbb548744383b391c?s=96&d=mm&r=g","url":"https:\/\/secure.gravatar.com\/avatar\/966e5ed73cad334adda5c87f49f2547f7082f7292c1b627cbb548744383b391c?s=96&d=mm&r=g","contentUrl":"https:\/\/secure.gravatar.com\/avatar\/966e5ed73cad334adda5c87f49f2547f7082f7292c1b627cbb548744383b391c?s=96&d=mm&r=g","caption":"ayuntamiento"}}]}},"uagb_featured_image_src":{"full":false,"thumbnail":false,"medium":false,"medium_large":false,"large":false,"thumblist":false,"thumbrelated":false,"meccarouselthumb":false,"gridsquare":false,"tileview":false,"1536x1536":false,"2048x2048":false},"uagb_author_info":{"display_name":"ayuntamiento","author_link":"https:\/\/coria.org\/ayuntamiento\/index.php\/author\/ayuntamiento\/"},"uagb_comment_info":0,"uagb_excerpt":"El mi\u00e9rcoles 8 de marzo Joaqu\u00edn Hurtado Sim\u00f3n, Jos\u00e9 Antonio Moreno Lucas Concejal de Obras y Servicios y Jes\u00fas Dom\u00ednguez, Subinspector de la Polic\u00eda Municipal mantuvieron una reuni\u00f3n con una nutrida representaci\u00f3n de los empresarios de la zona del Rollo a fin de establecer las prioridades sobre ordenaci\u00f3n del trafico rodado en la plaza del&hellip;","_links":{"self":[{"href":"https:\/\/coria.org\/ayuntamiento\/index.php\/wp-json\/wp\/v2\/posts\/27291","targetHints":{"allow":["GET"]}}],"collection":[{"href":"https:\/\/coria.org\/ayuntamiento\/index.php\/wp-json\/wp\/v2\/posts"}],"about":[{"href":"https:\/\/coria.org\/ayuntamiento\/index.php\/wp-json\/wp\/v2\/types\/post"}],"author":[{"embeddable":true,"href":"https:\/\/coria.org\/ayuntamiento\/index.php\/wp-json\/wp\/v2\/users\/2"}],"replies":[{"embeddable":true,"href":"https:\/\/coria.org\/ayuntamiento\/index.php\/wp-json\/wp\/v2\/comments?post=27291"}],"version-history":[{"count":0,"href":"https:\/\/coria.org\/ayuntamiento\/index.php\/wp-json\/wp\/v2\/posts\/27291\/revisions"}],"wp:attachment":[{"href":"https:\/\/coria.org\/ayuntamiento\/index.php\/wp-json\/wp\/v2\/media?parent=27291"}],"wp:term":[{"taxonomy":"category","embeddable":true,"href":"https:\/\/coria.org\/ayuntamiento\/index.php\/wp-json\/wp\/v2\/categories?post=27291"},{"taxonomy":"post_tag","embeddable":true,"href":"https:\/\/coria.org\/ayuntamiento\/index.php\/wp-json\/wp\/v2\/tags?post=27291"}],"curies":[{"name":"wp","href":"https:\/\/api.w.org\/{rel}","templated":true}]}}