{"id":27273,"date":"2006-04-10T00:00:00","date_gmt":"2006-04-09T22:00:00","guid":{"rendered":"https:\/\/ayuntamiento.coriaenimagenes.com\/la-ciudad-de-coria-se-prepara-para-recibir-el-turismo-mas-madrugador\/"},"modified":"2023-09-18T13:31:14","modified_gmt":"2023-09-18T11:31:14","slug":"la-ciudad-de-coria-se-prepara-para-recibir-el-turismo-mas-madrugador","status":"publish","type":"post","link":"https:\/\/coria.org\/ayuntamiento\/index.php\/2006\/04\/10\/la-ciudad-de-coria-se-prepara-para-recibir-el-turismo-mas-madrugador\/","title":{"rendered":"La Ciudad de Coria se prepara para recibir el turismo m\u00e1s madrugador"},"content":{"rendered":"\n<p><b>El inicio de la Semana Santa marca el pistoletazo de salida a miles de ciudadanos \u00e1vidos de vacaciones. La oficina de turismo de Coria ha recibido en los ultimes meses numerosas llamadas telef\u00f3nicas recabando informaci\u00f3n sobre alojamientos en Coria. un inter\u00e9s que se refleja en el lleno que los establecimientos hoteleros registran durante la Semana Santa.<\/b><\/p>\n\n\n\n<p><b><\/b>Pero la falta de hoteles en Coria obliga a muchos turistas a buscar alojamiento en localidades cercanas a la ciudad, una carencia de plazas que preocupa al Equipo de Gobierno. <br \/>El Alcalde Hurtado Sim\u00f3n consciente del problema ha mantenido reuniones con diversos grupos empresariales nacionales interesados en adquirir el Palacio de los Duques de Alba y convertir sus 11.000 metros cuadrados en Hotel Singular, \u00abse trata de un ambicioso proyecto que de llevarse a cabo contara con las m\u00e1ximas facilidades desde el Ayuntamiento\u00bb tal y como asegura el Alcalde.<\/p>\n\n\n\n<p>De hecho los planes del Equipo de Gobierno en pol\u00edtica tur\u00edstica se centran en llevar a cabo todas las acciones posibles para facilitar la implantaci\u00f3n de tres Hoteles Singulares en la Plaza de la Catedral, \u00abun proyecto de gran envergadura que contribuir\u00e1 a revitalizara el sector empresarial cauriense y proporcionara empleo directo e indirecto\u00bb indica el Alcalde \u00bb de hecho los hoteles San Crist\u00f3bal y Montesol, se encuentran realizando tares de ampliaci\u00f3n en sus instalaciones y han recibido todas las facilidades posibles por parte del Ayuntamiento\u00bb<\/p>\n\n\n\n<p>Ya el pasado a\u00f1o la ciudad registro una gran afluencia de tur\u00edstica, mas de 5000 personas recorrieron las calles intramuros, disfrutando de las visitas al rico patrimonio, arqueol\u00f3gico y cultural cauriense. El Palacio de los Duques de Alba, el Convento de las Mojas, el Museo de la C\u00e1rcel Real, o la Catedral fueron algunas de las sugerencias culturales realizadas por los t\u00e9cnicos de Turismo a los visitantes, una oferta a la que resulta necesario a\u00f1adir la variada y rica carta gastron\u00f3mica repleta de productos de temporada y platos t\u00edpicos que ofrecen los restaurantes caurienses.<\/p>\n","protected":false},"excerpt":{"rendered":"<p>El inicio de la Semana Santa marca el pistoletazo de salida a miles de ciudadanos \u00e1vidos de vacaciones. La oficina de turismo de Coria ha recibido en los ultimes meses numerosas llamadas telef\u00f3nicas recabando informaci\u00f3n sobre alojamientos en Coria. un inter\u00e9s que se refleja en el lleno que los establecimientos hoteleros registran durante la Semana [&hellip;]<\/p>\n","protected":false},"author":2,"featured_media":0,"comment_status":"closed","ping_status":"closed","sticky":false,"template":"","format":"standard","meta":{"_uag_custom_page_level_css":"","footnotes":""},"categories":[2],"tags":[3,4,1265],"class_list":["post-27273","post","type-post","status-publish","format-standard","hentry","category-noticias","tag-coria","tag-extremadura","tag-turismo"],"yoast_head":"<!-- This site is optimized with the Yoast SEO plugin v27.4 - https:\/\/yoast.com\/product\/yoast-seo-wordpress\/ -->\n<title>La Ciudad de Coria se prepara para recibir el turismo m\u00e1s madrugador - Ayuntamiento de Coria<\/title>\n<meta name=\"robots\" content=\"index, follow, max-snippet:-1, max-image-preview:large, max-video-preview:-1\" \/>\n<link rel=\"canonical\" href=\"https:\/\/coria.org\/ayuntamiento\/index.php\/2006\/04\/10\/la-ciudad-de-coria-se-prepara-para-recibir-el-turismo-mas-madrugador\/\" \/>\n<meta property=\"og:locale\" content=\"es_ES\" \/>\n<meta property=\"og:type\" content=\"article\" \/>\n<meta property=\"og:title\" content=\"La Ciudad de Coria se prepara para recibir el turismo m\u00e1s madrugador - Ayuntamiento de Coria\" \/>\n<meta property=\"og:description\" content=\"El inicio de la Semana Santa marca el pistoletazo de salida a miles de ciudadanos \u00e1vidos de vacaciones. La oficina de turismo de Coria ha recibido en los ultimes meses numerosas llamadas telef\u00f3nicas recabando informaci\u00f3n sobre alojamientos en Coria. un inter\u00e9s que se refleja en el lleno que los establecimientos hoteleros registran durante la Semana [&hellip;]\" \/>\n<meta property=\"og:url\" content=\"https:\/\/coria.org\/ayuntamiento\/index.php\/2006\/04\/10\/la-ciudad-de-coria-se-prepara-para-recibir-el-turismo-mas-madrugador\/\" \/>\n<meta property=\"og:site_name\" content=\"Ayuntamiento de Coria\" \/>\n<meta property=\"article:publisher\" content=\"https:\/\/www.facebook.com\/Ayuntamiento.de.Coria\" \/>\n<meta property=\"article:published_time\" content=\"2006-04-09T22:00:00+00:00\" \/>\n<meta property=\"article:modified_time\" content=\"2023-09-18T11:31:14+00:00\" \/>\n<meta name=\"author\" content=\"ayuntamiento\" \/>\n<meta name=\"twitter:card\" content=\"summary_large_image\" \/>\n<meta name=\"twitter:creator\" content=\"@Ayto_de_Coria\" \/>\n<meta name=\"twitter:site\" content=\"@Ayto_de_Coria\" \/>\n<meta name=\"twitter:label1\" content=\"Escrito por\" \/>\n\t<meta name=\"twitter:data1\" content=\"ayuntamiento\" \/>\n\t<meta name=\"twitter:label2\" content=\"Tiempo de lectura\" \/>\n\t<meta name=\"twitter:data2\" content=\"2 minutos\" \/>\n<script type=\"application\/ld+json\" class=\"yoast-schema-graph\">{\"@context\":\"https:\\\/\\\/schema.org\",\"@graph\":[{\"@type\":\"Article\",\"@id\":\"https:\\\/\\\/coria.org\\\/ayuntamiento\\\/index.php\\\/2006\\\/04\\\/10\\\/la-ciudad-de-coria-se-prepara-para-recibir-el-turismo-mas-madrugador\\\/#article\",\"isPartOf\":{\"@id\":\"https:\\\/\\\/coria.org\\\/ayuntamiento\\\/index.php\\\/2006\\\/04\\\/10\\\/la-ciudad-de-coria-se-prepara-para-recibir-el-turismo-mas-madrugador\\\/\"},\"author\":{\"name\":\"ayuntamiento\",\"@id\":\"https:\\\/\\\/coria.org\\\/ayuntamiento\\\/#\\\/schema\\\/person\\\/8bd589f0e13e8ae5aa06def7a599d622\"},\"headline\":\"La Ciudad de Coria se prepara para recibir el turismo m\u00e1s madrugador\",\"datePublished\":\"2006-04-09T22:00:00+00:00\",\"dateModified\":\"2023-09-18T11:31:14+00:00\",\"mainEntityOfPage\":{\"@id\":\"https:\\\/\\\/coria.org\\\/ayuntamiento\\\/index.php\\\/2006\\\/04\\\/10\\\/la-ciudad-de-coria-se-prepara-para-recibir-el-turismo-mas-madrugador\\\/\"},\"wordCount\":353,\"publisher\":{\"@id\":\"https:\\\/\\\/coria.org\\\/ayuntamiento\\\/#organization\"},\"keywords\":[\"coria\",\"extremadura\",\"turismo\"],\"articleSection\":[\"Noticias\"],\"inLanguage\":\"es\"},{\"@type\":\"WebPage\",\"@id\":\"https:\\\/\\\/coria.org\\\/ayuntamiento\\\/index.php\\\/2006\\\/04\\\/10\\\/la-ciudad-de-coria-se-prepara-para-recibir-el-turismo-mas-madrugador\\\/\",\"url\":\"https:\\\/\\\/coria.org\\\/ayuntamiento\\\/index.php\\\/2006\\\/04\\\/10\\\/la-ciudad-de-coria-se-prepara-para-recibir-el-turismo-mas-madrugador\\\/\",\"name\":\"La Ciudad de Coria se prepara para recibir el turismo m\u00e1s madrugador - Ayuntamiento de Coria\",\"isPartOf\":{\"@id\":\"https:\\\/\\\/coria.org\\\/ayuntamiento\\\/#website\"},\"datePublished\":\"2006-04-09T22:00:00+00:00\",\"dateModified\":\"2023-09-18T11:31:14+00:00\",\"breadcrumb\":{\"@id\":\"https:\\\/\\\/coria.org\\\/ayuntamiento\\\/index.php\\\/2006\\\/04\\\/10\\\/la-ciudad-de-coria-se-prepara-para-recibir-el-turismo-mas-madrugador\\\/#breadcrumb\"},\"inLanguage\":\"es\",\"potentialAction\":[{\"@type\":\"ReadAction\",\"target\":[\"https:\\\/\\\/coria.org\\\/ayuntamiento\\\/index.php\\\/2006\\\/04\\\/10\\\/la-ciudad-de-coria-se-prepara-para-recibir-el-turismo-mas-madrugador\\\/\"]}]},{\"@type\":\"BreadcrumbList\",\"@id\":\"https:\\\/\\\/coria.org\\\/ayuntamiento\\\/index.php\\\/2006\\\/04\\\/10\\\/la-ciudad-de-coria-se-prepara-para-recibir-el-turismo-mas-madrugador\\\/#breadcrumb\",\"itemListElement\":[{\"@type\":\"ListItem\",\"position\":1,\"name\":\"Inicio\",\"item\":\"https:\\\/\\\/coria.org\\\/ayuntamiento\\\/\"},{\"@type\":\"ListItem\",\"position\":2,\"name\":\"La Ciudad de Coria se prepara para recibir el turismo m\u00e1s madrugador\"}]},{\"@type\":\"WebSite\",\"@id\":\"https:\\\/\\\/coria.org\\\/ayuntamiento\\\/#website\",\"url\":\"https:\\\/\\\/coria.org\\\/ayuntamiento\\\/\",\"name\":\"Ayuntamiento de Coria\",\"description\":\"Web oficial del Ayuntamiento de Coria\",\"publisher\":{\"@id\":\"https:\\\/\\\/coria.org\\\/ayuntamiento\\\/#organization\"},\"alternateName\":\"Web Oficial del Ayuntamiento de Coria\",\"potentialAction\":[{\"@type\":\"SearchAction\",\"target\":{\"@type\":\"EntryPoint\",\"urlTemplate\":\"https:\\\/\\\/coria.org\\\/ayuntamiento\\\/?s={search_term_string}\"},\"query-input\":{\"@type\":\"PropertyValueSpecification\",\"valueRequired\":true,\"valueName\":\"search_term_string\"}}],\"inLanguage\":\"es\"},{\"@type\":\"Organization\",\"@id\":\"https:\\\/\\\/coria.org\\\/ayuntamiento\\\/#organization\",\"name\":\"Ayuntamiento de Coria\",\"alternateName\":\"Ayto de Coria\",\"url\":\"https:\\\/\\\/coria.org\\\/ayuntamiento\\\/\",\"logo\":{\"@type\":\"ImageObject\",\"inLanguage\":\"es\",\"@id\":\"https:\\\/\\\/coria.org\\\/ayuntamiento\\\/#\\\/schema\\\/logo\\\/image\\\/\",\"url\":\"https:\\\/\\\/coria.org\\\/ayuntamiento\\\/wp-content\\\/uploads\\\/2020\\\/12\\\/escudo-ayuntamiento-coria.png\",\"contentUrl\":\"https:\\\/\\\/coria.org\\\/ayuntamiento\\\/wp-content\\\/uploads\\\/2020\\\/12\\\/escudo-ayuntamiento-coria.png\",\"width\":511,\"height\":240,\"caption\":\"Ayuntamiento de Coria\"},\"image\":{\"@id\":\"https:\\\/\\\/coria.org\\\/ayuntamiento\\\/#\\\/schema\\\/logo\\\/image\\\/\"},\"sameAs\":[\"https:\\\/\\\/www.facebook.com\\\/Ayuntamiento.de.Coria\",\"https:\\\/\\\/x.com\\\/Ayto_de_Coria\",\"https:\\\/\\\/www.instagram.com\\\/coria.ayuntamiento\\\/\",\"https:\\\/\\\/www.youtube.com\\\/user\\\/AYUNTAMIENTOCORIA\"]},{\"@type\":\"Person\",\"@id\":\"https:\\\/\\\/coria.org\\\/ayuntamiento\\\/#\\\/schema\\\/person\\\/8bd589f0e13e8ae5aa06def7a599d622\",\"name\":\"ayuntamiento\",\"image\":{\"@type\":\"ImageObject\",\"inLanguage\":\"es\",\"@id\":\"https:\\\/\\\/secure.gravatar.com\\\/avatar\\\/966e5ed73cad334adda5c87f49f2547f7082f7292c1b627cbb548744383b391c?s=96&d=mm&r=g\",\"url\":\"https:\\\/\\\/secure.gravatar.com\\\/avatar\\\/966e5ed73cad334adda5c87f49f2547f7082f7292c1b627cbb548744383b391c?s=96&d=mm&r=g\",\"contentUrl\":\"https:\\\/\\\/secure.gravatar.com\\\/avatar\\\/966e5ed73cad334adda5c87f49f2547f7082f7292c1b627cbb548744383b391c?s=96&d=mm&r=g\",\"caption\":\"ayuntamiento\"}}]}<\/script>\n<!-- \/ Yoast SEO plugin. -->","yoast_head_json":{"title":"La Ciudad de Coria se prepara para recibir el turismo m\u00e1s madrugador - Ayuntamiento de Coria","robots":{"index":"index","follow":"follow","max-snippet":"max-snippet:-1","max-image-preview":"max-image-preview:large","max-video-preview":"max-video-preview:-1"},"canonical":"https:\/\/coria.org\/ayuntamiento\/index.php\/2006\/04\/10\/la-ciudad-de-coria-se-prepara-para-recibir-el-turismo-mas-madrugador\/","og_locale":"es_ES","og_type":"article","og_title":"La Ciudad de Coria se prepara para recibir el turismo m\u00e1s madrugador - Ayuntamiento de Coria","og_description":"El inicio de la Semana Santa marca el pistoletazo de salida a miles de ciudadanos \u00e1vidos de vacaciones. La oficina de turismo de Coria ha recibido en los ultimes meses numerosas llamadas telef\u00f3nicas recabando informaci\u00f3n sobre alojamientos en Coria. un inter\u00e9s que se refleja en el lleno que los establecimientos hoteleros registran durante la Semana [&hellip;]","og_url":"https:\/\/coria.org\/ayuntamiento\/index.php\/2006\/04\/10\/la-ciudad-de-coria-se-prepara-para-recibir-el-turismo-mas-madrugador\/","og_site_name":"Ayuntamiento de Coria","article_publisher":"https:\/\/www.facebook.com\/Ayuntamiento.de.Coria","article_published_time":"2006-04-09T22:00:00+00:00","article_modified_time":"2023-09-18T11:31:14+00:00","author":"ayuntamiento","twitter_card":"summary_large_image","twitter_creator":"@Ayto_de_Coria","twitter_site":"@Ayto_de_Coria","twitter_misc":{"Escrito por":"ayuntamiento","Tiempo de lectura":"2 minutos"},"schema":{"@context":"https:\/\/schema.org","@graph":[{"@type":"Article","@id":"https:\/\/coria.org\/ayuntamiento\/index.php\/2006\/04\/10\/la-ciudad-de-coria-se-prepara-para-recibir-el-turismo-mas-madrugador\/#article","isPartOf":{"@id":"https:\/\/coria.org\/ayuntamiento\/index.php\/2006\/04\/10\/la-ciudad-de-coria-se-prepara-para-recibir-el-turismo-mas-madrugador\/"},"author":{"name":"ayuntamiento","@id":"https:\/\/coria.org\/ayuntamiento\/#\/schema\/person\/8bd589f0e13e8ae5aa06def7a599d622"},"headline":"La Ciudad de Coria se prepara para recibir el turismo m\u00e1s madrugador","datePublished":"2006-04-09T22:00:00+00:00","dateModified":"2023-09-18T11:31:14+00:00","mainEntityOfPage":{"@id":"https:\/\/coria.org\/ayuntamiento\/index.php\/2006\/04\/10\/la-ciudad-de-coria-se-prepara-para-recibir-el-turismo-mas-madrugador\/"},"wordCount":353,"publisher":{"@id":"https:\/\/coria.org\/ayuntamiento\/#organization"},"keywords":["coria","extremadura","turismo"],"articleSection":["Noticias"],"inLanguage":"es"},{"@type":"WebPage","@id":"https:\/\/coria.org\/ayuntamiento\/index.php\/2006\/04\/10\/la-ciudad-de-coria-se-prepara-para-recibir-el-turismo-mas-madrugador\/","url":"https:\/\/coria.org\/ayuntamiento\/index.php\/2006\/04\/10\/la-ciudad-de-coria-se-prepara-para-recibir-el-turismo-mas-madrugador\/","name":"La Ciudad de Coria se prepara para recibir el turismo m\u00e1s madrugador - Ayuntamiento de Coria","isPartOf":{"@id":"https:\/\/coria.org\/ayuntamiento\/#website"},"datePublished":"2006-04-09T22:00:00+00:00","dateModified":"2023-09-18T11:31:14+00:00","breadcrumb":{"@id":"https:\/\/coria.org\/ayuntamiento\/index.php\/2006\/04\/10\/la-ciudad-de-coria-se-prepara-para-recibir-el-turismo-mas-madrugador\/#breadcrumb"},"inLanguage":"es","potentialAction":[{"@type":"ReadAction","target":["https:\/\/coria.org\/ayuntamiento\/index.php\/2006\/04\/10\/la-ciudad-de-coria-se-prepara-para-recibir-el-turismo-mas-madrugador\/"]}]},{"@type":"BreadcrumbList","@id":"https:\/\/coria.org\/ayuntamiento\/index.php\/2006\/04\/10\/la-ciudad-de-coria-se-prepara-para-recibir-el-turismo-mas-madrugador\/#breadcrumb","itemListElement":[{"@type":"ListItem","position":1,"name":"Inicio","item":"https:\/\/coria.org\/ayuntamiento\/"},{"@type":"ListItem","position":2,"name":"La Ciudad de Coria se prepara para recibir el turismo m\u00e1s madrugador"}]},{"@type":"WebSite","@id":"https:\/\/coria.org\/ayuntamiento\/#website","url":"https:\/\/coria.org\/ayuntamiento\/","name":"Ayuntamiento de Coria","description":"Web oficial del Ayuntamiento de Coria","publisher":{"@id":"https:\/\/coria.org\/ayuntamiento\/#organization"},"alternateName":"Web Oficial del Ayuntamiento de Coria","potentialAction":[{"@type":"SearchAction","target":{"@type":"EntryPoint","urlTemplate":"https:\/\/coria.org\/ayuntamiento\/?s={search_term_string}"},"query-input":{"@type":"PropertyValueSpecification","valueRequired":true,"valueName":"search_term_string"}}],"inLanguage":"es"},{"@type":"Organization","@id":"https:\/\/coria.org\/ayuntamiento\/#organization","name":"Ayuntamiento de Coria","alternateName":"Ayto de Coria","url":"https:\/\/coria.org\/ayuntamiento\/","logo":{"@type":"ImageObject","inLanguage":"es","@id":"https:\/\/coria.org\/ayuntamiento\/#\/schema\/logo\/image\/","url":"https:\/\/coria.org\/ayuntamiento\/wp-content\/uploads\/2020\/12\/escudo-ayuntamiento-coria.png","contentUrl":"https:\/\/coria.org\/ayuntamiento\/wp-content\/uploads\/2020\/12\/escudo-ayuntamiento-coria.png","width":511,"height":240,"caption":"Ayuntamiento de Coria"},"image":{"@id":"https:\/\/coria.org\/ayuntamiento\/#\/schema\/logo\/image\/"},"sameAs":["https:\/\/www.facebook.com\/Ayuntamiento.de.Coria","https:\/\/x.com\/Ayto_de_Coria","https:\/\/www.instagram.com\/coria.ayuntamiento\/","https:\/\/www.youtube.com\/user\/AYUNTAMIENTOCORIA"]},{"@type":"Person","@id":"https:\/\/coria.org\/ayuntamiento\/#\/schema\/person\/8bd589f0e13e8ae5aa06def7a599d622","name":"ayuntamiento","image":{"@type":"ImageObject","inLanguage":"es","@id":"https:\/\/secure.gravatar.com\/avatar\/966e5ed73cad334adda5c87f49f2547f7082f7292c1b627cbb548744383b391c?s=96&d=mm&r=g","url":"https:\/\/secure.gravatar.com\/avatar\/966e5ed73cad334adda5c87f49f2547f7082f7292c1b627cbb548744383b391c?s=96&d=mm&r=g","contentUrl":"https:\/\/secure.gravatar.com\/avatar\/966e5ed73cad334adda5c87f49f2547f7082f7292c1b627cbb548744383b391c?s=96&d=mm&r=g","caption":"ayuntamiento"}}]}},"uagb_featured_image_src":{"full":false,"thumbnail":false,"medium":false,"medium_large":false,"large":false,"thumblist":false,"thumbrelated":false,"meccarouselthumb":false,"gridsquare":false,"tileview":false,"1536x1536":false,"2048x2048":false},"uagb_author_info":{"display_name":"ayuntamiento","author_link":"https:\/\/coria.org\/ayuntamiento\/index.php\/author\/ayuntamiento\/"},"uagb_comment_info":0,"uagb_excerpt":"El inicio de la Semana Santa marca el pistoletazo de salida a miles de ciudadanos \u00e1vidos de vacaciones. La oficina de turismo de Coria ha recibido en los ultimes meses numerosas llamadas telef\u00f3nicas recabando informaci\u00f3n sobre alojamientos en Coria. un inter\u00e9s que se refleja en el lleno que los establecimientos hoteleros registran durante la Semana&hellip;","_links":{"self":[{"href":"https:\/\/coria.org\/ayuntamiento\/index.php\/wp-json\/wp\/v2\/posts\/27273","targetHints":{"allow":["GET"]}}],"collection":[{"href":"https:\/\/coria.org\/ayuntamiento\/index.php\/wp-json\/wp\/v2\/posts"}],"about":[{"href":"https:\/\/coria.org\/ayuntamiento\/index.php\/wp-json\/wp\/v2\/types\/post"}],"author":[{"embeddable":true,"href":"https:\/\/coria.org\/ayuntamiento\/index.php\/wp-json\/wp\/v2\/users\/2"}],"replies":[{"embeddable":true,"href":"https:\/\/coria.org\/ayuntamiento\/index.php\/wp-json\/wp\/v2\/comments?post=27273"}],"version-history":[{"count":0,"href":"https:\/\/coria.org\/ayuntamiento\/index.php\/wp-json\/wp\/v2\/posts\/27273\/revisions"}],"wp:attachment":[{"href":"https:\/\/coria.org\/ayuntamiento\/index.php\/wp-json\/wp\/v2\/media?parent=27273"}],"wp:term":[{"taxonomy":"category","embeddable":true,"href":"https:\/\/coria.org\/ayuntamiento\/index.php\/wp-json\/wp\/v2\/categories?post=27273"},{"taxonomy":"post_tag","embeddable":true,"href":"https:\/\/coria.org\/ayuntamiento\/index.php\/wp-json\/wp\/v2\/tags?post=27273"}],"curies":[{"name":"wp","href":"https:\/\/api.w.org\/{rel}","templated":true}]}}