{"id":27269,"date":"2006-04-20T00:00:00","date_gmt":"2006-04-19T22:00:00","guid":{"rendered":"https:\/\/ayuntamiento.coriaenimagenes.com\/maraton-de-lectura-con-motivo-del-dia-del-libro\/"},"modified":"2023-09-18T13:31:13","modified_gmt":"2023-09-18T11:31:13","slug":"maraton-de-lectura-con-motivo-del-dia-del-libro","status":"publish","type":"post","link":"https:\/\/coria.org\/ayuntamiento\/index.php\/2006\/04\/20\/maraton-de-lectura-con-motivo-del-dia-del-libro\/","title":{"rendered":"Marat\u00f3n de Lectura con motivo del d\u00eda del Libro"},"content":{"rendered":"\n<p><b>La Concejal\u00eda de Cultura a trav\u00e9s del Departamento de Animaci\u00f3n Sociocultural del Ayuntamiento de Coria ha organizado un Marat\u00f3n de Lectura con motivo del D\u00eda del Libro. <\/b><\/p>\n\n\n\n<p><b><\/b>El Acto tendr\u00e1 lugar en la Plaza de la Solidaridad el pr\u00f3ximo Domingo 23 de Abril a las 18:00 horas y contara con la colaboraci\u00f3n de la UPIM, el Centro de Nuevos Conocimientos, el Departamento de Juventud y Drogodependencia, la Asociaci\u00f3n de Viudas, Asociaci\u00f3n de Mujeres de Coria y Comarca, la Asociaci\u00f3n de Amas de Casa, la Asociaci\u00f3n \u00abLas Mismas\u00bb, Oficina Municipal de Voluntariado y los Centro Escolares de Coria.<\/p>\n\n\n\n<p>El Marat\u00f3n de Lectura pretende ser un veh\u00edculo de uni\u00f3n entre amantes de los libros, as\u00ed quienes deseen compartir su poes\u00eda, cuento o p\u00e1rrafo favorito de un libro, pueden hacerlo el pr\u00f3ximo Domingo.<\/p>\n\n\n\n<p>Adem\u00e1s, se obsequiara a los participantes con un marcapaginas conmemorativo de este d\u00eda, en el que se recoge la siguiente frase, \u00abSi tu lees, ellos tambi\u00e9n\u00bb.<\/p>\n\n\n\n<p>Tambi\u00e9n el pr\u00f3ximo Domingo a las 17:00 horas se dar\u00e1n a conocer los nombres de los 5 ganadores del concurso de relatos organizado por la Biblioteca Municipal, cada uno recibir\u00e1 como premio un lote de libros y Al resto de ni\u00f1os se les har\u00e1 entrega de un diploma.<\/p>\n\n\n\n<p>Se trata de un certamen peculiar en el que han participado mas de 80 estudiantes de primaria de los CP de Coria, Puebla y Rinc\u00f3n del Obispo, todos ellos han tenido como tarea idear una continuaci\u00f3n al cuento de Andersen \u00abLa Princesa y el Guisante\u00bb<\/p>\n\n\n\n<p>Concierto de Amancio Prada.<\/p>\n\n\n\n<p>Adem\u00e1s y dentro de los actos organizados por el Ayuntamiento con motivo del D\u00eda del Libro, Amancio Prada ofrecer\u00e1 un concierto titulado \u00abElogio de la Palabra\u00bb el pr\u00f3ximo viernes 21 de Abril a partir de las 22:00 horas en el Sal\u00f3n de Actos de la Casa de Cultura.<\/p>\n","protected":false},"excerpt":{"rendered":"<p>La Concejal\u00eda de Cultura a trav\u00e9s del Departamento de Animaci\u00f3n Sociocultural del Ayuntamiento de Coria ha organizado un Marat\u00f3n de Lectura con motivo del D\u00eda del Libro. El Acto tendr\u00e1 lugar en la Plaza de la Solidaridad el pr\u00f3ximo Domingo 23 de Abril a las 18:00 horas y contara con la colaboraci\u00f3n de la UPIM, [&hellip;]<\/p>\n","protected":false},"author":2,"featured_media":0,"comment_status":"closed","ping_status":"closed","sticky":false,"template":"","format":"standard","meta":{"_uag_custom_page_level_css":"","footnotes":""},"categories":[2],"tags":[3,4,733,775],"class_list":["post-27269","post","type-post","status-publish","format-standard","hentry","category-noticias","tag-coria","tag-extremadura","tag-lectura","tag-maraton"],"yoast_head":"<!-- This site is optimized with the Yoast SEO plugin v27.4 - https:\/\/yoast.com\/product\/yoast-seo-wordpress\/ -->\n<title>Marat\u00f3n de Lectura con motivo del d\u00eda del Libro - Ayuntamiento de Coria<\/title>\n<meta name=\"robots\" content=\"index, follow, max-snippet:-1, max-image-preview:large, max-video-preview:-1\" \/>\n<link rel=\"canonical\" href=\"https:\/\/coria.org\/ayuntamiento\/index.php\/2006\/04\/20\/maraton-de-lectura-con-motivo-del-dia-del-libro\/\" \/>\n<meta property=\"og:locale\" content=\"es_ES\" \/>\n<meta property=\"og:type\" content=\"article\" \/>\n<meta property=\"og:title\" content=\"Marat\u00f3n de Lectura con motivo del d\u00eda del Libro - Ayuntamiento de Coria\" \/>\n<meta property=\"og:description\" content=\"La Concejal\u00eda de Cultura a trav\u00e9s del Departamento de Animaci\u00f3n Sociocultural del Ayuntamiento de Coria ha organizado un Marat\u00f3n de Lectura con motivo del D\u00eda del Libro. El Acto tendr\u00e1 lugar en la Plaza de la Solidaridad el pr\u00f3ximo Domingo 23 de Abril a las 18:00 horas y contara con la colaboraci\u00f3n de la UPIM, [&hellip;]\" \/>\n<meta property=\"og:url\" content=\"https:\/\/coria.org\/ayuntamiento\/index.php\/2006\/04\/20\/maraton-de-lectura-con-motivo-del-dia-del-libro\/\" \/>\n<meta property=\"og:site_name\" content=\"Ayuntamiento de Coria\" \/>\n<meta property=\"article:publisher\" content=\"https:\/\/www.facebook.com\/Ayuntamiento.de.Coria\" \/>\n<meta property=\"article:published_time\" content=\"2006-04-19T22:00:00+00:00\" \/>\n<meta property=\"article:modified_time\" content=\"2023-09-18T11:31:13+00:00\" \/>\n<meta name=\"author\" content=\"ayuntamiento\" \/>\n<meta name=\"twitter:card\" content=\"summary_large_image\" \/>\n<meta name=\"twitter:creator\" content=\"@Ayto_de_Coria\" \/>\n<meta name=\"twitter:site\" content=\"@Ayto_de_Coria\" \/>\n<meta name=\"twitter:label1\" content=\"Escrito por\" \/>\n\t<meta name=\"twitter:data1\" content=\"ayuntamiento\" \/>\n\t<meta name=\"twitter:label2\" content=\"Tiempo de lectura\" \/>\n\t<meta name=\"twitter:data2\" content=\"2 minutos\" \/>\n<script type=\"application\/ld+json\" class=\"yoast-schema-graph\">{\"@context\":\"https:\\\/\\\/schema.org\",\"@graph\":[{\"@type\":\"Article\",\"@id\":\"https:\\\/\\\/coria.org\\\/ayuntamiento\\\/index.php\\\/2006\\\/04\\\/20\\\/maraton-de-lectura-con-motivo-del-dia-del-libro\\\/#article\",\"isPartOf\":{\"@id\":\"https:\\\/\\\/coria.org\\\/ayuntamiento\\\/index.php\\\/2006\\\/04\\\/20\\\/maraton-de-lectura-con-motivo-del-dia-del-libro\\\/\"},\"author\":{\"name\":\"ayuntamiento\",\"@id\":\"https:\\\/\\\/coria.org\\\/ayuntamiento\\\/#\\\/schema\\\/person\\\/8bd589f0e13e8ae5aa06def7a599d622\"},\"headline\":\"Marat\u00f3n de Lectura con motivo del d\u00eda del Libro\",\"datePublished\":\"2006-04-19T22:00:00+00:00\",\"dateModified\":\"2023-09-18T11:31:13+00:00\",\"mainEntityOfPage\":{\"@id\":\"https:\\\/\\\/coria.org\\\/ayuntamiento\\\/index.php\\\/2006\\\/04\\\/20\\\/maraton-de-lectura-con-motivo-del-dia-del-libro\\\/\"},\"wordCount\":335,\"publisher\":{\"@id\":\"https:\\\/\\\/coria.org\\\/ayuntamiento\\\/#organization\"},\"keywords\":[\"coria\",\"extremadura\",\"lectura\",\"maraton\"],\"articleSection\":[\"Noticias\"],\"inLanguage\":\"es\"},{\"@type\":\"WebPage\",\"@id\":\"https:\\\/\\\/coria.org\\\/ayuntamiento\\\/index.php\\\/2006\\\/04\\\/20\\\/maraton-de-lectura-con-motivo-del-dia-del-libro\\\/\",\"url\":\"https:\\\/\\\/coria.org\\\/ayuntamiento\\\/index.php\\\/2006\\\/04\\\/20\\\/maraton-de-lectura-con-motivo-del-dia-del-libro\\\/\",\"name\":\"Marat\u00f3n de Lectura con motivo del d\u00eda del Libro - Ayuntamiento de Coria\",\"isPartOf\":{\"@id\":\"https:\\\/\\\/coria.org\\\/ayuntamiento\\\/#website\"},\"datePublished\":\"2006-04-19T22:00:00+00:00\",\"dateModified\":\"2023-09-18T11:31:13+00:00\",\"breadcrumb\":{\"@id\":\"https:\\\/\\\/coria.org\\\/ayuntamiento\\\/index.php\\\/2006\\\/04\\\/20\\\/maraton-de-lectura-con-motivo-del-dia-del-libro\\\/#breadcrumb\"},\"inLanguage\":\"es\",\"potentialAction\":[{\"@type\":\"ReadAction\",\"target\":[\"https:\\\/\\\/coria.org\\\/ayuntamiento\\\/index.php\\\/2006\\\/04\\\/20\\\/maraton-de-lectura-con-motivo-del-dia-del-libro\\\/\"]}]},{\"@type\":\"BreadcrumbList\",\"@id\":\"https:\\\/\\\/coria.org\\\/ayuntamiento\\\/index.php\\\/2006\\\/04\\\/20\\\/maraton-de-lectura-con-motivo-del-dia-del-libro\\\/#breadcrumb\",\"itemListElement\":[{\"@type\":\"ListItem\",\"position\":1,\"name\":\"Inicio\",\"item\":\"https:\\\/\\\/coria.org\\\/ayuntamiento\\\/\"},{\"@type\":\"ListItem\",\"position\":2,\"name\":\"Marat\u00f3n de Lectura con motivo del d\u00eda del Libro\"}]},{\"@type\":\"WebSite\",\"@id\":\"https:\\\/\\\/coria.org\\\/ayuntamiento\\\/#website\",\"url\":\"https:\\\/\\\/coria.org\\\/ayuntamiento\\\/\",\"name\":\"Ayuntamiento de Coria\",\"description\":\"Web oficial del Ayuntamiento de Coria\",\"publisher\":{\"@id\":\"https:\\\/\\\/coria.org\\\/ayuntamiento\\\/#organization\"},\"alternateName\":\"Web Oficial del Ayuntamiento de Coria\",\"potentialAction\":[{\"@type\":\"SearchAction\",\"target\":{\"@type\":\"EntryPoint\",\"urlTemplate\":\"https:\\\/\\\/coria.org\\\/ayuntamiento\\\/?s={search_term_string}\"},\"query-input\":{\"@type\":\"PropertyValueSpecification\",\"valueRequired\":true,\"valueName\":\"search_term_string\"}}],\"inLanguage\":\"es\"},{\"@type\":\"Organization\",\"@id\":\"https:\\\/\\\/coria.org\\\/ayuntamiento\\\/#organization\",\"name\":\"Ayuntamiento de Coria\",\"alternateName\":\"Ayto de Coria\",\"url\":\"https:\\\/\\\/coria.org\\\/ayuntamiento\\\/\",\"logo\":{\"@type\":\"ImageObject\",\"inLanguage\":\"es\",\"@id\":\"https:\\\/\\\/coria.org\\\/ayuntamiento\\\/#\\\/schema\\\/logo\\\/image\\\/\",\"url\":\"https:\\\/\\\/coria.org\\\/ayuntamiento\\\/wp-content\\\/uploads\\\/2020\\\/12\\\/escudo-ayuntamiento-coria.png\",\"contentUrl\":\"https:\\\/\\\/coria.org\\\/ayuntamiento\\\/wp-content\\\/uploads\\\/2020\\\/12\\\/escudo-ayuntamiento-coria.png\",\"width\":511,\"height\":240,\"caption\":\"Ayuntamiento de Coria\"},\"image\":{\"@id\":\"https:\\\/\\\/coria.org\\\/ayuntamiento\\\/#\\\/schema\\\/logo\\\/image\\\/\"},\"sameAs\":[\"https:\\\/\\\/www.facebook.com\\\/Ayuntamiento.de.Coria\",\"https:\\\/\\\/x.com\\\/Ayto_de_Coria\",\"https:\\\/\\\/www.instagram.com\\\/coria.ayuntamiento\\\/\",\"https:\\\/\\\/www.youtube.com\\\/user\\\/AYUNTAMIENTOCORIA\"]},{\"@type\":\"Person\",\"@id\":\"https:\\\/\\\/coria.org\\\/ayuntamiento\\\/#\\\/schema\\\/person\\\/8bd589f0e13e8ae5aa06def7a599d622\",\"name\":\"ayuntamiento\",\"image\":{\"@type\":\"ImageObject\",\"inLanguage\":\"es\",\"@id\":\"https:\\\/\\\/secure.gravatar.com\\\/avatar\\\/966e5ed73cad334adda5c87f49f2547f7082f7292c1b627cbb548744383b391c?s=96&d=mm&r=g\",\"url\":\"https:\\\/\\\/secure.gravatar.com\\\/avatar\\\/966e5ed73cad334adda5c87f49f2547f7082f7292c1b627cbb548744383b391c?s=96&d=mm&r=g\",\"contentUrl\":\"https:\\\/\\\/secure.gravatar.com\\\/avatar\\\/966e5ed73cad334adda5c87f49f2547f7082f7292c1b627cbb548744383b391c?s=96&d=mm&r=g\",\"caption\":\"ayuntamiento\"}}]}<\/script>\n<!-- \/ Yoast SEO plugin. -->","yoast_head_json":{"title":"Marat\u00f3n de Lectura con motivo del d\u00eda del Libro - Ayuntamiento de Coria","robots":{"index":"index","follow":"follow","max-snippet":"max-snippet:-1","max-image-preview":"max-image-preview:large","max-video-preview":"max-video-preview:-1"},"canonical":"https:\/\/coria.org\/ayuntamiento\/index.php\/2006\/04\/20\/maraton-de-lectura-con-motivo-del-dia-del-libro\/","og_locale":"es_ES","og_type":"article","og_title":"Marat\u00f3n de Lectura con motivo del d\u00eda del Libro - Ayuntamiento de Coria","og_description":"La Concejal\u00eda de Cultura a trav\u00e9s del Departamento de Animaci\u00f3n Sociocultural del Ayuntamiento de Coria ha organizado un Marat\u00f3n de Lectura con motivo del D\u00eda del Libro. El Acto tendr\u00e1 lugar en la Plaza de la Solidaridad el pr\u00f3ximo Domingo 23 de Abril a las 18:00 horas y contara con la colaboraci\u00f3n de la UPIM, [&hellip;]","og_url":"https:\/\/coria.org\/ayuntamiento\/index.php\/2006\/04\/20\/maraton-de-lectura-con-motivo-del-dia-del-libro\/","og_site_name":"Ayuntamiento de Coria","article_publisher":"https:\/\/www.facebook.com\/Ayuntamiento.de.Coria","article_published_time":"2006-04-19T22:00:00+00:00","article_modified_time":"2023-09-18T11:31:13+00:00","author":"ayuntamiento","twitter_card":"summary_large_image","twitter_creator":"@Ayto_de_Coria","twitter_site":"@Ayto_de_Coria","twitter_misc":{"Escrito por":"ayuntamiento","Tiempo de lectura":"2 minutos"},"schema":{"@context":"https:\/\/schema.org","@graph":[{"@type":"Article","@id":"https:\/\/coria.org\/ayuntamiento\/index.php\/2006\/04\/20\/maraton-de-lectura-con-motivo-del-dia-del-libro\/#article","isPartOf":{"@id":"https:\/\/coria.org\/ayuntamiento\/index.php\/2006\/04\/20\/maraton-de-lectura-con-motivo-del-dia-del-libro\/"},"author":{"name":"ayuntamiento","@id":"https:\/\/coria.org\/ayuntamiento\/#\/schema\/person\/8bd589f0e13e8ae5aa06def7a599d622"},"headline":"Marat\u00f3n de Lectura con motivo del d\u00eda del Libro","datePublished":"2006-04-19T22:00:00+00:00","dateModified":"2023-09-18T11:31:13+00:00","mainEntityOfPage":{"@id":"https:\/\/coria.org\/ayuntamiento\/index.php\/2006\/04\/20\/maraton-de-lectura-con-motivo-del-dia-del-libro\/"},"wordCount":335,"publisher":{"@id":"https:\/\/coria.org\/ayuntamiento\/#organization"},"keywords":["coria","extremadura","lectura","maraton"],"articleSection":["Noticias"],"inLanguage":"es"},{"@type":"WebPage","@id":"https:\/\/coria.org\/ayuntamiento\/index.php\/2006\/04\/20\/maraton-de-lectura-con-motivo-del-dia-del-libro\/","url":"https:\/\/coria.org\/ayuntamiento\/index.php\/2006\/04\/20\/maraton-de-lectura-con-motivo-del-dia-del-libro\/","name":"Marat\u00f3n de Lectura con motivo del d\u00eda del Libro - Ayuntamiento de Coria","isPartOf":{"@id":"https:\/\/coria.org\/ayuntamiento\/#website"},"datePublished":"2006-04-19T22:00:00+00:00","dateModified":"2023-09-18T11:31:13+00:00","breadcrumb":{"@id":"https:\/\/coria.org\/ayuntamiento\/index.php\/2006\/04\/20\/maraton-de-lectura-con-motivo-del-dia-del-libro\/#breadcrumb"},"inLanguage":"es","potentialAction":[{"@type":"ReadAction","target":["https:\/\/coria.org\/ayuntamiento\/index.php\/2006\/04\/20\/maraton-de-lectura-con-motivo-del-dia-del-libro\/"]}]},{"@type":"BreadcrumbList","@id":"https:\/\/coria.org\/ayuntamiento\/index.php\/2006\/04\/20\/maraton-de-lectura-con-motivo-del-dia-del-libro\/#breadcrumb","itemListElement":[{"@type":"ListItem","position":1,"name":"Inicio","item":"https:\/\/coria.org\/ayuntamiento\/"},{"@type":"ListItem","position":2,"name":"Marat\u00f3n de Lectura con motivo del d\u00eda del Libro"}]},{"@type":"WebSite","@id":"https:\/\/coria.org\/ayuntamiento\/#website","url":"https:\/\/coria.org\/ayuntamiento\/","name":"Ayuntamiento de Coria","description":"Web oficial del Ayuntamiento de Coria","publisher":{"@id":"https:\/\/coria.org\/ayuntamiento\/#organization"},"alternateName":"Web Oficial del Ayuntamiento de Coria","potentialAction":[{"@type":"SearchAction","target":{"@type":"EntryPoint","urlTemplate":"https:\/\/coria.org\/ayuntamiento\/?s={search_term_string}"},"query-input":{"@type":"PropertyValueSpecification","valueRequired":true,"valueName":"search_term_string"}}],"inLanguage":"es"},{"@type":"Organization","@id":"https:\/\/coria.org\/ayuntamiento\/#organization","name":"Ayuntamiento de Coria","alternateName":"Ayto de Coria","url":"https:\/\/coria.org\/ayuntamiento\/","logo":{"@type":"ImageObject","inLanguage":"es","@id":"https:\/\/coria.org\/ayuntamiento\/#\/schema\/logo\/image\/","url":"https:\/\/coria.org\/ayuntamiento\/wp-content\/uploads\/2020\/12\/escudo-ayuntamiento-coria.png","contentUrl":"https:\/\/coria.org\/ayuntamiento\/wp-content\/uploads\/2020\/12\/escudo-ayuntamiento-coria.png","width":511,"height":240,"caption":"Ayuntamiento de Coria"},"image":{"@id":"https:\/\/coria.org\/ayuntamiento\/#\/schema\/logo\/image\/"},"sameAs":["https:\/\/www.facebook.com\/Ayuntamiento.de.Coria","https:\/\/x.com\/Ayto_de_Coria","https:\/\/www.instagram.com\/coria.ayuntamiento\/","https:\/\/www.youtube.com\/user\/AYUNTAMIENTOCORIA"]},{"@type":"Person","@id":"https:\/\/coria.org\/ayuntamiento\/#\/schema\/person\/8bd589f0e13e8ae5aa06def7a599d622","name":"ayuntamiento","image":{"@type":"ImageObject","inLanguage":"es","@id":"https:\/\/secure.gravatar.com\/avatar\/966e5ed73cad334adda5c87f49f2547f7082f7292c1b627cbb548744383b391c?s=96&d=mm&r=g","url":"https:\/\/secure.gravatar.com\/avatar\/966e5ed73cad334adda5c87f49f2547f7082f7292c1b627cbb548744383b391c?s=96&d=mm&r=g","contentUrl":"https:\/\/secure.gravatar.com\/avatar\/966e5ed73cad334adda5c87f49f2547f7082f7292c1b627cbb548744383b391c?s=96&d=mm&r=g","caption":"ayuntamiento"}}]}},"uagb_featured_image_src":{"full":false,"thumbnail":false,"medium":false,"medium_large":false,"large":false,"thumblist":false,"thumbrelated":false,"meccarouselthumb":false,"gridsquare":false,"tileview":false,"1536x1536":false,"2048x2048":false},"uagb_author_info":{"display_name":"ayuntamiento","author_link":"https:\/\/coria.org\/ayuntamiento\/index.php\/author\/ayuntamiento\/"},"uagb_comment_info":0,"uagb_excerpt":"La Concejal\u00eda de Cultura a trav\u00e9s del Departamento de Animaci\u00f3n Sociocultural del Ayuntamiento de Coria ha organizado un Marat\u00f3n de Lectura con motivo del D\u00eda del Libro. El Acto tendr\u00e1 lugar en la Plaza de la Solidaridad el pr\u00f3ximo Domingo 23 de Abril a las 18:00 horas y contara con la colaboraci\u00f3n de la UPIM,&hellip;","_links":{"self":[{"href":"https:\/\/coria.org\/ayuntamiento\/index.php\/wp-json\/wp\/v2\/posts\/27269","targetHints":{"allow":["GET"]}}],"collection":[{"href":"https:\/\/coria.org\/ayuntamiento\/index.php\/wp-json\/wp\/v2\/posts"}],"about":[{"href":"https:\/\/coria.org\/ayuntamiento\/index.php\/wp-json\/wp\/v2\/types\/post"}],"author":[{"embeddable":true,"href":"https:\/\/coria.org\/ayuntamiento\/index.php\/wp-json\/wp\/v2\/users\/2"}],"replies":[{"embeddable":true,"href":"https:\/\/coria.org\/ayuntamiento\/index.php\/wp-json\/wp\/v2\/comments?post=27269"}],"version-history":[{"count":0,"href":"https:\/\/coria.org\/ayuntamiento\/index.php\/wp-json\/wp\/v2\/posts\/27269\/revisions"}],"wp:attachment":[{"href":"https:\/\/coria.org\/ayuntamiento\/index.php\/wp-json\/wp\/v2\/media?parent=27269"}],"wp:term":[{"taxonomy":"category","embeddable":true,"href":"https:\/\/coria.org\/ayuntamiento\/index.php\/wp-json\/wp\/v2\/categories?post=27269"},{"taxonomy":"post_tag","embeddable":true,"href":"https:\/\/coria.org\/ayuntamiento\/index.php\/wp-json\/wp\/v2\/tags?post=27269"}],"curies":[{"name":"wp","href":"https:\/\/api.w.org\/{rel}","templated":true}]}}