{"id":27265,"date":"2006-04-26T00:00:00","date_gmt":"2006-04-25T22:00:00","guid":{"rendered":"https:\/\/ayuntamiento.coriaenimagenes.com\/proyecto-de-construccion-de-viveros-de-empresa\/"},"modified":"2023-11-16T11:25:09","modified_gmt":"2023-11-16T10:25:09","slug":"proyecto-de-construccion-de-viveros-de-empresa","status":"publish","type":"post","link":"https:\/\/coria.org\/ayuntamiento\/index.php\/2006\/04\/26\/proyecto-de-construccion-de-viveros-de-empresa\/","title":{"rendered":"Proyecto de Construcci\u00f3n de Viveros de Empresa"},"content":{"rendered":"\n<p><b>El Alcalde de Coria Joaqu\u00edn Hurtado Sim\u00f3n ha iniciado los primeros contactos con la C\u00e1mara de Comercio de C\u00e1ceres para que Coria acoja en breve un Vivero de Empresas.<\/b><\/p>\n\n\n\n<p>Hurtado Sim\u00f3n efect\u00fao estas declaraciones durante la presentaci\u00f3n del Proyecto de construcci\u00f3n de viveros de empresa en la ciudad de Plasencia, patrocinado por la C\u00e1mara de Comercio de C\u00e1ceres y celebrado el pasado lunes en el Hotel Alfonso VIII de Plasencia.<\/p>\n\n\n\n<p>El Alcalde resalta el deseo de su Equipo de Gobierno de que Coria se convierta en un referente industrial en Extremadura, deseo que se encuentra sustentado por el Tr\u00edpode que compone su pol\u00edtica de Gobierno para Coria INDUSTRIA, EMPLEO Y TURISMO. Aunque Coria aun tiene una tradici\u00f3n eminentemente agr\u00edcola hemos de trabajar para incentivar el empleo en la zona y para ello se hacen necesarias iniciativas y propuestas que propicien la creaci\u00f3n de empresas.<\/p>\n\n\n\n<p>\u00abLos viveros de empresas, continua el Alcalde se convierten en un punto de encuentro y referencia entre los empresarios con iniciativa y las Administraciones ya que ambos luchamos para conseguir un mismo objetivo. CREAR EMPLEO ESTABLE.\u00bb.<\/p>\n\n\n\n<p>Adem\u00e1s Hurtado Sim\u00f3n asegura que la ocasi\u00f3n para sembrar el germen industrial en Coria no puede ser mas propicio ya que a las buenas perspectivas de crecimiento econ\u00f3mico en la zona se suman las excelentes condiciones empresariales aparejadas a la construcci\u00f3n de la Autov\u00eda Internacional EX AI.<\/p>\n\n\n\n<p>As\u00ed continua el Alcalde \u00abla nueva infraestructura se convertir\u00e1 en un veh\u00edculo incentivador del trafico comercial a la vez que acercara Coria a los principales puntos empresariales y econ\u00f3micos de la Pen\u00ednsula por ello desde las Administraciones hemos de trabajar codo con codo con las Asociaciones Empresariales para lograr conseguir el objetivo com\u00fan que todos perseguimos, Crear empleo estable, para que nuestros j\u00f3venes y mayores no se vean en la necesidad de emigrar\u00bb.<\/p>\n","protected":false},"excerpt":{"rendered":"<p>El Alcalde de Coria Joaqu\u00edn Hurtado Sim\u00f3n ha iniciado los primeros contactos con la C\u00e1mara de Comercio de C\u00e1ceres para que Coria acoja en breve un Vivero de Empresas. Hurtado Sim\u00f3n efect\u00fao estas declaraciones durante la presentaci\u00f3n del Proyecto de construcci\u00f3n de viveros de empresa en la ciudad de Plasencia, patrocinado por la C\u00e1mara de [&hellip;]<\/p>\n","protected":false},"author":2,"featured_media":0,"comment_status":"closed","ping_status":"closed","sticky":false,"template":"","format":"standard","meta":{"_uag_custom_page_level_css":"","footnotes":""},"categories":[2],"tags":[483,1322],"class_list":["post-27265","post","type-post","status-publish","format-standard","hentry","category-noticias","tag-empresa","tag-vivero"],"yoast_head":"<!-- This site is optimized with the Yoast SEO plugin v27.4 - https:\/\/yoast.com\/product\/yoast-seo-wordpress\/ -->\n<title>Proyecto de Construcci\u00f3n de Viveros de Empresa - Ayuntamiento de Coria<\/title>\n<meta name=\"robots\" content=\"index, follow, max-snippet:-1, max-image-preview:large, max-video-preview:-1\" \/>\n<link rel=\"canonical\" href=\"https:\/\/coria.org\/ayuntamiento\/index.php\/2006\/04\/26\/proyecto-de-construccion-de-viveros-de-empresa\/\" \/>\n<meta property=\"og:locale\" content=\"es_ES\" \/>\n<meta property=\"og:type\" content=\"article\" \/>\n<meta property=\"og:title\" content=\"Proyecto de Construcci\u00f3n de Viveros de Empresa - Ayuntamiento de Coria\" \/>\n<meta property=\"og:description\" content=\"El Alcalde de Coria Joaqu\u00edn Hurtado Sim\u00f3n ha iniciado los primeros contactos con la C\u00e1mara de Comercio de C\u00e1ceres para que Coria acoja en breve un Vivero de Empresas. Hurtado Sim\u00f3n efect\u00fao estas declaraciones durante la presentaci\u00f3n del Proyecto de construcci\u00f3n de viveros de empresa en la ciudad de Plasencia, patrocinado por la C\u00e1mara de [&hellip;]\" \/>\n<meta property=\"og:url\" content=\"https:\/\/coria.org\/ayuntamiento\/index.php\/2006\/04\/26\/proyecto-de-construccion-de-viveros-de-empresa\/\" \/>\n<meta property=\"og:site_name\" content=\"Ayuntamiento de Coria\" \/>\n<meta property=\"article:publisher\" content=\"https:\/\/www.facebook.com\/Ayuntamiento.de.Coria\" \/>\n<meta property=\"article:published_time\" content=\"2006-04-25T22:00:00+00:00\" \/>\n<meta property=\"article:modified_time\" content=\"2023-11-16T10:25:09+00:00\" \/>\n<meta name=\"author\" content=\"ayuntamiento\" \/>\n<meta name=\"twitter:card\" content=\"summary_large_image\" \/>\n<meta name=\"twitter:creator\" content=\"@Ayto_de_Coria\" \/>\n<meta name=\"twitter:site\" content=\"@Ayto_de_Coria\" \/>\n<meta name=\"twitter:label1\" content=\"Escrito por\" \/>\n\t<meta name=\"twitter:data1\" content=\"ayuntamiento\" \/>\n\t<meta name=\"twitter:label2\" content=\"Tiempo de lectura\" \/>\n\t<meta name=\"twitter:data2\" content=\"2 minutos\" \/>\n<script type=\"application\/ld+json\" class=\"yoast-schema-graph\">{\"@context\":\"https:\\\/\\\/schema.org\",\"@graph\":[{\"@type\":\"Article\",\"@id\":\"https:\\\/\\\/coria.org\\\/ayuntamiento\\\/index.php\\\/2006\\\/04\\\/26\\\/proyecto-de-construccion-de-viveros-de-empresa\\\/#article\",\"isPartOf\":{\"@id\":\"https:\\\/\\\/coria.org\\\/ayuntamiento\\\/index.php\\\/2006\\\/04\\\/26\\\/proyecto-de-construccion-de-viveros-de-empresa\\\/\"},\"author\":{\"name\":\"ayuntamiento\",\"@id\":\"https:\\\/\\\/coria.org\\\/ayuntamiento\\\/#\\\/schema\\\/person\\\/8bd589f0e13e8ae5aa06def7a599d622\"},\"headline\":\"Proyecto de Construcci\u00f3n de Viveros de Empresa\",\"datePublished\":\"2006-04-25T22:00:00+00:00\",\"dateModified\":\"2023-11-16T10:25:09+00:00\",\"mainEntityOfPage\":{\"@id\":\"https:\\\/\\\/coria.org\\\/ayuntamiento\\\/index.php\\\/2006\\\/04\\\/26\\\/proyecto-de-construccion-de-viveros-de-empresa\\\/\"},\"wordCount\":334,\"publisher\":{\"@id\":\"https:\\\/\\\/coria.org\\\/ayuntamiento\\\/#organization\"},\"keywords\":[\"empresa\",\"vivero\"],\"articleSection\":[\"Noticias\"],\"inLanguage\":\"es\"},{\"@type\":\"WebPage\",\"@id\":\"https:\\\/\\\/coria.org\\\/ayuntamiento\\\/index.php\\\/2006\\\/04\\\/26\\\/proyecto-de-construccion-de-viveros-de-empresa\\\/\",\"url\":\"https:\\\/\\\/coria.org\\\/ayuntamiento\\\/index.php\\\/2006\\\/04\\\/26\\\/proyecto-de-construccion-de-viveros-de-empresa\\\/\",\"name\":\"Proyecto de Construcci\u00f3n de Viveros de Empresa - Ayuntamiento de Coria\",\"isPartOf\":{\"@id\":\"https:\\\/\\\/coria.org\\\/ayuntamiento\\\/#website\"},\"datePublished\":\"2006-04-25T22:00:00+00:00\",\"dateModified\":\"2023-11-16T10:25:09+00:00\",\"breadcrumb\":{\"@id\":\"https:\\\/\\\/coria.org\\\/ayuntamiento\\\/index.php\\\/2006\\\/04\\\/26\\\/proyecto-de-construccion-de-viveros-de-empresa\\\/#breadcrumb\"},\"inLanguage\":\"es\",\"potentialAction\":[{\"@type\":\"ReadAction\",\"target\":[\"https:\\\/\\\/coria.org\\\/ayuntamiento\\\/index.php\\\/2006\\\/04\\\/26\\\/proyecto-de-construccion-de-viveros-de-empresa\\\/\"]}]},{\"@type\":\"BreadcrumbList\",\"@id\":\"https:\\\/\\\/coria.org\\\/ayuntamiento\\\/index.php\\\/2006\\\/04\\\/26\\\/proyecto-de-construccion-de-viveros-de-empresa\\\/#breadcrumb\",\"itemListElement\":[{\"@type\":\"ListItem\",\"position\":1,\"name\":\"Inicio\",\"item\":\"https:\\\/\\\/coria.org\\\/ayuntamiento\\\/\"},{\"@type\":\"ListItem\",\"position\":2,\"name\":\"Proyecto de Construcci\u00f3n de Viveros de Empresa\"}]},{\"@type\":\"WebSite\",\"@id\":\"https:\\\/\\\/coria.org\\\/ayuntamiento\\\/#website\",\"url\":\"https:\\\/\\\/coria.org\\\/ayuntamiento\\\/\",\"name\":\"Ayuntamiento de Coria\",\"description\":\"Web oficial del Ayuntamiento de Coria\",\"publisher\":{\"@id\":\"https:\\\/\\\/coria.org\\\/ayuntamiento\\\/#organization\"},\"alternateName\":\"Web Oficial del Ayuntamiento de Coria\",\"potentialAction\":[{\"@type\":\"SearchAction\",\"target\":{\"@type\":\"EntryPoint\",\"urlTemplate\":\"https:\\\/\\\/coria.org\\\/ayuntamiento\\\/?s={search_term_string}\"},\"query-input\":{\"@type\":\"PropertyValueSpecification\",\"valueRequired\":true,\"valueName\":\"search_term_string\"}}],\"inLanguage\":\"es\"},{\"@type\":\"Organization\",\"@id\":\"https:\\\/\\\/coria.org\\\/ayuntamiento\\\/#organization\",\"name\":\"Ayuntamiento de Coria\",\"alternateName\":\"Ayto de Coria\",\"url\":\"https:\\\/\\\/coria.org\\\/ayuntamiento\\\/\",\"logo\":{\"@type\":\"ImageObject\",\"inLanguage\":\"es\",\"@id\":\"https:\\\/\\\/coria.org\\\/ayuntamiento\\\/#\\\/schema\\\/logo\\\/image\\\/\",\"url\":\"https:\\\/\\\/coria.org\\\/ayuntamiento\\\/wp-content\\\/uploads\\\/2020\\\/12\\\/escudo-ayuntamiento-coria.png\",\"contentUrl\":\"https:\\\/\\\/coria.org\\\/ayuntamiento\\\/wp-content\\\/uploads\\\/2020\\\/12\\\/escudo-ayuntamiento-coria.png\",\"width\":511,\"height\":240,\"caption\":\"Ayuntamiento de Coria\"},\"image\":{\"@id\":\"https:\\\/\\\/coria.org\\\/ayuntamiento\\\/#\\\/schema\\\/logo\\\/image\\\/\"},\"sameAs\":[\"https:\\\/\\\/www.facebook.com\\\/Ayuntamiento.de.Coria\",\"https:\\\/\\\/x.com\\\/Ayto_de_Coria\",\"https:\\\/\\\/www.instagram.com\\\/coria.ayuntamiento\\\/\",\"https:\\\/\\\/www.youtube.com\\\/user\\\/AYUNTAMIENTOCORIA\"]},{\"@type\":\"Person\",\"@id\":\"https:\\\/\\\/coria.org\\\/ayuntamiento\\\/#\\\/schema\\\/person\\\/8bd589f0e13e8ae5aa06def7a599d622\",\"name\":\"ayuntamiento\",\"image\":{\"@type\":\"ImageObject\",\"inLanguage\":\"es\",\"@id\":\"https:\\\/\\\/secure.gravatar.com\\\/avatar\\\/966e5ed73cad334adda5c87f49f2547f7082f7292c1b627cbb548744383b391c?s=96&d=mm&r=g\",\"url\":\"https:\\\/\\\/secure.gravatar.com\\\/avatar\\\/966e5ed73cad334adda5c87f49f2547f7082f7292c1b627cbb548744383b391c?s=96&d=mm&r=g\",\"contentUrl\":\"https:\\\/\\\/secure.gravatar.com\\\/avatar\\\/966e5ed73cad334adda5c87f49f2547f7082f7292c1b627cbb548744383b391c?s=96&d=mm&r=g\",\"caption\":\"ayuntamiento\"}}]}<\/script>\n<!-- \/ Yoast SEO plugin. -->","yoast_head_json":{"title":"Proyecto de Construcci\u00f3n de Viveros de Empresa - Ayuntamiento de Coria","robots":{"index":"index","follow":"follow","max-snippet":"max-snippet:-1","max-image-preview":"max-image-preview:large","max-video-preview":"max-video-preview:-1"},"canonical":"https:\/\/coria.org\/ayuntamiento\/index.php\/2006\/04\/26\/proyecto-de-construccion-de-viveros-de-empresa\/","og_locale":"es_ES","og_type":"article","og_title":"Proyecto de Construcci\u00f3n de Viveros de Empresa - Ayuntamiento de Coria","og_description":"El Alcalde de Coria Joaqu\u00edn Hurtado Sim\u00f3n ha iniciado los primeros contactos con la C\u00e1mara de Comercio de C\u00e1ceres para que Coria acoja en breve un Vivero de Empresas. Hurtado Sim\u00f3n efect\u00fao estas declaraciones durante la presentaci\u00f3n del Proyecto de construcci\u00f3n de viveros de empresa en la ciudad de Plasencia, patrocinado por la C\u00e1mara de [&hellip;]","og_url":"https:\/\/coria.org\/ayuntamiento\/index.php\/2006\/04\/26\/proyecto-de-construccion-de-viveros-de-empresa\/","og_site_name":"Ayuntamiento de Coria","article_publisher":"https:\/\/www.facebook.com\/Ayuntamiento.de.Coria","article_published_time":"2006-04-25T22:00:00+00:00","article_modified_time":"2023-11-16T10:25:09+00:00","author":"ayuntamiento","twitter_card":"summary_large_image","twitter_creator":"@Ayto_de_Coria","twitter_site":"@Ayto_de_Coria","twitter_misc":{"Escrito por":"ayuntamiento","Tiempo de lectura":"2 minutos"},"schema":{"@context":"https:\/\/schema.org","@graph":[{"@type":"Article","@id":"https:\/\/coria.org\/ayuntamiento\/index.php\/2006\/04\/26\/proyecto-de-construccion-de-viveros-de-empresa\/#article","isPartOf":{"@id":"https:\/\/coria.org\/ayuntamiento\/index.php\/2006\/04\/26\/proyecto-de-construccion-de-viveros-de-empresa\/"},"author":{"name":"ayuntamiento","@id":"https:\/\/coria.org\/ayuntamiento\/#\/schema\/person\/8bd589f0e13e8ae5aa06def7a599d622"},"headline":"Proyecto de Construcci\u00f3n de Viveros de Empresa","datePublished":"2006-04-25T22:00:00+00:00","dateModified":"2023-11-16T10:25:09+00:00","mainEntityOfPage":{"@id":"https:\/\/coria.org\/ayuntamiento\/index.php\/2006\/04\/26\/proyecto-de-construccion-de-viveros-de-empresa\/"},"wordCount":334,"publisher":{"@id":"https:\/\/coria.org\/ayuntamiento\/#organization"},"keywords":["empresa","vivero"],"articleSection":["Noticias"],"inLanguage":"es"},{"@type":"WebPage","@id":"https:\/\/coria.org\/ayuntamiento\/index.php\/2006\/04\/26\/proyecto-de-construccion-de-viveros-de-empresa\/","url":"https:\/\/coria.org\/ayuntamiento\/index.php\/2006\/04\/26\/proyecto-de-construccion-de-viveros-de-empresa\/","name":"Proyecto de Construcci\u00f3n de Viveros de Empresa - Ayuntamiento de Coria","isPartOf":{"@id":"https:\/\/coria.org\/ayuntamiento\/#website"},"datePublished":"2006-04-25T22:00:00+00:00","dateModified":"2023-11-16T10:25:09+00:00","breadcrumb":{"@id":"https:\/\/coria.org\/ayuntamiento\/index.php\/2006\/04\/26\/proyecto-de-construccion-de-viveros-de-empresa\/#breadcrumb"},"inLanguage":"es","potentialAction":[{"@type":"ReadAction","target":["https:\/\/coria.org\/ayuntamiento\/index.php\/2006\/04\/26\/proyecto-de-construccion-de-viveros-de-empresa\/"]}]},{"@type":"BreadcrumbList","@id":"https:\/\/coria.org\/ayuntamiento\/index.php\/2006\/04\/26\/proyecto-de-construccion-de-viveros-de-empresa\/#breadcrumb","itemListElement":[{"@type":"ListItem","position":1,"name":"Inicio","item":"https:\/\/coria.org\/ayuntamiento\/"},{"@type":"ListItem","position":2,"name":"Proyecto de Construcci\u00f3n de Viveros de Empresa"}]},{"@type":"WebSite","@id":"https:\/\/coria.org\/ayuntamiento\/#website","url":"https:\/\/coria.org\/ayuntamiento\/","name":"Ayuntamiento de Coria","description":"Web oficial del Ayuntamiento de Coria","publisher":{"@id":"https:\/\/coria.org\/ayuntamiento\/#organization"},"alternateName":"Web Oficial del Ayuntamiento de Coria","potentialAction":[{"@type":"SearchAction","target":{"@type":"EntryPoint","urlTemplate":"https:\/\/coria.org\/ayuntamiento\/?s={search_term_string}"},"query-input":{"@type":"PropertyValueSpecification","valueRequired":true,"valueName":"search_term_string"}}],"inLanguage":"es"},{"@type":"Organization","@id":"https:\/\/coria.org\/ayuntamiento\/#organization","name":"Ayuntamiento de Coria","alternateName":"Ayto de Coria","url":"https:\/\/coria.org\/ayuntamiento\/","logo":{"@type":"ImageObject","inLanguage":"es","@id":"https:\/\/coria.org\/ayuntamiento\/#\/schema\/logo\/image\/","url":"https:\/\/coria.org\/ayuntamiento\/wp-content\/uploads\/2020\/12\/escudo-ayuntamiento-coria.png","contentUrl":"https:\/\/coria.org\/ayuntamiento\/wp-content\/uploads\/2020\/12\/escudo-ayuntamiento-coria.png","width":511,"height":240,"caption":"Ayuntamiento de Coria"},"image":{"@id":"https:\/\/coria.org\/ayuntamiento\/#\/schema\/logo\/image\/"},"sameAs":["https:\/\/www.facebook.com\/Ayuntamiento.de.Coria","https:\/\/x.com\/Ayto_de_Coria","https:\/\/www.instagram.com\/coria.ayuntamiento\/","https:\/\/www.youtube.com\/user\/AYUNTAMIENTOCORIA"]},{"@type":"Person","@id":"https:\/\/coria.org\/ayuntamiento\/#\/schema\/person\/8bd589f0e13e8ae5aa06def7a599d622","name":"ayuntamiento","image":{"@type":"ImageObject","inLanguage":"es","@id":"https:\/\/secure.gravatar.com\/avatar\/966e5ed73cad334adda5c87f49f2547f7082f7292c1b627cbb548744383b391c?s=96&d=mm&r=g","url":"https:\/\/secure.gravatar.com\/avatar\/966e5ed73cad334adda5c87f49f2547f7082f7292c1b627cbb548744383b391c?s=96&d=mm&r=g","contentUrl":"https:\/\/secure.gravatar.com\/avatar\/966e5ed73cad334adda5c87f49f2547f7082f7292c1b627cbb548744383b391c?s=96&d=mm&r=g","caption":"ayuntamiento"}}]}},"uagb_featured_image_src":{"full":false,"thumbnail":false,"medium":false,"medium_large":false,"large":false,"thumblist":false,"thumbrelated":false,"meccarouselthumb":false,"gridsquare":false,"tileview":false,"1536x1536":false,"2048x2048":false},"uagb_author_info":{"display_name":"ayuntamiento","author_link":"https:\/\/coria.org\/ayuntamiento\/index.php\/author\/ayuntamiento\/"},"uagb_comment_info":0,"uagb_excerpt":"El Alcalde de Coria Joaqu\u00edn Hurtado Sim\u00f3n ha iniciado los primeros contactos con la C\u00e1mara de Comercio de C\u00e1ceres para que Coria acoja en breve un Vivero de Empresas. Hurtado Sim\u00f3n efect\u00fao estas declaraciones durante la presentaci\u00f3n del Proyecto de construcci\u00f3n de viveros de empresa en la ciudad de Plasencia, patrocinado por la C\u00e1mara de&hellip;","_links":{"self":[{"href":"https:\/\/coria.org\/ayuntamiento\/index.php\/wp-json\/wp\/v2\/posts\/27265","targetHints":{"allow":["GET"]}}],"collection":[{"href":"https:\/\/coria.org\/ayuntamiento\/index.php\/wp-json\/wp\/v2\/posts"}],"about":[{"href":"https:\/\/coria.org\/ayuntamiento\/index.php\/wp-json\/wp\/v2\/types\/post"}],"author":[{"embeddable":true,"href":"https:\/\/coria.org\/ayuntamiento\/index.php\/wp-json\/wp\/v2\/users\/2"}],"replies":[{"embeddable":true,"href":"https:\/\/coria.org\/ayuntamiento\/index.php\/wp-json\/wp\/v2\/comments?post=27265"}],"version-history":[{"count":0,"href":"https:\/\/coria.org\/ayuntamiento\/index.php\/wp-json\/wp\/v2\/posts\/27265\/revisions"}],"wp:attachment":[{"href":"https:\/\/coria.org\/ayuntamiento\/index.php\/wp-json\/wp\/v2\/media?parent=27265"}],"wp:term":[{"taxonomy":"category","embeddable":true,"href":"https:\/\/coria.org\/ayuntamiento\/index.php\/wp-json\/wp\/v2\/categories?post=27265"},{"taxonomy":"post_tag","embeddable":true,"href":"https:\/\/coria.org\/ayuntamiento\/index.php\/wp-json\/wp\/v2\/tags?post=27265"}],"curies":[{"name":"wp","href":"https:\/\/api.w.org\/{rel}","templated":true}]}}