{"id":27264,"date":"2006-04-26T00:00:00","date_gmt":"2006-04-25T22:00:00","guid":{"rendered":"https:\/\/ayuntamiento.coriaenimagenes.com\/el-alcalde-joaquin-hurtado-presidio-la-segunda-reunion-de-la-junta-local-de-seguridad-de-coria\/"},"modified":"2023-09-18T13:31:13","modified_gmt":"2023-09-18T11:31:13","slug":"el-alcalde-joaquin-hurtado-presidio-la-segunda-reunion-de-la-junta-local-de-seguridad-de-coria","status":"publish","type":"post","link":"https:\/\/coria.org\/ayuntamiento\/index.php\/2006\/04\/26\/el-alcalde-joaquin-hurtado-presidio-la-segunda-reunion-de-la-junta-local-de-seguridad-de-coria\/","title":{"rendered":"El  Alcalde Joaqu\u00edn Hurtado presidi\u00f3 la segunda reuni\u00f3n dela Junta Local de Seguridad de Coria"},"content":{"rendered":"\n<p><b>El Alcalde de Coria Joaqu\u00edn Hurtado Sim\u00f3n presidio la segunda Junta Local de Seguridad en lo que va de a\u00f1o. El encuentro tuvo lugar el martes 25 de Abril en el despacho de Alcald\u00eda del Ayuntamiento y cont\u00f3 con la presencia de Fernando Revert representante del Subdelegado del Gobierno, Antonio Capirote Delegado Territorial en C\u00e1ceres de la Consejer\u00eda de Presidencia, el Capit\u00e1n de la Guardia Civil, el comandante del puesto de la Guardia Civil en Coria Jorge Mart\u00ednez y la del Subinspector de la Polic\u00eda Local Jes\u00fas Dom\u00ednguez. <\/b><\/p>\n\n\n\n<p><b><\/b>Durante la reuni\u00f3n se dieron a conocer las cifras de violencia domestica registradas en la ciudad, as\u00ed y seg\u00fan LOS \u00faltimos datos facilitados, se han contabilizado un total de 13 casos de violencia domestica frente a los nueve que exist\u00edan el pasado mes de enero.<\/p>\n\n\n\n<p>El Alcalde Hurtado Sim\u00f3n ha expresado su preocupaci\u00f3n y la del Equipo de Gobierno ante el surgimiento de nuevos focos de violencia detectados en Coria y anuncia que desde el Consistorio se adoptaran medidas preventivas a fin de paliar una lacra que amenaza con enturbiar la normal convivencia en la ciudad.<\/p>\n\n\n\n<p>De entre las acciones que se llevaran a cabo, destaca la asunci\u00f3n por parte del Polic\u00eda local de un servicio de seguimiento social, especifico e individual a las v\u00edctimas a trav\u00e9s de una mujer perteneciente al Cuerpo de la Polic\u00eda Local.<\/p>\n\n\n\n<p>En concreto, la Agente trabajara de manera coordinada con el Servicio Social de Base para detectar posibles focos de violencia en una determinada unidad familiar, una vez realizada la tarea de detecci\u00f3n pondr\u00e1 en marcha en coordinaci\u00f3n con las Fuerzas de Seguridad del Estado los mecanismos necesarios a fin de evitar su desarrollo.<\/p>\n\n\n\n<p>Adem\u00e1s Con este Servicio el Ayuntamiento dar\u00e1 cumplimiento al Protocolo de Colaboraci\u00f3n entre las Fuerzas y Cuerpos de Seguridad del Estado y las Polic\u00edas Locales, de acuerdo con lo establecido en la Ley Org\u00e1nica de 28 de Diciembre de 2004.<\/p>\n\n\n\n<p>Hurtado Sim\u00f3n, ha pedido una vez mas aumentar el numero de guardias Civiles que prestan sus servicios en Coria, en concreto el alcalde argumenta \u00bb la necesidad de contar con un destacamento en la ciudad compuesto la menos por 8 agentes fijos para Coria.<\/p>\n\n\n\n<p>Actualmente el destacamento de la Guardia Civil en la zona de Coria lo integran 19 Guardias Civiles que prestan sus servicios en toda la Comarca del Valle del Alagon, incluida Moraleja, circunstancia que les obliga a efectuar numerosos desplazamientos por diferentes poblaciones, a lo largo de la jornada.<\/p>\n\n\n\n<p>No es la primera vez que el Alcalde llama la atenci\u00f3n sobre este punto a los Altos Mandos Provinciales de la Guardia Civil, ya durante los pasados meses de Agosto de 2005 y enero de 2006 Hurtado Sim\u00f3n solicito al Capit\u00e1n del Cuerpo al Subdelegado del Gobierno Fernando Solis nuevos miembros para reforzar el personal del destacamento cauriense.<\/p>\n\n\n\n<p>Un refuerzo que el Alcalde califica de necesario \u00abpara prevenir actuaciones delictivas y en concreto para luchar contra la violencia de genero y quitar a esos energ\u00famenos las ganas de delinquir, endureciendo penas y luchando para que cumplan la totalidad de las condenas\u00bb<\/p>\n","protected":false},"excerpt":{"rendered":"<p>El Alcalde de Coria Joaqu\u00edn Hurtado Sim\u00f3n presidio la segunda Junta Local de Seguridad en lo que va de a\u00f1o. El encuentro tuvo lugar el martes 25 de Abril en el despacho de Alcald\u00eda del Ayuntamiento y cont\u00f3 con la presencia de Fernando Revert representante del Subdelegado del Gobierno, Antonio Capirote Delegado Territorial en C\u00e1ceres [&hellip;]<\/p>\n","protected":false},"author":2,"featured_media":0,"comment_status":"closed","ping_status":"closed","sticky":false,"template":"","format":"standard","meta":{"_uag_custom_page_level_css":"","footnotes":""},"categories":[2],"tags":[712,1084,1147],"class_list":["post-27264","post","type-post","status-publish","format-standard","hentry","category-noticias","tag-junta","tag-reunion","tag-seguridad"],"yoast_head":"<!-- This site is optimized with the Yoast SEO plugin v27.4 - https:\/\/yoast.com\/product\/yoast-seo-wordpress\/ -->\n<title>El Alcalde Joaqu\u00edn Hurtado presidi\u00f3 la segunda reuni\u00f3n dela Junta Local de Seguridad de Coria - Ayuntamiento de Coria<\/title>\n<meta name=\"robots\" content=\"index, follow, max-snippet:-1, max-image-preview:large, max-video-preview:-1\" \/>\n<link rel=\"canonical\" href=\"https:\/\/coria.org\/ayuntamiento\/index.php\/2006\/04\/26\/el-alcalde-joaquin-hurtado-presidio-la-segunda-reunion-de-la-junta-local-de-seguridad-de-coria\/\" \/>\n<meta property=\"og:locale\" content=\"es_ES\" \/>\n<meta property=\"og:type\" content=\"article\" \/>\n<meta property=\"og:title\" content=\"El Alcalde Joaqu\u00edn Hurtado presidi\u00f3 la segunda reuni\u00f3n dela Junta Local de Seguridad de Coria - Ayuntamiento de Coria\" \/>\n<meta property=\"og:description\" content=\"El Alcalde de Coria Joaqu\u00edn Hurtado Sim\u00f3n presidio la segunda Junta Local de Seguridad en lo que va de a\u00f1o. El encuentro tuvo lugar el martes 25 de Abril en el despacho de Alcald\u00eda del Ayuntamiento y cont\u00f3 con la presencia de Fernando Revert representante del Subdelegado del Gobierno, Antonio Capirote Delegado Territorial en C\u00e1ceres [&hellip;]\" \/>\n<meta property=\"og:url\" content=\"https:\/\/coria.org\/ayuntamiento\/index.php\/2006\/04\/26\/el-alcalde-joaquin-hurtado-presidio-la-segunda-reunion-de-la-junta-local-de-seguridad-de-coria\/\" \/>\n<meta property=\"og:site_name\" content=\"Ayuntamiento de Coria\" \/>\n<meta property=\"article:publisher\" content=\"https:\/\/www.facebook.com\/Ayuntamiento.de.Coria\" \/>\n<meta property=\"article:published_time\" content=\"2006-04-25T22:00:00+00:00\" \/>\n<meta property=\"article:modified_time\" content=\"2023-09-18T11:31:13+00:00\" \/>\n<meta name=\"author\" content=\"ayuntamiento\" \/>\n<meta name=\"twitter:card\" content=\"summary_large_image\" \/>\n<meta name=\"twitter:creator\" content=\"@Ayto_de_Coria\" \/>\n<meta name=\"twitter:site\" content=\"@Ayto_de_Coria\" \/>\n<meta name=\"twitter:label1\" content=\"Escrito por\" \/>\n\t<meta name=\"twitter:data1\" content=\"ayuntamiento\" \/>\n\t<meta name=\"twitter:label2\" content=\"Tiempo de lectura\" \/>\n\t<meta name=\"twitter:data2\" content=\"3 minutos\" \/>\n<script type=\"application\/ld+json\" class=\"yoast-schema-graph\">{\"@context\":\"https:\\\/\\\/schema.org\",\"@graph\":[{\"@type\":\"Article\",\"@id\":\"https:\\\/\\\/coria.org\\\/ayuntamiento\\\/index.php\\\/2006\\\/04\\\/26\\\/el-alcalde-joaquin-hurtado-presidio-la-segunda-reunion-de-la-junta-local-de-seguridad-de-coria\\\/#article\",\"isPartOf\":{\"@id\":\"https:\\\/\\\/coria.org\\\/ayuntamiento\\\/index.php\\\/2006\\\/04\\\/26\\\/el-alcalde-joaquin-hurtado-presidio-la-segunda-reunion-de-la-junta-local-de-seguridad-de-coria\\\/\"},\"author\":{\"name\":\"ayuntamiento\",\"@id\":\"https:\\\/\\\/coria.org\\\/ayuntamiento\\\/#\\\/schema\\\/person\\\/8bd589f0e13e8ae5aa06def7a599d622\"},\"headline\":\"El Alcalde Joaqu\u00edn Hurtado presidi\u00f3 la segunda reuni\u00f3n dela Junta Local de Seguridad de Coria\",\"datePublished\":\"2006-04-25T22:00:00+00:00\",\"dateModified\":\"2023-09-18T11:31:13+00:00\",\"mainEntityOfPage\":{\"@id\":\"https:\\\/\\\/coria.org\\\/ayuntamiento\\\/index.php\\\/2006\\\/04\\\/26\\\/el-alcalde-joaquin-hurtado-presidio-la-segunda-reunion-de-la-junta-local-de-seguridad-de-coria\\\/\"},\"wordCount\":551,\"publisher\":{\"@id\":\"https:\\\/\\\/coria.org\\\/ayuntamiento\\\/#organization\"},\"keywords\":[\"junta\",\"reunion\",\"seguridad\"],\"articleSection\":[\"Noticias\"],\"inLanguage\":\"es\"},{\"@type\":\"WebPage\",\"@id\":\"https:\\\/\\\/coria.org\\\/ayuntamiento\\\/index.php\\\/2006\\\/04\\\/26\\\/el-alcalde-joaquin-hurtado-presidio-la-segunda-reunion-de-la-junta-local-de-seguridad-de-coria\\\/\",\"url\":\"https:\\\/\\\/coria.org\\\/ayuntamiento\\\/index.php\\\/2006\\\/04\\\/26\\\/el-alcalde-joaquin-hurtado-presidio-la-segunda-reunion-de-la-junta-local-de-seguridad-de-coria\\\/\",\"name\":\"El Alcalde Joaqu\u00edn Hurtado presidi\u00f3 la segunda reuni\u00f3n dela Junta Local de Seguridad de Coria - Ayuntamiento de Coria\",\"isPartOf\":{\"@id\":\"https:\\\/\\\/coria.org\\\/ayuntamiento\\\/#website\"},\"datePublished\":\"2006-04-25T22:00:00+00:00\",\"dateModified\":\"2023-09-18T11:31:13+00:00\",\"breadcrumb\":{\"@id\":\"https:\\\/\\\/coria.org\\\/ayuntamiento\\\/index.php\\\/2006\\\/04\\\/26\\\/el-alcalde-joaquin-hurtado-presidio-la-segunda-reunion-de-la-junta-local-de-seguridad-de-coria\\\/#breadcrumb\"},\"inLanguage\":\"es\",\"potentialAction\":[{\"@type\":\"ReadAction\",\"target\":[\"https:\\\/\\\/coria.org\\\/ayuntamiento\\\/index.php\\\/2006\\\/04\\\/26\\\/el-alcalde-joaquin-hurtado-presidio-la-segunda-reunion-de-la-junta-local-de-seguridad-de-coria\\\/\"]}]},{\"@type\":\"BreadcrumbList\",\"@id\":\"https:\\\/\\\/coria.org\\\/ayuntamiento\\\/index.php\\\/2006\\\/04\\\/26\\\/el-alcalde-joaquin-hurtado-presidio-la-segunda-reunion-de-la-junta-local-de-seguridad-de-coria\\\/#breadcrumb\",\"itemListElement\":[{\"@type\":\"ListItem\",\"position\":1,\"name\":\"Inicio\",\"item\":\"https:\\\/\\\/coria.org\\\/ayuntamiento\\\/\"},{\"@type\":\"ListItem\",\"position\":2,\"name\":\"El Alcalde Joaqu\u00edn Hurtado presidi\u00f3 la segunda reuni\u00f3n dela Junta Local de Seguridad de Coria\"}]},{\"@type\":\"WebSite\",\"@id\":\"https:\\\/\\\/coria.org\\\/ayuntamiento\\\/#website\",\"url\":\"https:\\\/\\\/coria.org\\\/ayuntamiento\\\/\",\"name\":\"Ayuntamiento de Coria\",\"description\":\"Web oficial del Ayuntamiento de Coria\",\"publisher\":{\"@id\":\"https:\\\/\\\/coria.org\\\/ayuntamiento\\\/#organization\"},\"alternateName\":\"Web Oficial del Ayuntamiento de Coria\",\"potentialAction\":[{\"@type\":\"SearchAction\",\"target\":{\"@type\":\"EntryPoint\",\"urlTemplate\":\"https:\\\/\\\/coria.org\\\/ayuntamiento\\\/?s={search_term_string}\"},\"query-input\":{\"@type\":\"PropertyValueSpecification\",\"valueRequired\":true,\"valueName\":\"search_term_string\"}}],\"inLanguage\":\"es\"},{\"@type\":\"Organization\",\"@id\":\"https:\\\/\\\/coria.org\\\/ayuntamiento\\\/#organization\",\"name\":\"Ayuntamiento de Coria\",\"alternateName\":\"Ayto de Coria\",\"url\":\"https:\\\/\\\/coria.org\\\/ayuntamiento\\\/\",\"logo\":{\"@type\":\"ImageObject\",\"inLanguage\":\"es\",\"@id\":\"https:\\\/\\\/coria.org\\\/ayuntamiento\\\/#\\\/schema\\\/logo\\\/image\\\/\",\"url\":\"https:\\\/\\\/coria.org\\\/ayuntamiento\\\/wp-content\\\/uploads\\\/2020\\\/12\\\/escudo-ayuntamiento-coria.png\",\"contentUrl\":\"https:\\\/\\\/coria.org\\\/ayuntamiento\\\/wp-content\\\/uploads\\\/2020\\\/12\\\/escudo-ayuntamiento-coria.png\",\"width\":511,\"height\":240,\"caption\":\"Ayuntamiento de Coria\"},\"image\":{\"@id\":\"https:\\\/\\\/coria.org\\\/ayuntamiento\\\/#\\\/schema\\\/logo\\\/image\\\/\"},\"sameAs\":[\"https:\\\/\\\/www.facebook.com\\\/Ayuntamiento.de.Coria\",\"https:\\\/\\\/x.com\\\/Ayto_de_Coria\",\"https:\\\/\\\/www.instagram.com\\\/coria.ayuntamiento\\\/\",\"https:\\\/\\\/www.youtube.com\\\/user\\\/AYUNTAMIENTOCORIA\"]},{\"@type\":\"Person\",\"@id\":\"https:\\\/\\\/coria.org\\\/ayuntamiento\\\/#\\\/schema\\\/person\\\/8bd589f0e13e8ae5aa06def7a599d622\",\"name\":\"ayuntamiento\",\"image\":{\"@type\":\"ImageObject\",\"inLanguage\":\"es\",\"@id\":\"https:\\\/\\\/secure.gravatar.com\\\/avatar\\\/966e5ed73cad334adda5c87f49f2547f7082f7292c1b627cbb548744383b391c?s=96&d=mm&r=g\",\"url\":\"https:\\\/\\\/secure.gravatar.com\\\/avatar\\\/966e5ed73cad334adda5c87f49f2547f7082f7292c1b627cbb548744383b391c?s=96&d=mm&r=g\",\"contentUrl\":\"https:\\\/\\\/secure.gravatar.com\\\/avatar\\\/966e5ed73cad334adda5c87f49f2547f7082f7292c1b627cbb548744383b391c?s=96&d=mm&r=g\",\"caption\":\"ayuntamiento\"}}]}<\/script>\n<!-- \/ Yoast SEO plugin. -->","yoast_head_json":{"title":"El Alcalde Joaqu\u00edn Hurtado presidi\u00f3 la segunda reuni\u00f3n dela Junta Local de Seguridad de Coria - Ayuntamiento de Coria","robots":{"index":"index","follow":"follow","max-snippet":"max-snippet:-1","max-image-preview":"max-image-preview:large","max-video-preview":"max-video-preview:-1"},"canonical":"https:\/\/coria.org\/ayuntamiento\/index.php\/2006\/04\/26\/el-alcalde-joaquin-hurtado-presidio-la-segunda-reunion-de-la-junta-local-de-seguridad-de-coria\/","og_locale":"es_ES","og_type":"article","og_title":"El Alcalde Joaqu\u00edn Hurtado presidi\u00f3 la segunda reuni\u00f3n dela Junta Local de Seguridad de Coria - Ayuntamiento de Coria","og_description":"El Alcalde de Coria Joaqu\u00edn Hurtado Sim\u00f3n presidio la segunda Junta Local de Seguridad en lo que va de a\u00f1o. El encuentro tuvo lugar el martes 25 de Abril en el despacho de Alcald\u00eda del Ayuntamiento y cont\u00f3 con la presencia de Fernando Revert representante del Subdelegado del Gobierno, Antonio Capirote Delegado Territorial en C\u00e1ceres [&hellip;]","og_url":"https:\/\/coria.org\/ayuntamiento\/index.php\/2006\/04\/26\/el-alcalde-joaquin-hurtado-presidio-la-segunda-reunion-de-la-junta-local-de-seguridad-de-coria\/","og_site_name":"Ayuntamiento de Coria","article_publisher":"https:\/\/www.facebook.com\/Ayuntamiento.de.Coria","article_published_time":"2006-04-25T22:00:00+00:00","article_modified_time":"2023-09-18T11:31:13+00:00","author":"ayuntamiento","twitter_card":"summary_large_image","twitter_creator":"@Ayto_de_Coria","twitter_site":"@Ayto_de_Coria","twitter_misc":{"Escrito por":"ayuntamiento","Tiempo de lectura":"3 minutos"},"schema":{"@context":"https:\/\/schema.org","@graph":[{"@type":"Article","@id":"https:\/\/coria.org\/ayuntamiento\/index.php\/2006\/04\/26\/el-alcalde-joaquin-hurtado-presidio-la-segunda-reunion-de-la-junta-local-de-seguridad-de-coria\/#article","isPartOf":{"@id":"https:\/\/coria.org\/ayuntamiento\/index.php\/2006\/04\/26\/el-alcalde-joaquin-hurtado-presidio-la-segunda-reunion-de-la-junta-local-de-seguridad-de-coria\/"},"author":{"name":"ayuntamiento","@id":"https:\/\/coria.org\/ayuntamiento\/#\/schema\/person\/8bd589f0e13e8ae5aa06def7a599d622"},"headline":"El Alcalde Joaqu\u00edn Hurtado presidi\u00f3 la segunda reuni\u00f3n dela Junta Local de Seguridad de Coria","datePublished":"2006-04-25T22:00:00+00:00","dateModified":"2023-09-18T11:31:13+00:00","mainEntityOfPage":{"@id":"https:\/\/coria.org\/ayuntamiento\/index.php\/2006\/04\/26\/el-alcalde-joaquin-hurtado-presidio-la-segunda-reunion-de-la-junta-local-de-seguridad-de-coria\/"},"wordCount":551,"publisher":{"@id":"https:\/\/coria.org\/ayuntamiento\/#organization"},"keywords":["junta","reunion","seguridad"],"articleSection":["Noticias"],"inLanguage":"es"},{"@type":"WebPage","@id":"https:\/\/coria.org\/ayuntamiento\/index.php\/2006\/04\/26\/el-alcalde-joaquin-hurtado-presidio-la-segunda-reunion-de-la-junta-local-de-seguridad-de-coria\/","url":"https:\/\/coria.org\/ayuntamiento\/index.php\/2006\/04\/26\/el-alcalde-joaquin-hurtado-presidio-la-segunda-reunion-de-la-junta-local-de-seguridad-de-coria\/","name":"El Alcalde Joaqu\u00edn Hurtado presidi\u00f3 la segunda reuni\u00f3n dela Junta Local de Seguridad de Coria - Ayuntamiento de Coria","isPartOf":{"@id":"https:\/\/coria.org\/ayuntamiento\/#website"},"datePublished":"2006-04-25T22:00:00+00:00","dateModified":"2023-09-18T11:31:13+00:00","breadcrumb":{"@id":"https:\/\/coria.org\/ayuntamiento\/index.php\/2006\/04\/26\/el-alcalde-joaquin-hurtado-presidio-la-segunda-reunion-de-la-junta-local-de-seguridad-de-coria\/#breadcrumb"},"inLanguage":"es","potentialAction":[{"@type":"ReadAction","target":["https:\/\/coria.org\/ayuntamiento\/index.php\/2006\/04\/26\/el-alcalde-joaquin-hurtado-presidio-la-segunda-reunion-de-la-junta-local-de-seguridad-de-coria\/"]}]},{"@type":"BreadcrumbList","@id":"https:\/\/coria.org\/ayuntamiento\/index.php\/2006\/04\/26\/el-alcalde-joaquin-hurtado-presidio-la-segunda-reunion-de-la-junta-local-de-seguridad-de-coria\/#breadcrumb","itemListElement":[{"@type":"ListItem","position":1,"name":"Inicio","item":"https:\/\/coria.org\/ayuntamiento\/"},{"@type":"ListItem","position":2,"name":"El Alcalde Joaqu\u00edn Hurtado presidi\u00f3 la segunda reuni\u00f3n dela Junta Local de Seguridad de Coria"}]},{"@type":"WebSite","@id":"https:\/\/coria.org\/ayuntamiento\/#website","url":"https:\/\/coria.org\/ayuntamiento\/","name":"Ayuntamiento de Coria","description":"Web oficial del Ayuntamiento de Coria","publisher":{"@id":"https:\/\/coria.org\/ayuntamiento\/#organization"},"alternateName":"Web Oficial del Ayuntamiento de Coria","potentialAction":[{"@type":"SearchAction","target":{"@type":"EntryPoint","urlTemplate":"https:\/\/coria.org\/ayuntamiento\/?s={search_term_string}"},"query-input":{"@type":"PropertyValueSpecification","valueRequired":true,"valueName":"search_term_string"}}],"inLanguage":"es"},{"@type":"Organization","@id":"https:\/\/coria.org\/ayuntamiento\/#organization","name":"Ayuntamiento de Coria","alternateName":"Ayto de Coria","url":"https:\/\/coria.org\/ayuntamiento\/","logo":{"@type":"ImageObject","inLanguage":"es","@id":"https:\/\/coria.org\/ayuntamiento\/#\/schema\/logo\/image\/","url":"https:\/\/coria.org\/ayuntamiento\/wp-content\/uploads\/2020\/12\/escudo-ayuntamiento-coria.png","contentUrl":"https:\/\/coria.org\/ayuntamiento\/wp-content\/uploads\/2020\/12\/escudo-ayuntamiento-coria.png","width":511,"height":240,"caption":"Ayuntamiento de Coria"},"image":{"@id":"https:\/\/coria.org\/ayuntamiento\/#\/schema\/logo\/image\/"},"sameAs":["https:\/\/www.facebook.com\/Ayuntamiento.de.Coria","https:\/\/x.com\/Ayto_de_Coria","https:\/\/www.instagram.com\/coria.ayuntamiento\/","https:\/\/www.youtube.com\/user\/AYUNTAMIENTOCORIA"]},{"@type":"Person","@id":"https:\/\/coria.org\/ayuntamiento\/#\/schema\/person\/8bd589f0e13e8ae5aa06def7a599d622","name":"ayuntamiento","image":{"@type":"ImageObject","inLanguage":"es","@id":"https:\/\/secure.gravatar.com\/avatar\/966e5ed73cad334adda5c87f49f2547f7082f7292c1b627cbb548744383b391c?s=96&d=mm&r=g","url":"https:\/\/secure.gravatar.com\/avatar\/966e5ed73cad334adda5c87f49f2547f7082f7292c1b627cbb548744383b391c?s=96&d=mm&r=g","contentUrl":"https:\/\/secure.gravatar.com\/avatar\/966e5ed73cad334adda5c87f49f2547f7082f7292c1b627cbb548744383b391c?s=96&d=mm&r=g","caption":"ayuntamiento"}}]}},"uagb_featured_image_src":{"full":false,"thumbnail":false,"medium":false,"medium_large":false,"large":false,"thumblist":false,"thumbrelated":false,"meccarouselthumb":false,"gridsquare":false,"tileview":false,"1536x1536":false,"2048x2048":false},"uagb_author_info":{"display_name":"ayuntamiento","author_link":"https:\/\/coria.org\/ayuntamiento\/index.php\/author\/ayuntamiento\/"},"uagb_comment_info":0,"uagb_excerpt":"El Alcalde de Coria Joaqu\u00edn Hurtado Sim\u00f3n presidio la segunda Junta Local de Seguridad en lo que va de a\u00f1o. El encuentro tuvo lugar el martes 25 de Abril en el despacho de Alcald\u00eda del Ayuntamiento y cont\u00f3 con la presencia de Fernando Revert representante del Subdelegado del Gobierno, Antonio Capirote Delegado Territorial en C\u00e1ceres&hellip;","_links":{"self":[{"href":"https:\/\/coria.org\/ayuntamiento\/index.php\/wp-json\/wp\/v2\/posts\/27264","targetHints":{"allow":["GET"]}}],"collection":[{"href":"https:\/\/coria.org\/ayuntamiento\/index.php\/wp-json\/wp\/v2\/posts"}],"about":[{"href":"https:\/\/coria.org\/ayuntamiento\/index.php\/wp-json\/wp\/v2\/types\/post"}],"author":[{"embeddable":true,"href":"https:\/\/coria.org\/ayuntamiento\/index.php\/wp-json\/wp\/v2\/users\/2"}],"replies":[{"embeddable":true,"href":"https:\/\/coria.org\/ayuntamiento\/index.php\/wp-json\/wp\/v2\/comments?post=27264"}],"version-history":[{"count":0,"href":"https:\/\/coria.org\/ayuntamiento\/index.php\/wp-json\/wp\/v2\/posts\/27264\/revisions"}],"wp:attachment":[{"href":"https:\/\/coria.org\/ayuntamiento\/index.php\/wp-json\/wp\/v2\/media?parent=27264"}],"wp:term":[{"taxonomy":"category","embeddable":true,"href":"https:\/\/coria.org\/ayuntamiento\/index.php\/wp-json\/wp\/v2\/categories?post=27264"},{"taxonomy":"post_tag","embeddable":true,"href":"https:\/\/coria.org\/ayuntamiento\/index.php\/wp-json\/wp\/v2\/tags?post=27264"}],"curies":[{"name":"wp","href":"https:\/\/api.w.org\/{rel}","templated":true}]}}