{"id":27262,"date":"2006-04-27T00:00:00","date_gmt":"2006-04-26T22:00:00","guid":{"rendered":"https:\/\/ayuntamiento.coriaenimagenes.com\/inauguracion-de-la-antigua-ermita-de-la-virgen-de-argeme\/"},"modified":"2023-09-18T13:31:13","modified_gmt":"2023-09-18T11:31:13","slug":"inauguracion-de-la-antigua-ermita-de-la-virgen-de-argeme","status":"publish","type":"post","link":"https:\/\/coria.org\/ayuntamiento\/index.php\/2006\/04\/27\/inauguracion-de-la-antigua-ermita-de-la-virgen-de-argeme\/","title":{"rendered":"Inauguraci\u00f3n de la Antigua Ermita de la Virgen de Argeme"},"content":{"rendered":"\n<p><b>El Alcalde de Coria, acompa\u00f1ado de los Concejales de Cultura Trinidad P\u00e9rez, de Obras Jos\u00e9 Antonio Moreno y del Primer Teniente de Alcalde Pedro Mu\u00f1oz, asistir\u00e1 ma\u00f1ana jueves 27 de Abril al acto de inauguraci\u00f3n de la Antigua Ermita de la Virgen de Argeme.<\/b><\/p>\n\n\n\n<p><b><\/b>El Acto comenzara a las 20:00 horas en la explanada de la Virgen y contara con la asistencia de S.I el Obispo de Coria C\u00e1ceres Ciriaco Benavente, el Mayordomo de Nuestra Se\u00f1ora de Argeme y Presidente de la Cofrad\u00eda Sebasti\u00e1n Iglesias, el Director General de Patrimonio Cultural Francisco P\u00e9rez Urban, el Director General de Turismo Leopoldo Guti\u00e9rrez , Representantes de los Partidos Pol\u00edticos y representantes de las Asociaciones caurienses<\/p>\n\n\n\n<p><b>Proceso de rehabilitaci\u00f3n de la Ermita. <\/b><\/p>\n\n\n\n<p>La restauraci\u00f3n de la Ermita de Nuestra Se\u00f1ora de Argeme ha constituido un largo proceso a\u00fan no llegado a su fin.<\/p>\n\n\n\n<p>Tras las restauraciones decimon\u00f3nicas el complejo de edificios se hab\u00eda abandonado cuando se construy\u00f3 la ermita nueva. El edificio y el culto se salv\u00f3 del abandono gracias a la preocupaci\u00f3n de los obispos de Coria, que instituyen la feria del 8 de septiembre a finales del s.XVIII. Esta feria reun\u00eda a un gran n\u00famero de comerciantes para cuyos puestos se construy\u00f3 el p\u00f3rtico.<\/p>\n\n\n\n<p>Posteriormente el Obispo Don Antonio Mar\u00eda S\u00e1nchez Cid y Carrascal hacia 1855 realiza una importante restauraci\u00f3n del edificio. Las posteriores reformas fueron ya efectuadas por la Cofrad\u00eda desde su constituci\u00f3n en 1901.<br \/>En 1926 se levanta todo el tejado y se asea la b\u00f3veda, llena de escombros, se pinta la nave y el presbiterio y se dispone un z\u00f3calo de azulejos y se pavimenta con m\u00e1rmol el presbiterio. <br \/>En 1929 se realizan ciertas reparaciones en las dependencias del ermita\u00f1o. En 1933 son necesarias nuevas reparaciones sustituyendo el piso de piedra por otro de baldos\u00edn, arreglo de columnas, soportales, campanario y otros elementos, blanqueo de todos los exteriores etc. <br \/>Esta campa\u00f1a de reparaciones finaliza precisamente con la coronaci\u00f3n de la Virgen.<\/p>\n\n\n\n<p>En 1959 se decide finalmente abandonar el edificio y erigir el nuevo templo.<\/p>\n\n\n\n<p>Las primeras labores de reconstrucci\u00f3n del santuario tras el abandono consistieron fundamentalmente en un apuntalamiento del edificio realizadas a cargo del Ministerio de Cultura en 1984. <br \/>En 1992 se realiza un primer proyecto de reconstrucci\u00f3n por parte de los arquitectos F. Garc\u00eda Sanz y I. Garc\u00eda Jim\u00e9nez. En esta fase se abord\u00f3 una importante consolidaci\u00f3n estructural que supuso la conservaci\u00f3n de la fachada principal y atrio as\u00ed como la propia nave que presentaba notables agrietamientos que hubieran supuesto la ruina del edificio.<br \/>Posteriormente se realiza una segunda fase por parte del Ayuntamiento de Coria en el que se reconstruye la cubierta de toda la parte cultual, protegiendo as\u00ed de una forma efectiva esta parte del complejo. Tambi\u00e9n se repar\u00f3 la f\u00e1brica externa de la c\u00fapula y los remates exteriores. <br \/>La tercera fase es promovida por la Cofrad\u00eda con recursos propios. \u00c9sta se dividi\u00f3 en dos fases, para la restauraci\u00f3n del p\u00f3rtico y para la restauraci\u00f3n de la casa del horno (es decir la casa del ermita\u00f1o y anexos). <br \/>Esta zona presentaba un estado de ruina profundo con sectores en peligro de colapso y otros con muros, cubiertas y artesonados hundidos. La restauraci\u00f3n consisti\u00f3 en el desmontaje, limpieza de escombros y consolidaci\u00f3n de las partes afectadas. En el p\u00f3rtico, entre otras actuaciones, se desmont\u00f3 y repuso una de las pilastras, se rehizo la estructura de madera, se repuso el entablado con su debida impermabilizaci\u00f3n y el tejado. En la casa del horno se realizaron dos nuevas pilastras y rehicieron las que sosten\u00edan la chimenea, igualmente se recuperaron los artesonados originales con sus piezas matrices, recuper\u00e1ndose as\u00ed de la ruina una parte importante del edificio.<\/p>\n\n\n\n<p>La cuarta fase, del mismo modo abordada por la Cofrad\u00eda, ha resuelto la restauraci\u00f3n interior de la zona de culto y de una parte importante de las estancias anexas, afectando a las dos sacrist\u00edas, tres habitaciones de la planta baja, sala de la Cofrad\u00eda, tesoro y Camar\u00edn. En la nave y p\u00f3rtico de entrada, se ha realizado una excavaci\u00f3n arqueol\u00f3gica, y drenaje de suelos. Se ha repuesto el perdido pavimento. Se han recuperado las soluciones pict\u00f3ricas de las paredes y b\u00f3vedas y se ha instalado nueva iluminaci\u00f3n. Se ejecut\u00f3 la anastylosis del arco y columnas de piedra de la entrada que hab\u00edan sido trasladadas a la ermita nueva. Tambi\u00e9n se han limpiado y reparado los altares laterales y otros detalles. En el presbiterio se han reparado pavimentos y pinturas originales, apareciendo una interesante inscripci\u00f3n fundacional. En la actuaci\u00f3n se han reparado las carpinter\u00edas de puertas y ventanas. El retablo restaurado se ha repuesto en su lugar original. En el resto del edificio se han reparado los solados, revestimientos, estructuras y artesonados de madera, as\u00ed como entregado nuevas instalaciones. Se ha dispuesto una nueva escalera para poder acceder al camar\u00edn y tesoro. De esta forma se ha dado un important\u00edsimo paso para la restauraci\u00f3n y uso del templo que recuperar\u00e1 la imagen a su disposici\u00f3n originaria. La actuaci\u00f3n realizada ha recuperado los materiales, coloraci\u00f3n y textura originales del templo, devolvi\u00e9ndole el aspecto que tuvo en las \u00faltimas modificaciones del siglo XIX.<\/p>\n\n\n\n<p>La quinta fase promovida de nuevo por la Consejer\u00eda de Cultura de la Junta de Extremadura supuso la restauraci\u00f3n de las cubiertas de la casa del ermita\u00f1o y los artesonados situados bajo estas. Como vemos un esfuerzo cuyo origen remoto, recoge la Cofrad\u00eda a partir de 1901 desarroll\u00e1ndolo hasta 1960, en la cual se construye el nuevo templo, y recuperando su labor de intervenci\u00f3n, con la ayuda de la Consejer\u00eda de Cultura de la Junta de Extremadura, desde 1992.<\/p>\n","protected":false},"excerpt":{"rendered":"<p>El Alcalde de Coria, acompa\u00f1ado de los Concejales de Cultura Trinidad P\u00e9rez, de Obras Jos\u00e9 Antonio Moreno y del Primer Teniente de Alcalde Pedro Mu\u00f1oz, asistir\u00e1 ma\u00f1ana jueves 27 de Abril al acto de inauguraci\u00f3n de la Antigua Ermita de la Virgen de Argeme. El Acto comenzara a las 20:00 horas en la explanada de [&hellip;]<\/p>\n","protected":false},"author":2,"featured_media":0,"comment_status":"closed","ping_status":"closed","sticky":false,"template":"","format":"standard","meta":{"_uag_custom_page_level_css":"","footnotes":""},"categories":[2],"tags":[127,506,656,1316],"class_list":["post-27262","post","type-post","status-publish","format-standard","hentry","category-noticias","tag-argeme","tag-ermita","tag-inauguracion","tag-virgen"],"yoast_head":"<!-- This site is optimized with the Yoast SEO plugin v27.4 - https:\/\/yoast.com\/product\/yoast-seo-wordpress\/ -->\n<title>Inauguraci\u00f3n de la Antigua Ermita de la Virgen de Argeme - Ayuntamiento de Coria<\/title>\n<meta name=\"robots\" content=\"index, follow, max-snippet:-1, max-image-preview:large, max-video-preview:-1\" \/>\n<link rel=\"canonical\" href=\"https:\/\/coria.org\/ayuntamiento\/index.php\/2006\/04\/27\/inauguracion-de-la-antigua-ermita-de-la-virgen-de-argeme\/\" \/>\n<meta property=\"og:locale\" content=\"es_ES\" \/>\n<meta property=\"og:type\" content=\"article\" \/>\n<meta property=\"og:title\" content=\"Inauguraci\u00f3n de la Antigua Ermita de la Virgen de Argeme - Ayuntamiento de Coria\" \/>\n<meta property=\"og:description\" content=\"El Alcalde de Coria, acompa\u00f1ado de los Concejales de Cultura Trinidad P\u00e9rez, de Obras Jos\u00e9 Antonio Moreno y del Primer Teniente de Alcalde Pedro Mu\u00f1oz, asistir\u00e1 ma\u00f1ana jueves 27 de Abril al acto de inauguraci\u00f3n de la Antigua Ermita de la Virgen de Argeme. El Acto comenzara a las 20:00 horas en la explanada de [&hellip;]\" \/>\n<meta property=\"og:url\" content=\"https:\/\/coria.org\/ayuntamiento\/index.php\/2006\/04\/27\/inauguracion-de-la-antigua-ermita-de-la-virgen-de-argeme\/\" \/>\n<meta property=\"og:site_name\" content=\"Ayuntamiento de Coria\" \/>\n<meta property=\"article:publisher\" content=\"https:\/\/www.facebook.com\/Ayuntamiento.de.Coria\" \/>\n<meta property=\"article:published_time\" content=\"2006-04-26T22:00:00+00:00\" \/>\n<meta property=\"article:modified_time\" content=\"2023-09-18T11:31:13+00:00\" \/>\n<meta name=\"author\" content=\"ayuntamiento\" \/>\n<meta name=\"twitter:card\" content=\"summary_large_image\" \/>\n<meta name=\"twitter:creator\" content=\"@Ayto_de_Coria\" \/>\n<meta name=\"twitter:site\" content=\"@Ayto_de_Coria\" \/>\n<meta name=\"twitter:label1\" content=\"Escrito por\" \/>\n\t<meta name=\"twitter:data1\" content=\"ayuntamiento\" \/>\n\t<meta name=\"twitter:label2\" content=\"Tiempo de lectura\" \/>\n\t<meta name=\"twitter:data2\" content=\"5 minutos\" \/>\n<script type=\"application\/ld+json\" class=\"yoast-schema-graph\">{\"@context\":\"https:\\\/\\\/schema.org\",\"@graph\":[{\"@type\":\"Article\",\"@id\":\"https:\\\/\\\/coria.org\\\/ayuntamiento\\\/index.php\\\/2006\\\/04\\\/27\\\/inauguracion-de-la-antigua-ermita-de-la-virgen-de-argeme\\\/#article\",\"isPartOf\":{\"@id\":\"https:\\\/\\\/coria.org\\\/ayuntamiento\\\/index.php\\\/2006\\\/04\\\/27\\\/inauguracion-de-la-antigua-ermita-de-la-virgen-de-argeme\\\/\"},\"author\":{\"name\":\"ayuntamiento\",\"@id\":\"https:\\\/\\\/coria.org\\\/ayuntamiento\\\/#\\\/schema\\\/person\\\/8bd589f0e13e8ae5aa06def7a599d622\"},\"headline\":\"Inauguraci\u00f3n de la Antigua Ermita de la Virgen de Argeme\",\"datePublished\":\"2006-04-26T22:00:00+00:00\",\"dateModified\":\"2023-09-18T11:31:13+00:00\",\"mainEntityOfPage\":{\"@id\":\"https:\\\/\\\/coria.org\\\/ayuntamiento\\\/index.php\\\/2006\\\/04\\\/27\\\/inauguracion-de-la-antigua-ermita-de-la-virgen-de-argeme\\\/\"},\"wordCount\":1011,\"publisher\":{\"@id\":\"https:\\\/\\\/coria.org\\\/ayuntamiento\\\/#organization\"},\"keywords\":[\"argeme\",\"ermita\",\"inauguracion\",\"virgen\"],\"articleSection\":[\"Noticias\"],\"inLanguage\":\"es\"},{\"@type\":\"WebPage\",\"@id\":\"https:\\\/\\\/coria.org\\\/ayuntamiento\\\/index.php\\\/2006\\\/04\\\/27\\\/inauguracion-de-la-antigua-ermita-de-la-virgen-de-argeme\\\/\",\"url\":\"https:\\\/\\\/coria.org\\\/ayuntamiento\\\/index.php\\\/2006\\\/04\\\/27\\\/inauguracion-de-la-antigua-ermita-de-la-virgen-de-argeme\\\/\",\"name\":\"Inauguraci\u00f3n de la Antigua Ermita de la Virgen de Argeme - Ayuntamiento de Coria\",\"isPartOf\":{\"@id\":\"https:\\\/\\\/coria.org\\\/ayuntamiento\\\/#website\"},\"datePublished\":\"2006-04-26T22:00:00+00:00\",\"dateModified\":\"2023-09-18T11:31:13+00:00\",\"breadcrumb\":{\"@id\":\"https:\\\/\\\/coria.org\\\/ayuntamiento\\\/index.php\\\/2006\\\/04\\\/27\\\/inauguracion-de-la-antigua-ermita-de-la-virgen-de-argeme\\\/#breadcrumb\"},\"inLanguage\":\"es\",\"potentialAction\":[{\"@type\":\"ReadAction\",\"target\":[\"https:\\\/\\\/coria.org\\\/ayuntamiento\\\/index.php\\\/2006\\\/04\\\/27\\\/inauguracion-de-la-antigua-ermita-de-la-virgen-de-argeme\\\/\"]}]},{\"@type\":\"BreadcrumbList\",\"@id\":\"https:\\\/\\\/coria.org\\\/ayuntamiento\\\/index.php\\\/2006\\\/04\\\/27\\\/inauguracion-de-la-antigua-ermita-de-la-virgen-de-argeme\\\/#breadcrumb\",\"itemListElement\":[{\"@type\":\"ListItem\",\"position\":1,\"name\":\"Inicio\",\"item\":\"https:\\\/\\\/coria.org\\\/ayuntamiento\\\/\"},{\"@type\":\"ListItem\",\"position\":2,\"name\":\"Inauguraci\u00f3n de la Antigua Ermita de la Virgen de Argeme\"}]},{\"@type\":\"WebSite\",\"@id\":\"https:\\\/\\\/coria.org\\\/ayuntamiento\\\/#website\",\"url\":\"https:\\\/\\\/coria.org\\\/ayuntamiento\\\/\",\"name\":\"Ayuntamiento de Coria\",\"description\":\"Web oficial del Ayuntamiento de Coria\",\"publisher\":{\"@id\":\"https:\\\/\\\/coria.org\\\/ayuntamiento\\\/#organization\"},\"alternateName\":\"Web Oficial del Ayuntamiento de Coria\",\"potentialAction\":[{\"@type\":\"SearchAction\",\"target\":{\"@type\":\"EntryPoint\",\"urlTemplate\":\"https:\\\/\\\/coria.org\\\/ayuntamiento\\\/?s={search_term_string}\"},\"query-input\":{\"@type\":\"PropertyValueSpecification\",\"valueRequired\":true,\"valueName\":\"search_term_string\"}}],\"inLanguage\":\"es\"},{\"@type\":\"Organization\",\"@id\":\"https:\\\/\\\/coria.org\\\/ayuntamiento\\\/#organization\",\"name\":\"Ayuntamiento de Coria\",\"alternateName\":\"Ayto de Coria\",\"url\":\"https:\\\/\\\/coria.org\\\/ayuntamiento\\\/\",\"logo\":{\"@type\":\"ImageObject\",\"inLanguage\":\"es\",\"@id\":\"https:\\\/\\\/coria.org\\\/ayuntamiento\\\/#\\\/schema\\\/logo\\\/image\\\/\",\"url\":\"https:\\\/\\\/coria.org\\\/ayuntamiento\\\/wp-content\\\/uploads\\\/2020\\\/12\\\/escudo-ayuntamiento-coria.png\",\"contentUrl\":\"https:\\\/\\\/coria.org\\\/ayuntamiento\\\/wp-content\\\/uploads\\\/2020\\\/12\\\/escudo-ayuntamiento-coria.png\",\"width\":511,\"height\":240,\"caption\":\"Ayuntamiento de Coria\"},\"image\":{\"@id\":\"https:\\\/\\\/coria.org\\\/ayuntamiento\\\/#\\\/schema\\\/logo\\\/image\\\/\"},\"sameAs\":[\"https:\\\/\\\/www.facebook.com\\\/Ayuntamiento.de.Coria\",\"https:\\\/\\\/x.com\\\/Ayto_de_Coria\",\"https:\\\/\\\/www.instagram.com\\\/coria.ayuntamiento\\\/\",\"https:\\\/\\\/www.youtube.com\\\/user\\\/AYUNTAMIENTOCORIA\"]},{\"@type\":\"Person\",\"@id\":\"https:\\\/\\\/coria.org\\\/ayuntamiento\\\/#\\\/schema\\\/person\\\/8bd589f0e13e8ae5aa06def7a599d622\",\"name\":\"ayuntamiento\",\"image\":{\"@type\":\"ImageObject\",\"inLanguage\":\"es\",\"@id\":\"https:\\\/\\\/secure.gravatar.com\\\/avatar\\\/966e5ed73cad334adda5c87f49f2547f7082f7292c1b627cbb548744383b391c?s=96&d=mm&r=g\",\"url\":\"https:\\\/\\\/secure.gravatar.com\\\/avatar\\\/966e5ed73cad334adda5c87f49f2547f7082f7292c1b627cbb548744383b391c?s=96&d=mm&r=g\",\"contentUrl\":\"https:\\\/\\\/secure.gravatar.com\\\/avatar\\\/966e5ed73cad334adda5c87f49f2547f7082f7292c1b627cbb548744383b391c?s=96&d=mm&r=g\",\"caption\":\"ayuntamiento\"}}]}<\/script>\n<!-- \/ Yoast SEO plugin. -->","yoast_head_json":{"title":"Inauguraci\u00f3n de la Antigua Ermita de la Virgen de Argeme - Ayuntamiento de Coria","robots":{"index":"index","follow":"follow","max-snippet":"max-snippet:-1","max-image-preview":"max-image-preview:large","max-video-preview":"max-video-preview:-1"},"canonical":"https:\/\/coria.org\/ayuntamiento\/index.php\/2006\/04\/27\/inauguracion-de-la-antigua-ermita-de-la-virgen-de-argeme\/","og_locale":"es_ES","og_type":"article","og_title":"Inauguraci\u00f3n de la Antigua Ermita de la Virgen de Argeme - Ayuntamiento de Coria","og_description":"El Alcalde de Coria, acompa\u00f1ado de los Concejales de Cultura Trinidad P\u00e9rez, de Obras Jos\u00e9 Antonio Moreno y del Primer Teniente de Alcalde Pedro Mu\u00f1oz, asistir\u00e1 ma\u00f1ana jueves 27 de Abril al acto de inauguraci\u00f3n de la Antigua Ermita de la Virgen de Argeme. El Acto comenzara a las 20:00 horas en la explanada de [&hellip;]","og_url":"https:\/\/coria.org\/ayuntamiento\/index.php\/2006\/04\/27\/inauguracion-de-la-antigua-ermita-de-la-virgen-de-argeme\/","og_site_name":"Ayuntamiento de Coria","article_publisher":"https:\/\/www.facebook.com\/Ayuntamiento.de.Coria","article_published_time":"2006-04-26T22:00:00+00:00","article_modified_time":"2023-09-18T11:31:13+00:00","author":"ayuntamiento","twitter_card":"summary_large_image","twitter_creator":"@Ayto_de_Coria","twitter_site":"@Ayto_de_Coria","twitter_misc":{"Escrito por":"ayuntamiento","Tiempo de lectura":"5 minutos"},"schema":{"@context":"https:\/\/schema.org","@graph":[{"@type":"Article","@id":"https:\/\/coria.org\/ayuntamiento\/index.php\/2006\/04\/27\/inauguracion-de-la-antigua-ermita-de-la-virgen-de-argeme\/#article","isPartOf":{"@id":"https:\/\/coria.org\/ayuntamiento\/index.php\/2006\/04\/27\/inauguracion-de-la-antigua-ermita-de-la-virgen-de-argeme\/"},"author":{"name":"ayuntamiento","@id":"https:\/\/coria.org\/ayuntamiento\/#\/schema\/person\/8bd589f0e13e8ae5aa06def7a599d622"},"headline":"Inauguraci\u00f3n de la Antigua Ermita de la Virgen de Argeme","datePublished":"2006-04-26T22:00:00+00:00","dateModified":"2023-09-18T11:31:13+00:00","mainEntityOfPage":{"@id":"https:\/\/coria.org\/ayuntamiento\/index.php\/2006\/04\/27\/inauguracion-de-la-antigua-ermita-de-la-virgen-de-argeme\/"},"wordCount":1011,"publisher":{"@id":"https:\/\/coria.org\/ayuntamiento\/#organization"},"keywords":["argeme","ermita","inauguracion","virgen"],"articleSection":["Noticias"],"inLanguage":"es"},{"@type":"WebPage","@id":"https:\/\/coria.org\/ayuntamiento\/index.php\/2006\/04\/27\/inauguracion-de-la-antigua-ermita-de-la-virgen-de-argeme\/","url":"https:\/\/coria.org\/ayuntamiento\/index.php\/2006\/04\/27\/inauguracion-de-la-antigua-ermita-de-la-virgen-de-argeme\/","name":"Inauguraci\u00f3n de la Antigua Ermita de la Virgen de Argeme - Ayuntamiento de Coria","isPartOf":{"@id":"https:\/\/coria.org\/ayuntamiento\/#website"},"datePublished":"2006-04-26T22:00:00+00:00","dateModified":"2023-09-18T11:31:13+00:00","breadcrumb":{"@id":"https:\/\/coria.org\/ayuntamiento\/index.php\/2006\/04\/27\/inauguracion-de-la-antigua-ermita-de-la-virgen-de-argeme\/#breadcrumb"},"inLanguage":"es","potentialAction":[{"@type":"ReadAction","target":["https:\/\/coria.org\/ayuntamiento\/index.php\/2006\/04\/27\/inauguracion-de-la-antigua-ermita-de-la-virgen-de-argeme\/"]}]},{"@type":"BreadcrumbList","@id":"https:\/\/coria.org\/ayuntamiento\/index.php\/2006\/04\/27\/inauguracion-de-la-antigua-ermita-de-la-virgen-de-argeme\/#breadcrumb","itemListElement":[{"@type":"ListItem","position":1,"name":"Inicio","item":"https:\/\/coria.org\/ayuntamiento\/"},{"@type":"ListItem","position":2,"name":"Inauguraci\u00f3n de la Antigua Ermita de la Virgen de Argeme"}]},{"@type":"WebSite","@id":"https:\/\/coria.org\/ayuntamiento\/#website","url":"https:\/\/coria.org\/ayuntamiento\/","name":"Ayuntamiento de Coria","description":"Web oficial del Ayuntamiento de Coria","publisher":{"@id":"https:\/\/coria.org\/ayuntamiento\/#organization"},"alternateName":"Web Oficial del Ayuntamiento de Coria","potentialAction":[{"@type":"SearchAction","target":{"@type":"EntryPoint","urlTemplate":"https:\/\/coria.org\/ayuntamiento\/?s={search_term_string}"},"query-input":{"@type":"PropertyValueSpecification","valueRequired":true,"valueName":"search_term_string"}}],"inLanguage":"es"},{"@type":"Organization","@id":"https:\/\/coria.org\/ayuntamiento\/#organization","name":"Ayuntamiento de Coria","alternateName":"Ayto de Coria","url":"https:\/\/coria.org\/ayuntamiento\/","logo":{"@type":"ImageObject","inLanguage":"es","@id":"https:\/\/coria.org\/ayuntamiento\/#\/schema\/logo\/image\/","url":"https:\/\/coria.org\/ayuntamiento\/wp-content\/uploads\/2020\/12\/escudo-ayuntamiento-coria.png","contentUrl":"https:\/\/coria.org\/ayuntamiento\/wp-content\/uploads\/2020\/12\/escudo-ayuntamiento-coria.png","width":511,"height":240,"caption":"Ayuntamiento de Coria"},"image":{"@id":"https:\/\/coria.org\/ayuntamiento\/#\/schema\/logo\/image\/"},"sameAs":["https:\/\/www.facebook.com\/Ayuntamiento.de.Coria","https:\/\/x.com\/Ayto_de_Coria","https:\/\/www.instagram.com\/coria.ayuntamiento\/","https:\/\/www.youtube.com\/user\/AYUNTAMIENTOCORIA"]},{"@type":"Person","@id":"https:\/\/coria.org\/ayuntamiento\/#\/schema\/person\/8bd589f0e13e8ae5aa06def7a599d622","name":"ayuntamiento","image":{"@type":"ImageObject","inLanguage":"es","@id":"https:\/\/secure.gravatar.com\/avatar\/966e5ed73cad334adda5c87f49f2547f7082f7292c1b627cbb548744383b391c?s=96&d=mm&r=g","url":"https:\/\/secure.gravatar.com\/avatar\/966e5ed73cad334adda5c87f49f2547f7082f7292c1b627cbb548744383b391c?s=96&d=mm&r=g","contentUrl":"https:\/\/secure.gravatar.com\/avatar\/966e5ed73cad334adda5c87f49f2547f7082f7292c1b627cbb548744383b391c?s=96&d=mm&r=g","caption":"ayuntamiento"}}]}},"uagb_featured_image_src":{"full":false,"thumbnail":false,"medium":false,"medium_large":false,"large":false,"thumblist":false,"thumbrelated":false,"meccarouselthumb":false,"gridsquare":false,"tileview":false,"1536x1536":false,"2048x2048":false},"uagb_author_info":{"display_name":"ayuntamiento","author_link":"https:\/\/coria.org\/ayuntamiento\/index.php\/author\/ayuntamiento\/"},"uagb_comment_info":0,"uagb_excerpt":"El Alcalde de Coria, acompa\u00f1ado de los Concejales de Cultura Trinidad P\u00e9rez, de Obras Jos\u00e9 Antonio Moreno y del Primer Teniente de Alcalde Pedro Mu\u00f1oz, asistir\u00e1 ma\u00f1ana jueves 27 de Abril al acto de inauguraci\u00f3n de la Antigua Ermita de la Virgen de Argeme. El Acto comenzara a las 20:00 horas en la explanada de&hellip;","_links":{"self":[{"href":"https:\/\/coria.org\/ayuntamiento\/index.php\/wp-json\/wp\/v2\/posts\/27262","targetHints":{"allow":["GET"]}}],"collection":[{"href":"https:\/\/coria.org\/ayuntamiento\/index.php\/wp-json\/wp\/v2\/posts"}],"about":[{"href":"https:\/\/coria.org\/ayuntamiento\/index.php\/wp-json\/wp\/v2\/types\/post"}],"author":[{"embeddable":true,"href":"https:\/\/coria.org\/ayuntamiento\/index.php\/wp-json\/wp\/v2\/users\/2"}],"replies":[{"embeddable":true,"href":"https:\/\/coria.org\/ayuntamiento\/index.php\/wp-json\/wp\/v2\/comments?post=27262"}],"version-history":[{"count":0,"href":"https:\/\/coria.org\/ayuntamiento\/index.php\/wp-json\/wp\/v2\/posts\/27262\/revisions"}],"wp:attachment":[{"href":"https:\/\/coria.org\/ayuntamiento\/index.php\/wp-json\/wp\/v2\/media?parent=27262"}],"wp:term":[{"taxonomy":"category","embeddable":true,"href":"https:\/\/coria.org\/ayuntamiento\/index.php\/wp-json\/wp\/v2\/categories?post=27262"},{"taxonomy":"post_tag","embeddable":true,"href":"https:\/\/coria.org\/ayuntamiento\/index.php\/wp-json\/wp\/v2\/tags?post=27262"}],"curies":[{"name":"wp","href":"https:\/\/api.w.org\/{rel}","templated":true}]}}