{"id":27214,"date":"2006-09-27T00:00:00","date_gmt":"2006-09-26T22:00:00","guid":{"rendered":"https:\/\/ayuntamiento.coriaenimagenes.com\/contratacion-de-un-psicologo-y-un-educador\/"},"modified":"2023-09-18T13:31:09","modified_gmt":"2023-09-18T11:31:09","slug":"contratacion-de-un-psicologo-y-un-educador","status":"publish","type":"post","link":"https:\/\/coria.org\/ayuntamiento\/index.php\/2006\/09\/27\/contratacion-de-un-psicologo-y-un-educador\/","title":{"rendered":"Contrataci\u00f3n de un Psic\u00f3logo y un Educador"},"content":{"rendered":"\n<p><b>El Ayuntamiento de Coria anuncia la publicaci\u00f3n de las Bases para la contrataci\u00f3n de un Psic\u00f3logo de Intervenci\u00f3n Familiar y un Educador Familiar.<\/b><\/p>\n\n\n\n<p><b><\/b>Las contrataciones se efectuaran para desarrollar el Programa de Apoyo a Familias Monoparentales del Ayuntamiento de Coria incardinado en la prestaci\u00f3n b\u00e1sica: Convivencia e Inserci\u00f3n Social<\/p>\n\n\n\n<p>Duraci\u00f3n del Contrato. <br \/>Los seleccionados formalizaran un contrato de duraci\u00f3n determinada a tiempo parcial (20 horas semanales en el caso del Educador Familiar y 9 horas semanales en el caso del Psic\u00f3logo), cuya duraci\u00f3n en principio se extender\u00e1 desde la formalizaci\u00f3n del contrato hasta el 31 de Diciembre de 2006, fecha en que finaliza el Programa.<\/p>\n\n\n\n<p>Presentaci\u00f3n de Instancias. <br \/>Las instancias se presentaran en el registro del Ayuntamiento hasta el pr\u00f3ximo 10 de Octubre.<\/p>\n\n\n\n<p>Las bases de la convocatoria est\u00e1n disponibles en la Web oficial del Ayuntamiento de Coria.<\/p>\n","protected":false},"excerpt":{"rendered":"<p>El Ayuntamiento de Coria anuncia la publicaci\u00f3n de las Bases para la contrataci\u00f3n de un Psic\u00f3logo de Intervenci\u00f3n Familiar y un Educador Familiar. Las contrataciones se efectuaran para desarrollar el Programa de Apoyo a Familias Monoparentales del Ayuntamiento de Coria incardinado en la prestaci\u00f3n b\u00e1sica: Convivencia e Inserci\u00f3n Social Duraci\u00f3n del Contrato. Los seleccionados formalizaran [&hellip;]<\/p>\n","protected":false},"author":2,"featured_media":0,"comment_status":"closed","ping_status":"closed","sticky":false,"template":"","format":"standard","meta":{"_uag_custom_page_level_css":"","footnotes":""},"categories":[2],"tags":[356,462,1023],"class_list":["post-27214","post","type-post","status-publish","format-standard","hentry","category-noticias","tag-contratacion","tag-educador","tag-psicologo"],"yoast_head":"<!-- This site is optimized with the Yoast SEO plugin v27.4 - https:\/\/yoast.com\/product\/yoast-seo-wordpress\/ -->\n<title>Contrataci\u00f3n de un Psic\u00f3logo y un Educador - Ayuntamiento de Coria<\/title>\n<meta name=\"robots\" content=\"index, follow, max-snippet:-1, max-image-preview:large, max-video-preview:-1\" \/>\n<link rel=\"canonical\" href=\"https:\/\/coria.org\/ayuntamiento\/index.php\/2006\/09\/27\/contratacion-de-un-psicologo-y-un-educador\/\" \/>\n<meta property=\"og:locale\" content=\"es_ES\" \/>\n<meta property=\"og:type\" content=\"article\" \/>\n<meta property=\"og:title\" content=\"Contrataci\u00f3n de un Psic\u00f3logo y un Educador - Ayuntamiento de Coria\" \/>\n<meta property=\"og:description\" content=\"El Ayuntamiento de Coria anuncia la publicaci\u00f3n de las Bases para la contrataci\u00f3n de un Psic\u00f3logo de Intervenci\u00f3n Familiar y un Educador Familiar. Las contrataciones se efectuaran para desarrollar el Programa de Apoyo a Familias Monoparentales del Ayuntamiento de Coria incardinado en la prestaci\u00f3n b\u00e1sica: Convivencia e Inserci\u00f3n Social Duraci\u00f3n del Contrato. Los seleccionados formalizaran [&hellip;]\" \/>\n<meta property=\"og:url\" content=\"https:\/\/coria.org\/ayuntamiento\/index.php\/2006\/09\/27\/contratacion-de-un-psicologo-y-un-educador\/\" \/>\n<meta property=\"og:site_name\" content=\"Ayuntamiento de Coria\" \/>\n<meta property=\"article:publisher\" content=\"https:\/\/www.facebook.com\/Ayuntamiento.de.Coria\" \/>\n<meta property=\"article:published_time\" content=\"2006-09-26T22:00:00+00:00\" \/>\n<meta property=\"article:modified_time\" content=\"2023-09-18T11:31:09+00:00\" \/>\n<meta name=\"author\" content=\"ayuntamiento\" \/>\n<meta name=\"twitter:card\" content=\"summary_large_image\" \/>\n<meta name=\"twitter:creator\" content=\"@Ayto_de_Coria\" \/>\n<meta name=\"twitter:site\" content=\"@Ayto_de_Coria\" \/>\n<meta name=\"twitter:label1\" content=\"Escrito por\" \/>\n\t<meta name=\"twitter:data1\" content=\"ayuntamiento\" \/>\n\t<meta name=\"twitter:label2\" content=\"Tiempo de lectura\" \/>\n\t<meta name=\"twitter:data2\" content=\"1 minuto\" \/>\n<script type=\"application\/ld+json\" class=\"yoast-schema-graph\">{\"@context\":\"https:\\\/\\\/schema.org\",\"@graph\":[{\"@type\":\"Article\",\"@id\":\"https:\\\/\\\/coria.org\\\/ayuntamiento\\\/index.php\\\/2006\\\/09\\\/27\\\/contratacion-de-un-psicologo-y-un-educador\\\/#article\",\"isPartOf\":{\"@id\":\"https:\\\/\\\/coria.org\\\/ayuntamiento\\\/index.php\\\/2006\\\/09\\\/27\\\/contratacion-de-un-psicologo-y-un-educador\\\/\"},\"author\":{\"name\":\"ayuntamiento\",\"@id\":\"https:\\\/\\\/coria.org\\\/ayuntamiento\\\/#\\\/schema\\\/person\\\/8bd589f0e13e8ae5aa06def7a599d622\"},\"headline\":\"Contrataci\u00f3n de un Psic\u00f3logo y un Educador\",\"datePublished\":\"2006-09-26T22:00:00+00:00\",\"dateModified\":\"2023-09-18T11:31:09+00:00\",\"mainEntityOfPage\":{\"@id\":\"https:\\\/\\\/coria.org\\\/ayuntamiento\\\/index.php\\\/2006\\\/09\\\/27\\\/contratacion-de-un-psicologo-y-un-educador\\\/\"},\"wordCount\":157,\"publisher\":{\"@id\":\"https:\\\/\\\/coria.org\\\/ayuntamiento\\\/#organization\"},\"keywords\":[\"contratacion\",\"educador\",\"psicologo\"],\"articleSection\":[\"Noticias\"],\"inLanguage\":\"es\"},{\"@type\":\"WebPage\",\"@id\":\"https:\\\/\\\/coria.org\\\/ayuntamiento\\\/index.php\\\/2006\\\/09\\\/27\\\/contratacion-de-un-psicologo-y-un-educador\\\/\",\"url\":\"https:\\\/\\\/coria.org\\\/ayuntamiento\\\/index.php\\\/2006\\\/09\\\/27\\\/contratacion-de-un-psicologo-y-un-educador\\\/\",\"name\":\"Contrataci\u00f3n de un Psic\u00f3logo y un Educador - Ayuntamiento de Coria\",\"isPartOf\":{\"@id\":\"https:\\\/\\\/coria.org\\\/ayuntamiento\\\/#website\"},\"datePublished\":\"2006-09-26T22:00:00+00:00\",\"dateModified\":\"2023-09-18T11:31:09+00:00\",\"breadcrumb\":{\"@id\":\"https:\\\/\\\/coria.org\\\/ayuntamiento\\\/index.php\\\/2006\\\/09\\\/27\\\/contratacion-de-un-psicologo-y-un-educador\\\/#breadcrumb\"},\"inLanguage\":\"es\",\"potentialAction\":[{\"@type\":\"ReadAction\",\"target\":[\"https:\\\/\\\/coria.org\\\/ayuntamiento\\\/index.php\\\/2006\\\/09\\\/27\\\/contratacion-de-un-psicologo-y-un-educador\\\/\"]}]},{\"@type\":\"BreadcrumbList\",\"@id\":\"https:\\\/\\\/coria.org\\\/ayuntamiento\\\/index.php\\\/2006\\\/09\\\/27\\\/contratacion-de-un-psicologo-y-un-educador\\\/#breadcrumb\",\"itemListElement\":[{\"@type\":\"ListItem\",\"position\":1,\"name\":\"Inicio\",\"item\":\"https:\\\/\\\/coria.org\\\/ayuntamiento\\\/\"},{\"@type\":\"ListItem\",\"position\":2,\"name\":\"Contrataci\u00f3n de un Psic\u00f3logo y un Educador\"}]},{\"@type\":\"WebSite\",\"@id\":\"https:\\\/\\\/coria.org\\\/ayuntamiento\\\/#website\",\"url\":\"https:\\\/\\\/coria.org\\\/ayuntamiento\\\/\",\"name\":\"Ayuntamiento de Coria\",\"description\":\"Web oficial del Ayuntamiento de Coria\",\"publisher\":{\"@id\":\"https:\\\/\\\/coria.org\\\/ayuntamiento\\\/#organization\"},\"alternateName\":\"Web Oficial del Ayuntamiento de Coria\",\"potentialAction\":[{\"@type\":\"SearchAction\",\"target\":{\"@type\":\"EntryPoint\",\"urlTemplate\":\"https:\\\/\\\/coria.org\\\/ayuntamiento\\\/?s={search_term_string}\"},\"query-input\":{\"@type\":\"PropertyValueSpecification\",\"valueRequired\":true,\"valueName\":\"search_term_string\"}}],\"inLanguage\":\"es\"},{\"@type\":\"Organization\",\"@id\":\"https:\\\/\\\/coria.org\\\/ayuntamiento\\\/#organization\",\"name\":\"Ayuntamiento de Coria\",\"alternateName\":\"Ayto de Coria\",\"url\":\"https:\\\/\\\/coria.org\\\/ayuntamiento\\\/\",\"logo\":{\"@type\":\"ImageObject\",\"inLanguage\":\"es\",\"@id\":\"https:\\\/\\\/coria.org\\\/ayuntamiento\\\/#\\\/schema\\\/logo\\\/image\\\/\",\"url\":\"https:\\\/\\\/coria.org\\\/ayuntamiento\\\/wp-content\\\/uploads\\\/2020\\\/12\\\/escudo-ayuntamiento-coria.png\",\"contentUrl\":\"https:\\\/\\\/coria.org\\\/ayuntamiento\\\/wp-content\\\/uploads\\\/2020\\\/12\\\/escudo-ayuntamiento-coria.png\",\"width\":511,\"height\":240,\"caption\":\"Ayuntamiento de Coria\"},\"image\":{\"@id\":\"https:\\\/\\\/coria.org\\\/ayuntamiento\\\/#\\\/schema\\\/logo\\\/image\\\/\"},\"sameAs\":[\"https:\\\/\\\/www.facebook.com\\\/Ayuntamiento.de.Coria\",\"https:\\\/\\\/x.com\\\/Ayto_de_Coria\",\"https:\\\/\\\/www.instagram.com\\\/coria.ayuntamiento\\\/\",\"https:\\\/\\\/www.youtube.com\\\/user\\\/AYUNTAMIENTOCORIA\"]},{\"@type\":\"Person\",\"@id\":\"https:\\\/\\\/coria.org\\\/ayuntamiento\\\/#\\\/schema\\\/person\\\/8bd589f0e13e8ae5aa06def7a599d622\",\"name\":\"ayuntamiento\",\"image\":{\"@type\":\"ImageObject\",\"inLanguage\":\"es\",\"@id\":\"https:\\\/\\\/secure.gravatar.com\\\/avatar\\\/966e5ed73cad334adda5c87f49f2547f7082f7292c1b627cbb548744383b391c?s=96&d=mm&r=g\",\"url\":\"https:\\\/\\\/secure.gravatar.com\\\/avatar\\\/966e5ed73cad334adda5c87f49f2547f7082f7292c1b627cbb548744383b391c?s=96&d=mm&r=g\",\"contentUrl\":\"https:\\\/\\\/secure.gravatar.com\\\/avatar\\\/966e5ed73cad334adda5c87f49f2547f7082f7292c1b627cbb548744383b391c?s=96&d=mm&r=g\",\"caption\":\"ayuntamiento\"}}]}<\/script>\n<!-- \/ Yoast SEO plugin. -->","yoast_head_json":{"title":"Contrataci\u00f3n de un Psic\u00f3logo y un Educador - Ayuntamiento de Coria","robots":{"index":"index","follow":"follow","max-snippet":"max-snippet:-1","max-image-preview":"max-image-preview:large","max-video-preview":"max-video-preview:-1"},"canonical":"https:\/\/coria.org\/ayuntamiento\/index.php\/2006\/09\/27\/contratacion-de-un-psicologo-y-un-educador\/","og_locale":"es_ES","og_type":"article","og_title":"Contrataci\u00f3n de un Psic\u00f3logo y un Educador - Ayuntamiento de Coria","og_description":"El Ayuntamiento de Coria anuncia la publicaci\u00f3n de las Bases para la contrataci\u00f3n de un Psic\u00f3logo de Intervenci\u00f3n Familiar y un Educador Familiar. Las contrataciones se efectuaran para desarrollar el Programa de Apoyo a Familias Monoparentales del Ayuntamiento de Coria incardinado en la prestaci\u00f3n b\u00e1sica: Convivencia e Inserci\u00f3n Social Duraci\u00f3n del Contrato. Los seleccionados formalizaran [&hellip;]","og_url":"https:\/\/coria.org\/ayuntamiento\/index.php\/2006\/09\/27\/contratacion-de-un-psicologo-y-un-educador\/","og_site_name":"Ayuntamiento de Coria","article_publisher":"https:\/\/www.facebook.com\/Ayuntamiento.de.Coria","article_published_time":"2006-09-26T22:00:00+00:00","article_modified_time":"2023-09-18T11:31:09+00:00","author":"ayuntamiento","twitter_card":"summary_large_image","twitter_creator":"@Ayto_de_Coria","twitter_site":"@Ayto_de_Coria","twitter_misc":{"Escrito por":"ayuntamiento","Tiempo de lectura":"1 minuto"},"schema":{"@context":"https:\/\/schema.org","@graph":[{"@type":"Article","@id":"https:\/\/coria.org\/ayuntamiento\/index.php\/2006\/09\/27\/contratacion-de-un-psicologo-y-un-educador\/#article","isPartOf":{"@id":"https:\/\/coria.org\/ayuntamiento\/index.php\/2006\/09\/27\/contratacion-de-un-psicologo-y-un-educador\/"},"author":{"name":"ayuntamiento","@id":"https:\/\/coria.org\/ayuntamiento\/#\/schema\/person\/8bd589f0e13e8ae5aa06def7a599d622"},"headline":"Contrataci\u00f3n de un Psic\u00f3logo y un Educador","datePublished":"2006-09-26T22:00:00+00:00","dateModified":"2023-09-18T11:31:09+00:00","mainEntityOfPage":{"@id":"https:\/\/coria.org\/ayuntamiento\/index.php\/2006\/09\/27\/contratacion-de-un-psicologo-y-un-educador\/"},"wordCount":157,"publisher":{"@id":"https:\/\/coria.org\/ayuntamiento\/#organization"},"keywords":["contratacion","educador","psicologo"],"articleSection":["Noticias"],"inLanguage":"es"},{"@type":"WebPage","@id":"https:\/\/coria.org\/ayuntamiento\/index.php\/2006\/09\/27\/contratacion-de-un-psicologo-y-un-educador\/","url":"https:\/\/coria.org\/ayuntamiento\/index.php\/2006\/09\/27\/contratacion-de-un-psicologo-y-un-educador\/","name":"Contrataci\u00f3n de un Psic\u00f3logo y un Educador - Ayuntamiento de Coria","isPartOf":{"@id":"https:\/\/coria.org\/ayuntamiento\/#website"},"datePublished":"2006-09-26T22:00:00+00:00","dateModified":"2023-09-18T11:31:09+00:00","breadcrumb":{"@id":"https:\/\/coria.org\/ayuntamiento\/index.php\/2006\/09\/27\/contratacion-de-un-psicologo-y-un-educador\/#breadcrumb"},"inLanguage":"es","potentialAction":[{"@type":"ReadAction","target":["https:\/\/coria.org\/ayuntamiento\/index.php\/2006\/09\/27\/contratacion-de-un-psicologo-y-un-educador\/"]}]},{"@type":"BreadcrumbList","@id":"https:\/\/coria.org\/ayuntamiento\/index.php\/2006\/09\/27\/contratacion-de-un-psicologo-y-un-educador\/#breadcrumb","itemListElement":[{"@type":"ListItem","position":1,"name":"Inicio","item":"https:\/\/coria.org\/ayuntamiento\/"},{"@type":"ListItem","position":2,"name":"Contrataci\u00f3n de un Psic\u00f3logo y un Educador"}]},{"@type":"WebSite","@id":"https:\/\/coria.org\/ayuntamiento\/#website","url":"https:\/\/coria.org\/ayuntamiento\/","name":"Ayuntamiento de Coria","description":"Web oficial del Ayuntamiento de Coria","publisher":{"@id":"https:\/\/coria.org\/ayuntamiento\/#organization"},"alternateName":"Web Oficial del Ayuntamiento de Coria","potentialAction":[{"@type":"SearchAction","target":{"@type":"EntryPoint","urlTemplate":"https:\/\/coria.org\/ayuntamiento\/?s={search_term_string}"},"query-input":{"@type":"PropertyValueSpecification","valueRequired":true,"valueName":"search_term_string"}}],"inLanguage":"es"},{"@type":"Organization","@id":"https:\/\/coria.org\/ayuntamiento\/#organization","name":"Ayuntamiento de Coria","alternateName":"Ayto de Coria","url":"https:\/\/coria.org\/ayuntamiento\/","logo":{"@type":"ImageObject","inLanguage":"es","@id":"https:\/\/coria.org\/ayuntamiento\/#\/schema\/logo\/image\/","url":"https:\/\/coria.org\/ayuntamiento\/wp-content\/uploads\/2020\/12\/escudo-ayuntamiento-coria.png","contentUrl":"https:\/\/coria.org\/ayuntamiento\/wp-content\/uploads\/2020\/12\/escudo-ayuntamiento-coria.png","width":511,"height":240,"caption":"Ayuntamiento de Coria"},"image":{"@id":"https:\/\/coria.org\/ayuntamiento\/#\/schema\/logo\/image\/"},"sameAs":["https:\/\/www.facebook.com\/Ayuntamiento.de.Coria","https:\/\/x.com\/Ayto_de_Coria","https:\/\/www.instagram.com\/coria.ayuntamiento\/","https:\/\/www.youtube.com\/user\/AYUNTAMIENTOCORIA"]},{"@type":"Person","@id":"https:\/\/coria.org\/ayuntamiento\/#\/schema\/person\/8bd589f0e13e8ae5aa06def7a599d622","name":"ayuntamiento","image":{"@type":"ImageObject","inLanguage":"es","@id":"https:\/\/secure.gravatar.com\/avatar\/966e5ed73cad334adda5c87f49f2547f7082f7292c1b627cbb548744383b391c?s=96&d=mm&r=g","url":"https:\/\/secure.gravatar.com\/avatar\/966e5ed73cad334adda5c87f49f2547f7082f7292c1b627cbb548744383b391c?s=96&d=mm&r=g","contentUrl":"https:\/\/secure.gravatar.com\/avatar\/966e5ed73cad334adda5c87f49f2547f7082f7292c1b627cbb548744383b391c?s=96&d=mm&r=g","caption":"ayuntamiento"}}]}},"uagb_featured_image_src":{"full":false,"thumbnail":false,"medium":false,"medium_large":false,"large":false,"thumblist":false,"thumbrelated":false,"meccarouselthumb":false,"gridsquare":false,"tileview":false,"1536x1536":false,"2048x2048":false},"uagb_author_info":{"display_name":"ayuntamiento","author_link":"https:\/\/coria.org\/ayuntamiento\/index.php\/author\/ayuntamiento\/"},"uagb_comment_info":0,"uagb_excerpt":"El Ayuntamiento de Coria anuncia la publicaci\u00f3n de las Bases para la contrataci\u00f3n de un Psic\u00f3logo de Intervenci\u00f3n Familiar y un Educador Familiar. Las contrataciones se efectuaran para desarrollar el Programa de Apoyo a Familias Monoparentales del Ayuntamiento de Coria incardinado en la prestaci\u00f3n b\u00e1sica: Convivencia e Inserci\u00f3n Social Duraci\u00f3n del Contrato. Los seleccionados formalizaran&hellip;","_links":{"self":[{"href":"https:\/\/coria.org\/ayuntamiento\/index.php\/wp-json\/wp\/v2\/posts\/27214","targetHints":{"allow":["GET"]}}],"collection":[{"href":"https:\/\/coria.org\/ayuntamiento\/index.php\/wp-json\/wp\/v2\/posts"}],"about":[{"href":"https:\/\/coria.org\/ayuntamiento\/index.php\/wp-json\/wp\/v2\/types\/post"}],"author":[{"embeddable":true,"href":"https:\/\/coria.org\/ayuntamiento\/index.php\/wp-json\/wp\/v2\/users\/2"}],"replies":[{"embeddable":true,"href":"https:\/\/coria.org\/ayuntamiento\/index.php\/wp-json\/wp\/v2\/comments?post=27214"}],"version-history":[{"count":0,"href":"https:\/\/coria.org\/ayuntamiento\/index.php\/wp-json\/wp\/v2\/posts\/27214\/revisions"}],"wp:attachment":[{"href":"https:\/\/coria.org\/ayuntamiento\/index.php\/wp-json\/wp\/v2\/media?parent=27214"}],"wp:term":[{"taxonomy":"category","embeddable":true,"href":"https:\/\/coria.org\/ayuntamiento\/index.php\/wp-json\/wp\/v2\/categories?post=27214"},{"taxonomy":"post_tag","embeddable":true,"href":"https:\/\/coria.org\/ayuntamiento\/index.php\/wp-json\/wp\/v2\/tags?post=27214"}],"curies":[{"name":"wp","href":"https:\/\/api.w.org\/{rel}","templated":true}]}}