{"id":27212,"date":"2006-09-28T00:00:00","date_gmt":"2006-09-27T22:00:00","guid":{"rendered":"https:\/\/ayuntamiento.coriaenimagenes.com\/orden-del-dia-del-pleno-ordinario-de-septiembre\/"},"modified":"2023-09-18T13:31:08","modified_gmt":"2023-09-18T11:31:08","slug":"orden-del-dia-del-pleno-ordinario-de-septiembre","status":"publish","type":"post","link":"https:\/\/coria.org\/ayuntamiento\/index.php\/2006\/09\/28\/orden-del-dia-del-pleno-ordinario-de-septiembre\/","title":{"rendered":"Orden del d\u00eda del Pleno Ordinario de Septiembre"},"content":{"rendered":"\n<p><b>Orden del d\u00eda del Pleno que con car\u00e1cter Ordinario se celebrara el viernes 29 de Septiembre a las 21:00 horas en el Sal\u00f3n de Plenos del Ayuntamiento de Coria.<\/b><\/p>\n\n\n\n<p>1. Aprobaci\u00f3n si procede de las actas de las dos sesiones anteriores.<br \/>2. Fiestas locales a\u00f1o 2007. <br \/>3. Reconocimiento de compatibilidad. <br \/>4. Reconocimiento extrajudicial de cr\u00e9ditos. <br \/>5. Acuerdos sobre obra \u00abRedes de Abastecimiento y Saneamiento\u00bb. <br \/>6. Daci\u00f3n de cuentas de San Juan 2006. <br \/>7. Informes de Alcald\u00eda. <br \/>8. Ruegos y preguntas.<\/p>\n","protected":false},"excerpt":{"rendered":"<p>Orden del d\u00eda del Pleno que con car\u00e1cter Ordinario se celebrara el viernes 29 de Septiembre a las 21:00 horas en el Sal\u00f3n de Plenos del Ayuntamiento de Coria. 1. Aprobaci\u00f3n si procede de las actas de las dos sesiones anteriores.2. Fiestas locales a\u00f1o 2007. 3. Reconocimiento de compatibilidad. 4. Reconocimiento extrajudicial de cr\u00e9ditos. 5. [&hellip;]<\/p>\n","protected":false},"author":2,"featured_media":0,"comment_status":"closed","ping_status":"closed","sticky":false,"template":"","format":"standard","meta":{"_uag_custom_page_level_css":"","footnotes":""},"categories":[2],"tags":[19,903,976,1163],"class_list":["post-27212","post","type-post","status-publish","format-standard","hentry","category-noticias","tag-19","tag-orden","tag-pleno","tag-septiembre"],"yoast_head":"<!-- This site is optimized with the Yoast SEO plugin v27.4 - https:\/\/yoast.com\/product\/yoast-seo-wordpress\/ -->\n<title>Orden del d\u00eda del Pleno Ordinario de Septiembre - Ayuntamiento de Coria<\/title>\n<meta name=\"robots\" content=\"index, follow, max-snippet:-1, max-image-preview:large, max-video-preview:-1\" \/>\n<link rel=\"canonical\" href=\"https:\/\/coria.org\/ayuntamiento\/index.php\/2006\/09\/28\/orden-del-dia-del-pleno-ordinario-de-septiembre\/\" \/>\n<meta property=\"og:locale\" content=\"es_ES\" \/>\n<meta property=\"og:type\" content=\"article\" \/>\n<meta property=\"og:title\" content=\"Orden del d\u00eda del Pleno Ordinario de Septiembre - Ayuntamiento de Coria\" \/>\n<meta property=\"og:description\" content=\"Orden del d\u00eda del Pleno que con car\u00e1cter Ordinario se celebrara el viernes 29 de Septiembre a las 21:00 horas en el Sal\u00f3n de Plenos del Ayuntamiento de Coria. 1. Aprobaci\u00f3n si procede de las actas de las dos sesiones anteriores.2. Fiestas locales a\u00f1o 2007. 3. Reconocimiento de compatibilidad. 4. Reconocimiento extrajudicial de cr\u00e9ditos. 5. [&hellip;]\" \/>\n<meta property=\"og:url\" content=\"https:\/\/coria.org\/ayuntamiento\/index.php\/2006\/09\/28\/orden-del-dia-del-pleno-ordinario-de-septiembre\/\" \/>\n<meta property=\"og:site_name\" content=\"Ayuntamiento de Coria\" \/>\n<meta property=\"article:publisher\" content=\"https:\/\/www.facebook.com\/Ayuntamiento.de.Coria\" \/>\n<meta property=\"article:published_time\" content=\"2006-09-27T22:00:00+00:00\" \/>\n<meta property=\"article:modified_time\" content=\"2023-09-18T11:31:08+00:00\" \/>\n<meta name=\"author\" content=\"ayuntamiento\" \/>\n<meta name=\"twitter:card\" content=\"summary_large_image\" \/>\n<meta name=\"twitter:creator\" content=\"@Ayto_de_Coria\" \/>\n<meta name=\"twitter:site\" content=\"@Ayto_de_Coria\" \/>\n<meta name=\"twitter:label1\" content=\"Escrito por\" \/>\n\t<meta name=\"twitter:data1\" content=\"ayuntamiento\" \/>\n<script type=\"application\/ld+json\" class=\"yoast-schema-graph\">{\"@context\":\"https:\\\/\\\/schema.org\",\"@graph\":[{\"@type\":\"Article\",\"@id\":\"https:\\\/\\\/coria.org\\\/ayuntamiento\\\/index.php\\\/2006\\\/09\\\/28\\\/orden-del-dia-del-pleno-ordinario-de-septiembre\\\/#article\",\"isPartOf\":{\"@id\":\"https:\\\/\\\/coria.org\\\/ayuntamiento\\\/index.php\\\/2006\\\/09\\\/28\\\/orden-del-dia-del-pleno-ordinario-de-septiembre\\\/\"},\"author\":{\"name\":\"ayuntamiento\",\"@id\":\"https:\\\/\\\/coria.org\\\/ayuntamiento\\\/#\\\/schema\\\/person\\\/8bd589f0e13e8ae5aa06def7a599d622\"},\"headline\":\"Orden del d\u00eda del Pleno Ordinario de Septiembre\",\"datePublished\":\"2006-09-27T22:00:00+00:00\",\"dateModified\":\"2023-09-18T11:31:08+00:00\",\"mainEntityOfPage\":{\"@id\":\"https:\\\/\\\/coria.org\\\/ayuntamiento\\\/index.php\\\/2006\\\/09\\\/28\\\/orden-del-dia-del-pleno-ordinario-de-septiembre\\\/\"},\"wordCount\":85,\"publisher\":{\"@id\":\"https:\\\/\\\/coria.org\\\/ayuntamiento\\\/#organization\"},\"keywords\":[\"2006\",\"orden\",\"pleno\",\"septiembre\"],\"articleSection\":[\"Noticias\"],\"inLanguage\":\"es\"},{\"@type\":\"WebPage\",\"@id\":\"https:\\\/\\\/coria.org\\\/ayuntamiento\\\/index.php\\\/2006\\\/09\\\/28\\\/orden-del-dia-del-pleno-ordinario-de-septiembre\\\/\",\"url\":\"https:\\\/\\\/coria.org\\\/ayuntamiento\\\/index.php\\\/2006\\\/09\\\/28\\\/orden-del-dia-del-pleno-ordinario-de-septiembre\\\/\",\"name\":\"Orden del d\u00eda del Pleno Ordinario de Septiembre - Ayuntamiento de Coria\",\"isPartOf\":{\"@id\":\"https:\\\/\\\/coria.org\\\/ayuntamiento\\\/#website\"},\"datePublished\":\"2006-09-27T22:00:00+00:00\",\"dateModified\":\"2023-09-18T11:31:08+00:00\",\"breadcrumb\":{\"@id\":\"https:\\\/\\\/coria.org\\\/ayuntamiento\\\/index.php\\\/2006\\\/09\\\/28\\\/orden-del-dia-del-pleno-ordinario-de-septiembre\\\/#breadcrumb\"},\"inLanguage\":\"es\",\"potentialAction\":[{\"@type\":\"ReadAction\",\"target\":[\"https:\\\/\\\/coria.org\\\/ayuntamiento\\\/index.php\\\/2006\\\/09\\\/28\\\/orden-del-dia-del-pleno-ordinario-de-septiembre\\\/\"]}]},{\"@type\":\"BreadcrumbList\",\"@id\":\"https:\\\/\\\/coria.org\\\/ayuntamiento\\\/index.php\\\/2006\\\/09\\\/28\\\/orden-del-dia-del-pleno-ordinario-de-septiembre\\\/#breadcrumb\",\"itemListElement\":[{\"@type\":\"ListItem\",\"position\":1,\"name\":\"Inicio\",\"item\":\"https:\\\/\\\/coria.org\\\/ayuntamiento\\\/\"},{\"@type\":\"ListItem\",\"position\":2,\"name\":\"Orden del d\u00eda del Pleno Ordinario de Septiembre\"}]},{\"@type\":\"WebSite\",\"@id\":\"https:\\\/\\\/coria.org\\\/ayuntamiento\\\/#website\",\"url\":\"https:\\\/\\\/coria.org\\\/ayuntamiento\\\/\",\"name\":\"Ayuntamiento de Coria\",\"description\":\"Web oficial del Ayuntamiento de Coria\",\"publisher\":{\"@id\":\"https:\\\/\\\/coria.org\\\/ayuntamiento\\\/#organization\"},\"alternateName\":\"Web Oficial del Ayuntamiento de Coria\",\"potentialAction\":[{\"@type\":\"SearchAction\",\"target\":{\"@type\":\"EntryPoint\",\"urlTemplate\":\"https:\\\/\\\/coria.org\\\/ayuntamiento\\\/?s={search_term_string}\"},\"query-input\":{\"@type\":\"PropertyValueSpecification\",\"valueRequired\":true,\"valueName\":\"search_term_string\"}}],\"inLanguage\":\"es\"},{\"@type\":\"Organization\",\"@id\":\"https:\\\/\\\/coria.org\\\/ayuntamiento\\\/#organization\",\"name\":\"Ayuntamiento de Coria\",\"alternateName\":\"Ayto de Coria\",\"url\":\"https:\\\/\\\/coria.org\\\/ayuntamiento\\\/\",\"logo\":{\"@type\":\"ImageObject\",\"inLanguage\":\"es\",\"@id\":\"https:\\\/\\\/coria.org\\\/ayuntamiento\\\/#\\\/schema\\\/logo\\\/image\\\/\",\"url\":\"https:\\\/\\\/coria.org\\\/ayuntamiento\\\/wp-content\\\/uploads\\\/2020\\\/12\\\/escudo-ayuntamiento-coria.png\",\"contentUrl\":\"https:\\\/\\\/coria.org\\\/ayuntamiento\\\/wp-content\\\/uploads\\\/2020\\\/12\\\/escudo-ayuntamiento-coria.png\",\"width\":511,\"height\":240,\"caption\":\"Ayuntamiento de Coria\"},\"image\":{\"@id\":\"https:\\\/\\\/coria.org\\\/ayuntamiento\\\/#\\\/schema\\\/logo\\\/image\\\/\"},\"sameAs\":[\"https:\\\/\\\/www.facebook.com\\\/Ayuntamiento.de.Coria\",\"https:\\\/\\\/x.com\\\/Ayto_de_Coria\",\"https:\\\/\\\/www.instagram.com\\\/coria.ayuntamiento\\\/\",\"https:\\\/\\\/www.youtube.com\\\/user\\\/AYUNTAMIENTOCORIA\"]},{\"@type\":\"Person\",\"@id\":\"https:\\\/\\\/coria.org\\\/ayuntamiento\\\/#\\\/schema\\\/person\\\/8bd589f0e13e8ae5aa06def7a599d622\",\"name\":\"ayuntamiento\",\"image\":{\"@type\":\"ImageObject\",\"inLanguage\":\"es\",\"@id\":\"https:\\\/\\\/secure.gravatar.com\\\/avatar\\\/966e5ed73cad334adda5c87f49f2547f7082f7292c1b627cbb548744383b391c?s=96&d=mm&r=g\",\"url\":\"https:\\\/\\\/secure.gravatar.com\\\/avatar\\\/966e5ed73cad334adda5c87f49f2547f7082f7292c1b627cbb548744383b391c?s=96&d=mm&r=g\",\"contentUrl\":\"https:\\\/\\\/secure.gravatar.com\\\/avatar\\\/966e5ed73cad334adda5c87f49f2547f7082f7292c1b627cbb548744383b391c?s=96&d=mm&r=g\",\"caption\":\"ayuntamiento\"}}]}<\/script>\n<!-- \/ Yoast SEO plugin. -->","yoast_head_json":{"title":"Orden del d\u00eda del Pleno Ordinario de Septiembre - Ayuntamiento de Coria","robots":{"index":"index","follow":"follow","max-snippet":"max-snippet:-1","max-image-preview":"max-image-preview:large","max-video-preview":"max-video-preview:-1"},"canonical":"https:\/\/coria.org\/ayuntamiento\/index.php\/2006\/09\/28\/orden-del-dia-del-pleno-ordinario-de-septiembre\/","og_locale":"es_ES","og_type":"article","og_title":"Orden del d\u00eda del Pleno Ordinario de Septiembre - Ayuntamiento de Coria","og_description":"Orden del d\u00eda del Pleno que con car\u00e1cter Ordinario se celebrara el viernes 29 de Septiembre a las 21:00 horas en el Sal\u00f3n de Plenos del Ayuntamiento de Coria. 1. Aprobaci\u00f3n si procede de las actas de las dos sesiones anteriores.2. Fiestas locales a\u00f1o 2007. 3. Reconocimiento de compatibilidad. 4. Reconocimiento extrajudicial de cr\u00e9ditos. 5. [&hellip;]","og_url":"https:\/\/coria.org\/ayuntamiento\/index.php\/2006\/09\/28\/orden-del-dia-del-pleno-ordinario-de-septiembre\/","og_site_name":"Ayuntamiento de Coria","article_publisher":"https:\/\/www.facebook.com\/Ayuntamiento.de.Coria","article_published_time":"2006-09-27T22:00:00+00:00","article_modified_time":"2023-09-18T11:31:08+00:00","author":"ayuntamiento","twitter_card":"summary_large_image","twitter_creator":"@Ayto_de_Coria","twitter_site":"@Ayto_de_Coria","twitter_misc":{"Escrito por":"ayuntamiento"},"schema":{"@context":"https:\/\/schema.org","@graph":[{"@type":"Article","@id":"https:\/\/coria.org\/ayuntamiento\/index.php\/2006\/09\/28\/orden-del-dia-del-pleno-ordinario-de-septiembre\/#article","isPartOf":{"@id":"https:\/\/coria.org\/ayuntamiento\/index.php\/2006\/09\/28\/orden-del-dia-del-pleno-ordinario-de-septiembre\/"},"author":{"name":"ayuntamiento","@id":"https:\/\/coria.org\/ayuntamiento\/#\/schema\/person\/8bd589f0e13e8ae5aa06def7a599d622"},"headline":"Orden del d\u00eda del Pleno Ordinario de Septiembre","datePublished":"2006-09-27T22:00:00+00:00","dateModified":"2023-09-18T11:31:08+00:00","mainEntityOfPage":{"@id":"https:\/\/coria.org\/ayuntamiento\/index.php\/2006\/09\/28\/orden-del-dia-del-pleno-ordinario-de-septiembre\/"},"wordCount":85,"publisher":{"@id":"https:\/\/coria.org\/ayuntamiento\/#organization"},"keywords":["2006","orden","pleno","septiembre"],"articleSection":["Noticias"],"inLanguage":"es"},{"@type":"WebPage","@id":"https:\/\/coria.org\/ayuntamiento\/index.php\/2006\/09\/28\/orden-del-dia-del-pleno-ordinario-de-septiembre\/","url":"https:\/\/coria.org\/ayuntamiento\/index.php\/2006\/09\/28\/orden-del-dia-del-pleno-ordinario-de-septiembre\/","name":"Orden del d\u00eda del Pleno Ordinario de Septiembre - Ayuntamiento de Coria","isPartOf":{"@id":"https:\/\/coria.org\/ayuntamiento\/#website"},"datePublished":"2006-09-27T22:00:00+00:00","dateModified":"2023-09-18T11:31:08+00:00","breadcrumb":{"@id":"https:\/\/coria.org\/ayuntamiento\/index.php\/2006\/09\/28\/orden-del-dia-del-pleno-ordinario-de-septiembre\/#breadcrumb"},"inLanguage":"es","potentialAction":[{"@type":"ReadAction","target":["https:\/\/coria.org\/ayuntamiento\/index.php\/2006\/09\/28\/orden-del-dia-del-pleno-ordinario-de-septiembre\/"]}]},{"@type":"BreadcrumbList","@id":"https:\/\/coria.org\/ayuntamiento\/index.php\/2006\/09\/28\/orden-del-dia-del-pleno-ordinario-de-septiembre\/#breadcrumb","itemListElement":[{"@type":"ListItem","position":1,"name":"Inicio","item":"https:\/\/coria.org\/ayuntamiento\/"},{"@type":"ListItem","position":2,"name":"Orden del d\u00eda del Pleno Ordinario de Septiembre"}]},{"@type":"WebSite","@id":"https:\/\/coria.org\/ayuntamiento\/#website","url":"https:\/\/coria.org\/ayuntamiento\/","name":"Ayuntamiento de Coria","description":"Web oficial del Ayuntamiento de Coria","publisher":{"@id":"https:\/\/coria.org\/ayuntamiento\/#organization"},"alternateName":"Web Oficial del Ayuntamiento de Coria","potentialAction":[{"@type":"SearchAction","target":{"@type":"EntryPoint","urlTemplate":"https:\/\/coria.org\/ayuntamiento\/?s={search_term_string}"},"query-input":{"@type":"PropertyValueSpecification","valueRequired":true,"valueName":"search_term_string"}}],"inLanguage":"es"},{"@type":"Organization","@id":"https:\/\/coria.org\/ayuntamiento\/#organization","name":"Ayuntamiento de Coria","alternateName":"Ayto de Coria","url":"https:\/\/coria.org\/ayuntamiento\/","logo":{"@type":"ImageObject","inLanguage":"es","@id":"https:\/\/coria.org\/ayuntamiento\/#\/schema\/logo\/image\/","url":"https:\/\/coria.org\/ayuntamiento\/wp-content\/uploads\/2020\/12\/escudo-ayuntamiento-coria.png","contentUrl":"https:\/\/coria.org\/ayuntamiento\/wp-content\/uploads\/2020\/12\/escudo-ayuntamiento-coria.png","width":511,"height":240,"caption":"Ayuntamiento de Coria"},"image":{"@id":"https:\/\/coria.org\/ayuntamiento\/#\/schema\/logo\/image\/"},"sameAs":["https:\/\/www.facebook.com\/Ayuntamiento.de.Coria","https:\/\/x.com\/Ayto_de_Coria","https:\/\/www.instagram.com\/coria.ayuntamiento\/","https:\/\/www.youtube.com\/user\/AYUNTAMIENTOCORIA"]},{"@type":"Person","@id":"https:\/\/coria.org\/ayuntamiento\/#\/schema\/person\/8bd589f0e13e8ae5aa06def7a599d622","name":"ayuntamiento","image":{"@type":"ImageObject","inLanguage":"es","@id":"https:\/\/secure.gravatar.com\/avatar\/966e5ed73cad334adda5c87f49f2547f7082f7292c1b627cbb548744383b391c?s=96&d=mm&r=g","url":"https:\/\/secure.gravatar.com\/avatar\/966e5ed73cad334adda5c87f49f2547f7082f7292c1b627cbb548744383b391c?s=96&d=mm&r=g","contentUrl":"https:\/\/secure.gravatar.com\/avatar\/966e5ed73cad334adda5c87f49f2547f7082f7292c1b627cbb548744383b391c?s=96&d=mm&r=g","caption":"ayuntamiento"}}]}},"uagb_featured_image_src":{"full":false,"thumbnail":false,"medium":false,"medium_large":false,"large":false,"thumblist":false,"thumbrelated":false,"meccarouselthumb":false,"gridsquare":false,"tileview":false,"1536x1536":false,"2048x2048":false},"uagb_author_info":{"display_name":"ayuntamiento","author_link":"https:\/\/coria.org\/ayuntamiento\/index.php\/author\/ayuntamiento\/"},"uagb_comment_info":0,"uagb_excerpt":"Orden del d\u00eda del Pleno que con car\u00e1cter Ordinario se celebrara el viernes 29 de Septiembre a las 21:00 horas en el Sal\u00f3n de Plenos del Ayuntamiento de Coria. 1. Aprobaci\u00f3n si procede de las actas de las dos sesiones anteriores.2. Fiestas locales a\u00f1o 2007. 3. Reconocimiento de compatibilidad. 4. Reconocimiento extrajudicial de cr\u00e9ditos. 5.&hellip;","_links":{"self":[{"href":"https:\/\/coria.org\/ayuntamiento\/index.php\/wp-json\/wp\/v2\/posts\/27212","targetHints":{"allow":["GET"]}}],"collection":[{"href":"https:\/\/coria.org\/ayuntamiento\/index.php\/wp-json\/wp\/v2\/posts"}],"about":[{"href":"https:\/\/coria.org\/ayuntamiento\/index.php\/wp-json\/wp\/v2\/types\/post"}],"author":[{"embeddable":true,"href":"https:\/\/coria.org\/ayuntamiento\/index.php\/wp-json\/wp\/v2\/users\/2"}],"replies":[{"embeddable":true,"href":"https:\/\/coria.org\/ayuntamiento\/index.php\/wp-json\/wp\/v2\/comments?post=27212"}],"version-history":[{"count":0,"href":"https:\/\/coria.org\/ayuntamiento\/index.php\/wp-json\/wp\/v2\/posts\/27212\/revisions"}],"wp:attachment":[{"href":"https:\/\/coria.org\/ayuntamiento\/index.php\/wp-json\/wp\/v2\/media?parent=27212"}],"wp:term":[{"taxonomy":"category","embeddable":true,"href":"https:\/\/coria.org\/ayuntamiento\/index.php\/wp-json\/wp\/v2\/categories?post=27212"},{"taxonomy":"post_tag","embeddable":true,"href":"https:\/\/coria.org\/ayuntamiento\/index.php\/wp-json\/wp\/v2\/tags?post=27212"}],"curies":[{"name":"wp","href":"https:\/\/api.w.org\/{rel}","templated":true}]}}