{"id":27211,"date":"2006-04-10T00:00:00","date_gmt":"2006-04-09T22:00:00","guid":{"rendered":"https:\/\/ayuntamiento.coriaenimagenes.com\/exposicion-de-la-obra-del-artista-javier-winthuysen\/"},"modified":"2023-09-18T13:31:14","modified_gmt":"2023-09-18T11:31:14","slug":"exposicion-de-la-obra-del-artista-javier-winthuysen","status":"publish","type":"post","link":"https:\/\/coria.org\/ayuntamiento\/index.php\/2006\/04\/10\/exposicion-de-la-obra-del-artista-javier-winthuysen\/","title":{"rendered":"Exposici\u00f3n de la obra del artista Javier Winthuysen"},"content":{"rendered":"\n<p><b>La Concejal de Cultura Trinidad P\u00e9rez Repilado inaugura el pr\u00f3ximo jueves 5 de Octubre a las 20:30 horas, en el Museo de la C\u00e1rcel Real una exposici\u00f3n que muestra la obra del artista de origen sevillano Javier Winthuysen.<\/b><\/p>\n\n\n\n<p><b><\/b>Su pintura presenta dos \u00e9pocas: las obras de la primera (jardines y paisajes) se encuentran en colecciones particulares y en varios museos espa\u00f1oles habiendo donado D\u00aa Salud Winthuysen buena parte de su colecci\u00f3n al Reina Sof\u00eda, Museo de Bellas Artes de Sevilla, Museo de Valencia y Museo P\u00e9rez Comendador-Leroux de Herv\u00e1s.<\/p>\n\n\n\n<p>De hecho el material que se expondr\u00e1 en Coria se compone de 10 \u00f3leos, 6 fotograf\u00edas, 16 planos, 1 escultura y 4 vitrinas dedicadas a documentaci\u00f3n, forma parte de los fondos del Museo P\u00e9rez Comendador-Leroux de Herv\u00e1s que tan amablemente ha cedido de forma temporal al Museo de la C\u00e1rcel Real de Coria.<\/p>\n\n\n\n<p>El artista y su obra<\/p>\n\n\n\n<p>Javier Winthuysen Losada nace en Sevilla, su familia proviene de una saga de relevantes marinos flamencos afincados en el s.XVII en el Puerto de Santa Mar\u00eda. Frecuenta los estudios de los pintores Jos\u00e9 Arpa y Gonzalo Bilbao, hermano de Joaqu\u00edn Bilbao, escultor en cuyo taller se inicia en la escultura a\u00f1os m\u00e1s tarde Enrique P\u00e9rez Comendador.<\/p>\n\n\n\n<p>En las clases del Ateneo, conoce y estrecha amistad con Juan Ram\u00f3n Jim\u00e9nez. Con Paco Bertendona, Antonio Lozano y otros amigos funda la Escuela Libre de Bellas Artes de Sevilla, de vida ef\u00edmera. Tras la llegada a Sevilla de Zuloaga se despierta en Winthuysen la necesidad de conocer Par\u00eds. En 1903 visita Par\u00eds entrando en contacto con el impresionismo franc\u00e9s.<\/p>\n\n\n\n<p>En 1912 vuelve a Par\u00eds, exponiendo en el Sal\u00f3n de los Independientes y en el Sal\u00f3n de Oto\u00f1o. Tras instalarse en Madrid, encuentra a Rusi\u00f1ol pintando en los jardines de Aranjuez. Juan Ram\u00f3n Jim\u00e9nez le introduce en la Instituci\u00f3n Libre de Ense\u00f1anza, y tiene lugar un nuevo encuentro con los hermanos Machado, con Laso de la Vega y con literatos y artistas que participan de un com\u00fan inter\u00e9s por el paisaje. En esos a\u00f1os retoma el inter\u00e9s por la jardiner\u00eda y apoyado por Juan Ram\u00f3n y Sorolla recibe el encargo desde la Junta de Ampliaci\u00f3n de Estudios de estudiar los Jardines Hist\u00f3ricos de Espa\u00f1a: Abad\u00eda. La Granja, El Escorial\u0085 realizando una intensa labor que gener\u00f3 una valiosa documentaci\u00f3n custodiada en el Real Jard\u00edn Bot\u00e1nico de Madrid.<\/p>\n\n\n\n<p>La segunda \u00e9poca realiza tras la Guerra del 36 en Barcelona e Ibiza se caracteriza por una mayor pastosidad y una luminosidad mediterr\u00e1nea.<\/p>\n","protected":false},"excerpt":{"rendered":"<p>La Concejal de Cultura Trinidad P\u00e9rez Repilado inaugura el pr\u00f3ximo jueves 5 de Octubre a las 20:30 horas, en el Museo de la C\u00e1rcel Real una exposici\u00f3n que muestra la obra del artista de origen sevillano Javier Winthuysen. Su pintura presenta dos \u00e9pocas: las obras de la primera (jardines y paisajes) se encuentran en colecciones [&hellip;]<\/p>\n","protected":false},"author":2,"featured_media":0,"comment_status":"closed","ping_status":"closed","sticky":false,"template":"","format":"standard","meta":{"_uag_custom_page_level_css":"","footnotes":""},"categories":[2],"tags":[3,4,690,1333],"class_list":["post-27211","post","type-post","status-publish","format-standard","hentry","category-noticias","tag-coria","tag-extremadura","tag-javier","tag-winthuysen"],"yoast_head":"<!-- This site is optimized with the Yoast SEO plugin v27.4 - https:\/\/yoast.com\/product\/yoast-seo-wordpress\/ -->\n<title>Exposici\u00f3n de la obra del artista Javier Winthuysen - Ayuntamiento de Coria<\/title>\n<meta name=\"robots\" content=\"index, follow, max-snippet:-1, max-image-preview:large, max-video-preview:-1\" \/>\n<link rel=\"canonical\" href=\"https:\/\/coria.org\/ayuntamiento\/index.php\/2006\/04\/10\/exposicion-de-la-obra-del-artista-javier-winthuysen\/\" \/>\n<meta property=\"og:locale\" content=\"es_ES\" \/>\n<meta property=\"og:type\" content=\"article\" \/>\n<meta property=\"og:title\" content=\"Exposici\u00f3n de la obra del artista Javier Winthuysen - Ayuntamiento de Coria\" \/>\n<meta property=\"og:description\" content=\"La Concejal de Cultura Trinidad P\u00e9rez Repilado inaugura el pr\u00f3ximo jueves 5 de Octubre a las 20:30 horas, en el Museo de la C\u00e1rcel Real una exposici\u00f3n que muestra la obra del artista de origen sevillano Javier Winthuysen. Su pintura presenta dos \u00e9pocas: las obras de la primera (jardines y paisajes) se encuentran en colecciones [&hellip;]\" \/>\n<meta property=\"og:url\" content=\"https:\/\/coria.org\/ayuntamiento\/index.php\/2006\/04\/10\/exposicion-de-la-obra-del-artista-javier-winthuysen\/\" \/>\n<meta property=\"og:site_name\" content=\"Ayuntamiento de Coria\" \/>\n<meta property=\"article:publisher\" content=\"https:\/\/www.facebook.com\/Ayuntamiento.de.Coria\" \/>\n<meta property=\"article:published_time\" content=\"2006-04-09T22:00:00+00:00\" \/>\n<meta property=\"article:modified_time\" content=\"2023-09-18T11:31:14+00:00\" \/>\n<meta name=\"author\" content=\"ayuntamiento\" \/>\n<meta name=\"twitter:card\" content=\"summary_large_image\" \/>\n<meta name=\"twitter:creator\" content=\"@Ayto_de_Coria\" \/>\n<meta name=\"twitter:site\" content=\"@Ayto_de_Coria\" \/>\n<meta name=\"twitter:label1\" content=\"Escrito por\" \/>\n\t<meta name=\"twitter:data1\" content=\"ayuntamiento\" \/>\n\t<meta name=\"twitter:label2\" content=\"Tiempo de lectura\" \/>\n\t<meta name=\"twitter:data2\" content=\"2 minutos\" \/>\n<script type=\"application\/ld+json\" class=\"yoast-schema-graph\">{\"@context\":\"https:\\\/\\\/schema.org\",\"@graph\":[{\"@type\":\"Article\",\"@id\":\"https:\\\/\\\/coria.org\\\/ayuntamiento\\\/index.php\\\/2006\\\/04\\\/10\\\/exposicion-de-la-obra-del-artista-javier-winthuysen\\\/#article\",\"isPartOf\":{\"@id\":\"https:\\\/\\\/coria.org\\\/ayuntamiento\\\/index.php\\\/2006\\\/04\\\/10\\\/exposicion-de-la-obra-del-artista-javier-winthuysen\\\/\"},\"author\":{\"name\":\"ayuntamiento\",\"@id\":\"https:\\\/\\\/coria.org\\\/ayuntamiento\\\/#\\\/schema\\\/person\\\/8bd589f0e13e8ae5aa06def7a599d622\"},\"headline\":\"Exposici\u00f3n de la obra del artista Javier Winthuysen\",\"datePublished\":\"2006-04-09T22:00:00+00:00\",\"dateModified\":\"2023-09-18T11:31:14+00:00\",\"mainEntityOfPage\":{\"@id\":\"https:\\\/\\\/coria.org\\\/ayuntamiento\\\/index.php\\\/2006\\\/04\\\/10\\\/exposicion-de-la-obra-del-artista-javier-winthuysen\\\/\"},\"wordCount\":460,\"publisher\":{\"@id\":\"https:\\\/\\\/coria.org\\\/ayuntamiento\\\/#organization\"},\"keywords\":[\"coria\",\"extremadura\",\"Javier\",\"Winthuysen\"],\"articleSection\":[\"Noticias\"],\"inLanguage\":\"es\"},{\"@type\":\"WebPage\",\"@id\":\"https:\\\/\\\/coria.org\\\/ayuntamiento\\\/index.php\\\/2006\\\/04\\\/10\\\/exposicion-de-la-obra-del-artista-javier-winthuysen\\\/\",\"url\":\"https:\\\/\\\/coria.org\\\/ayuntamiento\\\/index.php\\\/2006\\\/04\\\/10\\\/exposicion-de-la-obra-del-artista-javier-winthuysen\\\/\",\"name\":\"Exposici\u00f3n de la obra del artista Javier Winthuysen - Ayuntamiento de Coria\",\"isPartOf\":{\"@id\":\"https:\\\/\\\/coria.org\\\/ayuntamiento\\\/#website\"},\"datePublished\":\"2006-04-09T22:00:00+00:00\",\"dateModified\":\"2023-09-18T11:31:14+00:00\",\"breadcrumb\":{\"@id\":\"https:\\\/\\\/coria.org\\\/ayuntamiento\\\/index.php\\\/2006\\\/04\\\/10\\\/exposicion-de-la-obra-del-artista-javier-winthuysen\\\/#breadcrumb\"},\"inLanguage\":\"es\",\"potentialAction\":[{\"@type\":\"ReadAction\",\"target\":[\"https:\\\/\\\/coria.org\\\/ayuntamiento\\\/index.php\\\/2006\\\/04\\\/10\\\/exposicion-de-la-obra-del-artista-javier-winthuysen\\\/\"]}]},{\"@type\":\"BreadcrumbList\",\"@id\":\"https:\\\/\\\/coria.org\\\/ayuntamiento\\\/index.php\\\/2006\\\/04\\\/10\\\/exposicion-de-la-obra-del-artista-javier-winthuysen\\\/#breadcrumb\",\"itemListElement\":[{\"@type\":\"ListItem\",\"position\":1,\"name\":\"Inicio\",\"item\":\"https:\\\/\\\/coria.org\\\/ayuntamiento\\\/\"},{\"@type\":\"ListItem\",\"position\":2,\"name\":\"Exposici\u00f3n de la obra del artista Javier Winthuysen\"}]},{\"@type\":\"WebSite\",\"@id\":\"https:\\\/\\\/coria.org\\\/ayuntamiento\\\/#website\",\"url\":\"https:\\\/\\\/coria.org\\\/ayuntamiento\\\/\",\"name\":\"Ayuntamiento de Coria\",\"description\":\"Web oficial del Ayuntamiento de Coria\",\"publisher\":{\"@id\":\"https:\\\/\\\/coria.org\\\/ayuntamiento\\\/#organization\"},\"alternateName\":\"Web Oficial del Ayuntamiento de Coria\",\"potentialAction\":[{\"@type\":\"SearchAction\",\"target\":{\"@type\":\"EntryPoint\",\"urlTemplate\":\"https:\\\/\\\/coria.org\\\/ayuntamiento\\\/?s={search_term_string}\"},\"query-input\":{\"@type\":\"PropertyValueSpecification\",\"valueRequired\":true,\"valueName\":\"search_term_string\"}}],\"inLanguage\":\"es\"},{\"@type\":\"Organization\",\"@id\":\"https:\\\/\\\/coria.org\\\/ayuntamiento\\\/#organization\",\"name\":\"Ayuntamiento de Coria\",\"alternateName\":\"Ayto de Coria\",\"url\":\"https:\\\/\\\/coria.org\\\/ayuntamiento\\\/\",\"logo\":{\"@type\":\"ImageObject\",\"inLanguage\":\"es\",\"@id\":\"https:\\\/\\\/coria.org\\\/ayuntamiento\\\/#\\\/schema\\\/logo\\\/image\\\/\",\"url\":\"https:\\\/\\\/coria.org\\\/ayuntamiento\\\/wp-content\\\/uploads\\\/2020\\\/12\\\/escudo-ayuntamiento-coria.png\",\"contentUrl\":\"https:\\\/\\\/coria.org\\\/ayuntamiento\\\/wp-content\\\/uploads\\\/2020\\\/12\\\/escudo-ayuntamiento-coria.png\",\"width\":511,\"height\":240,\"caption\":\"Ayuntamiento de Coria\"},\"image\":{\"@id\":\"https:\\\/\\\/coria.org\\\/ayuntamiento\\\/#\\\/schema\\\/logo\\\/image\\\/\"},\"sameAs\":[\"https:\\\/\\\/www.facebook.com\\\/Ayuntamiento.de.Coria\",\"https:\\\/\\\/x.com\\\/Ayto_de_Coria\",\"https:\\\/\\\/www.instagram.com\\\/coria.ayuntamiento\\\/\",\"https:\\\/\\\/www.youtube.com\\\/user\\\/AYUNTAMIENTOCORIA\"]},{\"@type\":\"Person\",\"@id\":\"https:\\\/\\\/coria.org\\\/ayuntamiento\\\/#\\\/schema\\\/person\\\/8bd589f0e13e8ae5aa06def7a599d622\",\"name\":\"ayuntamiento\",\"image\":{\"@type\":\"ImageObject\",\"inLanguage\":\"es\",\"@id\":\"https:\\\/\\\/secure.gravatar.com\\\/avatar\\\/966e5ed73cad334adda5c87f49f2547f7082f7292c1b627cbb548744383b391c?s=96&d=mm&r=g\",\"url\":\"https:\\\/\\\/secure.gravatar.com\\\/avatar\\\/966e5ed73cad334adda5c87f49f2547f7082f7292c1b627cbb548744383b391c?s=96&d=mm&r=g\",\"contentUrl\":\"https:\\\/\\\/secure.gravatar.com\\\/avatar\\\/966e5ed73cad334adda5c87f49f2547f7082f7292c1b627cbb548744383b391c?s=96&d=mm&r=g\",\"caption\":\"ayuntamiento\"}}]}<\/script>\n<!-- \/ Yoast SEO plugin. -->","yoast_head_json":{"title":"Exposici\u00f3n de la obra del artista Javier Winthuysen - Ayuntamiento de Coria","robots":{"index":"index","follow":"follow","max-snippet":"max-snippet:-1","max-image-preview":"max-image-preview:large","max-video-preview":"max-video-preview:-1"},"canonical":"https:\/\/coria.org\/ayuntamiento\/index.php\/2006\/04\/10\/exposicion-de-la-obra-del-artista-javier-winthuysen\/","og_locale":"es_ES","og_type":"article","og_title":"Exposici\u00f3n de la obra del artista Javier Winthuysen - Ayuntamiento de Coria","og_description":"La Concejal de Cultura Trinidad P\u00e9rez Repilado inaugura el pr\u00f3ximo jueves 5 de Octubre a las 20:30 horas, en el Museo de la C\u00e1rcel Real una exposici\u00f3n que muestra la obra del artista de origen sevillano Javier Winthuysen. Su pintura presenta dos \u00e9pocas: las obras de la primera (jardines y paisajes) se encuentran en colecciones [&hellip;]","og_url":"https:\/\/coria.org\/ayuntamiento\/index.php\/2006\/04\/10\/exposicion-de-la-obra-del-artista-javier-winthuysen\/","og_site_name":"Ayuntamiento de Coria","article_publisher":"https:\/\/www.facebook.com\/Ayuntamiento.de.Coria","article_published_time":"2006-04-09T22:00:00+00:00","article_modified_time":"2023-09-18T11:31:14+00:00","author":"ayuntamiento","twitter_card":"summary_large_image","twitter_creator":"@Ayto_de_Coria","twitter_site":"@Ayto_de_Coria","twitter_misc":{"Escrito por":"ayuntamiento","Tiempo de lectura":"2 minutos"},"schema":{"@context":"https:\/\/schema.org","@graph":[{"@type":"Article","@id":"https:\/\/coria.org\/ayuntamiento\/index.php\/2006\/04\/10\/exposicion-de-la-obra-del-artista-javier-winthuysen\/#article","isPartOf":{"@id":"https:\/\/coria.org\/ayuntamiento\/index.php\/2006\/04\/10\/exposicion-de-la-obra-del-artista-javier-winthuysen\/"},"author":{"name":"ayuntamiento","@id":"https:\/\/coria.org\/ayuntamiento\/#\/schema\/person\/8bd589f0e13e8ae5aa06def7a599d622"},"headline":"Exposici\u00f3n de la obra del artista Javier Winthuysen","datePublished":"2006-04-09T22:00:00+00:00","dateModified":"2023-09-18T11:31:14+00:00","mainEntityOfPage":{"@id":"https:\/\/coria.org\/ayuntamiento\/index.php\/2006\/04\/10\/exposicion-de-la-obra-del-artista-javier-winthuysen\/"},"wordCount":460,"publisher":{"@id":"https:\/\/coria.org\/ayuntamiento\/#organization"},"keywords":["coria","extremadura","Javier","Winthuysen"],"articleSection":["Noticias"],"inLanguage":"es"},{"@type":"WebPage","@id":"https:\/\/coria.org\/ayuntamiento\/index.php\/2006\/04\/10\/exposicion-de-la-obra-del-artista-javier-winthuysen\/","url":"https:\/\/coria.org\/ayuntamiento\/index.php\/2006\/04\/10\/exposicion-de-la-obra-del-artista-javier-winthuysen\/","name":"Exposici\u00f3n de la obra del artista Javier Winthuysen - Ayuntamiento de Coria","isPartOf":{"@id":"https:\/\/coria.org\/ayuntamiento\/#website"},"datePublished":"2006-04-09T22:00:00+00:00","dateModified":"2023-09-18T11:31:14+00:00","breadcrumb":{"@id":"https:\/\/coria.org\/ayuntamiento\/index.php\/2006\/04\/10\/exposicion-de-la-obra-del-artista-javier-winthuysen\/#breadcrumb"},"inLanguage":"es","potentialAction":[{"@type":"ReadAction","target":["https:\/\/coria.org\/ayuntamiento\/index.php\/2006\/04\/10\/exposicion-de-la-obra-del-artista-javier-winthuysen\/"]}]},{"@type":"BreadcrumbList","@id":"https:\/\/coria.org\/ayuntamiento\/index.php\/2006\/04\/10\/exposicion-de-la-obra-del-artista-javier-winthuysen\/#breadcrumb","itemListElement":[{"@type":"ListItem","position":1,"name":"Inicio","item":"https:\/\/coria.org\/ayuntamiento\/"},{"@type":"ListItem","position":2,"name":"Exposici\u00f3n de la obra del artista Javier Winthuysen"}]},{"@type":"WebSite","@id":"https:\/\/coria.org\/ayuntamiento\/#website","url":"https:\/\/coria.org\/ayuntamiento\/","name":"Ayuntamiento de Coria","description":"Web oficial del Ayuntamiento de Coria","publisher":{"@id":"https:\/\/coria.org\/ayuntamiento\/#organization"},"alternateName":"Web Oficial del Ayuntamiento de Coria","potentialAction":[{"@type":"SearchAction","target":{"@type":"EntryPoint","urlTemplate":"https:\/\/coria.org\/ayuntamiento\/?s={search_term_string}"},"query-input":{"@type":"PropertyValueSpecification","valueRequired":true,"valueName":"search_term_string"}}],"inLanguage":"es"},{"@type":"Organization","@id":"https:\/\/coria.org\/ayuntamiento\/#organization","name":"Ayuntamiento de Coria","alternateName":"Ayto de Coria","url":"https:\/\/coria.org\/ayuntamiento\/","logo":{"@type":"ImageObject","inLanguage":"es","@id":"https:\/\/coria.org\/ayuntamiento\/#\/schema\/logo\/image\/","url":"https:\/\/coria.org\/ayuntamiento\/wp-content\/uploads\/2020\/12\/escudo-ayuntamiento-coria.png","contentUrl":"https:\/\/coria.org\/ayuntamiento\/wp-content\/uploads\/2020\/12\/escudo-ayuntamiento-coria.png","width":511,"height":240,"caption":"Ayuntamiento de Coria"},"image":{"@id":"https:\/\/coria.org\/ayuntamiento\/#\/schema\/logo\/image\/"},"sameAs":["https:\/\/www.facebook.com\/Ayuntamiento.de.Coria","https:\/\/x.com\/Ayto_de_Coria","https:\/\/www.instagram.com\/coria.ayuntamiento\/","https:\/\/www.youtube.com\/user\/AYUNTAMIENTOCORIA"]},{"@type":"Person","@id":"https:\/\/coria.org\/ayuntamiento\/#\/schema\/person\/8bd589f0e13e8ae5aa06def7a599d622","name":"ayuntamiento","image":{"@type":"ImageObject","inLanguage":"es","@id":"https:\/\/secure.gravatar.com\/avatar\/966e5ed73cad334adda5c87f49f2547f7082f7292c1b627cbb548744383b391c?s=96&d=mm&r=g","url":"https:\/\/secure.gravatar.com\/avatar\/966e5ed73cad334adda5c87f49f2547f7082f7292c1b627cbb548744383b391c?s=96&d=mm&r=g","contentUrl":"https:\/\/secure.gravatar.com\/avatar\/966e5ed73cad334adda5c87f49f2547f7082f7292c1b627cbb548744383b391c?s=96&d=mm&r=g","caption":"ayuntamiento"}}]}},"uagb_featured_image_src":{"full":false,"thumbnail":false,"medium":false,"medium_large":false,"large":false,"thumblist":false,"thumbrelated":false,"meccarouselthumb":false,"gridsquare":false,"tileview":false,"1536x1536":false,"2048x2048":false},"uagb_author_info":{"display_name":"ayuntamiento","author_link":"https:\/\/coria.org\/ayuntamiento\/index.php\/author\/ayuntamiento\/"},"uagb_comment_info":0,"uagb_excerpt":"La Concejal de Cultura Trinidad P\u00e9rez Repilado inaugura el pr\u00f3ximo jueves 5 de Octubre a las 20:30 horas, en el Museo de la C\u00e1rcel Real una exposici\u00f3n que muestra la obra del artista de origen sevillano Javier Winthuysen. Su pintura presenta dos \u00e9pocas: las obras de la primera (jardines y paisajes) se encuentran en colecciones&hellip;","_links":{"self":[{"href":"https:\/\/coria.org\/ayuntamiento\/index.php\/wp-json\/wp\/v2\/posts\/27211","targetHints":{"allow":["GET"]}}],"collection":[{"href":"https:\/\/coria.org\/ayuntamiento\/index.php\/wp-json\/wp\/v2\/posts"}],"about":[{"href":"https:\/\/coria.org\/ayuntamiento\/index.php\/wp-json\/wp\/v2\/types\/post"}],"author":[{"embeddable":true,"href":"https:\/\/coria.org\/ayuntamiento\/index.php\/wp-json\/wp\/v2\/users\/2"}],"replies":[{"embeddable":true,"href":"https:\/\/coria.org\/ayuntamiento\/index.php\/wp-json\/wp\/v2\/comments?post=27211"}],"version-history":[{"count":0,"href":"https:\/\/coria.org\/ayuntamiento\/index.php\/wp-json\/wp\/v2\/posts\/27211\/revisions"}],"wp:attachment":[{"href":"https:\/\/coria.org\/ayuntamiento\/index.php\/wp-json\/wp\/v2\/media?parent=27211"}],"wp:term":[{"taxonomy":"category","embeddable":true,"href":"https:\/\/coria.org\/ayuntamiento\/index.php\/wp-json\/wp\/v2\/categories?post=27211"},{"taxonomy":"post_tag","embeddable":true,"href":"https:\/\/coria.org\/ayuntamiento\/index.php\/wp-json\/wp\/v2\/tags?post=27211"}],"curies":[{"name":"wp","href":"https:\/\/api.w.org\/{rel}","templated":true}]}}