{"id":27209,"date":"2006-10-11T00:00:00","date_gmt":"2006-10-10T22:00:00","guid":{"rendered":"https:\/\/ayuntamiento.coriaenimagenes.com\/cortes-en-el-suministro-de-agua\/"},"modified":"2023-09-18T13:31:08","modified_gmt":"2023-09-18T11:31:08","slug":"cortes-en-el-suministro-de-agua","status":"publish","type":"post","link":"https:\/\/coria.org\/ayuntamiento\/index.php\/2006\/10\/11\/cortes-en-el-suministro-de-agua\/","title":{"rendered":"Cortes en el suministro de agua"},"content":{"rendered":"\n<p><b>El Ayuntamiento de Coria informa que ma\u00f1ana mi\u00e9rcoles 11 de Octubre se producir\u00e1n cortes en el suministro de agua en la zona de la ciudad que se halla comprendida entre el Cruce del Carterino y el r\u00edo.<\/b><\/p>\n\n\n\n<p><b><\/b>Los cortes que obedecen a una acometida a la red general principal de la ciudad, se efectuaran a partir de las 15: 00 horas y se prolongaran hasta las 17:00 de la tarde<\/p>\n","protected":false},"excerpt":{"rendered":"<p>El Ayuntamiento de Coria informa que ma\u00f1ana mi\u00e9rcoles 11 de Octubre se producir\u00e1n cortes en el suministro de agua en la zona de la ciudad que se halla comprendida entre el Cruce del Carterino y el r\u00edo. Los cortes que obedecen a una acometida a la red general principal de la ciudad, se efectuaran a [&hellip;]<\/p>\n","protected":false},"author":2,"featured_media":0,"comment_status":"closed","ping_status":"closed","sticky":false,"template":"","format":"standard","meta":{"_uag_custom_page_level_css":"","footnotes":""},"categories":[2],"tags":[80,373],"class_list":["post-27209","post","type-post","status-publish","format-standard","hentry","category-noticias","tag-agua","tag-cortes"],"yoast_head":"<!-- This site is optimized with the Yoast SEO plugin v27.4 - https:\/\/yoast.com\/product\/yoast-seo-wordpress\/ -->\n<title>Cortes en el suministro de agua - Ayuntamiento de Coria<\/title>\n<meta name=\"robots\" content=\"index, follow, max-snippet:-1, max-image-preview:large, max-video-preview:-1\" \/>\n<link rel=\"canonical\" href=\"https:\/\/coria.org\/ayuntamiento\/index.php\/2006\/10\/11\/cortes-en-el-suministro-de-agua\/\" \/>\n<meta property=\"og:locale\" content=\"es_ES\" \/>\n<meta property=\"og:type\" content=\"article\" \/>\n<meta property=\"og:title\" content=\"Cortes en el suministro de agua - Ayuntamiento de Coria\" \/>\n<meta property=\"og:description\" content=\"El Ayuntamiento de Coria informa que ma\u00f1ana mi\u00e9rcoles 11 de Octubre se producir\u00e1n cortes en el suministro de agua en la zona de la ciudad que se halla comprendida entre el Cruce del Carterino y el r\u00edo. Los cortes que obedecen a una acometida a la red general principal de la ciudad, se efectuaran a [&hellip;]\" \/>\n<meta property=\"og:url\" content=\"https:\/\/coria.org\/ayuntamiento\/index.php\/2006\/10\/11\/cortes-en-el-suministro-de-agua\/\" \/>\n<meta property=\"og:site_name\" content=\"Ayuntamiento de Coria\" \/>\n<meta property=\"article:publisher\" content=\"https:\/\/www.facebook.com\/Ayuntamiento.de.Coria\" \/>\n<meta property=\"article:published_time\" content=\"2006-10-10T22:00:00+00:00\" \/>\n<meta property=\"article:modified_time\" content=\"2023-09-18T11:31:08+00:00\" \/>\n<meta name=\"author\" content=\"ayuntamiento\" \/>\n<meta name=\"twitter:card\" content=\"summary_large_image\" \/>\n<meta name=\"twitter:creator\" content=\"@Ayto_de_Coria\" \/>\n<meta name=\"twitter:site\" content=\"@Ayto_de_Coria\" \/>\n<meta name=\"twitter:label1\" content=\"Escrito por\" \/>\n\t<meta name=\"twitter:data1\" content=\"ayuntamiento\" \/>\n<script type=\"application\/ld+json\" class=\"yoast-schema-graph\">{\"@context\":\"https:\\\/\\\/schema.org\",\"@graph\":[{\"@type\":\"Article\",\"@id\":\"https:\\\/\\\/coria.org\\\/ayuntamiento\\\/index.php\\\/2006\\\/10\\\/11\\\/cortes-en-el-suministro-de-agua\\\/#article\",\"isPartOf\":{\"@id\":\"https:\\\/\\\/coria.org\\\/ayuntamiento\\\/index.php\\\/2006\\\/10\\\/11\\\/cortes-en-el-suministro-de-agua\\\/\"},\"author\":{\"name\":\"ayuntamiento\",\"@id\":\"https:\\\/\\\/coria.org\\\/ayuntamiento\\\/#\\\/schema\\\/person\\\/8bd589f0e13e8ae5aa06def7a599d622\"},\"headline\":\"Cortes en el suministro de agua\",\"datePublished\":\"2006-10-10T22:00:00+00:00\",\"dateModified\":\"2023-09-18T11:31:08+00:00\",\"mainEntityOfPage\":{\"@id\":\"https:\\\/\\\/coria.org\\\/ayuntamiento\\\/index.php\\\/2006\\\/10\\\/11\\\/cortes-en-el-suministro-de-agua\\\/\"},\"wordCount\":76,\"publisher\":{\"@id\":\"https:\\\/\\\/coria.org\\\/ayuntamiento\\\/#organization\"},\"keywords\":[\"agua\",\"cortes\"],\"articleSection\":[\"Noticias\"],\"inLanguage\":\"es\"},{\"@type\":\"WebPage\",\"@id\":\"https:\\\/\\\/coria.org\\\/ayuntamiento\\\/index.php\\\/2006\\\/10\\\/11\\\/cortes-en-el-suministro-de-agua\\\/\",\"url\":\"https:\\\/\\\/coria.org\\\/ayuntamiento\\\/index.php\\\/2006\\\/10\\\/11\\\/cortes-en-el-suministro-de-agua\\\/\",\"name\":\"Cortes en el suministro de agua - Ayuntamiento de Coria\",\"isPartOf\":{\"@id\":\"https:\\\/\\\/coria.org\\\/ayuntamiento\\\/#website\"},\"datePublished\":\"2006-10-10T22:00:00+00:00\",\"dateModified\":\"2023-09-18T11:31:08+00:00\",\"breadcrumb\":{\"@id\":\"https:\\\/\\\/coria.org\\\/ayuntamiento\\\/index.php\\\/2006\\\/10\\\/11\\\/cortes-en-el-suministro-de-agua\\\/#breadcrumb\"},\"inLanguage\":\"es\",\"potentialAction\":[{\"@type\":\"ReadAction\",\"target\":[\"https:\\\/\\\/coria.org\\\/ayuntamiento\\\/index.php\\\/2006\\\/10\\\/11\\\/cortes-en-el-suministro-de-agua\\\/\"]}]},{\"@type\":\"BreadcrumbList\",\"@id\":\"https:\\\/\\\/coria.org\\\/ayuntamiento\\\/index.php\\\/2006\\\/10\\\/11\\\/cortes-en-el-suministro-de-agua\\\/#breadcrumb\",\"itemListElement\":[{\"@type\":\"ListItem\",\"position\":1,\"name\":\"Inicio\",\"item\":\"https:\\\/\\\/coria.org\\\/ayuntamiento\\\/\"},{\"@type\":\"ListItem\",\"position\":2,\"name\":\"Cortes en el suministro de agua\"}]},{\"@type\":\"WebSite\",\"@id\":\"https:\\\/\\\/coria.org\\\/ayuntamiento\\\/#website\",\"url\":\"https:\\\/\\\/coria.org\\\/ayuntamiento\\\/\",\"name\":\"Ayuntamiento de Coria\",\"description\":\"Web oficial del Ayuntamiento de Coria\",\"publisher\":{\"@id\":\"https:\\\/\\\/coria.org\\\/ayuntamiento\\\/#organization\"},\"alternateName\":\"Web Oficial del Ayuntamiento de Coria\",\"potentialAction\":[{\"@type\":\"SearchAction\",\"target\":{\"@type\":\"EntryPoint\",\"urlTemplate\":\"https:\\\/\\\/coria.org\\\/ayuntamiento\\\/?s={search_term_string}\"},\"query-input\":{\"@type\":\"PropertyValueSpecification\",\"valueRequired\":true,\"valueName\":\"search_term_string\"}}],\"inLanguage\":\"es\"},{\"@type\":\"Organization\",\"@id\":\"https:\\\/\\\/coria.org\\\/ayuntamiento\\\/#organization\",\"name\":\"Ayuntamiento de Coria\",\"alternateName\":\"Ayto de Coria\",\"url\":\"https:\\\/\\\/coria.org\\\/ayuntamiento\\\/\",\"logo\":{\"@type\":\"ImageObject\",\"inLanguage\":\"es\",\"@id\":\"https:\\\/\\\/coria.org\\\/ayuntamiento\\\/#\\\/schema\\\/logo\\\/image\\\/\",\"url\":\"https:\\\/\\\/coria.org\\\/ayuntamiento\\\/wp-content\\\/uploads\\\/2020\\\/12\\\/escudo-ayuntamiento-coria.png\",\"contentUrl\":\"https:\\\/\\\/coria.org\\\/ayuntamiento\\\/wp-content\\\/uploads\\\/2020\\\/12\\\/escudo-ayuntamiento-coria.png\",\"width\":511,\"height\":240,\"caption\":\"Ayuntamiento de Coria\"},\"image\":{\"@id\":\"https:\\\/\\\/coria.org\\\/ayuntamiento\\\/#\\\/schema\\\/logo\\\/image\\\/\"},\"sameAs\":[\"https:\\\/\\\/www.facebook.com\\\/Ayuntamiento.de.Coria\",\"https:\\\/\\\/x.com\\\/Ayto_de_Coria\",\"https:\\\/\\\/www.instagram.com\\\/coria.ayuntamiento\\\/\",\"https:\\\/\\\/www.youtube.com\\\/user\\\/AYUNTAMIENTOCORIA\"]},{\"@type\":\"Person\",\"@id\":\"https:\\\/\\\/coria.org\\\/ayuntamiento\\\/#\\\/schema\\\/person\\\/8bd589f0e13e8ae5aa06def7a599d622\",\"name\":\"ayuntamiento\",\"image\":{\"@type\":\"ImageObject\",\"inLanguage\":\"es\",\"@id\":\"https:\\\/\\\/secure.gravatar.com\\\/avatar\\\/966e5ed73cad334adda5c87f49f2547f7082f7292c1b627cbb548744383b391c?s=96&d=mm&r=g\",\"url\":\"https:\\\/\\\/secure.gravatar.com\\\/avatar\\\/966e5ed73cad334adda5c87f49f2547f7082f7292c1b627cbb548744383b391c?s=96&d=mm&r=g\",\"contentUrl\":\"https:\\\/\\\/secure.gravatar.com\\\/avatar\\\/966e5ed73cad334adda5c87f49f2547f7082f7292c1b627cbb548744383b391c?s=96&d=mm&r=g\",\"caption\":\"ayuntamiento\"}}]}<\/script>\n<!-- \/ Yoast SEO plugin. -->","yoast_head_json":{"title":"Cortes en el suministro de agua - Ayuntamiento de Coria","robots":{"index":"index","follow":"follow","max-snippet":"max-snippet:-1","max-image-preview":"max-image-preview:large","max-video-preview":"max-video-preview:-1"},"canonical":"https:\/\/coria.org\/ayuntamiento\/index.php\/2006\/10\/11\/cortes-en-el-suministro-de-agua\/","og_locale":"es_ES","og_type":"article","og_title":"Cortes en el suministro de agua - Ayuntamiento de Coria","og_description":"El Ayuntamiento de Coria informa que ma\u00f1ana mi\u00e9rcoles 11 de Octubre se producir\u00e1n cortes en el suministro de agua en la zona de la ciudad que se halla comprendida entre el Cruce del Carterino y el r\u00edo. Los cortes que obedecen a una acometida a la red general principal de la ciudad, se efectuaran a [&hellip;]","og_url":"https:\/\/coria.org\/ayuntamiento\/index.php\/2006\/10\/11\/cortes-en-el-suministro-de-agua\/","og_site_name":"Ayuntamiento de Coria","article_publisher":"https:\/\/www.facebook.com\/Ayuntamiento.de.Coria","article_published_time":"2006-10-10T22:00:00+00:00","article_modified_time":"2023-09-18T11:31:08+00:00","author":"ayuntamiento","twitter_card":"summary_large_image","twitter_creator":"@Ayto_de_Coria","twitter_site":"@Ayto_de_Coria","twitter_misc":{"Escrito por":"ayuntamiento"},"schema":{"@context":"https:\/\/schema.org","@graph":[{"@type":"Article","@id":"https:\/\/coria.org\/ayuntamiento\/index.php\/2006\/10\/11\/cortes-en-el-suministro-de-agua\/#article","isPartOf":{"@id":"https:\/\/coria.org\/ayuntamiento\/index.php\/2006\/10\/11\/cortes-en-el-suministro-de-agua\/"},"author":{"name":"ayuntamiento","@id":"https:\/\/coria.org\/ayuntamiento\/#\/schema\/person\/8bd589f0e13e8ae5aa06def7a599d622"},"headline":"Cortes en el suministro de agua","datePublished":"2006-10-10T22:00:00+00:00","dateModified":"2023-09-18T11:31:08+00:00","mainEntityOfPage":{"@id":"https:\/\/coria.org\/ayuntamiento\/index.php\/2006\/10\/11\/cortes-en-el-suministro-de-agua\/"},"wordCount":76,"publisher":{"@id":"https:\/\/coria.org\/ayuntamiento\/#organization"},"keywords":["agua","cortes"],"articleSection":["Noticias"],"inLanguage":"es"},{"@type":"WebPage","@id":"https:\/\/coria.org\/ayuntamiento\/index.php\/2006\/10\/11\/cortes-en-el-suministro-de-agua\/","url":"https:\/\/coria.org\/ayuntamiento\/index.php\/2006\/10\/11\/cortes-en-el-suministro-de-agua\/","name":"Cortes en el suministro de agua - Ayuntamiento de Coria","isPartOf":{"@id":"https:\/\/coria.org\/ayuntamiento\/#website"},"datePublished":"2006-10-10T22:00:00+00:00","dateModified":"2023-09-18T11:31:08+00:00","breadcrumb":{"@id":"https:\/\/coria.org\/ayuntamiento\/index.php\/2006\/10\/11\/cortes-en-el-suministro-de-agua\/#breadcrumb"},"inLanguage":"es","potentialAction":[{"@type":"ReadAction","target":["https:\/\/coria.org\/ayuntamiento\/index.php\/2006\/10\/11\/cortes-en-el-suministro-de-agua\/"]}]},{"@type":"BreadcrumbList","@id":"https:\/\/coria.org\/ayuntamiento\/index.php\/2006\/10\/11\/cortes-en-el-suministro-de-agua\/#breadcrumb","itemListElement":[{"@type":"ListItem","position":1,"name":"Inicio","item":"https:\/\/coria.org\/ayuntamiento\/"},{"@type":"ListItem","position":2,"name":"Cortes en el suministro de agua"}]},{"@type":"WebSite","@id":"https:\/\/coria.org\/ayuntamiento\/#website","url":"https:\/\/coria.org\/ayuntamiento\/","name":"Ayuntamiento de Coria","description":"Web oficial del Ayuntamiento de Coria","publisher":{"@id":"https:\/\/coria.org\/ayuntamiento\/#organization"},"alternateName":"Web Oficial del Ayuntamiento de Coria","potentialAction":[{"@type":"SearchAction","target":{"@type":"EntryPoint","urlTemplate":"https:\/\/coria.org\/ayuntamiento\/?s={search_term_string}"},"query-input":{"@type":"PropertyValueSpecification","valueRequired":true,"valueName":"search_term_string"}}],"inLanguage":"es"},{"@type":"Organization","@id":"https:\/\/coria.org\/ayuntamiento\/#organization","name":"Ayuntamiento de Coria","alternateName":"Ayto de Coria","url":"https:\/\/coria.org\/ayuntamiento\/","logo":{"@type":"ImageObject","inLanguage":"es","@id":"https:\/\/coria.org\/ayuntamiento\/#\/schema\/logo\/image\/","url":"https:\/\/coria.org\/ayuntamiento\/wp-content\/uploads\/2020\/12\/escudo-ayuntamiento-coria.png","contentUrl":"https:\/\/coria.org\/ayuntamiento\/wp-content\/uploads\/2020\/12\/escudo-ayuntamiento-coria.png","width":511,"height":240,"caption":"Ayuntamiento de Coria"},"image":{"@id":"https:\/\/coria.org\/ayuntamiento\/#\/schema\/logo\/image\/"},"sameAs":["https:\/\/www.facebook.com\/Ayuntamiento.de.Coria","https:\/\/x.com\/Ayto_de_Coria","https:\/\/www.instagram.com\/coria.ayuntamiento\/","https:\/\/www.youtube.com\/user\/AYUNTAMIENTOCORIA"]},{"@type":"Person","@id":"https:\/\/coria.org\/ayuntamiento\/#\/schema\/person\/8bd589f0e13e8ae5aa06def7a599d622","name":"ayuntamiento","image":{"@type":"ImageObject","inLanguage":"es","@id":"https:\/\/secure.gravatar.com\/avatar\/966e5ed73cad334adda5c87f49f2547f7082f7292c1b627cbb548744383b391c?s=96&d=mm&r=g","url":"https:\/\/secure.gravatar.com\/avatar\/966e5ed73cad334adda5c87f49f2547f7082f7292c1b627cbb548744383b391c?s=96&d=mm&r=g","contentUrl":"https:\/\/secure.gravatar.com\/avatar\/966e5ed73cad334adda5c87f49f2547f7082f7292c1b627cbb548744383b391c?s=96&d=mm&r=g","caption":"ayuntamiento"}}]}},"uagb_featured_image_src":{"full":false,"thumbnail":false,"medium":false,"medium_large":false,"large":false,"thumblist":false,"thumbrelated":false,"meccarouselthumb":false,"gridsquare":false,"tileview":false,"1536x1536":false,"2048x2048":false},"uagb_author_info":{"display_name":"ayuntamiento","author_link":"https:\/\/coria.org\/ayuntamiento\/index.php\/author\/ayuntamiento\/"},"uagb_comment_info":0,"uagb_excerpt":"El Ayuntamiento de Coria informa que ma\u00f1ana mi\u00e9rcoles 11 de Octubre se producir\u00e1n cortes en el suministro de agua en la zona de la ciudad que se halla comprendida entre el Cruce del Carterino y el r\u00edo. Los cortes que obedecen a una acometida a la red general principal de la ciudad, se efectuaran a&hellip;","_links":{"self":[{"href":"https:\/\/coria.org\/ayuntamiento\/index.php\/wp-json\/wp\/v2\/posts\/27209","targetHints":{"allow":["GET"]}}],"collection":[{"href":"https:\/\/coria.org\/ayuntamiento\/index.php\/wp-json\/wp\/v2\/posts"}],"about":[{"href":"https:\/\/coria.org\/ayuntamiento\/index.php\/wp-json\/wp\/v2\/types\/post"}],"author":[{"embeddable":true,"href":"https:\/\/coria.org\/ayuntamiento\/index.php\/wp-json\/wp\/v2\/users\/2"}],"replies":[{"embeddable":true,"href":"https:\/\/coria.org\/ayuntamiento\/index.php\/wp-json\/wp\/v2\/comments?post=27209"}],"version-history":[{"count":0,"href":"https:\/\/coria.org\/ayuntamiento\/index.php\/wp-json\/wp\/v2\/posts\/27209\/revisions"}],"wp:attachment":[{"href":"https:\/\/coria.org\/ayuntamiento\/index.php\/wp-json\/wp\/v2\/media?parent=27209"}],"wp:term":[{"taxonomy":"category","embeddable":true,"href":"https:\/\/coria.org\/ayuntamiento\/index.php\/wp-json\/wp\/v2\/categories?post=27209"},{"taxonomy":"post_tag","embeddable":true,"href":"https:\/\/coria.org\/ayuntamiento\/index.php\/wp-json\/wp\/v2\/tags?post=27209"}],"curies":[{"name":"wp","href":"https:\/\/api.w.org\/{rel}","templated":true}]}}