{"id":27208,"date":"2006-10-11T00:00:00","date_gmt":"2006-10-10T22:00:00","guid":{"rendered":"https:\/\/ayuntamiento.coriaenimagenes.com\/finalizacion-de-los-trabajos-realizados-en-las-calles-colombia-y-mejico\/"},"modified":"2023-09-18T13:31:08","modified_gmt":"2023-09-18T11:31:08","slug":"finalizacion-de-los-trabajos-realizados-en-las-calles-colombia-y-mejico","status":"publish","type":"post","link":"https:\/\/coria.org\/ayuntamiento\/index.php\/2006\/10\/11\/finalizacion-de-los-trabajos-realizados-en-las-calles-colombia-y-mejico\/","title":{"rendered":"Finalizaci\u00f3n de los trabajos realizados en las calles Colombia y M\u00e9jico"},"content":{"rendered":"\n<p><b>El Ayuntamiento finalizo con \u00e9xito los trabajos de pintura y mejora de la se\u00f1alizaci\u00f3n vial de la calzada realizadas en las calles Colombia y M\u00e9jico. <\/b><\/p>\n\n\n\n<p><b><\/b>Un equipo integrado por dos operarios municipales concluyeron la pasada semana los trabajos de pintura y se\u00f1alizaci\u00f3n vial que el Ayuntamiento de Coria ha realizado en las calles M\u00e9jico y Colombia, despu\u00e9s de que finalizaran las obras de renovaci\u00f3n de la red de distribuci\u00f3n del agua y las acometidas domiciliarias a dicha red, incluidas en el POL 2005.<\/p>\n\n\n\n<p>De hecho, se han utilizado 250 kilos de pintura para dotar a ambas calzadas de se\u00f1ales de aparcamiento, vados de garaje, pasos de peatones y se\u00f1ales verticales.<\/p>\n\n\n\n<p>Como novedad la calle Colombia contara con un sentido \u00fanico descendente para el trafico de veh\u00edculos en lugar del doble sentido de circulaci\u00f3n que hab\u00eda establecido antes de las reformas, esta medida aumentara la fluidez del trafico en la zona y facilitara el transito de peatones.<\/p>\n\n\n\n<p>El Alcalde Hurtado Sim\u00f3n y el Concejal de Obras Jos\u00e9 Antonio Moreno han expresado su satisfacci\u00f3n al ver finalizadas unas obras de car\u00e1cter municipal en una zona tan importante de Coria ya en el \u00e1rea del Barrio de las Malvinas se concentran servicios sociales tan necesarios como la Residencia de ancianos y el Centro de Alzehimer que preside Rita Vivas, as\u00ed como la estaci\u00f3n de Autobuses y el CP Zurbaran.<\/p>\n\n\n\n<p>Como se recordara las calles M\u00e9jico y Colombia se beneficiaron del Proyecto de redes de abastecimiento de agua y saneamiento que fue realizado en Coria durante la pasada primavera con fondos de la Diputaci\u00f3n de C\u00e1ceres, dicho proyecto fue redactado por el servicio de ingenier\u00eda de la Instituci\u00f3n a petici\u00f3n del Diputado de Infraestructuras, con objeto de servir de base para la contrataci\u00f3n de las obras.<\/p>\n\n\n\n<p>As\u00ed, la empresa cauriense Mart\u00edn Cuadrado S.L fue la encargada de acometer las obras que recoge el proyecto, cuyo importe ascendi\u00f3 a un cuarto de mill\u00f3n de euros, de este modo se sustituyo la red de distribuci\u00f3n del agua y las acometidas domiciliarias a dicha red adem\u00e1s de reponer los acerados y la calzada, en ambas calles.<\/p>\n","protected":false},"excerpt":{"rendered":"<p>El Ayuntamiento finalizo con \u00e9xito los trabajos de pintura y mejora de la se\u00f1alizaci\u00f3n vial de la calzada realizadas en las calles Colombia y M\u00e9jico. Un equipo integrado por dos operarios municipales concluyeron la pasada semana los trabajos de pintura y se\u00f1alizaci\u00f3n vial que el Ayuntamiento de Coria ha realizado en las calles M\u00e9jico y [&hellip;]<\/p>\n","protected":false},"author":2,"featured_media":0,"comment_status":"closed","ping_status":"closed","sticky":false,"template":"","format":"standard","meta":{"_uag_custom_page_level_css":"","footnotes":""},"categories":[2],"tags":[331,798,883],"class_list":["post-27208","post","type-post","status-publish","format-standard","hentry","category-noticias","tag-colombia","tag-mejico","tag-obras"],"yoast_head":"<!-- This site is optimized with the Yoast SEO plugin v27.4 - https:\/\/yoast.com\/product\/yoast-seo-wordpress\/ -->\n<title>Finalizaci\u00f3n de los trabajos realizados en las calles Colombia y M\u00e9jico - Ayuntamiento de Coria<\/title>\n<meta name=\"robots\" content=\"index, follow, max-snippet:-1, max-image-preview:large, max-video-preview:-1\" \/>\n<link rel=\"canonical\" href=\"https:\/\/coria.org\/ayuntamiento\/index.php\/2006\/10\/11\/finalizacion-de-los-trabajos-realizados-en-las-calles-colombia-y-mejico\/\" \/>\n<meta property=\"og:locale\" content=\"es_ES\" \/>\n<meta property=\"og:type\" content=\"article\" \/>\n<meta property=\"og:title\" content=\"Finalizaci\u00f3n de los trabajos realizados en las calles Colombia y M\u00e9jico - Ayuntamiento de Coria\" \/>\n<meta property=\"og:description\" content=\"El Ayuntamiento finalizo con \u00e9xito los trabajos de pintura y mejora de la se\u00f1alizaci\u00f3n vial de la calzada realizadas en las calles Colombia y M\u00e9jico. Un equipo integrado por dos operarios municipales concluyeron la pasada semana los trabajos de pintura y se\u00f1alizaci\u00f3n vial que el Ayuntamiento de Coria ha realizado en las calles M\u00e9jico y [&hellip;]\" \/>\n<meta property=\"og:url\" content=\"https:\/\/coria.org\/ayuntamiento\/index.php\/2006\/10\/11\/finalizacion-de-los-trabajos-realizados-en-las-calles-colombia-y-mejico\/\" \/>\n<meta property=\"og:site_name\" content=\"Ayuntamiento de Coria\" \/>\n<meta property=\"article:publisher\" content=\"https:\/\/www.facebook.com\/Ayuntamiento.de.Coria\" \/>\n<meta property=\"article:published_time\" content=\"2006-10-10T22:00:00+00:00\" \/>\n<meta property=\"article:modified_time\" content=\"2023-09-18T11:31:08+00:00\" \/>\n<meta name=\"author\" content=\"ayuntamiento\" \/>\n<meta name=\"twitter:card\" content=\"summary_large_image\" \/>\n<meta name=\"twitter:creator\" content=\"@Ayto_de_Coria\" \/>\n<meta name=\"twitter:site\" content=\"@Ayto_de_Coria\" \/>\n<meta name=\"twitter:label1\" content=\"Escrito por\" \/>\n\t<meta name=\"twitter:data1\" content=\"ayuntamiento\" \/>\n\t<meta name=\"twitter:label2\" content=\"Tiempo de lectura\" \/>\n\t<meta name=\"twitter:data2\" content=\"2 minutos\" \/>\n<script type=\"application\/ld+json\" class=\"yoast-schema-graph\">{\"@context\":\"https:\\\/\\\/schema.org\",\"@graph\":[{\"@type\":\"Article\",\"@id\":\"https:\\\/\\\/coria.org\\\/ayuntamiento\\\/index.php\\\/2006\\\/10\\\/11\\\/finalizacion-de-los-trabajos-realizados-en-las-calles-colombia-y-mejico\\\/#article\",\"isPartOf\":{\"@id\":\"https:\\\/\\\/coria.org\\\/ayuntamiento\\\/index.php\\\/2006\\\/10\\\/11\\\/finalizacion-de-los-trabajos-realizados-en-las-calles-colombia-y-mejico\\\/\"},\"author\":{\"name\":\"ayuntamiento\",\"@id\":\"https:\\\/\\\/coria.org\\\/ayuntamiento\\\/#\\\/schema\\\/person\\\/8bd589f0e13e8ae5aa06def7a599d622\"},\"headline\":\"Finalizaci\u00f3n de los trabajos realizados en las calles Colombia y M\u00e9jico\",\"datePublished\":\"2006-10-10T22:00:00+00:00\",\"dateModified\":\"2023-09-18T11:31:08+00:00\",\"mainEntityOfPage\":{\"@id\":\"https:\\\/\\\/coria.org\\\/ayuntamiento\\\/index.php\\\/2006\\\/10\\\/11\\\/finalizacion-de-los-trabajos-realizados-en-las-calles-colombia-y-mejico\\\/\"},\"wordCount\":390,\"publisher\":{\"@id\":\"https:\\\/\\\/coria.org\\\/ayuntamiento\\\/#organization\"},\"keywords\":[\"colombia\",\"mejico\",\"obras\"],\"articleSection\":[\"Noticias\"],\"inLanguage\":\"es\"},{\"@type\":\"WebPage\",\"@id\":\"https:\\\/\\\/coria.org\\\/ayuntamiento\\\/index.php\\\/2006\\\/10\\\/11\\\/finalizacion-de-los-trabajos-realizados-en-las-calles-colombia-y-mejico\\\/\",\"url\":\"https:\\\/\\\/coria.org\\\/ayuntamiento\\\/index.php\\\/2006\\\/10\\\/11\\\/finalizacion-de-los-trabajos-realizados-en-las-calles-colombia-y-mejico\\\/\",\"name\":\"Finalizaci\u00f3n de los trabajos realizados en las calles Colombia y M\u00e9jico - Ayuntamiento de Coria\",\"isPartOf\":{\"@id\":\"https:\\\/\\\/coria.org\\\/ayuntamiento\\\/#website\"},\"datePublished\":\"2006-10-10T22:00:00+00:00\",\"dateModified\":\"2023-09-18T11:31:08+00:00\",\"breadcrumb\":{\"@id\":\"https:\\\/\\\/coria.org\\\/ayuntamiento\\\/index.php\\\/2006\\\/10\\\/11\\\/finalizacion-de-los-trabajos-realizados-en-las-calles-colombia-y-mejico\\\/#breadcrumb\"},\"inLanguage\":\"es\",\"potentialAction\":[{\"@type\":\"ReadAction\",\"target\":[\"https:\\\/\\\/coria.org\\\/ayuntamiento\\\/index.php\\\/2006\\\/10\\\/11\\\/finalizacion-de-los-trabajos-realizados-en-las-calles-colombia-y-mejico\\\/\"]}]},{\"@type\":\"BreadcrumbList\",\"@id\":\"https:\\\/\\\/coria.org\\\/ayuntamiento\\\/index.php\\\/2006\\\/10\\\/11\\\/finalizacion-de-los-trabajos-realizados-en-las-calles-colombia-y-mejico\\\/#breadcrumb\",\"itemListElement\":[{\"@type\":\"ListItem\",\"position\":1,\"name\":\"Inicio\",\"item\":\"https:\\\/\\\/coria.org\\\/ayuntamiento\\\/\"},{\"@type\":\"ListItem\",\"position\":2,\"name\":\"Finalizaci\u00f3n de los trabajos realizados en las calles Colombia y M\u00e9jico\"}]},{\"@type\":\"WebSite\",\"@id\":\"https:\\\/\\\/coria.org\\\/ayuntamiento\\\/#website\",\"url\":\"https:\\\/\\\/coria.org\\\/ayuntamiento\\\/\",\"name\":\"Ayuntamiento de Coria\",\"description\":\"Web oficial del Ayuntamiento de Coria\",\"publisher\":{\"@id\":\"https:\\\/\\\/coria.org\\\/ayuntamiento\\\/#organization\"},\"alternateName\":\"Web Oficial del Ayuntamiento de Coria\",\"potentialAction\":[{\"@type\":\"SearchAction\",\"target\":{\"@type\":\"EntryPoint\",\"urlTemplate\":\"https:\\\/\\\/coria.org\\\/ayuntamiento\\\/?s={search_term_string}\"},\"query-input\":{\"@type\":\"PropertyValueSpecification\",\"valueRequired\":true,\"valueName\":\"search_term_string\"}}],\"inLanguage\":\"es\"},{\"@type\":\"Organization\",\"@id\":\"https:\\\/\\\/coria.org\\\/ayuntamiento\\\/#organization\",\"name\":\"Ayuntamiento de Coria\",\"alternateName\":\"Ayto de Coria\",\"url\":\"https:\\\/\\\/coria.org\\\/ayuntamiento\\\/\",\"logo\":{\"@type\":\"ImageObject\",\"inLanguage\":\"es\",\"@id\":\"https:\\\/\\\/coria.org\\\/ayuntamiento\\\/#\\\/schema\\\/logo\\\/image\\\/\",\"url\":\"https:\\\/\\\/coria.org\\\/ayuntamiento\\\/wp-content\\\/uploads\\\/2020\\\/12\\\/escudo-ayuntamiento-coria.png\",\"contentUrl\":\"https:\\\/\\\/coria.org\\\/ayuntamiento\\\/wp-content\\\/uploads\\\/2020\\\/12\\\/escudo-ayuntamiento-coria.png\",\"width\":511,\"height\":240,\"caption\":\"Ayuntamiento de Coria\"},\"image\":{\"@id\":\"https:\\\/\\\/coria.org\\\/ayuntamiento\\\/#\\\/schema\\\/logo\\\/image\\\/\"},\"sameAs\":[\"https:\\\/\\\/www.facebook.com\\\/Ayuntamiento.de.Coria\",\"https:\\\/\\\/x.com\\\/Ayto_de_Coria\",\"https:\\\/\\\/www.instagram.com\\\/coria.ayuntamiento\\\/\",\"https:\\\/\\\/www.youtube.com\\\/user\\\/AYUNTAMIENTOCORIA\"]},{\"@type\":\"Person\",\"@id\":\"https:\\\/\\\/coria.org\\\/ayuntamiento\\\/#\\\/schema\\\/person\\\/8bd589f0e13e8ae5aa06def7a599d622\",\"name\":\"ayuntamiento\",\"image\":{\"@type\":\"ImageObject\",\"inLanguage\":\"es\",\"@id\":\"https:\\\/\\\/secure.gravatar.com\\\/avatar\\\/966e5ed73cad334adda5c87f49f2547f7082f7292c1b627cbb548744383b391c?s=96&d=mm&r=g\",\"url\":\"https:\\\/\\\/secure.gravatar.com\\\/avatar\\\/966e5ed73cad334adda5c87f49f2547f7082f7292c1b627cbb548744383b391c?s=96&d=mm&r=g\",\"contentUrl\":\"https:\\\/\\\/secure.gravatar.com\\\/avatar\\\/966e5ed73cad334adda5c87f49f2547f7082f7292c1b627cbb548744383b391c?s=96&d=mm&r=g\",\"caption\":\"ayuntamiento\"}}]}<\/script>\n<!-- \/ Yoast SEO plugin. -->","yoast_head_json":{"title":"Finalizaci\u00f3n de los trabajos realizados en las calles Colombia y M\u00e9jico - Ayuntamiento de Coria","robots":{"index":"index","follow":"follow","max-snippet":"max-snippet:-1","max-image-preview":"max-image-preview:large","max-video-preview":"max-video-preview:-1"},"canonical":"https:\/\/coria.org\/ayuntamiento\/index.php\/2006\/10\/11\/finalizacion-de-los-trabajos-realizados-en-las-calles-colombia-y-mejico\/","og_locale":"es_ES","og_type":"article","og_title":"Finalizaci\u00f3n de los trabajos realizados en las calles Colombia y M\u00e9jico - Ayuntamiento de Coria","og_description":"El Ayuntamiento finalizo con \u00e9xito los trabajos de pintura y mejora de la se\u00f1alizaci\u00f3n vial de la calzada realizadas en las calles Colombia y M\u00e9jico. Un equipo integrado por dos operarios municipales concluyeron la pasada semana los trabajos de pintura y se\u00f1alizaci\u00f3n vial que el Ayuntamiento de Coria ha realizado en las calles M\u00e9jico y [&hellip;]","og_url":"https:\/\/coria.org\/ayuntamiento\/index.php\/2006\/10\/11\/finalizacion-de-los-trabajos-realizados-en-las-calles-colombia-y-mejico\/","og_site_name":"Ayuntamiento de Coria","article_publisher":"https:\/\/www.facebook.com\/Ayuntamiento.de.Coria","article_published_time":"2006-10-10T22:00:00+00:00","article_modified_time":"2023-09-18T11:31:08+00:00","author":"ayuntamiento","twitter_card":"summary_large_image","twitter_creator":"@Ayto_de_Coria","twitter_site":"@Ayto_de_Coria","twitter_misc":{"Escrito por":"ayuntamiento","Tiempo de lectura":"2 minutos"},"schema":{"@context":"https:\/\/schema.org","@graph":[{"@type":"Article","@id":"https:\/\/coria.org\/ayuntamiento\/index.php\/2006\/10\/11\/finalizacion-de-los-trabajos-realizados-en-las-calles-colombia-y-mejico\/#article","isPartOf":{"@id":"https:\/\/coria.org\/ayuntamiento\/index.php\/2006\/10\/11\/finalizacion-de-los-trabajos-realizados-en-las-calles-colombia-y-mejico\/"},"author":{"name":"ayuntamiento","@id":"https:\/\/coria.org\/ayuntamiento\/#\/schema\/person\/8bd589f0e13e8ae5aa06def7a599d622"},"headline":"Finalizaci\u00f3n de los trabajos realizados en las calles Colombia y M\u00e9jico","datePublished":"2006-10-10T22:00:00+00:00","dateModified":"2023-09-18T11:31:08+00:00","mainEntityOfPage":{"@id":"https:\/\/coria.org\/ayuntamiento\/index.php\/2006\/10\/11\/finalizacion-de-los-trabajos-realizados-en-las-calles-colombia-y-mejico\/"},"wordCount":390,"publisher":{"@id":"https:\/\/coria.org\/ayuntamiento\/#organization"},"keywords":["colombia","mejico","obras"],"articleSection":["Noticias"],"inLanguage":"es"},{"@type":"WebPage","@id":"https:\/\/coria.org\/ayuntamiento\/index.php\/2006\/10\/11\/finalizacion-de-los-trabajos-realizados-en-las-calles-colombia-y-mejico\/","url":"https:\/\/coria.org\/ayuntamiento\/index.php\/2006\/10\/11\/finalizacion-de-los-trabajos-realizados-en-las-calles-colombia-y-mejico\/","name":"Finalizaci\u00f3n de los trabajos realizados en las calles Colombia y M\u00e9jico - Ayuntamiento de Coria","isPartOf":{"@id":"https:\/\/coria.org\/ayuntamiento\/#website"},"datePublished":"2006-10-10T22:00:00+00:00","dateModified":"2023-09-18T11:31:08+00:00","breadcrumb":{"@id":"https:\/\/coria.org\/ayuntamiento\/index.php\/2006\/10\/11\/finalizacion-de-los-trabajos-realizados-en-las-calles-colombia-y-mejico\/#breadcrumb"},"inLanguage":"es","potentialAction":[{"@type":"ReadAction","target":["https:\/\/coria.org\/ayuntamiento\/index.php\/2006\/10\/11\/finalizacion-de-los-trabajos-realizados-en-las-calles-colombia-y-mejico\/"]}]},{"@type":"BreadcrumbList","@id":"https:\/\/coria.org\/ayuntamiento\/index.php\/2006\/10\/11\/finalizacion-de-los-trabajos-realizados-en-las-calles-colombia-y-mejico\/#breadcrumb","itemListElement":[{"@type":"ListItem","position":1,"name":"Inicio","item":"https:\/\/coria.org\/ayuntamiento\/"},{"@type":"ListItem","position":2,"name":"Finalizaci\u00f3n de los trabajos realizados en las calles Colombia y M\u00e9jico"}]},{"@type":"WebSite","@id":"https:\/\/coria.org\/ayuntamiento\/#website","url":"https:\/\/coria.org\/ayuntamiento\/","name":"Ayuntamiento de Coria","description":"Web oficial del Ayuntamiento de Coria","publisher":{"@id":"https:\/\/coria.org\/ayuntamiento\/#organization"},"alternateName":"Web Oficial del Ayuntamiento de Coria","potentialAction":[{"@type":"SearchAction","target":{"@type":"EntryPoint","urlTemplate":"https:\/\/coria.org\/ayuntamiento\/?s={search_term_string}"},"query-input":{"@type":"PropertyValueSpecification","valueRequired":true,"valueName":"search_term_string"}}],"inLanguage":"es"},{"@type":"Organization","@id":"https:\/\/coria.org\/ayuntamiento\/#organization","name":"Ayuntamiento de Coria","alternateName":"Ayto de Coria","url":"https:\/\/coria.org\/ayuntamiento\/","logo":{"@type":"ImageObject","inLanguage":"es","@id":"https:\/\/coria.org\/ayuntamiento\/#\/schema\/logo\/image\/","url":"https:\/\/coria.org\/ayuntamiento\/wp-content\/uploads\/2020\/12\/escudo-ayuntamiento-coria.png","contentUrl":"https:\/\/coria.org\/ayuntamiento\/wp-content\/uploads\/2020\/12\/escudo-ayuntamiento-coria.png","width":511,"height":240,"caption":"Ayuntamiento de Coria"},"image":{"@id":"https:\/\/coria.org\/ayuntamiento\/#\/schema\/logo\/image\/"},"sameAs":["https:\/\/www.facebook.com\/Ayuntamiento.de.Coria","https:\/\/x.com\/Ayto_de_Coria","https:\/\/www.instagram.com\/coria.ayuntamiento\/","https:\/\/www.youtube.com\/user\/AYUNTAMIENTOCORIA"]},{"@type":"Person","@id":"https:\/\/coria.org\/ayuntamiento\/#\/schema\/person\/8bd589f0e13e8ae5aa06def7a599d622","name":"ayuntamiento","image":{"@type":"ImageObject","inLanguage":"es","@id":"https:\/\/secure.gravatar.com\/avatar\/966e5ed73cad334adda5c87f49f2547f7082f7292c1b627cbb548744383b391c?s=96&d=mm&r=g","url":"https:\/\/secure.gravatar.com\/avatar\/966e5ed73cad334adda5c87f49f2547f7082f7292c1b627cbb548744383b391c?s=96&d=mm&r=g","contentUrl":"https:\/\/secure.gravatar.com\/avatar\/966e5ed73cad334adda5c87f49f2547f7082f7292c1b627cbb548744383b391c?s=96&d=mm&r=g","caption":"ayuntamiento"}}]}},"uagb_featured_image_src":{"full":false,"thumbnail":false,"medium":false,"medium_large":false,"large":false,"thumblist":false,"thumbrelated":false,"meccarouselthumb":false,"gridsquare":false,"tileview":false,"1536x1536":false,"2048x2048":false},"uagb_author_info":{"display_name":"ayuntamiento","author_link":"https:\/\/coria.org\/ayuntamiento\/index.php\/author\/ayuntamiento\/"},"uagb_comment_info":0,"uagb_excerpt":"El Ayuntamiento finalizo con \u00e9xito los trabajos de pintura y mejora de la se\u00f1alizaci\u00f3n vial de la calzada realizadas en las calles Colombia y M\u00e9jico. Un equipo integrado por dos operarios municipales concluyeron la pasada semana los trabajos de pintura y se\u00f1alizaci\u00f3n vial que el Ayuntamiento de Coria ha realizado en las calles M\u00e9jico y&hellip;","_links":{"self":[{"href":"https:\/\/coria.org\/ayuntamiento\/index.php\/wp-json\/wp\/v2\/posts\/27208","targetHints":{"allow":["GET"]}}],"collection":[{"href":"https:\/\/coria.org\/ayuntamiento\/index.php\/wp-json\/wp\/v2\/posts"}],"about":[{"href":"https:\/\/coria.org\/ayuntamiento\/index.php\/wp-json\/wp\/v2\/types\/post"}],"author":[{"embeddable":true,"href":"https:\/\/coria.org\/ayuntamiento\/index.php\/wp-json\/wp\/v2\/users\/2"}],"replies":[{"embeddable":true,"href":"https:\/\/coria.org\/ayuntamiento\/index.php\/wp-json\/wp\/v2\/comments?post=27208"}],"version-history":[{"count":0,"href":"https:\/\/coria.org\/ayuntamiento\/index.php\/wp-json\/wp\/v2\/posts\/27208\/revisions"}],"wp:attachment":[{"href":"https:\/\/coria.org\/ayuntamiento\/index.php\/wp-json\/wp\/v2\/media?parent=27208"}],"wp:term":[{"taxonomy":"category","embeddable":true,"href":"https:\/\/coria.org\/ayuntamiento\/index.php\/wp-json\/wp\/v2\/categories?post=27208"},{"taxonomy":"post_tag","embeddable":true,"href":"https:\/\/coria.org\/ayuntamiento\/index.php\/wp-json\/wp\/v2\/tags?post=27208"}],"curies":[{"name":"wp","href":"https:\/\/api.w.org\/{rel}","templated":true}]}}