{"id":27201,"date":"2006-10-27T00:00:00","date_gmt":"2006-10-26T22:00:00","guid":{"rendered":"https:\/\/ayuntamiento.coriaenimagenes.com\/desperfectos-en-coria-tras-las-fuertes-lluvias\/"},"modified":"2023-09-18T13:31:07","modified_gmt":"2023-09-18T11:31:07","slug":"desperfectos-en-coria-tras-las-fuertes-lluvias","status":"publish","type":"post","link":"https:\/\/coria.org\/ayuntamiento\/index.php\/2006\/10\/27\/desperfectos-en-coria-tras-las-fuertes-lluvias\/","title":{"rendered":"Desperfectos en Coria tras las fuertes lluvias"},"content":{"rendered":"\n<p><b>Las fuertes lluvias que cayeron en Coria durante la tarde de ayer provocaron desperfectos en viviendas, establecimientos comerciales, instalaciones deportivas y en la Casa de Cultura de la ciudad.<\/b><\/p>\n\n\n\n<p><b><\/b>La lluvia comenz\u00f3 sobre las 4 de la tarde y se prolongo durante casi dos horas. El Alcalde Hurtado Sim\u00f3n y el Concejal de Obras permanecieron informados en todo momento de c\u00f3mo se iban desarrollando los acontecimientos en las zonas afectadas, as\u00ed supieron que la Casa de Cultura y el Pabell\u00f3n de Deportes sufrieron de nuevo las inclemencias del temporal ya que de nuevo aparecieron las goteras, que evidencian la necesidad de contar con un nuevo edificio en Coria lo suficientemente equipado para soportar las inclemencias climatol\u00f3gicas adversas.<\/p>\n\n\n\n<p>Para paliar los da\u00f1os sufridos en ambos edificios, el Concejal de Obras ha declarado que desde la tarde de ayer y durante la ma\u00f1ana de hoy un equipo de tres operarios municipales se encuentra trabajando en la Casa de cultura y en le Pabell\u00f3n a fin de solventar las aver\u00edas y desperfectos causados por la tromba de agua<\/p>\n\n\n\n<p>Adem\u00e1s el cauce del r\u00edo Alagon anego de forma temporal la carretera del Paseo de la Isla sin que hubiese que lamentar da\u00f1os personales o materiales.<\/p>\n\n\n\n<p>Respecto al r\u00edo Alag\u00f3n, Joaqu\u00edn Hurtado Sim\u00f3n ha manifestado en numerosas ocasiones a los responsables de la Confederaci\u00f3n Hidrogr\u00e1fica del Tajo y del Ministerio de Medio Ambiente la necesidad urgente de adecuar sus m\u00e1rgenes y cauce.<\/p>\n\n\n\n<p>Una vez mas, el Alcalde pide a las autoridades fondos econ\u00f3micos para paliar la agon\u00eda del r\u00edo.<\/p>\n","protected":false},"excerpt":{"rendered":"<p>Las fuertes lluvias que cayeron en Coria durante la tarde de ayer provocaron desperfectos en viviendas, establecimientos comerciales, instalaciones deportivas y en la Casa de Cultura de la ciudad. La lluvia comenz\u00f3 sobre las 4 de la tarde y se prolongo durante casi dos horas. El Alcalde Hurtado Sim\u00f3n y el Concejal de Obras permanecieron [&hellip;]<\/p>\n","protected":false},"author":2,"featured_media":0,"comment_status":"closed","ping_status":"closed","sticky":false,"template":"","format":"standard","meta":{"_uag_custom_page_level_css":"","footnotes":""},"categories":[2],"tags":[417,751],"class_list":["post-27201","post","type-post","status-publish","format-standard","hentry","category-noticias","tag-desperfectos","tag-lluvias"],"yoast_head":"<!-- This site is optimized with the Yoast SEO plugin v27.4 - https:\/\/yoast.com\/product\/yoast-seo-wordpress\/ -->\n<title>Desperfectos en Coria tras las fuertes lluvias - Ayuntamiento de Coria<\/title>\n<meta name=\"robots\" content=\"index, follow, max-snippet:-1, max-image-preview:large, max-video-preview:-1\" \/>\n<link rel=\"canonical\" href=\"https:\/\/coria.org\/ayuntamiento\/index.php\/2006\/10\/27\/desperfectos-en-coria-tras-las-fuertes-lluvias\/\" \/>\n<meta property=\"og:locale\" content=\"es_ES\" \/>\n<meta property=\"og:type\" content=\"article\" \/>\n<meta property=\"og:title\" content=\"Desperfectos en Coria tras las fuertes lluvias - Ayuntamiento de Coria\" \/>\n<meta property=\"og:description\" content=\"Las fuertes lluvias que cayeron en Coria durante la tarde de ayer provocaron desperfectos en viviendas, establecimientos comerciales, instalaciones deportivas y en la Casa de Cultura de la ciudad. La lluvia comenz\u00f3 sobre las 4 de la tarde y se prolongo durante casi dos horas. El Alcalde Hurtado Sim\u00f3n y el Concejal de Obras permanecieron [&hellip;]\" \/>\n<meta property=\"og:url\" content=\"https:\/\/coria.org\/ayuntamiento\/index.php\/2006\/10\/27\/desperfectos-en-coria-tras-las-fuertes-lluvias\/\" \/>\n<meta property=\"og:site_name\" content=\"Ayuntamiento de Coria\" \/>\n<meta property=\"article:publisher\" content=\"https:\/\/www.facebook.com\/Ayuntamiento.de.Coria\" \/>\n<meta property=\"article:published_time\" content=\"2006-10-26T22:00:00+00:00\" \/>\n<meta property=\"article:modified_time\" content=\"2023-09-18T11:31:07+00:00\" \/>\n<meta name=\"author\" content=\"ayuntamiento\" \/>\n<meta name=\"twitter:card\" content=\"summary_large_image\" \/>\n<meta name=\"twitter:creator\" content=\"@Ayto_de_Coria\" \/>\n<meta name=\"twitter:site\" content=\"@Ayto_de_Coria\" \/>\n<meta name=\"twitter:label1\" content=\"Escrito por\" \/>\n\t<meta name=\"twitter:data1\" content=\"ayuntamiento\" \/>\n\t<meta name=\"twitter:label2\" content=\"Tiempo de lectura\" \/>\n\t<meta name=\"twitter:data2\" content=\"1 minuto\" \/>\n<script type=\"application\/ld+json\" class=\"yoast-schema-graph\">{\"@context\":\"https:\\\/\\\/schema.org\",\"@graph\":[{\"@type\":\"Article\",\"@id\":\"https:\\\/\\\/coria.org\\\/ayuntamiento\\\/index.php\\\/2006\\\/10\\\/27\\\/desperfectos-en-coria-tras-las-fuertes-lluvias\\\/#article\",\"isPartOf\":{\"@id\":\"https:\\\/\\\/coria.org\\\/ayuntamiento\\\/index.php\\\/2006\\\/10\\\/27\\\/desperfectos-en-coria-tras-las-fuertes-lluvias\\\/\"},\"author\":{\"name\":\"ayuntamiento\",\"@id\":\"https:\\\/\\\/coria.org\\\/ayuntamiento\\\/#\\\/schema\\\/person\\\/8bd589f0e13e8ae5aa06def7a599d622\"},\"headline\":\"Desperfectos en Coria tras las fuertes lluvias\",\"datePublished\":\"2006-10-26T22:00:00+00:00\",\"dateModified\":\"2023-09-18T11:31:07+00:00\",\"mainEntityOfPage\":{\"@id\":\"https:\\\/\\\/coria.org\\\/ayuntamiento\\\/index.php\\\/2006\\\/10\\\/27\\\/desperfectos-en-coria-tras-las-fuertes-lluvias\\\/\"},\"wordCount\":281,\"publisher\":{\"@id\":\"https:\\\/\\\/coria.org\\\/ayuntamiento\\\/#organization\"},\"keywords\":[\"desperfectos\",\"lluvias\"],\"articleSection\":[\"Noticias\"],\"inLanguage\":\"es\"},{\"@type\":\"WebPage\",\"@id\":\"https:\\\/\\\/coria.org\\\/ayuntamiento\\\/index.php\\\/2006\\\/10\\\/27\\\/desperfectos-en-coria-tras-las-fuertes-lluvias\\\/\",\"url\":\"https:\\\/\\\/coria.org\\\/ayuntamiento\\\/index.php\\\/2006\\\/10\\\/27\\\/desperfectos-en-coria-tras-las-fuertes-lluvias\\\/\",\"name\":\"Desperfectos en Coria tras las fuertes lluvias - Ayuntamiento de Coria\",\"isPartOf\":{\"@id\":\"https:\\\/\\\/coria.org\\\/ayuntamiento\\\/#website\"},\"datePublished\":\"2006-10-26T22:00:00+00:00\",\"dateModified\":\"2023-09-18T11:31:07+00:00\",\"breadcrumb\":{\"@id\":\"https:\\\/\\\/coria.org\\\/ayuntamiento\\\/index.php\\\/2006\\\/10\\\/27\\\/desperfectos-en-coria-tras-las-fuertes-lluvias\\\/#breadcrumb\"},\"inLanguage\":\"es\",\"potentialAction\":[{\"@type\":\"ReadAction\",\"target\":[\"https:\\\/\\\/coria.org\\\/ayuntamiento\\\/index.php\\\/2006\\\/10\\\/27\\\/desperfectos-en-coria-tras-las-fuertes-lluvias\\\/\"]}]},{\"@type\":\"BreadcrumbList\",\"@id\":\"https:\\\/\\\/coria.org\\\/ayuntamiento\\\/index.php\\\/2006\\\/10\\\/27\\\/desperfectos-en-coria-tras-las-fuertes-lluvias\\\/#breadcrumb\",\"itemListElement\":[{\"@type\":\"ListItem\",\"position\":1,\"name\":\"Inicio\",\"item\":\"https:\\\/\\\/coria.org\\\/ayuntamiento\\\/\"},{\"@type\":\"ListItem\",\"position\":2,\"name\":\"Desperfectos en Coria tras las fuertes lluvias\"}]},{\"@type\":\"WebSite\",\"@id\":\"https:\\\/\\\/coria.org\\\/ayuntamiento\\\/#website\",\"url\":\"https:\\\/\\\/coria.org\\\/ayuntamiento\\\/\",\"name\":\"Ayuntamiento de Coria\",\"description\":\"Web oficial del Ayuntamiento de Coria\",\"publisher\":{\"@id\":\"https:\\\/\\\/coria.org\\\/ayuntamiento\\\/#organization\"},\"alternateName\":\"Web Oficial del Ayuntamiento de Coria\",\"potentialAction\":[{\"@type\":\"SearchAction\",\"target\":{\"@type\":\"EntryPoint\",\"urlTemplate\":\"https:\\\/\\\/coria.org\\\/ayuntamiento\\\/?s={search_term_string}\"},\"query-input\":{\"@type\":\"PropertyValueSpecification\",\"valueRequired\":true,\"valueName\":\"search_term_string\"}}],\"inLanguage\":\"es\"},{\"@type\":\"Organization\",\"@id\":\"https:\\\/\\\/coria.org\\\/ayuntamiento\\\/#organization\",\"name\":\"Ayuntamiento de Coria\",\"alternateName\":\"Ayto de Coria\",\"url\":\"https:\\\/\\\/coria.org\\\/ayuntamiento\\\/\",\"logo\":{\"@type\":\"ImageObject\",\"inLanguage\":\"es\",\"@id\":\"https:\\\/\\\/coria.org\\\/ayuntamiento\\\/#\\\/schema\\\/logo\\\/image\\\/\",\"url\":\"https:\\\/\\\/coria.org\\\/ayuntamiento\\\/wp-content\\\/uploads\\\/2020\\\/12\\\/escudo-ayuntamiento-coria.png\",\"contentUrl\":\"https:\\\/\\\/coria.org\\\/ayuntamiento\\\/wp-content\\\/uploads\\\/2020\\\/12\\\/escudo-ayuntamiento-coria.png\",\"width\":511,\"height\":240,\"caption\":\"Ayuntamiento de Coria\"},\"image\":{\"@id\":\"https:\\\/\\\/coria.org\\\/ayuntamiento\\\/#\\\/schema\\\/logo\\\/image\\\/\"},\"sameAs\":[\"https:\\\/\\\/www.facebook.com\\\/Ayuntamiento.de.Coria\",\"https:\\\/\\\/x.com\\\/Ayto_de_Coria\",\"https:\\\/\\\/www.instagram.com\\\/coria.ayuntamiento\\\/\",\"https:\\\/\\\/www.youtube.com\\\/user\\\/AYUNTAMIENTOCORIA\"]},{\"@type\":\"Person\",\"@id\":\"https:\\\/\\\/coria.org\\\/ayuntamiento\\\/#\\\/schema\\\/person\\\/8bd589f0e13e8ae5aa06def7a599d622\",\"name\":\"ayuntamiento\",\"image\":{\"@type\":\"ImageObject\",\"inLanguage\":\"es\",\"@id\":\"https:\\\/\\\/secure.gravatar.com\\\/avatar\\\/966e5ed73cad334adda5c87f49f2547f7082f7292c1b627cbb548744383b391c?s=96&d=mm&r=g\",\"url\":\"https:\\\/\\\/secure.gravatar.com\\\/avatar\\\/966e5ed73cad334adda5c87f49f2547f7082f7292c1b627cbb548744383b391c?s=96&d=mm&r=g\",\"contentUrl\":\"https:\\\/\\\/secure.gravatar.com\\\/avatar\\\/966e5ed73cad334adda5c87f49f2547f7082f7292c1b627cbb548744383b391c?s=96&d=mm&r=g\",\"caption\":\"ayuntamiento\"}}]}<\/script>\n<!-- \/ Yoast SEO plugin. -->","yoast_head_json":{"title":"Desperfectos en Coria tras las fuertes lluvias - Ayuntamiento de Coria","robots":{"index":"index","follow":"follow","max-snippet":"max-snippet:-1","max-image-preview":"max-image-preview:large","max-video-preview":"max-video-preview:-1"},"canonical":"https:\/\/coria.org\/ayuntamiento\/index.php\/2006\/10\/27\/desperfectos-en-coria-tras-las-fuertes-lluvias\/","og_locale":"es_ES","og_type":"article","og_title":"Desperfectos en Coria tras las fuertes lluvias - Ayuntamiento de Coria","og_description":"Las fuertes lluvias que cayeron en Coria durante la tarde de ayer provocaron desperfectos en viviendas, establecimientos comerciales, instalaciones deportivas y en la Casa de Cultura de la ciudad. La lluvia comenz\u00f3 sobre las 4 de la tarde y se prolongo durante casi dos horas. El Alcalde Hurtado Sim\u00f3n y el Concejal de Obras permanecieron [&hellip;]","og_url":"https:\/\/coria.org\/ayuntamiento\/index.php\/2006\/10\/27\/desperfectos-en-coria-tras-las-fuertes-lluvias\/","og_site_name":"Ayuntamiento de Coria","article_publisher":"https:\/\/www.facebook.com\/Ayuntamiento.de.Coria","article_published_time":"2006-10-26T22:00:00+00:00","article_modified_time":"2023-09-18T11:31:07+00:00","author":"ayuntamiento","twitter_card":"summary_large_image","twitter_creator":"@Ayto_de_Coria","twitter_site":"@Ayto_de_Coria","twitter_misc":{"Escrito por":"ayuntamiento","Tiempo de lectura":"1 minuto"},"schema":{"@context":"https:\/\/schema.org","@graph":[{"@type":"Article","@id":"https:\/\/coria.org\/ayuntamiento\/index.php\/2006\/10\/27\/desperfectos-en-coria-tras-las-fuertes-lluvias\/#article","isPartOf":{"@id":"https:\/\/coria.org\/ayuntamiento\/index.php\/2006\/10\/27\/desperfectos-en-coria-tras-las-fuertes-lluvias\/"},"author":{"name":"ayuntamiento","@id":"https:\/\/coria.org\/ayuntamiento\/#\/schema\/person\/8bd589f0e13e8ae5aa06def7a599d622"},"headline":"Desperfectos en Coria tras las fuertes lluvias","datePublished":"2006-10-26T22:00:00+00:00","dateModified":"2023-09-18T11:31:07+00:00","mainEntityOfPage":{"@id":"https:\/\/coria.org\/ayuntamiento\/index.php\/2006\/10\/27\/desperfectos-en-coria-tras-las-fuertes-lluvias\/"},"wordCount":281,"publisher":{"@id":"https:\/\/coria.org\/ayuntamiento\/#organization"},"keywords":["desperfectos","lluvias"],"articleSection":["Noticias"],"inLanguage":"es"},{"@type":"WebPage","@id":"https:\/\/coria.org\/ayuntamiento\/index.php\/2006\/10\/27\/desperfectos-en-coria-tras-las-fuertes-lluvias\/","url":"https:\/\/coria.org\/ayuntamiento\/index.php\/2006\/10\/27\/desperfectos-en-coria-tras-las-fuertes-lluvias\/","name":"Desperfectos en Coria tras las fuertes lluvias - Ayuntamiento de Coria","isPartOf":{"@id":"https:\/\/coria.org\/ayuntamiento\/#website"},"datePublished":"2006-10-26T22:00:00+00:00","dateModified":"2023-09-18T11:31:07+00:00","breadcrumb":{"@id":"https:\/\/coria.org\/ayuntamiento\/index.php\/2006\/10\/27\/desperfectos-en-coria-tras-las-fuertes-lluvias\/#breadcrumb"},"inLanguage":"es","potentialAction":[{"@type":"ReadAction","target":["https:\/\/coria.org\/ayuntamiento\/index.php\/2006\/10\/27\/desperfectos-en-coria-tras-las-fuertes-lluvias\/"]}]},{"@type":"BreadcrumbList","@id":"https:\/\/coria.org\/ayuntamiento\/index.php\/2006\/10\/27\/desperfectos-en-coria-tras-las-fuertes-lluvias\/#breadcrumb","itemListElement":[{"@type":"ListItem","position":1,"name":"Inicio","item":"https:\/\/coria.org\/ayuntamiento\/"},{"@type":"ListItem","position":2,"name":"Desperfectos en Coria tras las fuertes lluvias"}]},{"@type":"WebSite","@id":"https:\/\/coria.org\/ayuntamiento\/#website","url":"https:\/\/coria.org\/ayuntamiento\/","name":"Ayuntamiento de Coria","description":"Web oficial del Ayuntamiento de Coria","publisher":{"@id":"https:\/\/coria.org\/ayuntamiento\/#organization"},"alternateName":"Web Oficial del Ayuntamiento de Coria","potentialAction":[{"@type":"SearchAction","target":{"@type":"EntryPoint","urlTemplate":"https:\/\/coria.org\/ayuntamiento\/?s={search_term_string}"},"query-input":{"@type":"PropertyValueSpecification","valueRequired":true,"valueName":"search_term_string"}}],"inLanguage":"es"},{"@type":"Organization","@id":"https:\/\/coria.org\/ayuntamiento\/#organization","name":"Ayuntamiento de Coria","alternateName":"Ayto de Coria","url":"https:\/\/coria.org\/ayuntamiento\/","logo":{"@type":"ImageObject","inLanguage":"es","@id":"https:\/\/coria.org\/ayuntamiento\/#\/schema\/logo\/image\/","url":"https:\/\/coria.org\/ayuntamiento\/wp-content\/uploads\/2020\/12\/escudo-ayuntamiento-coria.png","contentUrl":"https:\/\/coria.org\/ayuntamiento\/wp-content\/uploads\/2020\/12\/escudo-ayuntamiento-coria.png","width":511,"height":240,"caption":"Ayuntamiento de Coria"},"image":{"@id":"https:\/\/coria.org\/ayuntamiento\/#\/schema\/logo\/image\/"},"sameAs":["https:\/\/www.facebook.com\/Ayuntamiento.de.Coria","https:\/\/x.com\/Ayto_de_Coria","https:\/\/www.instagram.com\/coria.ayuntamiento\/","https:\/\/www.youtube.com\/user\/AYUNTAMIENTOCORIA"]},{"@type":"Person","@id":"https:\/\/coria.org\/ayuntamiento\/#\/schema\/person\/8bd589f0e13e8ae5aa06def7a599d622","name":"ayuntamiento","image":{"@type":"ImageObject","inLanguage":"es","@id":"https:\/\/secure.gravatar.com\/avatar\/966e5ed73cad334adda5c87f49f2547f7082f7292c1b627cbb548744383b391c?s=96&d=mm&r=g","url":"https:\/\/secure.gravatar.com\/avatar\/966e5ed73cad334adda5c87f49f2547f7082f7292c1b627cbb548744383b391c?s=96&d=mm&r=g","contentUrl":"https:\/\/secure.gravatar.com\/avatar\/966e5ed73cad334adda5c87f49f2547f7082f7292c1b627cbb548744383b391c?s=96&d=mm&r=g","caption":"ayuntamiento"}}]}},"uagb_featured_image_src":{"full":false,"thumbnail":false,"medium":false,"medium_large":false,"large":false,"thumblist":false,"thumbrelated":false,"meccarouselthumb":false,"gridsquare":false,"tileview":false,"1536x1536":false,"2048x2048":false},"uagb_author_info":{"display_name":"ayuntamiento","author_link":"https:\/\/coria.org\/ayuntamiento\/index.php\/author\/ayuntamiento\/"},"uagb_comment_info":0,"uagb_excerpt":"Las fuertes lluvias que cayeron en Coria durante la tarde de ayer provocaron desperfectos en viviendas, establecimientos comerciales, instalaciones deportivas y en la Casa de Cultura de la ciudad. La lluvia comenz\u00f3 sobre las 4 de la tarde y se prolongo durante casi dos horas. El Alcalde Hurtado Sim\u00f3n y el Concejal de Obras permanecieron&hellip;","_links":{"self":[{"href":"https:\/\/coria.org\/ayuntamiento\/index.php\/wp-json\/wp\/v2\/posts\/27201","targetHints":{"allow":["GET"]}}],"collection":[{"href":"https:\/\/coria.org\/ayuntamiento\/index.php\/wp-json\/wp\/v2\/posts"}],"about":[{"href":"https:\/\/coria.org\/ayuntamiento\/index.php\/wp-json\/wp\/v2\/types\/post"}],"author":[{"embeddable":true,"href":"https:\/\/coria.org\/ayuntamiento\/index.php\/wp-json\/wp\/v2\/users\/2"}],"replies":[{"embeddable":true,"href":"https:\/\/coria.org\/ayuntamiento\/index.php\/wp-json\/wp\/v2\/comments?post=27201"}],"version-history":[{"count":0,"href":"https:\/\/coria.org\/ayuntamiento\/index.php\/wp-json\/wp\/v2\/posts\/27201\/revisions"}],"wp:attachment":[{"href":"https:\/\/coria.org\/ayuntamiento\/index.php\/wp-json\/wp\/v2\/media?parent=27201"}],"wp:term":[{"taxonomy":"category","embeddable":true,"href":"https:\/\/coria.org\/ayuntamiento\/index.php\/wp-json\/wp\/v2\/categories?post=27201"},{"taxonomy":"post_tag","embeddable":true,"href":"https:\/\/coria.org\/ayuntamiento\/index.php\/wp-json\/wp\/v2\/tags?post=27201"}],"curies":[{"name":"wp","href":"https:\/\/api.w.org\/{rel}","templated":true}]}}