{"id":27197,"date":"2006-10-11T00:00:00","date_gmt":"2006-10-10T22:00:00","guid":{"rendered":"https:\/\/ayuntamiento.coriaenimagenes.com\/ofertas-del-programa-de-fomento-de-empleo-agrario\/"},"modified":"2023-09-18T13:31:08","modified_gmt":"2023-09-18T11:31:08","slug":"ofertas-del-programa-de-fomento-de-empleo-agrario","status":"publish","type":"post","link":"https:\/\/coria.org\/ayuntamiento\/index.php\/2006\/10\/11\/ofertas-del-programa-de-fomento-de-empleo-agrario\/","title":{"rendered":"Ofertas del Programa de Fomento  de Empleo Agrario"},"content":{"rendered":"\n<p><b>El Ayuntamiento de Coria informa a los trabajadores que se benefician de las Ofertas del Programa de Fomento de Empleo Agrario, que el Servicio Extreme\u00f1o Publico de Empleo, SEXPE, ha elaborado nuevos criterios de ordenaci\u00f3n para su gesti\u00f3n.<\/b><\/p>\n\n\n\n<p><b><\/b>As\u00ed, el SEXPE advierte que la aplicaci\u00f3n de estos criterios puede suponer a los trabajadores cambios en el orden habitual de participaci\u00f3n de las ofertas, aunque garantiza que continuara aplic\u00e1ndose el r\u00e9gimen de turnos, asegurando as\u00ed los llamamientos de los trabajadores agrarios.<\/p>\n\n\n\n<p>Los criterios de ordenaci\u00f3n se han realizado orden\u00e1ndo a los trabajadores en 4 grupos de preferencia. A su vez los trabajadores se ordenan dentro de cada uno de los grupos por la fecha de inicio del ultimo trabajo de AEPSA. En caso de haber ido en el mismo turno, el orden establecido es el de la fecha de inscripci\u00f3n como demandante<\/p>\n\n\n\n<p>Los grupos de preferencia son los siguientes:<\/p>\n\n\n\n<p>1. Grupo: Trabajadores afiliados al REASS inscritos como desempleados perceptores de la renta agraria.<\/p>\n\n\n\n<p>2. Grupo: Trabajadores afiliados al REASS inscritos como desempleados perceptores del subsidio para los trabajadores menores de 52 a\u00f1os.<\/p>\n\n\n\n<p>3. Grupo: Trabajadores inscritos como desempleados perceptores del subsidio para los trabajadores del REASS mayores de 52 a\u00f1os que no tienen aprobado el subsidio especial para mayores de 52 a\u00f1os del REASS y precisan jornadas para las reanudaciones del citado subsidio.<\/p>\n\n\n\n<p>4. Grupo: Trabajadores inscritos como desempleados afiliados al REASS no perceptores del subsidio para los trabajadores del REASS ni de la renta agraria.<\/p>\n\n\n\n<p>Por ultimo el Sexpe informa que la aplicaci\u00f3n de estos nuevos criterios de selecci\u00f3n, ha sido completada con la creaci\u00f3n de una aplicaci\u00f3n inform\u00e1tica integrada en el Sistema Inform\u00e1tico de los Servicios P\u00fablicos de Empleo que realizara la extracci\u00f3n de los candidatos y permitir\u00e1 a los centros de empleo gestionar mejor estas ofertas.<\/p>\n","protected":false},"excerpt":{"rendered":"<p>El Ayuntamiento de Coria informa a los trabajadores que se benefician de las Ofertas del Programa de Fomento de Empleo Agrario, que el Servicio Extreme\u00f1o Publico de Empleo, SEXPE, ha elaborado nuevos criterios de ordenaci\u00f3n para su gesti\u00f3n. As\u00ed, el SEXPE advierte que la aplicaci\u00f3n de estos criterios puede suponer a los trabajadores cambios en [&hellip;]<\/p>\n","protected":false},"author":2,"featured_media":0,"comment_status":"closed","ping_status":"closed","sticky":false,"template":"","format":"standard","meta":{"_uag_custom_page_level_css":"","footnotes":""},"categories":[2],"tags":[362,947],"class_list":["post-27197","post","type-post","status-publish","format-standard","hentry","category-noticias","tag-convocatoria","tag-per"],"yoast_head":"<!-- This site is optimized with the Yoast SEO plugin v27.4 - https:\/\/yoast.com\/product\/yoast-seo-wordpress\/ -->\n<title>Ofertas del Programa de Fomento de Empleo Agrario - Ayuntamiento de Coria<\/title>\n<meta name=\"robots\" content=\"index, follow, max-snippet:-1, max-image-preview:large, max-video-preview:-1\" \/>\n<link rel=\"canonical\" href=\"https:\/\/coria.org\/ayuntamiento\/index.php\/2006\/10\/11\/ofertas-del-programa-de-fomento-de-empleo-agrario\/\" \/>\n<meta property=\"og:locale\" content=\"es_ES\" \/>\n<meta property=\"og:type\" content=\"article\" \/>\n<meta property=\"og:title\" content=\"Ofertas del Programa de Fomento de Empleo Agrario - Ayuntamiento de Coria\" \/>\n<meta property=\"og:description\" content=\"El Ayuntamiento de Coria informa a los trabajadores que se benefician de las Ofertas del Programa de Fomento de Empleo Agrario, que el Servicio Extreme\u00f1o Publico de Empleo, SEXPE, ha elaborado nuevos criterios de ordenaci\u00f3n para su gesti\u00f3n. As\u00ed, el SEXPE advierte que la aplicaci\u00f3n de estos criterios puede suponer a los trabajadores cambios en [&hellip;]\" \/>\n<meta property=\"og:url\" content=\"https:\/\/coria.org\/ayuntamiento\/index.php\/2006\/10\/11\/ofertas-del-programa-de-fomento-de-empleo-agrario\/\" \/>\n<meta property=\"og:site_name\" content=\"Ayuntamiento de Coria\" \/>\n<meta property=\"article:publisher\" content=\"https:\/\/www.facebook.com\/Ayuntamiento.de.Coria\" \/>\n<meta property=\"article:published_time\" content=\"2006-10-10T22:00:00+00:00\" \/>\n<meta property=\"article:modified_time\" content=\"2023-09-18T11:31:08+00:00\" \/>\n<meta name=\"author\" content=\"ayuntamiento\" \/>\n<meta name=\"twitter:card\" content=\"summary_large_image\" \/>\n<meta name=\"twitter:creator\" content=\"@Ayto_de_Coria\" \/>\n<meta name=\"twitter:site\" content=\"@Ayto_de_Coria\" \/>\n<meta name=\"twitter:label1\" content=\"Escrito por\" \/>\n\t<meta name=\"twitter:data1\" content=\"ayuntamiento\" \/>\n\t<meta name=\"twitter:label2\" content=\"Tiempo de lectura\" \/>\n\t<meta name=\"twitter:data2\" content=\"2 minutos\" \/>\n<script type=\"application\/ld+json\" class=\"yoast-schema-graph\">{\"@context\":\"https:\\\/\\\/schema.org\",\"@graph\":[{\"@type\":\"Article\",\"@id\":\"https:\\\/\\\/coria.org\\\/ayuntamiento\\\/index.php\\\/2006\\\/10\\\/11\\\/ofertas-del-programa-de-fomento-de-empleo-agrario\\\/#article\",\"isPartOf\":{\"@id\":\"https:\\\/\\\/coria.org\\\/ayuntamiento\\\/index.php\\\/2006\\\/10\\\/11\\\/ofertas-del-programa-de-fomento-de-empleo-agrario\\\/\"},\"author\":{\"name\":\"ayuntamiento\",\"@id\":\"https:\\\/\\\/coria.org\\\/ayuntamiento\\\/#\\\/schema\\\/person\\\/8bd589f0e13e8ae5aa06def7a599d622\"},\"headline\":\"Ofertas del Programa de Fomento de Empleo Agrario\",\"datePublished\":\"2006-10-10T22:00:00+00:00\",\"dateModified\":\"2023-09-18T11:31:08+00:00\",\"mainEntityOfPage\":{\"@id\":\"https:\\\/\\\/coria.org\\\/ayuntamiento\\\/index.php\\\/2006\\\/10\\\/11\\\/ofertas-del-programa-de-fomento-de-empleo-agrario\\\/\"},\"wordCount\":319,\"publisher\":{\"@id\":\"https:\\\/\\\/coria.org\\\/ayuntamiento\\\/#organization\"},\"keywords\":[\"convocatoria\",\"per\"],\"articleSection\":[\"Noticias\"],\"inLanguage\":\"es\"},{\"@type\":\"WebPage\",\"@id\":\"https:\\\/\\\/coria.org\\\/ayuntamiento\\\/index.php\\\/2006\\\/10\\\/11\\\/ofertas-del-programa-de-fomento-de-empleo-agrario\\\/\",\"url\":\"https:\\\/\\\/coria.org\\\/ayuntamiento\\\/index.php\\\/2006\\\/10\\\/11\\\/ofertas-del-programa-de-fomento-de-empleo-agrario\\\/\",\"name\":\"Ofertas del Programa de Fomento de Empleo Agrario - Ayuntamiento de Coria\",\"isPartOf\":{\"@id\":\"https:\\\/\\\/coria.org\\\/ayuntamiento\\\/#website\"},\"datePublished\":\"2006-10-10T22:00:00+00:00\",\"dateModified\":\"2023-09-18T11:31:08+00:00\",\"breadcrumb\":{\"@id\":\"https:\\\/\\\/coria.org\\\/ayuntamiento\\\/index.php\\\/2006\\\/10\\\/11\\\/ofertas-del-programa-de-fomento-de-empleo-agrario\\\/#breadcrumb\"},\"inLanguage\":\"es\",\"potentialAction\":[{\"@type\":\"ReadAction\",\"target\":[\"https:\\\/\\\/coria.org\\\/ayuntamiento\\\/index.php\\\/2006\\\/10\\\/11\\\/ofertas-del-programa-de-fomento-de-empleo-agrario\\\/\"]}]},{\"@type\":\"BreadcrumbList\",\"@id\":\"https:\\\/\\\/coria.org\\\/ayuntamiento\\\/index.php\\\/2006\\\/10\\\/11\\\/ofertas-del-programa-de-fomento-de-empleo-agrario\\\/#breadcrumb\",\"itemListElement\":[{\"@type\":\"ListItem\",\"position\":1,\"name\":\"Inicio\",\"item\":\"https:\\\/\\\/coria.org\\\/ayuntamiento\\\/\"},{\"@type\":\"ListItem\",\"position\":2,\"name\":\"Ofertas del Programa de Fomento de Empleo Agrario\"}]},{\"@type\":\"WebSite\",\"@id\":\"https:\\\/\\\/coria.org\\\/ayuntamiento\\\/#website\",\"url\":\"https:\\\/\\\/coria.org\\\/ayuntamiento\\\/\",\"name\":\"Ayuntamiento de Coria\",\"description\":\"Web oficial del Ayuntamiento de Coria\",\"publisher\":{\"@id\":\"https:\\\/\\\/coria.org\\\/ayuntamiento\\\/#organization\"},\"alternateName\":\"Web Oficial del Ayuntamiento de Coria\",\"potentialAction\":[{\"@type\":\"SearchAction\",\"target\":{\"@type\":\"EntryPoint\",\"urlTemplate\":\"https:\\\/\\\/coria.org\\\/ayuntamiento\\\/?s={search_term_string}\"},\"query-input\":{\"@type\":\"PropertyValueSpecification\",\"valueRequired\":true,\"valueName\":\"search_term_string\"}}],\"inLanguage\":\"es\"},{\"@type\":\"Organization\",\"@id\":\"https:\\\/\\\/coria.org\\\/ayuntamiento\\\/#organization\",\"name\":\"Ayuntamiento de Coria\",\"alternateName\":\"Ayto de Coria\",\"url\":\"https:\\\/\\\/coria.org\\\/ayuntamiento\\\/\",\"logo\":{\"@type\":\"ImageObject\",\"inLanguage\":\"es\",\"@id\":\"https:\\\/\\\/coria.org\\\/ayuntamiento\\\/#\\\/schema\\\/logo\\\/image\\\/\",\"url\":\"https:\\\/\\\/coria.org\\\/ayuntamiento\\\/wp-content\\\/uploads\\\/2020\\\/12\\\/escudo-ayuntamiento-coria.png\",\"contentUrl\":\"https:\\\/\\\/coria.org\\\/ayuntamiento\\\/wp-content\\\/uploads\\\/2020\\\/12\\\/escudo-ayuntamiento-coria.png\",\"width\":511,\"height\":240,\"caption\":\"Ayuntamiento de Coria\"},\"image\":{\"@id\":\"https:\\\/\\\/coria.org\\\/ayuntamiento\\\/#\\\/schema\\\/logo\\\/image\\\/\"},\"sameAs\":[\"https:\\\/\\\/www.facebook.com\\\/Ayuntamiento.de.Coria\",\"https:\\\/\\\/x.com\\\/Ayto_de_Coria\",\"https:\\\/\\\/www.instagram.com\\\/coria.ayuntamiento\\\/\",\"https:\\\/\\\/www.youtube.com\\\/user\\\/AYUNTAMIENTOCORIA\"]},{\"@type\":\"Person\",\"@id\":\"https:\\\/\\\/coria.org\\\/ayuntamiento\\\/#\\\/schema\\\/person\\\/8bd589f0e13e8ae5aa06def7a599d622\",\"name\":\"ayuntamiento\",\"image\":{\"@type\":\"ImageObject\",\"inLanguage\":\"es\",\"@id\":\"https:\\\/\\\/secure.gravatar.com\\\/avatar\\\/966e5ed73cad334adda5c87f49f2547f7082f7292c1b627cbb548744383b391c?s=96&d=mm&r=g\",\"url\":\"https:\\\/\\\/secure.gravatar.com\\\/avatar\\\/966e5ed73cad334adda5c87f49f2547f7082f7292c1b627cbb548744383b391c?s=96&d=mm&r=g\",\"contentUrl\":\"https:\\\/\\\/secure.gravatar.com\\\/avatar\\\/966e5ed73cad334adda5c87f49f2547f7082f7292c1b627cbb548744383b391c?s=96&d=mm&r=g\",\"caption\":\"ayuntamiento\"}}]}<\/script>\n<!-- \/ Yoast SEO plugin. -->","yoast_head_json":{"title":"Ofertas del Programa de Fomento de Empleo Agrario - Ayuntamiento de Coria","robots":{"index":"index","follow":"follow","max-snippet":"max-snippet:-1","max-image-preview":"max-image-preview:large","max-video-preview":"max-video-preview:-1"},"canonical":"https:\/\/coria.org\/ayuntamiento\/index.php\/2006\/10\/11\/ofertas-del-programa-de-fomento-de-empleo-agrario\/","og_locale":"es_ES","og_type":"article","og_title":"Ofertas del Programa de Fomento de Empleo Agrario - Ayuntamiento de Coria","og_description":"El Ayuntamiento de Coria informa a los trabajadores que se benefician de las Ofertas del Programa de Fomento de Empleo Agrario, que el Servicio Extreme\u00f1o Publico de Empleo, SEXPE, ha elaborado nuevos criterios de ordenaci\u00f3n para su gesti\u00f3n. As\u00ed, el SEXPE advierte que la aplicaci\u00f3n de estos criterios puede suponer a los trabajadores cambios en [&hellip;]","og_url":"https:\/\/coria.org\/ayuntamiento\/index.php\/2006\/10\/11\/ofertas-del-programa-de-fomento-de-empleo-agrario\/","og_site_name":"Ayuntamiento de Coria","article_publisher":"https:\/\/www.facebook.com\/Ayuntamiento.de.Coria","article_published_time":"2006-10-10T22:00:00+00:00","article_modified_time":"2023-09-18T11:31:08+00:00","author":"ayuntamiento","twitter_card":"summary_large_image","twitter_creator":"@Ayto_de_Coria","twitter_site":"@Ayto_de_Coria","twitter_misc":{"Escrito por":"ayuntamiento","Tiempo de lectura":"2 minutos"},"schema":{"@context":"https:\/\/schema.org","@graph":[{"@type":"Article","@id":"https:\/\/coria.org\/ayuntamiento\/index.php\/2006\/10\/11\/ofertas-del-programa-de-fomento-de-empleo-agrario\/#article","isPartOf":{"@id":"https:\/\/coria.org\/ayuntamiento\/index.php\/2006\/10\/11\/ofertas-del-programa-de-fomento-de-empleo-agrario\/"},"author":{"name":"ayuntamiento","@id":"https:\/\/coria.org\/ayuntamiento\/#\/schema\/person\/8bd589f0e13e8ae5aa06def7a599d622"},"headline":"Ofertas del Programa de Fomento de Empleo Agrario","datePublished":"2006-10-10T22:00:00+00:00","dateModified":"2023-09-18T11:31:08+00:00","mainEntityOfPage":{"@id":"https:\/\/coria.org\/ayuntamiento\/index.php\/2006\/10\/11\/ofertas-del-programa-de-fomento-de-empleo-agrario\/"},"wordCount":319,"publisher":{"@id":"https:\/\/coria.org\/ayuntamiento\/#organization"},"keywords":["convocatoria","per"],"articleSection":["Noticias"],"inLanguage":"es"},{"@type":"WebPage","@id":"https:\/\/coria.org\/ayuntamiento\/index.php\/2006\/10\/11\/ofertas-del-programa-de-fomento-de-empleo-agrario\/","url":"https:\/\/coria.org\/ayuntamiento\/index.php\/2006\/10\/11\/ofertas-del-programa-de-fomento-de-empleo-agrario\/","name":"Ofertas del Programa de Fomento de Empleo Agrario - Ayuntamiento de Coria","isPartOf":{"@id":"https:\/\/coria.org\/ayuntamiento\/#website"},"datePublished":"2006-10-10T22:00:00+00:00","dateModified":"2023-09-18T11:31:08+00:00","breadcrumb":{"@id":"https:\/\/coria.org\/ayuntamiento\/index.php\/2006\/10\/11\/ofertas-del-programa-de-fomento-de-empleo-agrario\/#breadcrumb"},"inLanguage":"es","potentialAction":[{"@type":"ReadAction","target":["https:\/\/coria.org\/ayuntamiento\/index.php\/2006\/10\/11\/ofertas-del-programa-de-fomento-de-empleo-agrario\/"]}]},{"@type":"BreadcrumbList","@id":"https:\/\/coria.org\/ayuntamiento\/index.php\/2006\/10\/11\/ofertas-del-programa-de-fomento-de-empleo-agrario\/#breadcrumb","itemListElement":[{"@type":"ListItem","position":1,"name":"Inicio","item":"https:\/\/coria.org\/ayuntamiento\/"},{"@type":"ListItem","position":2,"name":"Ofertas del Programa de Fomento de Empleo Agrario"}]},{"@type":"WebSite","@id":"https:\/\/coria.org\/ayuntamiento\/#website","url":"https:\/\/coria.org\/ayuntamiento\/","name":"Ayuntamiento de Coria","description":"Web oficial del Ayuntamiento de Coria","publisher":{"@id":"https:\/\/coria.org\/ayuntamiento\/#organization"},"alternateName":"Web Oficial del Ayuntamiento de Coria","potentialAction":[{"@type":"SearchAction","target":{"@type":"EntryPoint","urlTemplate":"https:\/\/coria.org\/ayuntamiento\/?s={search_term_string}"},"query-input":{"@type":"PropertyValueSpecification","valueRequired":true,"valueName":"search_term_string"}}],"inLanguage":"es"},{"@type":"Organization","@id":"https:\/\/coria.org\/ayuntamiento\/#organization","name":"Ayuntamiento de Coria","alternateName":"Ayto de Coria","url":"https:\/\/coria.org\/ayuntamiento\/","logo":{"@type":"ImageObject","inLanguage":"es","@id":"https:\/\/coria.org\/ayuntamiento\/#\/schema\/logo\/image\/","url":"https:\/\/coria.org\/ayuntamiento\/wp-content\/uploads\/2020\/12\/escudo-ayuntamiento-coria.png","contentUrl":"https:\/\/coria.org\/ayuntamiento\/wp-content\/uploads\/2020\/12\/escudo-ayuntamiento-coria.png","width":511,"height":240,"caption":"Ayuntamiento de Coria"},"image":{"@id":"https:\/\/coria.org\/ayuntamiento\/#\/schema\/logo\/image\/"},"sameAs":["https:\/\/www.facebook.com\/Ayuntamiento.de.Coria","https:\/\/x.com\/Ayto_de_Coria","https:\/\/www.instagram.com\/coria.ayuntamiento\/","https:\/\/www.youtube.com\/user\/AYUNTAMIENTOCORIA"]},{"@type":"Person","@id":"https:\/\/coria.org\/ayuntamiento\/#\/schema\/person\/8bd589f0e13e8ae5aa06def7a599d622","name":"ayuntamiento","image":{"@type":"ImageObject","inLanguage":"es","@id":"https:\/\/secure.gravatar.com\/avatar\/966e5ed73cad334adda5c87f49f2547f7082f7292c1b627cbb548744383b391c?s=96&d=mm&r=g","url":"https:\/\/secure.gravatar.com\/avatar\/966e5ed73cad334adda5c87f49f2547f7082f7292c1b627cbb548744383b391c?s=96&d=mm&r=g","contentUrl":"https:\/\/secure.gravatar.com\/avatar\/966e5ed73cad334adda5c87f49f2547f7082f7292c1b627cbb548744383b391c?s=96&d=mm&r=g","caption":"ayuntamiento"}}]}},"uagb_featured_image_src":{"full":false,"thumbnail":false,"medium":false,"medium_large":false,"large":false,"thumblist":false,"thumbrelated":false,"meccarouselthumb":false,"gridsquare":false,"tileview":false,"1536x1536":false,"2048x2048":false},"uagb_author_info":{"display_name":"ayuntamiento","author_link":"https:\/\/coria.org\/ayuntamiento\/index.php\/author\/ayuntamiento\/"},"uagb_comment_info":0,"uagb_excerpt":"El Ayuntamiento de Coria informa a los trabajadores que se benefician de las Ofertas del Programa de Fomento de Empleo Agrario, que el Servicio Extreme\u00f1o Publico de Empleo, SEXPE, ha elaborado nuevos criterios de ordenaci\u00f3n para su gesti\u00f3n. As\u00ed, el SEXPE advierte que la aplicaci\u00f3n de estos criterios puede suponer a los trabajadores cambios en&hellip;","_links":{"self":[{"href":"https:\/\/coria.org\/ayuntamiento\/index.php\/wp-json\/wp\/v2\/posts\/27197","targetHints":{"allow":["GET"]}}],"collection":[{"href":"https:\/\/coria.org\/ayuntamiento\/index.php\/wp-json\/wp\/v2\/posts"}],"about":[{"href":"https:\/\/coria.org\/ayuntamiento\/index.php\/wp-json\/wp\/v2\/types\/post"}],"author":[{"embeddable":true,"href":"https:\/\/coria.org\/ayuntamiento\/index.php\/wp-json\/wp\/v2\/users\/2"}],"replies":[{"embeddable":true,"href":"https:\/\/coria.org\/ayuntamiento\/index.php\/wp-json\/wp\/v2\/comments?post=27197"}],"version-history":[{"count":0,"href":"https:\/\/coria.org\/ayuntamiento\/index.php\/wp-json\/wp\/v2\/posts\/27197\/revisions"}],"wp:attachment":[{"href":"https:\/\/coria.org\/ayuntamiento\/index.php\/wp-json\/wp\/v2\/media?parent=27197"}],"wp:term":[{"taxonomy":"category","embeddable":true,"href":"https:\/\/coria.org\/ayuntamiento\/index.php\/wp-json\/wp\/v2\/categories?post=27197"},{"taxonomy":"post_tag","embeddable":true,"href":"https:\/\/coria.org\/ayuntamiento\/index.php\/wp-json\/wp\/v2\/tags?post=27197"}],"curies":[{"name":"wp","href":"https:\/\/api.w.org\/{rel}","templated":true}]}}