{"id":27195,"date":"2006-11-10T00:00:00","date_gmt":"2006-11-09T23:00:00","guid":{"rendered":"https:\/\/ayuntamiento.coriaenimagenes.com\/curso-de-habilidades-para-padres\/"},"modified":"2023-09-18T13:31:07","modified_gmt":"2023-09-18T11:31:07","slug":"curso-de-habilidades-para-padres","status":"publish","type":"post","link":"https:\/\/coria.org\/ayuntamiento\/index.php\/2006\/11\/10\/curso-de-habilidades-para-padres\/","title":{"rendered":"Curso de Habilidades para Padres"},"content":{"rendered":"\n<p><b>La Concejal\u00eda de Asuntos Sociales del Ayuntamiento de Coria a trav\u00e9s del Servicio Social de Base y dentro del Programa de Ayuda a Familia Monoparentales, ha organizado un curso que bajo el titulo \u00abHabilidades para Padres\u00bb, comenzara su andadura el pr\u00f3ximo martes 14 de Noviembre y se prolongara hasta el jueves 14 de Diciembre de 2006.<\/b><\/p>\n\n\n\n<p><b><\/b>El curso tendr\u00e1 una duraci\u00f3n de 16 horas lectivas que ser\u00e1n impartidas los martes y jueves en el Museo de la C\u00e1rcel Real de 11:00 a 13:00 horas, por Araceli Mart\u00edn S\u00e1nchez, Educadora Social y por la Psic\u00f3loga Eva Mar\u00eda M\u00e9ndez S\u00e1nchez, responsables del Programa de Ayuda a Familia Monoparentales.<\/p>\n\n\n\n<p>Con la implantaci\u00f3n del taller, tanto Eva M\u00e9ndez como Araceli Mart\u00edn han asegurado que su objetivo consiste en trabajar con los participantes y ayudarles a profundizar en el conocimiento de temas tan actuales y relevantes en el \u00e1mbito educativo como son: la autoimagen y autosuperaci\u00f3n, el concepto de Asertividad, Control Emocional, Prevenci\u00f3n de Drogas , el Ocio Familiar o el aprendizaje de T\u00e9cnicas para estudiar.<\/p>\n\n\n\n<p>De esta manera y a lo largo de 5 semanas, las responsables del Curso pretenden dotar a los padres o tutores con una serie de herramientas educativas b\u00e1sicas que ser\u00e1n de gran utilidad a la hora de afrontar situaciones de car\u00e1cter especial que puedan surgir dentro del \u00e1mbito familiar,<\/p>\n\n\n\n<p>En definitiva Araceli y Eva trabajaran para ayudar a los padres a pensar de forma positiva y a fomentar, potenciar o mejorar sus habilidades como educadores.<\/p>\n\n\n\n<p>Los interesados en realizar el taller pueden acudir al Servicio Social de Base situado en la Plaza de San Pedro, junto al Ayuntamiento. El plazo de inscripci\u00f3n finaliza el 13 de noviembre.<\/p>\n","protected":false},"excerpt":{"rendered":"<p>La Concejal\u00eda de Asuntos Sociales del Ayuntamiento de Coria a trav\u00e9s del Servicio Social de Base y dentro del Programa de Ayuda a Familia Monoparentales, ha organizado un curso que bajo el titulo \u00abHabilidades para Padres\u00bb, comenzara su andadura el pr\u00f3ximo martes 14 de Noviembre y se prolongara hasta el jueves 14 de Diciembre de [&hellip;]<\/p>\n","protected":false},"author":2,"featured_media":0,"comment_status":"closed","ping_status":"closed","sticky":false,"template":"","format":"standard","meta":{"_uag_custom_page_level_css":"","footnotes":""},"categories":[2],"tags":[393,626,916],"class_list":["post-27195","post","type-post","status-publish","format-standard","hentry","category-noticias","tag-curso","tag-habilidades","tag-padres"],"yoast_head":"<!-- This site is optimized with the Yoast SEO plugin v27.4 - https:\/\/yoast.com\/product\/yoast-seo-wordpress\/ -->\n<title>Curso de Habilidades para Padres - Ayuntamiento de Coria<\/title>\n<meta name=\"robots\" content=\"index, follow, max-snippet:-1, max-image-preview:large, max-video-preview:-1\" \/>\n<link rel=\"canonical\" href=\"https:\/\/coria.org\/ayuntamiento\/index.php\/2006\/11\/10\/curso-de-habilidades-para-padres\/\" \/>\n<meta property=\"og:locale\" content=\"es_ES\" \/>\n<meta property=\"og:type\" content=\"article\" \/>\n<meta property=\"og:title\" content=\"Curso de Habilidades para Padres - Ayuntamiento de Coria\" \/>\n<meta property=\"og:description\" content=\"La Concejal\u00eda de Asuntos Sociales del Ayuntamiento de Coria a trav\u00e9s del Servicio Social de Base y dentro del Programa de Ayuda a Familia Monoparentales, ha organizado un curso que bajo el titulo \u00abHabilidades para Padres\u00bb, comenzara su andadura el pr\u00f3ximo martes 14 de Noviembre y se prolongara hasta el jueves 14 de Diciembre de [&hellip;]\" \/>\n<meta property=\"og:url\" content=\"https:\/\/coria.org\/ayuntamiento\/index.php\/2006\/11\/10\/curso-de-habilidades-para-padres\/\" \/>\n<meta property=\"og:site_name\" content=\"Ayuntamiento de Coria\" \/>\n<meta property=\"article:publisher\" content=\"https:\/\/www.facebook.com\/Ayuntamiento.de.Coria\" \/>\n<meta property=\"article:published_time\" content=\"2006-11-09T23:00:00+00:00\" \/>\n<meta property=\"article:modified_time\" content=\"2023-09-18T11:31:07+00:00\" \/>\n<meta name=\"author\" content=\"ayuntamiento\" \/>\n<meta name=\"twitter:card\" content=\"summary_large_image\" \/>\n<meta name=\"twitter:creator\" content=\"@Ayto_de_Coria\" \/>\n<meta name=\"twitter:site\" content=\"@Ayto_de_Coria\" \/>\n<meta name=\"twitter:label1\" content=\"Escrito por\" \/>\n\t<meta name=\"twitter:data1\" content=\"ayuntamiento\" \/>\n\t<meta name=\"twitter:label2\" content=\"Tiempo de lectura\" \/>\n\t<meta name=\"twitter:data2\" content=\"1 minuto\" \/>\n<script type=\"application\/ld+json\" class=\"yoast-schema-graph\">{\"@context\":\"https:\\\/\\\/schema.org\",\"@graph\":[{\"@type\":\"Article\",\"@id\":\"https:\\\/\\\/coria.org\\\/ayuntamiento\\\/index.php\\\/2006\\\/11\\\/10\\\/curso-de-habilidades-para-padres\\\/#article\",\"isPartOf\":{\"@id\":\"https:\\\/\\\/coria.org\\\/ayuntamiento\\\/index.php\\\/2006\\\/11\\\/10\\\/curso-de-habilidades-para-padres\\\/\"},\"author\":{\"name\":\"ayuntamiento\",\"@id\":\"https:\\\/\\\/coria.org\\\/ayuntamiento\\\/#\\\/schema\\\/person\\\/8bd589f0e13e8ae5aa06def7a599d622\"},\"headline\":\"Curso de Habilidades para Padres\",\"datePublished\":\"2006-11-09T23:00:00+00:00\",\"dateModified\":\"2023-09-18T11:31:07+00:00\",\"mainEntityOfPage\":{\"@id\":\"https:\\\/\\\/coria.org\\\/ayuntamiento\\\/index.php\\\/2006\\\/11\\\/10\\\/curso-de-habilidades-para-padres\\\/\"},\"wordCount\":296,\"publisher\":{\"@id\":\"https:\\\/\\\/coria.org\\\/ayuntamiento\\\/#organization\"},\"keywords\":[\"curso\",\"habilidades\",\"padres\"],\"articleSection\":[\"Noticias\"],\"inLanguage\":\"es\"},{\"@type\":\"WebPage\",\"@id\":\"https:\\\/\\\/coria.org\\\/ayuntamiento\\\/index.php\\\/2006\\\/11\\\/10\\\/curso-de-habilidades-para-padres\\\/\",\"url\":\"https:\\\/\\\/coria.org\\\/ayuntamiento\\\/index.php\\\/2006\\\/11\\\/10\\\/curso-de-habilidades-para-padres\\\/\",\"name\":\"Curso de Habilidades para Padres - Ayuntamiento de Coria\",\"isPartOf\":{\"@id\":\"https:\\\/\\\/coria.org\\\/ayuntamiento\\\/#website\"},\"datePublished\":\"2006-11-09T23:00:00+00:00\",\"dateModified\":\"2023-09-18T11:31:07+00:00\",\"breadcrumb\":{\"@id\":\"https:\\\/\\\/coria.org\\\/ayuntamiento\\\/index.php\\\/2006\\\/11\\\/10\\\/curso-de-habilidades-para-padres\\\/#breadcrumb\"},\"inLanguage\":\"es\",\"potentialAction\":[{\"@type\":\"ReadAction\",\"target\":[\"https:\\\/\\\/coria.org\\\/ayuntamiento\\\/index.php\\\/2006\\\/11\\\/10\\\/curso-de-habilidades-para-padres\\\/\"]}]},{\"@type\":\"BreadcrumbList\",\"@id\":\"https:\\\/\\\/coria.org\\\/ayuntamiento\\\/index.php\\\/2006\\\/11\\\/10\\\/curso-de-habilidades-para-padres\\\/#breadcrumb\",\"itemListElement\":[{\"@type\":\"ListItem\",\"position\":1,\"name\":\"Inicio\",\"item\":\"https:\\\/\\\/coria.org\\\/ayuntamiento\\\/\"},{\"@type\":\"ListItem\",\"position\":2,\"name\":\"Curso de Habilidades para Padres\"}]},{\"@type\":\"WebSite\",\"@id\":\"https:\\\/\\\/coria.org\\\/ayuntamiento\\\/#website\",\"url\":\"https:\\\/\\\/coria.org\\\/ayuntamiento\\\/\",\"name\":\"Ayuntamiento de Coria\",\"description\":\"Web oficial del Ayuntamiento de Coria\",\"publisher\":{\"@id\":\"https:\\\/\\\/coria.org\\\/ayuntamiento\\\/#organization\"},\"alternateName\":\"Web Oficial del Ayuntamiento de Coria\",\"potentialAction\":[{\"@type\":\"SearchAction\",\"target\":{\"@type\":\"EntryPoint\",\"urlTemplate\":\"https:\\\/\\\/coria.org\\\/ayuntamiento\\\/?s={search_term_string}\"},\"query-input\":{\"@type\":\"PropertyValueSpecification\",\"valueRequired\":true,\"valueName\":\"search_term_string\"}}],\"inLanguage\":\"es\"},{\"@type\":\"Organization\",\"@id\":\"https:\\\/\\\/coria.org\\\/ayuntamiento\\\/#organization\",\"name\":\"Ayuntamiento de Coria\",\"alternateName\":\"Ayto de Coria\",\"url\":\"https:\\\/\\\/coria.org\\\/ayuntamiento\\\/\",\"logo\":{\"@type\":\"ImageObject\",\"inLanguage\":\"es\",\"@id\":\"https:\\\/\\\/coria.org\\\/ayuntamiento\\\/#\\\/schema\\\/logo\\\/image\\\/\",\"url\":\"https:\\\/\\\/coria.org\\\/ayuntamiento\\\/wp-content\\\/uploads\\\/2020\\\/12\\\/escudo-ayuntamiento-coria.png\",\"contentUrl\":\"https:\\\/\\\/coria.org\\\/ayuntamiento\\\/wp-content\\\/uploads\\\/2020\\\/12\\\/escudo-ayuntamiento-coria.png\",\"width\":511,\"height\":240,\"caption\":\"Ayuntamiento de Coria\"},\"image\":{\"@id\":\"https:\\\/\\\/coria.org\\\/ayuntamiento\\\/#\\\/schema\\\/logo\\\/image\\\/\"},\"sameAs\":[\"https:\\\/\\\/www.facebook.com\\\/Ayuntamiento.de.Coria\",\"https:\\\/\\\/x.com\\\/Ayto_de_Coria\",\"https:\\\/\\\/www.instagram.com\\\/coria.ayuntamiento\\\/\",\"https:\\\/\\\/www.youtube.com\\\/user\\\/AYUNTAMIENTOCORIA\"]},{\"@type\":\"Person\",\"@id\":\"https:\\\/\\\/coria.org\\\/ayuntamiento\\\/#\\\/schema\\\/person\\\/8bd589f0e13e8ae5aa06def7a599d622\",\"name\":\"ayuntamiento\",\"image\":{\"@type\":\"ImageObject\",\"inLanguage\":\"es\",\"@id\":\"https:\\\/\\\/secure.gravatar.com\\\/avatar\\\/966e5ed73cad334adda5c87f49f2547f7082f7292c1b627cbb548744383b391c?s=96&d=mm&r=g\",\"url\":\"https:\\\/\\\/secure.gravatar.com\\\/avatar\\\/966e5ed73cad334adda5c87f49f2547f7082f7292c1b627cbb548744383b391c?s=96&d=mm&r=g\",\"contentUrl\":\"https:\\\/\\\/secure.gravatar.com\\\/avatar\\\/966e5ed73cad334adda5c87f49f2547f7082f7292c1b627cbb548744383b391c?s=96&d=mm&r=g\",\"caption\":\"ayuntamiento\"}}]}<\/script>\n<!-- \/ Yoast SEO plugin. -->","yoast_head_json":{"title":"Curso de Habilidades para Padres - Ayuntamiento de Coria","robots":{"index":"index","follow":"follow","max-snippet":"max-snippet:-1","max-image-preview":"max-image-preview:large","max-video-preview":"max-video-preview:-1"},"canonical":"https:\/\/coria.org\/ayuntamiento\/index.php\/2006\/11\/10\/curso-de-habilidades-para-padres\/","og_locale":"es_ES","og_type":"article","og_title":"Curso de Habilidades para Padres - Ayuntamiento de Coria","og_description":"La Concejal\u00eda de Asuntos Sociales del Ayuntamiento de Coria a trav\u00e9s del Servicio Social de Base y dentro del Programa de Ayuda a Familia Monoparentales, ha organizado un curso que bajo el titulo \u00abHabilidades para Padres\u00bb, comenzara su andadura el pr\u00f3ximo martes 14 de Noviembre y se prolongara hasta el jueves 14 de Diciembre de [&hellip;]","og_url":"https:\/\/coria.org\/ayuntamiento\/index.php\/2006\/11\/10\/curso-de-habilidades-para-padres\/","og_site_name":"Ayuntamiento de Coria","article_publisher":"https:\/\/www.facebook.com\/Ayuntamiento.de.Coria","article_published_time":"2006-11-09T23:00:00+00:00","article_modified_time":"2023-09-18T11:31:07+00:00","author":"ayuntamiento","twitter_card":"summary_large_image","twitter_creator":"@Ayto_de_Coria","twitter_site":"@Ayto_de_Coria","twitter_misc":{"Escrito por":"ayuntamiento","Tiempo de lectura":"1 minuto"},"schema":{"@context":"https:\/\/schema.org","@graph":[{"@type":"Article","@id":"https:\/\/coria.org\/ayuntamiento\/index.php\/2006\/11\/10\/curso-de-habilidades-para-padres\/#article","isPartOf":{"@id":"https:\/\/coria.org\/ayuntamiento\/index.php\/2006\/11\/10\/curso-de-habilidades-para-padres\/"},"author":{"name":"ayuntamiento","@id":"https:\/\/coria.org\/ayuntamiento\/#\/schema\/person\/8bd589f0e13e8ae5aa06def7a599d622"},"headline":"Curso de Habilidades para Padres","datePublished":"2006-11-09T23:00:00+00:00","dateModified":"2023-09-18T11:31:07+00:00","mainEntityOfPage":{"@id":"https:\/\/coria.org\/ayuntamiento\/index.php\/2006\/11\/10\/curso-de-habilidades-para-padres\/"},"wordCount":296,"publisher":{"@id":"https:\/\/coria.org\/ayuntamiento\/#organization"},"keywords":["curso","habilidades","padres"],"articleSection":["Noticias"],"inLanguage":"es"},{"@type":"WebPage","@id":"https:\/\/coria.org\/ayuntamiento\/index.php\/2006\/11\/10\/curso-de-habilidades-para-padres\/","url":"https:\/\/coria.org\/ayuntamiento\/index.php\/2006\/11\/10\/curso-de-habilidades-para-padres\/","name":"Curso de Habilidades para Padres - Ayuntamiento de Coria","isPartOf":{"@id":"https:\/\/coria.org\/ayuntamiento\/#website"},"datePublished":"2006-11-09T23:00:00+00:00","dateModified":"2023-09-18T11:31:07+00:00","breadcrumb":{"@id":"https:\/\/coria.org\/ayuntamiento\/index.php\/2006\/11\/10\/curso-de-habilidades-para-padres\/#breadcrumb"},"inLanguage":"es","potentialAction":[{"@type":"ReadAction","target":["https:\/\/coria.org\/ayuntamiento\/index.php\/2006\/11\/10\/curso-de-habilidades-para-padres\/"]}]},{"@type":"BreadcrumbList","@id":"https:\/\/coria.org\/ayuntamiento\/index.php\/2006\/11\/10\/curso-de-habilidades-para-padres\/#breadcrumb","itemListElement":[{"@type":"ListItem","position":1,"name":"Inicio","item":"https:\/\/coria.org\/ayuntamiento\/"},{"@type":"ListItem","position":2,"name":"Curso de Habilidades para Padres"}]},{"@type":"WebSite","@id":"https:\/\/coria.org\/ayuntamiento\/#website","url":"https:\/\/coria.org\/ayuntamiento\/","name":"Ayuntamiento de Coria","description":"Web oficial del Ayuntamiento de Coria","publisher":{"@id":"https:\/\/coria.org\/ayuntamiento\/#organization"},"alternateName":"Web Oficial del Ayuntamiento de Coria","potentialAction":[{"@type":"SearchAction","target":{"@type":"EntryPoint","urlTemplate":"https:\/\/coria.org\/ayuntamiento\/?s={search_term_string}"},"query-input":{"@type":"PropertyValueSpecification","valueRequired":true,"valueName":"search_term_string"}}],"inLanguage":"es"},{"@type":"Organization","@id":"https:\/\/coria.org\/ayuntamiento\/#organization","name":"Ayuntamiento de Coria","alternateName":"Ayto de Coria","url":"https:\/\/coria.org\/ayuntamiento\/","logo":{"@type":"ImageObject","inLanguage":"es","@id":"https:\/\/coria.org\/ayuntamiento\/#\/schema\/logo\/image\/","url":"https:\/\/coria.org\/ayuntamiento\/wp-content\/uploads\/2020\/12\/escudo-ayuntamiento-coria.png","contentUrl":"https:\/\/coria.org\/ayuntamiento\/wp-content\/uploads\/2020\/12\/escudo-ayuntamiento-coria.png","width":511,"height":240,"caption":"Ayuntamiento de Coria"},"image":{"@id":"https:\/\/coria.org\/ayuntamiento\/#\/schema\/logo\/image\/"},"sameAs":["https:\/\/www.facebook.com\/Ayuntamiento.de.Coria","https:\/\/x.com\/Ayto_de_Coria","https:\/\/www.instagram.com\/coria.ayuntamiento\/","https:\/\/www.youtube.com\/user\/AYUNTAMIENTOCORIA"]},{"@type":"Person","@id":"https:\/\/coria.org\/ayuntamiento\/#\/schema\/person\/8bd589f0e13e8ae5aa06def7a599d622","name":"ayuntamiento","image":{"@type":"ImageObject","inLanguage":"es","@id":"https:\/\/secure.gravatar.com\/avatar\/966e5ed73cad334adda5c87f49f2547f7082f7292c1b627cbb548744383b391c?s=96&d=mm&r=g","url":"https:\/\/secure.gravatar.com\/avatar\/966e5ed73cad334adda5c87f49f2547f7082f7292c1b627cbb548744383b391c?s=96&d=mm&r=g","contentUrl":"https:\/\/secure.gravatar.com\/avatar\/966e5ed73cad334adda5c87f49f2547f7082f7292c1b627cbb548744383b391c?s=96&d=mm&r=g","caption":"ayuntamiento"}}]}},"uagb_featured_image_src":{"full":false,"thumbnail":false,"medium":false,"medium_large":false,"large":false,"thumblist":false,"thumbrelated":false,"meccarouselthumb":false,"gridsquare":false,"tileview":false,"1536x1536":false,"2048x2048":false},"uagb_author_info":{"display_name":"ayuntamiento","author_link":"https:\/\/coria.org\/ayuntamiento\/index.php\/author\/ayuntamiento\/"},"uagb_comment_info":0,"uagb_excerpt":"La Concejal\u00eda de Asuntos Sociales del Ayuntamiento de Coria a trav\u00e9s del Servicio Social de Base y dentro del Programa de Ayuda a Familia Monoparentales, ha organizado un curso que bajo el titulo \u00abHabilidades para Padres\u00bb, comenzara su andadura el pr\u00f3ximo martes 14 de Noviembre y se prolongara hasta el jueves 14 de Diciembre de&hellip;","_links":{"self":[{"href":"https:\/\/coria.org\/ayuntamiento\/index.php\/wp-json\/wp\/v2\/posts\/27195","targetHints":{"allow":["GET"]}}],"collection":[{"href":"https:\/\/coria.org\/ayuntamiento\/index.php\/wp-json\/wp\/v2\/posts"}],"about":[{"href":"https:\/\/coria.org\/ayuntamiento\/index.php\/wp-json\/wp\/v2\/types\/post"}],"author":[{"embeddable":true,"href":"https:\/\/coria.org\/ayuntamiento\/index.php\/wp-json\/wp\/v2\/users\/2"}],"replies":[{"embeddable":true,"href":"https:\/\/coria.org\/ayuntamiento\/index.php\/wp-json\/wp\/v2\/comments?post=27195"}],"version-history":[{"count":0,"href":"https:\/\/coria.org\/ayuntamiento\/index.php\/wp-json\/wp\/v2\/posts\/27195\/revisions"}],"wp:attachment":[{"href":"https:\/\/coria.org\/ayuntamiento\/index.php\/wp-json\/wp\/v2\/media?parent=27195"}],"wp:term":[{"taxonomy":"category","embeddable":true,"href":"https:\/\/coria.org\/ayuntamiento\/index.php\/wp-json\/wp\/v2\/categories?post=27195"},{"taxonomy":"post_tag","embeddable":true,"href":"https:\/\/coria.org\/ayuntamiento\/index.php\/wp-json\/wp\/v2\/tags?post=27195"}],"curies":[{"name":"wp","href":"https:\/\/api.w.org\/{rel}","templated":true}]}}