{"id":27184,"date":"2006-04-12T00:00:00","date_gmt":"2006-04-11T22:00:00","guid":{"rendered":"https:\/\/ayuntamiento.coriaenimagenes.com\/congreso-sobre-patologia-dual\/"},"modified":"2023-09-18T13:31:14","modified_gmt":"2023-09-18T11:31:14","slug":"congreso-sobre-patologia-dual","status":"publish","type":"post","link":"https:\/\/coria.org\/ayuntamiento\/index.php\/2006\/04\/12\/congreso-sobre-patologia-dual\/","title":{"rendered":"Congreso sobre Patolog\u00eda Dual"},"content":{"rendered":"\n<p><b>Las Concejalas Teresa Alcoba y Sonia Llanos asistieron a la tercera edici\u00f3n del Congreso sobre Patolog\u00eda Dual organizado por Apatox en colaboraci\u00f3n con el Ayuntamiento de Coria y la Junta de Extremadura, que se desarrollo el pasado s\u00e1bado 2 de Diciembre en el Sal\u00f3n de Actos de la Casa de Cultura de Coria,<\/b><\/p>\n\n\n\n<p><b><\/b>Durante el acto de inauguraci\u00f3n las ediles caurienses elogiaron el trabajo que realizan los voluntarios de Apatox , a este respecto se\u00f1alaron que \u00abCuando hace unos a\u00f1os un pu\u00f1ado de corazones intr\u00e9pidos decidieron construir APATOX estaban poniendo la primera piedra a un proyecto que con el tiempo y gracias a su esfuerzo, dedicaci\u00f3n y paciencia, ha demostrado ser enormemente eficaz y necesario en Coria a la hora de prestar ayuda, orientaci\u00f3n y asesoramiento a quienes est\u00e1n atrapados por las drogas.\u00bb<\/p>\n\n\n\n<p>Durante sus intervenciones tanto Teresa Alcoba como Sonia Llanos se dirigieron a los mas j\u00f3venes para advertirles que \u00abquienes se hundieron en el oscuro abismo de la droga presentan al cabo del tiempo patolog\u00edas asociadas a da\u00f1os psicol\u00f3gicos y neuronales irreversibles adem\u00e1s de deterioro f\u00edsico y perdida de vida social, afectiva y laboral\u00bb<\/p>\n\n\n\n<p>Asi se\u00f1alaron que \u00abAlgunos de los datos que maneja la Secretaria de Estado de Sanidad, responsable del Plan Nacional sobre Drogas, son apabullates y sostienen que m\u00e1s de la mitad de los adictos en nuestro pa\u00eds sufren enfermedades siquiatricas graves como esquizofrenia, trastornos sicoticos o cuadros fobicos, y resultan alarmante conocer que toxic\u00f3manos menores de 40 a\u00f1os presentan s\u00edntomas como la desorientaci\u00f3n, o la perdida de memoria que est\u00e1n asociadas a cuadros de demencia caracter\u00edsticas de la vejez\u00bb.<\/p>\n\n\n\n<p>Finalizaron las concejales aludiendo al papel protagonista que desempe\u00f1a la Educaci\u00f3n en todo lo referente a los programas de prevenci\u00f3n e informaci\u00f3n que llevan acabo las Administraciones, en este sentido recalcaron el valor de misma argumentando que \u00aba trav\u00e9s de la educaci\u00f3n en valores que proporcionan tanto la familia como los profesores, los j\u00f3venes deben tener suficiente criterio y juicio para evitar la temeridad que supone caer en el consumo y la mezcla de drogas ya que adem\u00e1s de provocar da\u00f1os irreversibles, riesgos cardiorespiratorios, agresividad, tambi\u00e9n multiplica el numero de conflictos personales y laborales\u00bb.<\/p>\n\n\n\n<p>Teresa Alcoba record\u00f3 a los asistentes que \u00abel Equipo de Gobierno ha impulsado proyectos como el Atl\u00e1ntida capaz de aglutinar a los servicios sociales, departamento municipal de drogodependencia, Apatox, Polic\u00eda Local. Educadores padres, estudiantes y en general todos los ciudadanos, en un proyecto que a trav\u00e9s de la uni\u00f3n y la educaci\u00f3n tiene entre sus objetivos acabar con la estela de sufrimiento que deja la droga en los hogares\u00bb.<\/p>\n\n\n\n<p>El acto que cont\u00f3 con las intervenciones de Leopoldo Elvira, jefe de Salud Mental del Servicio Extreme\u00f1o de Salud, a M Paz Casado Rabosa, directora del Centro de Rehabilitaci\u00f3n Psicosocial de Plasencia, Lourdes Iglesias Sequedo Directora de Proyect<\/p>\n","protected":false},"excerpt":{"rendered":"<p>Las Concejalas Teresa Alcoba y Sonia Llanos asistieron a la tercera edici\u00f3n del Congreso sobre Patolog\u00eda Dual organizado por Apatox en colaboraci\u00f3n con el Ayuntamiento de Coria y la Junta de Extremadura, que se desarrollo el pasado s\u00e1bado 2 de Diciembre en el Sal\u00f3n de Actos de la Casa de Cultura de Coria, Durante el [&hellip;]<\/p>\n","protected":false},"author":2,"featured_media":0,"comment_status":"closed","ping_status":"closed","sticky":false,"template":"","format":"standard","meta":{"_uag_custom_page_level_css":"","footnotes":""},"categories":[2],"tags":[3,451,4,934],"class_list":["post-27184","post","type-post","status-publish","format-standard","hentry","category-noticias","tag-coria","tag-dual","tag-extremadura","tag-patologia"],"yoast_head":"<!-- This site is optimized with the Yoast SEO plugin v27.4 - https:\/\/yoast.com\/product\/yoast-seo-wordpress\/ -->\n<title>Congreso sobre Patolog\u00eda Dual - Ayuntamiento de Coria<\/title>\n<meta name=\"robots\" content=\"index, follow, max-snippet:-1, max-image-preview:large, max-video-preview:-1\" \/>\n<link rel=\"canonical\" href=\"https:\/\/coria.org\/ayuntamiento\/index.php\/2006\/04\/12\/congreso-sobre-patologia-dual\/\" \/>\n<meta property=\"og:locale\" content=\"es_ES\" \/>\n<meta property=\"og:type\" content=\"article\" \/>\n<meta property=\"og:title\" content=\"Congreso sobre Patolog\u00eda Dual - Ayuntamiento de Coria\" \/>\n<meta property=\"og:description\" content=\"Las Concejalas Teresa Alcoba y Sonia Llanos asistieron a la tercera edici\u00f3n del Congreso sobre Patolog\u00eda Dual organizado por Apatox en colaboraci\u00f3n con el Ayuntamiento de Coria y la Junta de Extremadura, que se desarrollo el pasado s\u00e1bado 2 de Diciembre en el Sal\u00f3n de Actos de la Casa de Cultura de Coria, Durante el [&hellip;]\" \/>\n<meta property=\"og:url\" content=\"https:\/\/coria.org\/ayuntamiento\/index.php\/2006\/04\/12\/congreso-sobre-patologia-dual\/\" \/>\n<meta property=\"og:site_name\" content=\"Ayuntamiento de Coria\" \/>\n<meta property=\"article:publisher\" content=\"https:\/\/www.facebook.com\/Ayuntamiento.de.Coria\" \/>\n<meta property=\"article:published_time\" content=\"2006-04-11T22:00:00+00:00\" \/>\n<meta property=\"article:modified_time\" content=\"2023-09-18T11:31:14+00:00\" \/>\n<meta name=\"author\" content=\"ayuntamiento\" \/>\n<meta name=\"twitter:card\" content=\"summary_large_image\" \/>\n<meta name=\"twitter:creator\" content=\"@Ayto_de_Coria\" \/>\n<meta name=\"twitter:site\" content=\"@Ayto_de_Coria\" \/>\n<meta name=\"twitter:label1\" content=\"Escrito por\" \/>\n\t<meta name=\"twitter:data1\" content=\"ayuntamiento\" \/>\n\t<meta name=\"twitter:label2\" content=\"Tiempo de lectura\" \/>\n\t<meta name=\"twitter:data2\" content=\"3 minutos\" \/>\n<script type=\"application\/ld+json\" class=\"yoast-schema-graph\">{\"@context\":\"https:\\\/\\\/schema.org\",\"@graph\":[{\"@type\":\"Article\",\"@id\":\"https:\\\/\\\/coria.org\\\/ayuntamiento\\\/index.php\\\/2006\\\/04\\\/12\\\/congreso-sobre-patologia-dual\\\/#article\",\"isPartOf\":{\"@id\":\"https:\\\/\\\/coria.org\\\/ayuntamiento\\\/index.php\\\/2006\\\/04\\\/12\\\/congreso-sobre-patologia-dual\\\/\"},\"author\":{\"name\":\"ayuntamiento\",\"@id\":\"https:\\\/\\\/coria.org\\\/ayuntamiento\\\/#\\\/schema\\\/person\\\/8bd589f0e13e8ae5aa06def7a599d622\"},\"headline\":\"Congreso sobre Patolog\u00eda Dual\",\"datePublished\":\"2006-04-11T22:00:00+00:00\",\"dateModified\":\"2023-09-18T11:31:14+00:00\",\"mainEntityOfPage\":{\"@id\":\"https:\\\/\\\/coria.org\\\/ayuntamiento\\\/index.php\\\/2006\\\/04\\\/12\\\/congreso-sobre-patologia-dual\\\/\"},\"wordCount\":512,\"publisher\":{\"@id\":\"https:\\\/\\\/coria.org\\\/ayuntamiento\\\/#organization\"},\"keywords\":[\"coria\",\"dual\",\"extremadura\",\"patologia\"],\"articleSection\":[\"Noticias\"],\"inLanguage\":\"es\"},{\"@type\":\"WebPage\",\"@id\":\"https:\\\/\\\/coria.org\\\/ayuntamiento\\\/index.php\\\/2006\\\/04\\\/12\\\/congreso-sobre-patologia-dual\\\/\",\"url\":\"https:\\\/\\\/coria.org\\\/ayuntamiento\\\/index.php\\\/2006\\\/04\\\/12\\\/congreso-sobre-patologia-dual\\\/\",\"name\":\"Congreso sobre Patolog\u00eda Dual - Ayuntamiento de Coria\",\"isPartOf\":{\"@id\":\"https:\\\/\\\/coria.org\\\/ayuntamiento\\\/#website\"},\"datePublished\":\"2006-04-11T22:00:00+00:00\",\"dateModified\":\"2023-09-18T11:31:14+00:00\",\"breadcrumb\":{\"@id\":\"https:\\\/\\\/coria.org\\\/ayuntamiento\\\/index.php\\\/2006\\\/04\\\/12\\\/congreso-sobre-patologia-dual\\\/#breadcrumb\"},\"inLanguage\":\"es\",\"potentialAction\":[{\"@type\":\"ReadAction\",\"target\":[\"https:\\\/\\\/coria.org\\\/ayuntamiento\\\/index.php\\\/2006\\\/04\\\/12\\\/congreso-sobre-patologia-dual\\\/\"]}]},{\"@type\":\"BreadcrumbList\",\"@id\":\"https:\\\/\\\/coria.org\\\/ayuntamiento\\\/index.php\\\/2006\\\/04\\\/12\\\/congreso-sobre-patologia-dual\\\/#breadcrumb\",\"itemListElement\":[{\"@type\":\"ListItem\",\"position\":1,\"name\":\"Inicio\",\"item\":\"https:\\\/\\\/coria.org\\\/ayuntamiento\\\/\"},{\"@type\":\"ListItem\",\"position\":2,\"name\":\"Congreso sobre Patolog\u00eda Dual\"}]},{\"@type\":\"WebSite\",\"@id\":\"https:\\\/\\\/coria.org\\\/ayuntamiento\\\/#website\",\"url\":\"https:\\\/\\\/coria.org\\\/ayuntamiento\\\/\",\"name\":\"Ayuntamiento de Coria\",\"description\":\"Web oficial del Ayuntamiento de Coria\",\"publisher\":{\"@id\":\"https:\\\/\\\/coria.org\\\/ayuntamiento\\\/#organization\"},\"alternateName\":\"Web Oficial del Ayuntamiento de Coria\",\"potentialAction\":[{\"@type\":\"SearchAction\",\"target\":{\"@type\":\"EntryPoint\",\"urlTemplate\":\"https:\\\/\\\/coria.org\\\/ayuntamiento\\\/?s={search_term_string}\"},\"query-input\":{\"@type\":\"PropertyValueSpecification\",\"valueRequired\":true,\"valueName\":\"search_term_string\"}}],\"inLanguage\":\"es\"},{\"@type\":\"Organization\",\"@id\":\"https:\\\/\\\/coria.org\\\/ayuntamiento\\\/#organization\",\"name\":\"Ayuntamiento de Coria\",\"alternateName\":\"Ayto de Coria\",\"url\":\"https:\\\/\\\/coria.org\\\/ayuntamiento\\\/\",\"logo\":{\"@type\":\"ImageObject\",\"inLanguage\":\"es\",\"@id\":\"https:\\\/\\\/coria.org\\\/ayuntamiento\\\/#\\\/schema\\\/logo\\\/image\\\/\",\"url\":\"https:\\\/\\\/coria.org\\\/ayuntamiento\\\/wp-content\\\/uploads\\\/2020\\\/12\\\/escudo-ayuntamiento-coria.png\",\"contentUrl\":\"https:\\\/\\\/coria.org\\\/ayuntamiento\\\/wp-content\\\/uploads\\\/2020\\\/12\\\/escudo-ayuntamiento-coria.png\",\"width\":511,\"height\":240,\"caption\":\"Ayuntamiento de Coria\"},\"image\":{\"@id\":\"https:\\\/\\\/coria.org\\\/ayuntamiento\\\/#\\\/schema\\\/logo\\\/image\\\/\"},\"sameAs\":[\"https:\\\/\\\/www.facebook.com\\\/Ayuntamiento.de.Coria\",\"https:\\\/\\\/x.com\\\/Ayto_de_Coria\",\"https:\\\/\\\/www.instagram.com\\\/coria.ayuntamiento\\\/\",\"https:\\\/\\\/www.youtube.com\\\/user\\\/AYUNTAMIENTOCORIA\"]},{\"@type\":\"Person\",\"@id\":\"https:\\\/\\\/coria.org\\\/ayuntamiento\\\/#\\\/schema\\\/person\\\/8bd589f0e13e8ae5aa06def7a599d622\",\"name\":\"ayuntamiento\",\"image\":{\"@type\":\"ImageObject\",\"inLanguage\":\"es\",\"@id\":\"https:\\\/\\\/secure.gravatar.com\\\/avatar\\\/966e5ed73cad334adda5c87f49f2547f7082f7292c1b627cbb548744383b391c?s=96&d=mm&r=g\",\"url\":\"https:\\\/\\\/secure.gravatar.com\\\/avatar\\\/966e5ed73cad334adda5c87f49f2547f7082f7292c1b627cbb548744383b391c?s=96&d=mm&r=g\",\"contentUrl\":\"https:\\\/\\\/secure.gravatar.com\\\/avatar\\\/966e5ed73cad334adda5c87f49f2547f7082f7292c1b627cbb548744383b391c?s=96&d=mm&r=g\",\"caption\":\"ayuntamiento\"}}]}<\/script>\n<!-- \/ Yoast SEO plugin. -->","yoast_head_json":{"title":"Congreso sobre Patolog\u00eda Dual - Ayuntamiento de Coria","robots":{"index":"index","follow":"follow","max-snippet":"max-snippet:-1","max-image-preview":"max-image-preview:large","max-video-preview":"max-video-preview:-1"},"canonical":"https:\/\/coria.org\/ayuntamiento\/index.php\/2006\/04\/12\/congreso-sobre-patologia-dual\/","og_locale":"es_ES","og_type":"article","og_title":"Congreso sobre Patolog\u00eda Dual - Ayuntamiento de Coria","og_description":"Las Concejalas Teresa Alcoba y Sonia Llanos asistieron a la tercera edici\u00f3n del Congreso sobre Patolog\u00eda Dual organizado por Apatox en colaboraci\u00f3n con el Ayuntamiento de Coria y la Junta de Extremadura, que se desarrollo el pasado s\u00e1bado 2 de Diciembre en el Sal\u00f3n de Actos de la Casa de Cultura de Coria, Durante el [&hellip;]","og_url":"https:\/\/coria.org\/ayuntamiento\/index.php\/2006\/04\/12\/congreso-sobre-patologia-dual\/","og_site_name":"Ayuntamiento de Coria","article_publisher":"https:\/\/www.facebook.com\/Ayuntamiento.de.Coria","article_published_time":"2006-04-11T22:00:00+00:00","article_modified_time":"2023-09-18T11:31:14+00:00","author":"ayuntamiento","twitter_card":"summary_large_image","twitter_creator":"@Ayto_de_Coria","twitter_site":"@Ayto_de_Coria","twitter_misc":{"Escrito por":"ayuntamiento","Tiempo de lectura":"3 minutos"},"schema":{"@context":"https:\/\/schema.org","@graph":[{"@type":"Article","@id":"https:\/\/coria.org\/ayuntamiento\/index.php\/2006\/04\/12\/congreso-sobre-patologia-dual\/#article","isPartOf":{"@id":"https:\/\/coria.org\/ayuntamiento\/index.php\/2006\/04\/12\/congreso-sobre-patologia-dual\/"},"author":{"name":"ayuntamiento","@id":"https:\/\/coria.org\/ayuntamiento\/#\/schema\/person\/8bd589f0e13e8ae5aa06def7a599d622"},"headline":"Congreso sobre Patolog\u00eda Dual","datePublished":"2006-04-11T22:00:00+00:00","dateModified":"2023-09-18T11:31:14+00:00","mainEntityOfPage":{"@id":"https:\/\/coria.org\/ayuntamiento\/index.php\/2006\/04\/12\/congreso-sobre-patologia-dual\/"},"wordCount":512,"publisher":{"@id":"https:\/\/coria.org\/ayuntamiento\/#organization"},"keywords":["coria","dual","extremadura","patologia"],"articleSection":["Noticias"],"inLanguage":"es"},{"@type":"WebPage","@id":"https:\/\/coria.org\/ayuntamiento\/index.php\/2006\/04\/12\/congreso-sobre-patologia-dual\/","url":"https:\/\/coria.org\/ayuntamiento\/index.php\/2006\/04\/12\/congreso-sobre-patologia-dual\/","name":"Congreso sobre Patolog\u00eda Dual - Ayuntamiento de Coria","isPartOf":{"@id":"https:\/\/coria.org\/ayuntamiento\/#website"},"datePublished":"2006-04-11T22:00:00+00:00","dateModified":"2023-09-18T11:31:14+00:00","breadcrumb":{"@id":"https:\/\/coria.org\/ayuntamiento\/index.php\/2006\/04\/12\/congreso-sobre-patologia-dual\/#breadcrumb"},"inLanguage":"es","potentialAction":[{"@type":"ReadAction","target":["https:\/\/coria.org\/ayuntamiento\/index.php\/2006\/04\/12\/congreso-sobre-patologia-dual\/"]}]},{"@type":"BreadcrumbList","@id":"https:\/\/coria.org\/ayuntamiento\/index.php\/2006\/04\/12\/congreso-sobre-patologia-dual\/#breadcrumb","itemListElement":[{"@type":"ListItem","position":1,"name":"Inicio","item":"https:\/\/coria.org\/ayuntamiento\/"},{"@type":"ListItem","position":2,"name":"Congreso sobre Patolog\u00eda Dual"}]},{"@type":"WebSite","@id":"https:\/\/coria.org\/ayuntamiento\/#website","url":"https:\/\/coria.org\/ayuntamiento\/","name":"Ayuntamiento de Coria","description":"Web oficial del Ayuntamiento de Coria","publisher":{"@id":"https:\/\/coria.org\/ayuntamiento\/#organization"},"alternateName":"Web Oficial del Ayuntamiento de Coria","potentialAction":[{"@type":"SearchAction","target":{"@type":"EntryPoint","urlTemplate":"https:\/\/coria.org\/ayuntamiento\/?s={search_term_string}"},"query-input":{"@type":"PropertyValueSpecification","valueRequired":true,"valueName":"search_term_string"}}],"inLanguage":"es"},{"@type":"Organization","@id":"https:\/\/coria.org\/ayuntamiento\/#organization","name":"Ayuntamiento de Coria","alternateName":"Ayto de Coria","url":"https:\/\/coria.org\/ayuntamiento\/","logo":{"@type":"ImageObject","inLanguage":"es","@id":"https:\/\/coria.org\/ayuntamiento\/#\/schema\/logo\/image\/","url":"https:\/\/coria.org\/ayuntamiento\/wp-content\/uploads\/2020\/12\/escudo-ayuntamiento-coria.png","contentUrl":"https:\/\/coria.org\/ayuntamiento\/wp-content\/uploads\/2020\/12\/escudo-ayuntamiento-coria.png","width":511,"height":240,"caption":"Ayuntamiento de Coria"},"image":{"@id":"https:\/\/coria.org\/ayuntamiento\/#\/schema\/logo\/image\/"},"sameAs":["https:\/\/www.facebook.com\/Ayuntamiento.de.Coria","https:\/\/x.com\/Ayto_de_Coria","https:\/\/www.instagram.com\/coria.ayuntamiento\/","https:\/\/www.youtube.com\/user\/AYUNTAMIENTOCORIA"]},{"@type":"Person","@id":"https:\/\/coria.org\/ayuntamiento\/#\/schema\/person\/8bd589f0e13e8ae5aa06def7a599d622","name":"ayuntamiento","image":{"@type":"ImageObject","inLanguage":"es","@id":"https:\/\/secure.gravatar.com\/avatar\/966e5ed73cad334adda5c87f49f2547f7082f7292c1b627cbb548744383b391c?s=96&d=mm&r=g","url":"https:\/\/secure.gravatar.com\/avatar\/966e5ed73cad334adda5c87f49f2547f7082f7292c1b627cbb548744383b391c?s=96&d=mm&r=g","contentUrl":"https:\/\/secure.gravatar.com\/avatar\/966e5ed73cad334adda5c87f49f2547f7082f7292c1b627cbb548744383b391c?s=96&d=mm&r=g","caption":"ayuntamiento"}}]}},"uagb_featured_image_src":{"full":false,"thumbnail":false,"medium":false,"medium_large":false,"large":false,"thumblist":false,"thumbrelated":false,"meccarouselthumb":false,"gridsquare":false,"tileview":false,"1536x1536":false,"2048x2048":false},"uagb_author_info":{"display_name":"ayuntamiento","author_link":"https:\/\/coria.org\/ayuntamiento\/index.php\/author\/ayuntamiento\/"},"uagb_comment_info":0,"uagb_excerpt":"Las Concejalas Teresa Alcoba y Sonia Llanos asistieron a la tercera edici\u00f3n del Congreso sobre Patolog\u00eda Dual organizado por Apatox en colaboraci\u00f3n con el Ayuntamiento de Coria y la Junta de Extremadura, que se desarrollo el pasado s\u00e1bado 2 de Diciembre en el Sal\u00f3n de Actos de la Casa de Cultura de Coria, Durante el&hellip;","_links":{"self":[{"href":"https:\/\/coria.org\/ayuntamiento\/index.php\/wp-json\/wp\/v2\/posts\/27184","targetHints":{"allow":["GET"]}}],"collection":[{"href":"https:\/\/coria.org\/ayuntamiento\/index.php\/wp-json\/wp\/v2\/posts"}],"about":[{"href":"https:\/\/coria.org\/ayuntamiento\/index.php\/wp-json\/wp\/v2\/types\/post"}],"author":[{"embeddable":true,"href":"https:\/\/coria.org\/ayuntamiento\/index.php\/wp-json\/wp\/v2\/users\/2"}],"replies":[{"embeddable":true,"href":"https:\/\/coria.org\/ayuntamiento\/index.php\/wp-json\/wp\/v2\/comments?post=27184"}],"version-history":[{"count":0,"href":"https:\/\/coria.org\/ayuntamiento\/index.php\/wp-json\/wp\/v2\/posts\/27184\/revisions"}],"wp:attachment":[{"href":"https:\/\/coria.org\/ayuntamiento\/index.php\/wp-json\/wp\/v2\/media?parent=27184"}],"wp:term":[{"taxonomy":"category","embeddable":true,"href":"https:\/\/coria.org\/ayuntamiento\/index.php\/wp-json\/wp\/v2\/categories?post=27184"},{"taxonomy":"post_tag","embeddable":true,"href":"https:\/\/coria.org\/ayuntamiento\/index.php\/wp-json\/wp\/v2\/tags?post=27184"}],"curies":[{"name":"wp","href":"https:\/\/api.w.org\/{rel}","templated":true}]}}