{"id":27100,"date":"2008-02-14T00:00:00","date_gmt":"2008-02-13T23:00:00","guid":{"rendered":"https:\/\/ayuntamiento.coriaenimagenes.com\/bolsa-de-trabajo-del-ayuntamiento-de-coria\/"},"modified":"2023-09-18T13:30:24","modified_gmt":"2023-09-18T11:30:24","slug":"bolsa-de-trabajo-del-ayuntamiento-de-coria","status":"publish","type":"post","link":"https:\/\/coria.org\/ayuntamiento\/index.php\/2008\/02\/14\/bolsa-de-trabajo-del-ayuntamiento-de-coria\/","title":{"rendered":"Bolsa de Trabajo del Ayuntamiento de Coria"},"content":{"rendered":"\n<p><b>El Ayuntamiento de Coria, ha decidido crear Bolsa de Trabajo, con el objeto de proceder a la contrataci\u00f3n temporal para cubrir plazas que por necesidades eventuales y\/o espor\u00e1dicas requieran de su provisi\u00f3n. Por esta raz\u00f3n, quedan totalmente eliminados de este grupo aquellos puestos que sean de car\u00e1cter estructural.<\/b><\/p>\n\n\n\n<p><b><\/b>Se pretende asimismo favorecer en el baremo de m\u00e9ritos a personas con mayor riesgo de exclusi\u00f3n laboral o con especiales dificultades para encontrar trabajo, como son las personas mayores de 45 a\u00f1os, parados de larga duraci\u00f3n, o con minusval\u00eda.<br \/>Al objeto de cubrir puestos de trabajo en las circunstancias mencionadas anteriormente se confeccionan bolsas de empleo para las siguientes categor\u00edas profesionales: <br \/>\u00b7 Pe\u00f3n especializado cerrajero<br \/>\u00b7 Pe\u00f3n especializado de depuradora<br \/>\u00b7 Pe\u00f3n especializado sepulturero<br \/>\u00b7 Pe\u00f3n especializado de poda<br \/>\u00b7 Pe\u00f3n de limpieza<\/p>\n\n\n\n<p>Cubrir las plazas en las categor\u00edas antes mencionadas con car\u00e1cter temporal salvo cuando se trate de puestos en los que se den especiales caracter\u00edsticas que exijan un procedimiento de selecci\u00f3n adecuado a las mismas de acuerdo a lo dispuesto en la legislaci\u00f3n vigente.<br \/>Las caracter\u00edsticas de la bolsa son las siguientes:<br \/>&#8211; La vigencia de la presente Bolsa ser\u00e1 de dos a\u00f1os.<br \/>&#8211; Bolsa rotatoria ( pasando al final de la lista una vez trabajado 6 meses)<br \/>&#8211; Bolsa no cerrada, por lo que una vez elaborada la misma, las personas que quieran incluirse en ella, presentada toda la documentaci\u00f3n que se establezca y reuniendo los requisitos establecidos, podr\u00e1n acceder a dicha bolsa, situ\u00e1ndose al final de la misma.<\/p>\n\n\n\n<p>Para m\u00e1s informaci\u00f3n consulte las bases en el documento adjunto.<\/p>\n","protected":false},"excerpt":{"rendered":"<p>El Ayuntamiento de Coria, ha decidido crear Bolsa de Trabajo, con el objeto de proceder a la contrataci\u00f3n temporal para cubrir plazas que por necesidades eventuales y\/o espor\u00e1dicas requieran de su provisi\u00f3n. Por esta raz\u00f3n, quedan totalmente eliminados de este grupo aquellos puestos que sean de car\u00e1cter estructural. Se pretende asimismo favorecer en el baremo [&hellip;]<\/p>\n","protected":false},"author":2,"featured_media":0,"comment_status":"closed","ping_status":"closed","sticky":false,"template":"","format":"standard","meta":{"_uag_custom_page_level_css":"","footnotes":""},"categories":[2],"tags":[206,1253],"class_list":["post-27100","post","type-post","status-publish","format-standard","hentry","category-noticias","tag-bolsa","tag-trabajo"],"yoast_head":"<!-- This site is optimized with the Yoast SEO plugin v27.4 - https:\/\/yoast.com\/product\/yoast-seo-wordpress\/ -->\n<title>Bolsa de Trabajo del Ayuntamiento de Coria - Ayuntamiento de Coria<\/title>\n<meta name=\"robots\" content=\"index, follow, max-snippet:-1, max-image-preview:large, max-video-preview:-1\" \/>\n<link rel=\"canonical\" href=\"https:\/\/coria.org\/ayuntamiento\/index.php\/2008\/02\/14\/bolsa-de-trabajo-del-ayuntamiento-de-coria\/\" \/>\n<meta property=\"og:locale\" content=\"es_ES\" \/>\n<meta property=\"og:type\" content=\"article\" \/>\n<meta property=\"og:title\" content=\"Bolsa de Trabajo del Ayuntamiento de Coria - Ayuntamiento de Coria\" \/>\n<meta property=\"og:description\" content=\"El Ayuntamiento de Coria, ha decidido crear Bolsa de Trabajo, con el objeto de proceder a la contrataci\u00f3n temporal para cubrir plazas que por necesidades eventuales y\/o espor\u00e1dicas requieran de su provisi\u00f3n. Por esta raz\u00f3n, quedan totalmente eliminados de este grupo aquellos puestos que sean de car\u00e1cter estructural. Se pretende asimismo favorecer en el baremo [&hellip;]\" \/>\n<meta property=\"og:url\" content=\"https:\/\/coria.org\/ayuntamiento\/index.php\/2008\/02\/14\/bolsa-de-trabajo-del-ayuntamiento-de-coria\/\" \/>\n<meta property=\"og:site_name\" content=\"Ayuntamiento de Coria\" \/>\n<meta property=\"article:publisher\" content=\"https:\/\/www.facebook.com\/Ayuntamiento.de.Coria\" \/>\n<meta property=\"article:published_time\" content=\"2008-02-13T23:00:00+00:00\" \/>\n<meta property=\"article:modified_time\" content=\"2023-09-18T11:30:24+00:00\" \/>\n<meta name=\"author\" content=\"ayuntamiento\" \/>\n<meta name=\"twitter:card\" content=\"summary_large_image\" \/>\n<meta name=\"twitter:creator\" content=\"@Ayto_de_Coria\" \/>\n<meta name=\"twitter:site\" content=\"@Ayto_de_Coria\" \/>\n<meta name=\"twitter:label1\" content=\"Escrito por\" \/>\n\t<meta name=\"twitter:data1\" content=\"ayuntamiento\" \/>\n\t<meta name=\"twitter:label2\" content=\"Tiempo de lectura\" \/>\n\t<meta name=\"twitter:data2\" content=\"1 minuto\" \/>\n<script type=\"application\/ld+json\" class=\"yoast-schema-graph\">{\"@context\":\"https:\\\/\\\/schema.org\",\"@graph\":[{\"@type\":\"Article\",\"@id\":\"https:\\\/\\\/coria.org\\\/ayuntamiento\\\/index.php\\\/2008\\\/02\\\/14\\\/bolsa-de-trabajo-del-ayuntamiento-de-coria\\\/#article\",\"isPartOf\":{\"@id\":\"https:\\\/\\\/coria.org\\\/ayuntamiento\\\/index.php\\\/2008\\\/02\\\/14\\\/bolsa-de-trabajo-del-ayuntamiento-de-coria\\\/\"},\"author\":{\"name\":\"ayuntamiento\",\"@id\":\"https:\\\/\\\/coria.org\\\/ayuntamiento\\\/#\\\/schema\\\/person\\\/8bd589f0e13e8ae5aa06def7a599d622\"},\"headline\":\"Bolsa de Trabajo del Ayuntamiento de Coria\",\"datePublished\":\"2008-02-13T23:00:00+00:00\",\"dateModified\":\"2023-09-18T11:30:24+00:00\",\"mainEntityOfPage\":{\"@id\":\"https:\\\/\\\/coria.org\\\/ayuntamiento\\\/index.php\\\/2008\\\/02\\\/14\\\/bolsa-de-trabajo-del-ayuntamiento-de-coria\\\/\"},\"wordCount\":288,\"publisher\":{\"@id\":\"https:\\\/\\\/coria.org\\\/ayuntamiento\\\/#organization\"},\"keywords\":[\"bolsa\",\"trabajo\"],\"articleSection\":[\"Noticias\"],\"inLanguage\":\"es\"},{\"@type\":\"WebPage\",\"@id\":\"https:\\\/\\\/coria.org\\\/ayuntamiento\\\/index.php\\\/2008\\\/02\\\/14\\\/bolsa-de-trabajo-del-ayuntamiento-de-coria\\\/\",\"url\":\"https:\\\/\\\/coria.org\\\/ayuntamiento\\\/index.php\\\/2008\\\/02\\\/14\\\/bolsa-de-trabajo-del-ayuntamiento-de-coria\\\/\",\"name\":\"Bolsa de Trabajo del Ayuntamiento de Coria - Ayuntamiento de Coria\",\"isPartOf\":{\"@id\":\"https:\\\/\\\/coria.org\\\/ayuntamiento\\\/#website\"},\"datePublished\":\"2008-02-13T23:00:00+00:00\",\"dateModified\":\"2023-09-18T11:30:24+00:00\",\"breadcrumb\":{\"@id\":\"https:\\\/\\\/coria.org\\\/ayuntamiento\\\/index.php\\\/2008\\\/02\\\/14\\\/bolsa-de-trabajo-del-ayuntamiento-de-coria\\\/#breadcrumb\"},\"inLanguage\":\"es\",\"potentialAction\":[{\"@type\":\"ReadAction\",\"target\":[\"https:\\\/\\\/coria.org\\\/ayuntamiento\\\/index.php\\\/2008\\\/02\\\/14\\\/bolsa-de-trabajo-del-ayuntamiento-de-coria\\\/\"]}]},{\"@type\":\"BreadcrumbList\",\"@id\":\"https:\\\/\\\/coria.org\\\/ayuntamiento\\\/index.php\\\/2008\\\/02\\\/14\\\/bolsa-de-trabajo-del-ayuntamiento-de-coria\\\/#breadcrumb\",\"itemListElement\":[{\"@type\":\"ListItem\",\"position\":1,\"name\":\"Inicio\",\"item\":\"https:\\\/\\\/coria.org\\\/ayuntamiento\\\/\"},{\"@type\":\"ListItem\",\"position\":2,\"name\":\"Bolsa de Trabajo del Ayuntamiento de Coria\"}]},{\"@type\":\"WebSite\",\"@id\":\"https:\\\/\\\/coria.org\\\/ayuntamiento\\\/#website\",\"url\":\"https:\\\/\\\/coria.org\\\/ayuntamiento\\\/\",\"name\":\"Ayuntamiento de Coria\",\"description\":\"Web oficial del Ayuntamiento de Coria\",\"publisher\":{\"@id\":\"https:\\\/\\\/coria.org\\\/ayuntamiento\\\/#organization\"},\"alternateName\":\"Web Oficial del Ayuntamiento de Coria\",\"potentialAction\":[{\"@type\":\"SearchAction\",\"target\":{\"@type\":\"EntryPoint\",\"urlTemplate\":\"https:\\\/\\\/coria.org\\\/ayuntamiento\\\/?s={search_term_string}\"},\"query-input\":{\"@type\":\"PropertyValueSpecification\",\"valueRequired\":true,\"valueName\":\"search_term_string\"}}],\"inLanguage\":\"es\"},{\"@type\":\"Organization\",\"@id\":\"https:\\\/\\\/coria.org\\\/ayuntamiento\\\/#organization\",\"name\":\"Ayuntamiento de Coria\",\"alternateName\":\"Ayto de Coria\",\"url\":\"https:\\\/\\\/coria.org\\\/ayuntamiento\\\/\",\"logo\":{\"@type\":\"ImageObject\",\"inLanguage\":\"es\",\"@id\":\"https:\\\/\\\/coria.org\\\/ayuntamiento\\\/#\\\/schema\\\/logo\\\/image\\\/\",\"url\":\"https:\\\/\\\/coria.org\\\/ayuntamiento\\\/wp-content\\\/uploads\\\/2020\\\/12\\\/escudo-ayuntamiento-coria.png\",\"contentUrl\":\"https:\\\/\\\/coria.org\\\/ayuntamiento\\\/wp-content\\\/uploads\\\/2020\\\/12\\\/escudo-ayuntamiento-coria.png\",\"width\":511,\"height\":240,\"caption\":\"Ayuntamiento de Coria\"},\"image\":{\"@id\":\"https:\\\/\\\/coria.org\\\/ayuntamiento\\\/#\\\/schema\\\/logo\\\/image\\\/\"},\"sameAs\":[\"https:\\\/\\\/www.facebook.com\\\/Ayuntamiento.de.Coria\",\"https:\\\/\\\/x.com\\\/Ayto_de_Coria\",\"https:\\\/\\\/www.instagram.com\\\/coria.ayuntamiento\\\/\",\"https:\\\/\\\/www.youtube.com\\\/user\\\/AYUNTAMIENTOCORIA\"]},{\"@type\":\"Person\",\"@id\":\"https:\\\/\\\/coria.org\\\/ayuntamiento\\\/#\\\/schema\\\/person\\\/8bd589f0e13e8ae5aa06def7a599d622\",\"name\":\"ayuntamiento\",\"image\":{\"@type\":\"ImageObject\",\"inLanguage\":\"es\",\"@id\":\"https:\\\/\\\/secure.gravatar.com\\\/avatar\\\/966e5ed73cad334adda5c87f49f2547f7082f7292c1b627cbb548744383b391c?s=96&d=mm&r=g\",\"url\":\"https:\\\/\\\/secure.gravatar.com\\\/avatar\\\/966e5ed73cad334adda5c87f49f2547f7082f7292c1b627cbb548744383b391c?s=96&d=mm&r=g\",\"contentUrl\":\"https:\\\/\\\/secure.gravatar.com\\\/avatar\\\/966e5ed73cad334adda5c87f49f2547f7082f7292c1b627cbb548744383b391c?s=96&d=mm&r=g\",\"caption\":\"ayuntamiento\"}}]}<\/script>\n<!-- \/ Yoast SEO plugin. -->","yoast_head_json":{"title":"Bolsa de Trabajo del Ayuntamiento de Coria - Ayuntamiento de Coria","robots":{"index":"index","follow":"follow","max-snippet":"max-snippet:-1","max-image-preview":"max-image-preview:large","max-video-preview":"max-video-preview:-1"},"canonical":"https:\/\/coria.org\/ayuntamiento\/index.php\/2008\/02\/14\/bolsa-de-trabajo-del-ayuntamiento-de-coria\/","og_locale":"es_ES","og_type":"article","og_title":"Bolsa de Trabajo del Ayuntamiento de Coria - Ayuntamiento de Coria","og_description":"El Ayuntamiento de Coria, ha decidido crear Bolsa de Trabajo, con el objeto de proceder a la contrataci\u00f3n temporal para cubrir plazas que por necesidades eventuales y\/o espor\u00e1dicas requieran de su provisi\u00f3n. Por esta raz\u00f3n, quedan totalmente eliminados de este grupo aquellos puestos que sean de car\u00e1cter estructural. Se pretende asimismo favorecer en el baremo [&hellip;]","og_url":"https:\/\/coria.org\/ayuntamiento\/index.php\/2008\/02\/14\/bolsa-de-trabajo-del-ayuntamiento-de-coria\/","og_site_name":"Ayuntamiento de Coria","article_publisher":"https:\/\/www.facebook.com\/Ayuntamiento.de.Coria","article_published_time":"2008-02-13T23:00:00+00:00","article_modified_time":"2023-09-18T11:30:24+00:00","author":"ayuntamiento","twitter_card":"summary_large_image","twitter_creator":"@Ayto_de_Coria","twitter_site":"@Ayto_de_Coria","twitter_misc":{"Escrito por":"ayuntamiento","Tiempo de lectura":"1 minuto"},"schema":{"@context":"https:\/\/schema.org","@graph":[{"@type":"Article","@id":"https:\/\/coria.org\/ayuntamiento\/index.php\/2008\/02\/14\/bolsa-de-trabajo-del-ayuntamiento-de-coria\/#article","isPartOf":{"@id":"https:\/\/coria.org\/ayuntamiento\/index.php\/2008\/02\/14\/bolsa-de-trabajo-del-ayuntamiento-de-coria\/"},"author":{"name":"ayuntamiento","@id":"https:\/\/coria.org\/ayuntamiento\/#\/schema\/person\/8bd589f0e13e8ae5aa06def7a599d622"},"headline":"Bolsa de Trabajo del Ayuntamiento de Coria","datePublished":"2008-02-13T23:00:00+00:00","dateModified":"2023-09-18T11:30:24+00:00","mainEntityOfPage":{"@id":"https:\/\/coria.org\/ayuntamiento\/index.php\/2008\/02\/14\/bolsa-de-trabajo-del-ayuntamiento-de-coria\/"},"wordCount":288,"publisher":{"@id":"https:\/\/coria.org\/ayuntamiento\/#organization"},"keywords":["bolsa","trabajo"],"articleSection":["Noticias"],"inLanguage":"es"},{"@type":"WebPage","@id":"https:\/\/coria.org\/ayuntamiento\/index.php\/2008\/02\/14\/bolsa-de-trabajo-del-ayuntamiento-de-coria\/","url":"https:\/\/coria.org\/ayuntamiento\/index.php\/2008\/02\/14\/bolsa-de-trabajo-del-ayuntamiento-de-coria\/","name":"Bolsa de Trabajo del Ayuntamiento de Coria - Ayuntamiento de Coria","isPartOf":{"@id":"https:\/\/coria.org\/ayuntamiento\/#website"},"datePublished":"2008-02-13T23:00:00+00:00","dateModified":"2023-09-18T11:30:24+00:00","breadcrumb":{"@id":"https:\/\/coria.org\/ayuntamiento\/index.php\/2008\/02\/14\/bolsa-de-trabajo-del-ayuntamiento-de-coria\/#breadcrumb"},"inLanguage":"es","potentialAction":[{"@type":"ReadAction","target":["https:\/\/coria.org\/ayuntamiento\/index.php\/2008\/02\/14\/bolsa-de-trabajo-del-ayuntamiento-de-coria\/"]}]},{"@type":"BreadcrumbList","@id":"https:\/\/coria.org\/ayuntamiento\/index.php\/2008\/02\/14\/bolsa-de-trabajo-del-ayuntamiento-de-coria\/#breadcrumb","itemListElement":[{"@type":"ListItem","position":1,"name":"Inicio","item":"https:\/\/coria.org\/ayuntamiento\/"},{"@type":"ListItem","position":2,"name":"Bolsa de Trabajo del Ayuntamiento de Coria"}]},{"@type":"WebSite","@id":"https:\/\/coria.org\/ayuntamiento\/#website","url":"https:\/\/coria.org\/ayuntamiento\/","name":"Ayuntamiento de Coria","description":"Web oficial del Ayuntamiento de Coria","publisher":{"@id":"https:\/\/coria.org\/ayuntamiento\/#organization"},"alternateName":"Web Oficial del Ayuntamiento de Coria","potentialAction":[{"@type":"SearchAction","target":{"@type":"EntryPoint","urlTemplate":"https:\/\/coria.org\/ayuntamiento\/?s={search_term_string}"},"query-input":{"@type":"PropertyValueSpecification","valueRequired":true,"valueName":"search_term_string"}}],"inLanguage":"es"},{"@type":"Organization","@id":"https:\/\/coria.org\/ayuntamiento\/#organization","name":"Ayuntamiento de Coria","alternateName":"Ayto de Coria","url":"https:\/\/coria.org\/ayuntamiento\/","logo":{"@type":"ImageObject","inLanguage":"es","@id":"https:\/\/coria.org\/ayuntamiento\/#\/schema\/logo\/image\/","url":"https:\/\/coria.org\/ayuntamiento\/wp-content\/uploads\/2020\/12\/escudo-ayuntamiento-coria.png","contentUrl":"https:\/\/coria.org\/ayuntamiento\/wp-content\/uploads\/2020\/12\/escudo-ayuntamiento-coria.png","width":511,"height":240,"caption":"Ayuntamiento de Coria"},"image":{"@id":"https:\/\/coria.org\/ayuntamiento\/#\/schema\/logo\/image\/"},"sameAs":["https:\/\/www.facebook.com\/Ayuntamiento.de.Coria","https:\/\/x.com\/Ayto_de_Coria","https:\/\/www.instagram.com\/coria.ayuntamiento\/","https:\/\/www.youtube.com\/user\/AYUNTAMIENTOCORIA"]},{"@type":"Person","@id":"https:\/\/coria.org\/ayuntamiento\/#\/schema\/person\/8bd589f0e13e8ae5aa06def7a599d622","name":"ayuntamiento","image":{"@type":"ImageObject","inLanguage":"es","@id":"https:\/\/secure.gravatar.com\/avatar\/966e5ed73cad334adda5c87f49f2547f7082f7292c1b627cbb548744383b391c?s=96&d=mm&r=g","url":"https:\/\/secure.gravatar.com\/avatar\/966e5ed73cad334adda5c87f49f2547f7082f7292c1b627cbb548744383b391c?s=96&d=mm&r=g","contentUrl":"https:\/\/secure.gravatar.com\/avatar\/966e5ed73cad334adda5c87f49f2547f7082f7292c1b627cbb548744383b391c?s=96&d=mm&r=g","caption":"ayuntamiento"}}]}},"uagb_featured_image_src":{"full":false,"thumbnail":false,"medium":false,"medium_large":false,"large":false,"thumblist":false,"thumbrelated":false,"meccarouselthumb":false,"gridsquare":false,"tileview":false,"1536x1536":false,"2048x2048":false},"uagb_author_info":{"display_name":"ayuntamiento","author_link":"https:\/\/coria.org\/ayuntamiento\/index.php\/author\/ayuntamiento\/"},"uagb_comment_info":0,"uagb_excerpt":"El Ayuntamiento de Coria, ha decidido crear Bolsa de Trabajo, con el objeto de proceder a la contrataci\u00f3n temporal para cubrir plazas que por necesidades eventuales y\/o espor\u00e1dicas requieran de su provisi\u00f3n. Por esta raz\u00f3n, quedan totalmente eliminados de este grupo aquellos puestos que sean de car\u00e1cter estructural. Se pretende asimismo favorecer en el baremo&hellip;","_links":{"self":[{"href":"https:\/\/coria.org\/ayuntamiento\/index.php\/wp-json\/wp\/v2\/posts\/27100","targetHints":{"allow":["GET"]}}],"collection":[{"href":"https:\/\/coria.org\/ayuntamiento\/index.php\/wp-json\/wp\/v2\/posts"}],"about":[{"href":"https:\/\/coria.org\/ayuntamiento\/index.php\/wp-json\/wp\/v2\/types\/post"}],"author":[{"embeddable":true,"href":"https:\/\/coria.org\/ayuntamiento\/index.php\/wp-json\/wp\/v2\/users\/2"}],"replies":[{"embeddable":true,"href":"https:\/\/coria.org\/ayuntamiento\/index.php\/wp-json\/wp\/v2\/comments?post=27100"}],"version-history":[{"count":0,"href":"https:\/\/coria.org\/ayuntamiento\/index.php\/wp-json\/wp\/v2\/posts\/27100\/revisions"}],"wp:attachment":[{"href":"https:\/\/coria.org\/ayuntamiento\/index.php\/wp-json\/wp\/v2\/media?parent=27100"}],"wp:term":[{"taxonomy":"category","embeddable":true,"href":"https:\/\/coria.org\/ayuntamiento\/index.php\/wp-json\/wp\/v2\/categories?post=27100"},{"taxonomy":"post_tag","embeddable":true,"href":"https:\/\/coria.org\/ayuntamiento\/index.php\/wp-json\/wp\/v2\/tags?post=27100"}],"curies":[{"name":"wp","href":"https:\/\/api.w.org\/{rel}","templated":true}]}}