{"id":27099,"date":"2008-02-21T00:00:00","date_gmt":"2008-02-20T23:00:00","guid":{"rendered":"https:\/\/ayuntamiento.coriaenimagenes.com\/xvi-certamen-de-teatro-no-profesional-ciudad-de-coria\/"},"modified":"2023-09-18T13:30:24","modified_gmt":"2023-09-18T11:30:24","slug":"xvi-certamen-de-teatro-no-profesional-ciudad-de-coria","status":"publish","type":"post","link":"https:\/\/coria.org\/ayuntamiento\/index.php\/2008\/02\/21\/xvi-certamen-de-teatro-no-profesional-ciudad-de-coria\/","title":{"rendered":"XVI Certamen de Teatro no Profesional \u00abCiudad de Coria\u00bb"},"content":{"rendered":"<p><b>El certamen est\u00e1 organizado por la Concejalia de Cultura y el Departamento de Animaci\u00f3n Sociocultural del Excmo. Ayuntamiento de Coria y en colaboraci\u00f3n con Cedrama (Red De Teatros de Extremadura) de la Consejer\u00eda de Cultura Junta de Extremadura y la<br \/>\nDiputaci\u00f3n Provincial de C\u00e1ceres.\n<\/p>\n<p><\/b>El certamen se desarrollar\u00e1 en la Casa de Cultura de Coria, durante los d\u00edas 28 de febrero, 7, 14, 26 y 27 de Marzo de 2008. Siendo el horario de las representaciones a las  20h30 .<\/p>\n<p>Las representaciones son las siguientes:<\/p>\n<p>-D\u00eda 28 de Febrero, jueves.<br \/>\n Compa\u00f1\u00eda: GRUPO DE TEATRO EL CANDIL TCE ( Talavera de la Reina. )<br \/>\n Obra: LA GATOMAQUIA de Lope de Vega<\/p>\n<p>&#8211; D\u00eda 7 de Marzo, viernes <br \/>\n Compa\u00f1\u00eda: CUATRO GATOS TEATRO<br \/>\n Obra: A BUENAS HORAS (Sevilla)<\/p>\n<p>\n&#8211; D\u00eda 14 de Marzo, viernes <br \/>\n Compa\u00f1\u00eda: TROCOLA<br \/>\n Obra: \u00abGRACIAS ABUELA\u00bb Las Rozas (Madrid) <\/p>\n<p>\n&#8211; D\u00eda 26 de Marzo, mi\u00e9rcoles <br \/>\n Compa\u00f1\u00eda: TEATRO ICARO<br \/>\n Obra: RUMOURS (RUMORES) ( Getafe)<\/p>\n<p>\n&#8211; D\u00eda 27 de Marzo, jueves <br \/>\nCLAUSURA Y ENTREGA DE PREMIOS.<br \/>\nCompa\u00f1\u00eda: TAPTC? TEATRO<br \/>\nObra: \u00abTrucos viejos para tiempos nuevos\u00bb<\/p>\n<p>Para m\u00e1s informaci\u00f3n consulta el documento adjunto<\/p>\n","protected":false},"excerpt":{"rendered":"<p>El certamen est\u00e1 organizado por la Concejalia de Cultura y el Departamento de Animaci\u00f3n Sociocultural del Excmo. Ayuntamiento de Coria y en colaboraci\u00f3n con Cedrama (Red De Teatros de Extremadura) de la Consejer\u00eda de Cultura Junta de Extremadura y la Diputaci\u00f3n Provincial de C\u00e1ceres. El certamen se desarrollar\u00e1 en la Casa de Cultura de Coria, [&hellip;]<\/p>\n","protected":false},"author":2,"featured_media":0,"comment_status":"closed","ping_status":"closed","sticky":false,"template":"","format":"standard","meta":{"_uag_custom_page_level_css":"","footnotes":""},"categories":[2],"tags":[21,290,1221],"class_list":["post-27099","post","type-post","status-publish","format-standard","hentry","category-noticias","tag-21","tag-certamen","tag-teatro"],"yoast_head":"<!-- This site is optimized with the Yoast SEO plugin v27.4 - https:\/\/yoast.com\/product\/yoast-seo-wordpress\/ -->\n<title>XVI Certamen de Teatro no Profesional &quot;Ciudad de Coria&quot; - Ayuntamiento de Coria<\/title>\n<meta name=\"robots\" content=\"index, follow, max-snippet:-1, max-image-preview:large, max-video-preview:-1\" \/>\n<link rel=\"canonical\" href=\"https:\/\/coria.org\/ayuntamiento\/index.php\/2008\/02\/21\/xvi-certamen-de-teatro-no-profesional-ciudad-de-coria\/\" \/>\n<meta property=\"og:locale\" content=\"es_ES\" \/>\n<meta property=\"og:type\" content=\"article\" \/>\n<meta property=\"og:title\" content=\"XVI Certamen de Teatro no Profesional &quot;Ciudad de Coria&quot; - Ayuntamiento de Coria\" \/>\n<meta property=\"og:description\" content=\"El certamen est\u00e1 organizado por la Concejalia de Cultura y el Departamento de Animaci\u00f3n Sociocultural del Excmo. Ayuntamiento de Coria y en colaboraci\u00f3n con Cedrama (Red De Teatros de Extremadura) de la Consejer\u00eda de Cultura Junta de Extremadura y la Diputaci\u00f3n Provincial de C\u00e1ceres. El certamen se desarrollar\u00e1 en la Casa de Cultura de Coria, [&hellip;]\" \/>\n<meta property=\"og:url\" content=\"https:\/\/coria.org\/ayuntamiento\/index.php\/2008\/02\/21\/xvi-certamen-de-teatro-no-profesional-ciudad-de-coria\/\" \/>\n<meta property=\"og:site_name\" content=\"Ayuntamiento de Coria\" \/>\n<meta property=\"article:publisher\" content=\"https:\/\/www.facebook.com\/Ayuntamiento.de.Coria\" \/>\n<meta property=\"article:published_time\" content=\"2008-02-20T23:00:00+00:00\" \/>\n<meta property=\"article:modified_time\" content=\"2023-09-18T11:30:24+00:00\" \/>\n<meta name=\"author\" content=\"ayuntamiento\" \/>\n<meta name=\"twitter:card\" content=\"summary_large_image\" \/>\n<meta name=\"twitter:creator\" content=\"@Ayto_de_Coria\" \/>\n<meta name=\"twitter:site\" content=\"@Ayto_de_Coria\" \/>\n<meta name=\"twitter:label1\" content=\"Escrito por\" \/>\n\t<meta name=\"twitter:data1\" content=\"ayuntamiento\" \/>\n\t<meta name=\"twitter:label2\" content=\"Tiempo de lectura\" \/>\n\t<meta name=\"twitter:data2\" content=\"1 minuto\" \/>\n<script type=\"application\/ld+json\" class=\"yoast-schema-graph\">{\"@context\":\"https:\\\/\\\/schema.org\",\"@graph\":[{\"@type\":\"Article\",\"@id\":\"https:\\\/\\\/coria.org\\\/ayuntamiento\\\/index.php\\\/2008\\\/02\\\/21\\\/xvi-certamen-de-teatro-no-profesional-ciudad-de-coria\\\/#article\",\"isPartOf\":{\"@id\":\"https:\\\/\\\/coria.org\\\/ayuntamiento\\\/index.php\\\/2008\\\/02\\\/21\\\/xvi-certamen-de-teatro-no-profesional-ciudad-de-coria\\\/\"},\"author\":{\"name\":\"ayuntamiento\",\"@id\":\"https:\\\/\\\/coria.org\\\/ayuntamiento\\\/#\\\/schema\\\/person\\\/8bd589f0e13e8ae5aa06def7a599d622\"},\"headline\":\"XVI Certamen de Teatro no Profesional \u00abCiudad de Coria\u00bb\",\"datePublished\":\"2008-02-20T23:00:00+00:00\",\"dateModified\":\"2023-09-18T11:30:24+00:00\",\"mainEntityOfPage\":{\"@id\":\"https:\\\/\\\/coria.org\\\/ayuntamiento\\\/index.php\\\/2008\\\/02\\\/21\\\/xvi-certamen-de-teatro-no-profesional-ciudad-de-coria\\\/\"},\"wordCount\":193,\"publisher\":{\"@id\":\"https:\\\/\\\/coria.org\\\/ayuntamiento\\\/#organization\"},\"keywords\":[\"2008\",\"certamen\",\"teatro\"],\"articleSection\":[\"Noticias\"],\"inLanguage\":\"es\"},{\"@type\":\"WebPage\",\"@id\":\"https:\\\/\\\/coria.org\\\/ayuntamiento\\\/index.php\\\/2008\\\/02\\\/21\\\/xvi-certamen-de-teatro-no-profesional-ciudad-de-coria\\\/\",\"url\":\"https:\\\/\\\/coria.org\\\/ayuntamiento\\\/index.php\\\/2008\\\/02\\\/21\\\/xvi-certamen-de-teatro-no-profesional-ciudad-de-coria\\\/\",\"name\":\"XVI Certamen de Teatro no Profesional \\\"Ciudad de Coria\\\" - Ayuntamiento de Coria\",\"isPartOf\":{\"@id\":\"https:\\\/\\\/coria.org\\\/ayuntamiento\\\/#website\"},\"datePublished\":\"2008-02-20T23:00:00+00:00\",\"dateModified\":\"2023-09-18T11:30:24+00:00\",\"breadcrumb\":{\"@id\":\"https:\\\/\\\/coria.org\\\/ayuntamiento\\\/index.php\\\/2008\\\/02\\\/21\\\/xvi-certamen-de-teatro-no-profesional-ciudad-de-coria\\\/#breadcrumb\"},\"inLanguage\":\"es\",\"potentialAction\":[{\"@type\":\"ReadAction\",\"target\":[\"https:\\\/\\\/coria.org\\\/ayuntamiento\\\/index.php\\\/2008\\\/02\\\/21\\\/xvi-certamen-de-teatro-no-profesional-ciudad-de-coria\\\/\"]}]},{\"@type\":\"BreadcrumbList\",\"@id\":\"https:\\\/\\\/coria.org\\\/ayuntamiento\\\/index.php\\\/2008\\\/02\\\/21\\\/xvi-certamen-de-teatro-no-profesional-ciudad-de-coria\\\/#breadcrumb\",\"itemListElement\":[{\"@type\":\"ListItem\",\"position\":1,\"name\":\"Inicio\",\"item\":\"https:\\\/\\\/coria.org\\\/ayuntamiento\\\/\"},{\"@type\":\"ListItem\",\"position\":2,\"name\":\"XVI Certamen de Teatro no Profesional \u00abCiudad de Coria\u00bb\"}]},{\"@type\":\"WebSite\",\"@id\":\"https:\\\/\\\/coria.org\\\/ayuntamiento\\\/#website\",\"url\":\"https:\\\/\\\/coria.org\\\/ayuntamiento\\\/\",\"name\":\"Ayuntamiento de Coria\",\"description\":\"Web oficial del Ayuntamiento de Coria\",\"publisher\":{\"@id\":\"https:\\\/\\\/coria.org\\\/ayuntamiento\\\/#organization\"},\"alternateName\":\"Web Oficial del Ayuntamiento de Coria\",\"potentialAction\":[{\"@type\":\"SearchAction\",\"target\":{\"@type\":\"EntryPoint\",\"urlTemplate\":\"https:\\\/\\\/coria.org\\\/ayuntamiento\\\/?s={search_term_string}\"},\"query-input\":{\"@type\":\"PropertyValueSpecification\",\"valueRequired\":true,\"valueName\":\"search_term_string\"}}],\"inLanguage\":\"es\"},{\"@type\":\"Organization\",\"@id\":\"https:\\\/\\\/coria.org\\\/ayuntamiento\\\/#organization\",\"name\":\"Ayuntamiento de Coria\",\"alternateName\":\"Ayto de Coria\",\"url\":\"https:\\\/\\\/coria.org\\\/ayuntamiento\\\/\",\"logo\":{\"@type\":\"ImageObject\",\"inLanguage\":\"es\",\"@id\":\"https:\\\/\\\/coria.org\\\/ayuntamiento\\\/#\\\/schema\\\/logo\\\/image\\\/\",\"url\":\"https:\\\/\\\/coria.org\\\/ayuntamiento\\\/wp-content\\\/uploads\\\/2020\\\/12\\\/escudo-ayuntamiento-coria.png\",\"contentUrl\":\"https:\\\/\\\/coria.org\\\/ayuntamiento\\\/wp-content\\\/uploads\\\/2020\\\/12\\\/escudo-ayuntamiento-coria.png\",\"width\":511,\"height\":240,\"caption\":\"Ayuntamiento de Coria\"},\"image\":{\"@id\":\"https:\\\/\\\/coria.org\\\/ayuntamiento\\\/#\\\/schema\\\/logo\\\/image\\\/\"},\"sameAs\":[\"https:\\\/\\\/www.facebook.com\\\/Ayuntamiento.de.Coria\",\"https:\\\/\\\/x.com\\\/Ayto_de_Coria\",\"https:\\\/\\\/www.instagram.com\\\/coria.ayuntamiento\\\/\",\"https:\\\/\\\/www.youtube.com\\\/user\\\/AYUNTAMIENTOCORIA\"]},{\"@type\":\"Person\",\"@id\":\"https:\\\/\\\/coria.org\\\/ayuntamiento\\\/#\\\/schema\\\/person\\\/8bd589f0e13e8ae5aa06def7a599d622\",\"name\":\"ayuntamiento\",\"image\":{\"@type\":\"ImageObject\",\"inLanguage\":\"es\",\"@id\":\"https:\\\/\\\/secure.gravatar.com\\\/avatar\\\/966e5ed73cad334adda5c87f49f2547f7082f7292c1b627cbb548744383b391c?s=96&d=mm&r=g\",\"url\":\"https:\\\/\\\/secure.gravatar.com\\\/avatar\\\/966e5ed73cad334adda5c87f49f2547f7082f7292c1b627cbb548744383b391c?s=96&d=mm&r=g\",\"contentUrl\":\"https:\\\/\\\/secure.gravatar.com\\\/avatar\\\/966e5ed73cad334adda5c87f49f2547f7082f7292c1b627cbb548744383b391c?s=96&d=mm&r=g\",\"caption\":\"ayuntamiento\"}}]}<\/script>\n<!-- \/ Yoast SEO plugin. -->","yoast_head_json":{"title":"XVI Certamen de Teatro no Profesional \"Ciudad de Coria\" - Ayuntamiento de Coria","robots":{"index":"index","follow":"follow","max-snippet":"max-snippet:-1","max-image-preview":"max-image-preview:large","max-video-preview":"max-video-preview:-1"},"canonical":"https:\/\/coria.org\/ayuntamiento\/index.php\/2008\/02\/21\/xvi-certamen-de-teatro-no-profesional-ciudad-de-coria\/","og_locale":"es_ES","og_type":"article","og_title":"XVI Certamen de Teatro no Profesional \"Ciudad de Coria\" - Ayuntamiento de Coria","og_description":"El certamen est\u00e1 organizado por la Concejalia de Cultura y el Departamento de Animaci\u00f3n Sociocultural del Excmo. Ayuntamiento de Coria y en colaboraci\u00f3n con Cedrama (Red De Teatros de Extremadura) de la Consejer\u00eda de Cultura Junta de Extremadura y la Diputaci\u00f3n Provincial de C\u00e1ceres. El certamen se desarrollar\u00e1 en la Casa de Cultura de Coria, [&hellip;]","og_url":"https:\/\/coria.org\/ayuntamiento\/index.php\/2008\/02\/21\/xvi-certamen-de-teatro-no-profesional-ciudad-de-coria\/","og_site_name":"Ayuntamiento de Coria","article_publisher":"https:\/\/www.facebook.com\/Ayuntamiento.de.Coria","article_published_time":"2008-02-20T23:00:00+00:00","article_modified_time":"2023-09-18T11:30:24+00:00","author":"ayuntamiento","twitter_card":"summary_large_image","twitter_creator":"@Ayto_de_Coria","twitter_site":"@Ayto_de_Coria","twitter_misc":{"Escrito por":"ayuntamiento","Tiempo de lectura":"1 minuto"},"schema":{"@context":"https:\/\/schema.org","@graph":[{"@type":"Article","@id":"https:\/\/coria.org\/ayuntamiento\/index.php\/2008\/02\/21\/xvi-certamen-de-teatro-no-profesional-ciudad-de-coria\/#article","isPartOf":{"@id":"https:\/\/coria.org\/ayuntamiento\/index.php\/2008\/02\/21\/xvi-certamen-de-teatro-no-profesional-ciudad-de-coria\/"},"author":{"name":"ayuntamiento","@id":"https:\/\/coria.org\/ayuntamiento\/#\/schema\/person\/8bd589f0e13e8ae5aa06def7a599d622"},"headline":"XVI Certamen de Teatro no Profesional \u00abCiudad de Coria\u00bb","datePublished":"2008-02-20T23:00:00+00:00","dateModified":"2023-09-18T11:30:24+00:00","mainEntityOfPage":{"@id":"https:\/\/coria.org\/ayuntamiento\/index.php\/2008\/02\/21\/xvi-certamen-de-teatro-no-profesional-ciudad-de-coria\/"},"wordCount":193,"publisher":{"@id":"https:\/\/coria.org\/ayuntamiento\/#organization"},"keywords":["2008","certamen","teatro"],"articleSection":["Noticias"],"inLanguage":"es"},{"@type":"WebPage","@id":"https:\/\/coria.org\/ayuntamiento\/index.php\/2008\/02\/21\/xvi-certamen-de-teatro-no-profesional-ciudad-de-coria\/","url":"https:\/\/coria.org\/ayuntamiento\/index.php\/2008\/02\/21\/xvi-certamen-de-teatro-no-profesional-ciudad-de-coria\/","name":"XVI Certamen de Teatro no Profesional \"Ciudad de Coria\" - Ayuntamiento de Coria","isPartOf":{"@id":"https:\/\/coria.org\/ayuntamiento\/#website"},"datePublished":"2008-02-20T23:00:00+00:00","dateModified":"2023-09-18T11:30:24+00:00","breadcrumb":{"@id":"https:\/\/coria.org\/ayuntamiento\/index.php\/2008\/02\/21\/xvi-certamen-de-teatro-no-profesional-ciudad-de-coria\/#breadcrumb"},"inLanguage":"es","potentialAction":[{"@type":"ReadAction","target":["https:\/\/coria.org\/ayuntamiento\/index.php\/2008\/02\/21\/xvi-certamen-de-teatro-no-profesional-ciudad-de-coria\/"]}]},{"@type":"BreadcrumbList","@id":"https:\/\/coria.org\/ayuntamiento\/index.php\/2008\/02\/21\/xvi-certamen-de-teatro-no-profesional-ciudad-de-coria\/#breadcrumb","itemListElement":[{"@type":"ListItem","position":1,"name":"Inicio","item":"https:\/\/coria.org\/ayuntamiento\/"},{"@type":"ListItem","position":2,"name":"XVI Certamen de Teatro no Profesional \u00abCiudad de Coria\u00bb"}]},{"@type":"WebSite","@id":"https:\/\/coria.org\/ayuntamiento\/#website","url":"https:\/\/coria.org\/ayuntamiento\/","name":"Ayuntamiento de Coria","description":"Web oficial del Ayuntamiento de Coria","publisher":{"@id":"https:\/\/coria.org\/ayuntamiento\/#organization"},"alternateName":"Web Oficial del Ayuntamiento de Coria","potentialAction":[{"@type":"SearchAction","target":{"@type":"EntryPoint","urlTemplate":"https:\/\/coria.org\/ayuntamiento\/?s={search_term_string}"},"query-input":{"@type":"PropertyValueSpecification","valueRequired":true,"valueName":"search_term_string"}}],"inLanguage":"es"},{"@type":"Organization","@id":"https:\/\/coria.org\/ayuntamiento\/#organization","name":"Ayuntamiento de Coria","alternateName":"Ayto de Coria","url":"https:\/\/coria.org\/ayuntamiento\/","logo":{"@type":"ImageObject","inLanguage":"es","@id":"https:\/\/coria.org\/ayuntamiento\/#\/schema\/logo\/image\/","url":"https:\/\/coria.org\/ayuntamiento\/wp-content\/uploads\/2020\/12\/escudo-ayuntamiento-coria.png","contentUrl":"https:\/\/coria.org\/ayuntamiento\/wp-content\/uploads\/2020\/12\/escudo-ayuntamiento-coria.png","width":511,"height":240,"caption":"Ayuntamiento de Coria"},"image":{"@id":"https:\/\/coria.org\/ayuntamiento\/#\/schema\/logo\/image\/"},"sameAs":["https:\/\/www.facebook.com\/Ayuntamiento.de.Coria","https:\/\/x.com\/Ayto_de_Coria","https:\/\/www.instagram.com\/coria.ayuntamiento\/","https:\/\/www.youtube.com\/user\/AYUNTAMIENTOCORIA"]},{"@type":"Person","@id":"https:\/\/coria.org\/ayuntamiento\/#\/schema\/person\/8bd589f0e13e8ae5aa06def7a599d622","name":"ayuntamiento","image":{"@type":"ImageObject","inLanguage":"es","@id":"https:\/\/secure.gravatar.com\/avatar\/966e5ed73cad334adda5c87f49f2547f7082f7292c1b627cbb548744383b391c?s=96&d=mm&r=g","url":"https:\/\/secure.gravatar.com\/avatar\/966e5ed73cad334adda5c87f49f2547f7082f7292c1b627cbb548744383b391c?s=96&d=mm&r=g","contentUrl":"https:\/\/secure.gravatar.com\/avatar\/966e5ed73cad334adda5c87f49f2547f7082f7292c1b627cbb548744383b391c?s=96&d=mm&r=g","caption":"ayuntamiento"}}]}},"uagb_featured_image_src":{"full":false,"thumbnail":false,"medium":false,"medium_large":false,"large":false,"thumblist":false,"thumbrelated":false,"meccarouselthumb":false,"gridsquare":false,"tileview":false,"1536x1536":false,"2048x2048":false},"uagb_author_info":{"display_name":"ayuntamiento","author_link":"https:\/\/coria.org\/ayuntamiento\/index.php\/author\/ayuntamiento\/"},"uagb_comment_info":0,"uagb_excerpt":"El certamen est\u00e1 organizado por la Concejalia de Cultura y el Departamento de Animaci\u00f3n Sociocultural del Excmo. Ayuntamiento de Coria y en colaboraci\u00f3n con Cedrama (Red De Teatros de Extremadura) de la Consejer\u00eda de Cultura Junta de Extremadura y la Diputaci\u00f3n Provincial de C\u00e1ceres. El certamen se desarrollar\u00e1 en la Casa de Cultura de Coria,&hellip;","_links":{"self":[{"href":"https:\/\/coria.org\/ayuntamiento\/index.php\/wp-json\/wp\/v2\/posts\/27099","targetHints":{"allow":["GET"]}}],"collection":[{"href":"https:\/\/coria.org\/ayuntamiento\/index.php\/wp-json\/wp\/v2\/posts"}],"about":[{"href":"https:\/\/coria.org\/ayuntamiento\/index.php\/wp-json\/wp\/v2\/types\/post"}],"author":[{"embeddable":true,"href":"https:\/\/coria.org\/ayuntamiento\/index.php\/wp-json\/wp\/v2\/users\/2"}],"replies":[{"embeddable":true,"href":"https:\/\/coria.org\/ayuntamiento\/index.php\/wp-json\/wp\/v2\/comments?post=27099"}],"version-history":[{"count":0,"href":"https:\/\/coria.org\/ayuntamiento\/index.php\/wp-json\/wp\/v2\/posts\/27099\/revisions"}],"wp:attachment":[{"href":"https:\/\/coria.org\/ayuntamiento\/index.php\/wp-json\/wp\/v2\/media?parent=27099"}],"wp:term":[{"taxonomy":"category","embeddable":true,"href":"https:\/\/coria.org\/ayuntamiento\/index.php\/wp-json\/wp\/v2\/categories?post=27099"},{"taxonomy":"post_tag","embeddable":true,"href":"https:\/\/coria.org\/ayuntamiento\/index.php\/wp-json\/wp\/v2\/tags?post=27099"}],"curies":[{"name":"wp","href":"https:\/\/api.w.org\/{rel}","templated":true}]}}