{"id":27093,"date":"2008-03-05T00:00:00","date_gmt":"2008-03-04T23:00:00","guid":{"rendered":"https:\/\/ayuntamiento.coriaenimagenes.com\/ampliacion-poligono-los-rosales\/"},"modified":"2023-09-18T13:30:23","modified_gmt":"2023-09-18T11:30:23","slug":"ampliacion-poligono-los-rosales","status":"publish","type":"post","link":"https:\/\/coria.org\/ayuntamiento\/index.php\/2008\/03\/05\/ampliacion-poligono-los-rosales\/","title":{"rendered":"Ampliaci\u00f3n Pol\u00edgono \u00abLos Rosales\u00bb"},"content":{"rendered":"\n<p><b>El Ayuntamiento de Coria, desde su concejal\u00eda de Desarrollo Local, informa a los ciudadanos de asuntos que son de inter\u00e9s municipal. <\/b><\/p>\n\n\n\n<p><b><\/b>El equipo de gobierno del Ayuntamiento es consciente de la necesidad de ampliar el suelo industrial en nuestra ciudad para dar un impulso al tejido empresarial, y a la vez, fomentar la inversi\u00f3n en Coria.<\/p>\n\n\n\n<p>Recientemente nos visit\u00f3 el Presidente del SEPES, dependiente del Ministerio de Vivienda, con el fin de ver, in situ, la posibilidad de ampliaci\u00f3n del actual pol\u00edgono Industrial Los Rosales.<\/p>\n\n\n\n<p>De la anterior visita se concluy\u00f3 que era necesaria la compra de terrenos colindantes al pol\u00edgono, por lo que desde la concejal\u00eda de Desarrollo Local se ha convocado una reuni\u00f3n con distintos propietarios de suelo que pueden verse afectados por la ampliaci\u00f3n del pol\u00edgono.<\/p>\n\n\n\n<p>Esta reuni\u00f3n en la que estuvo presente, adem\u00e1s de la t\u00e9cnico del Patronato de Formaci\u00f3n y Empleo, el Alcalde y la Concejala del \u00c1rea, tuvo un car\u00e1cter informativo y es de agradecer por parte de este equipo de gobierno, la buena disposici\u00f3n y el inter\u00e9s mostrado por los asistentes.<\/p>\n\n\n\n<p>En la reuni\u00f3n se les dio a conocer las intenciones del Ayuntamiento, el inter\u00e9s que supone la adquisici\u00f3n del suelo y el deseo del equipo de gobierno de llevar a cabo la compra de los terrenos con celeridad y sin que suponga un perjuicio a la econom\u00eda de los afectados. Igualmente se les comunic\u00f3 que en dicha reuni\u00f3n, al ser la primera, faltaba a\u00fan por localizar a otros propietarios que lindan con el actual pol\u00edgono Industrial.<\/p>\n\n\n\n<p>En sucesivas reuniones se ir\u00e1 informando sobre los avances de este proyecto de ampliaci\u00f3n. Del mismo modo se hace extensiva este comunicado para convocar a todas aquellas que no hayan estado presentes en esta reuni\u00f3n y que consideren que pueden estar afectados por la ampliaci\u00f3n del pol\u00edgono, por tener terreno cercano a Los Rosales, para que se personen en el Ayuntamiento y faciliten el nombre de una persona de contacto para que pueda ser convocada a pr\u00f3ximas reuniones.<\/p>\n\n\n\n<p>Desde el equipo de Gobierno agradecemos el esfuerzo que realizan los ciudadanos para impulsar el desarrollo local y seguimos trabajando para mejorar la econom\u00eda en nuestra ciudad.<\/p>\n\n\n\n<p>Fdo. Mar\u00eda Jes\u00fas Crespo Guillermo. <br \/>Concejala de Desarrollo Local<\/p>\n","protected":false},"excerpt":{"rendered":"<p>El Ayuntamiento de Coria, desde su concejal\u00eda de Desarrollo Local, informa a los ciudadanos de asuntos que son de inter\u00e9s municipal. El equipo de gobierno del Ayuntamiento es consciente de la necesidad de ampliar el suelo industrial en nuestra ciudad para dar un impulso al tejido empresarial, y a la vez, fomentar la inversi\u00f3n en [&hellip;]<\/p>\n","protected":false},"author":2,"featured_media":0,"comment_status":"closed","ping_status":"closed","sticky":false,"template":"","format":"standard","meta":{"_uag_custom_page_level_css":"","footnotes":""},"categories":[2],"tags":[102,982],"class_list":["post-27093","post","type-post","status-publish","format-standard","hentry","category-noticias","tag-ampliacion","tag-poligono"],"yoast_head":"<!-- This site is optimized with the Yoast SEO plugin v27.4 - https:\/\/yoast.com\/product\/yoast-seo-wordpress\/ -->\n<title>Ampliaci\u00f3n Pol\u00edgono &quot;Los Rosales&quot; - Ayuntamiento de Coria<\/title>\n<meta name=\"robots\" content=\"index, follow, max-snippet:-1, max-image-preview:large, max-video-preview:-1\" \/>\n<link rel=\"canonical\" href=\"https:\/\/coria.org\/ayuntamiento\/index.php\/2008\/03\/05\/ampliacion-poligono-los-rosales\/\" \/>\n<meta property=\"og:locale\" content=\"es_ES\" \/>\n<meta property=\"og:type\" content=\"article\" \/>\n<meta property=\"og:title\" content=\"Ampliaci\u00f3n Pol\u00edgono &quot;Los Rosales&quot; - Ayuntamiento de Coria\" \/>\n<meta property=\"og:description\" content=\"El Ayuntamiento de Coria, desde su concejal\u00eda de Desarrollo Local, informa a los ciudadanos de asuntos que son de inter\u00e9s municipal. El equipo de gobierno del Ayuntamiento es consciente de la necesidad de ampliar el suelo industrial en nuestra ciudad para dar un impulso al tejido empresarial, y a la vez, fomentar la inversi\u00f3n en [&hellip;]\" \/>\n<meta property=\"og:url\" content=\"https:\/\/coria.org\/ayuntamiento\/index.php\/2008\/03\/05\/ampliacion-poligono-los-rosales\/\" \/>\n<meta property=\"og:site_name\" content=\"Ayuntamiento de Coria\" \/>\n<meta property=\"article:publisher\" content=\"https:\/\/www.facebook.com\/Ayuntamiento.de.Coria\" \/>\n<meta property=\"article:published_time\" content=\"2008-03-04T23:00:00+00:00\" \/>\n<meta property=\"article:modified_time\" content=\"2023-09-18T11:30:23+00:00\" \/>\n<meta name=\"author\" content=\"ayuntamiento\" \/>\n<meta name=\"twitter:card\" content=\"summary_large_image\" \/>\n<meta name=\"twitter:creator\" content=\"@Ayto_de_Coria\" \/>\n<meta name=\"twitter:site\" content=\"@Ayto_de_Coria\" \/>\n<meta name=\"twitter:label1\" content=\"Escrito por\" \/>\n\t<meta name=\"twitter:data1\" content=\"ayuntamiento\" \/>\n\t<meta name=\"twitter:label2\" content=\"Tiempo de lectura\" \/>\n\t<meta name=\"twitter:data2\" content=\"2 minutos\" \/>\n<script type=\"application\/ld+json\" class=\"yoast-schema-graph\">{\"@context\":\"https:\\\/\\\/schema.org\",\"@graph\":[{\"@type\":\"Article\",\"@id\":\"https:\\\/\\\/coria.org\\\/ayuntamiento\\\/index.php\\\/2008\\\/03\\\/05\\\/ampliacion-poligono-los-rosales\\\/#article\",\"isPartOf\":{\"@id\":\"https:\\\/\\\/coria.org\\\/ayuntamiento\\\/index.php\\\/2008\\\/03\\\/05\\\/ampliacion-poligono-los-rosales\\\/\"},\"author\":{\"name\":\"ayuntamiento\",\"@id\":\"https:\\\/\\\/coria.org\\\/ayuntamiento\\\/#\\\/schema\\\/person\\\/8bd589f0e13e8ae5aa06def7a599d622\"},\"headline\":\"Ampliaci\u00f3n Pol\u00edgono \u00abLos Rosales\u00bb\",\"datePublished\":\"2008-03-04T23:00:00+00:00\",\"dateModified\":\"2023-09-18T11:30:23+00:00\",\"mainEntityOfPage\":{\"@id\":\"https:\\\/\\\/coria.org\\\/ayuntamiento\\\/index.php\\\/2008\\\/03\\\/05\\\/ampliacion-poligono-los-rosales\\\/\"},\"wordCount\":406,\"publisher\":{\"@id\":\"https:\\\/\\\/coria.org\\\/ayuntamiento\\\/#organization\"},\"keywords\":[\"ampliacion\",\"poligono\"],\"articleSection\":[\"Noticias\"],\"inLanguage\":\"es\"},{\"@type\":\"WebPage\",\"@id\":\"https:\\\/\\\/coria.org\\\/ayuntamiento\\\/index.php\\\/2008\\\/03\\\/05\\\/ampliacion-poligono-los-rosales\\\/\",\"url\":\"https:\\\/\\\/coria.org\\\/ayuntamiento\\\/index.php\\\/2008\\\/03\\\/05\\\/ampliacion-poligono-los-rosales\\\/\",\"name\":\"Ampliaci\u00f3n Pol\u00edgono \\\"Los Rosales\\\" - Ayuntamiento de Coria\",\"isPartOf\":{\"@id\":\"https:\\\/\\\/coria.org\\\/ayuntamiento\\\/#website\"},\"datePublished\":\"2008-03-04T23:00:00+00:00\",\"dateModified\":\"2023-09-18T11:30:23+00:00\",\"breadcrumb\":{\"@id\":\"https:\\\/\\\/coria.org\\\/ayuntamiento\\\/index.php\\\/2008\\\/03\\\/05\\\/ampliacion-poligono-los-rosales\\\/#breadcrumb\"},\"inLanguage\":\"es\",\"potentialAction\":[{\"@type\":\"ReadAction\",\"target\":[\"https:\\\/\\\/coria.org\\\/ayuntamiento\\\/index.php\\\/2008\\\/03\\\/05\\\/ampliacion-poligono-los-rosales\\\/\"]}]},{\"@type\":\"BreadcrumbList\",\"@id\":\"https:\\\/\\\/coria.org\\\/ayuntamiento\\\/index.php\\\/2008\\\/03\\\/05\\\/ampliacion-poligono-los-rosales\\\/#breadcrumb\",\"itemListElement\":[{\"@type\":\"ListItem\",\"position\":1,\"name\":\"Inicio\",\"item\":\"https:\\\/\\\/coria.org\\\/ayuntamiento\\\/\"},{\"@type\":\"ListItem\",\"position\":2,\"name\":\"Ampliaci\u00f3n Pol\u00edgono \u00abLos Rosales\u00bb\"}]},{\"@type\":\"WebSite\",\"@id\":\"https:\\\/\\\/coria.org\\\/ayuntamiento\\\/#website\",\"url\":\"https:\\\/\\\/coria.org\\\/ayuntamiento\\\/\",\"name\":\"Ayuntamiento de Coria\",\"description\":\"Web oficial del Ayuntamiento de Coria\",\"publisher\":{\"@id\":\"https:\\\/\\\/coria.org\\\/ayuntamiento\\\/#organization\"},\"alternateName\":\"Web Oficial del Ayuntamiento de Coria\",\"potentialAction\":[{\"@type\":\"SearchAction\",\"target\":{\"@type\":\"EntryPoint\",\"urlTemplate\":\"https:\\\/\\\/coria.org\\\/ayuntamiento\\\/?s={search_term_string}\"},\"query-input\":{\"@type\":\"PropertyValueSpecification\",\"valueRequired\":true,\"valueName\":\"search_term_string\"}}],\"inLanguage\":\"es\"},{\"@type\":\"Organization\",\"@id\":\"https:\\\/\\\/coria.org\\\/ayuntamiento\\\/#organization\",\"name\":\"Ayuntamiento de Coria\",\"alternateName\":\"Ayto de Coria\",\"url\":\"https:\\\/\\\/coria.org\\\/ayuntamiento\\\/\",\"logo\":{\"@type\":\"ImageObject\",\"inLanguage\":\"es\",\"@id\":\"https:\\\/\\\/coria.org\\\/ayuntamiento\\\/#\\\/schema\\\/logo\\\/image\\\/\",\"url\":\"https:\\\/\\\/coria.org\\\/ayuntamiento\\\/wp-content\\\/uploads\\\/2020\\\/12\\\/escudo-ayuntamiento-coria.png\",\"contentUrl\":\"https:\\\/\\\/coria.org\\\/ayuntamiento\\\/wp-content\\\/uploads\\\/2020\\\/12\\\/escudo-ayuntamiento-coria.png\",\"width\":511,\"height\":240,\"caption\":\"Ayuntamiento de Coria\"},\"image\":{\"@id\":\"https:\\\/\\\/coria.org\\\/ayuntamiento\\\/#\\\/schema\\\/logo\\\/image\\\/\"},\"sameAs\":[\"https:\\\/\\\/www.facebook.com\\\/Ayuntamiento.de.Coria\",\"https:\\\/\\\/x.com\\\/Ayto_de_Coria\",\"https:\\\/\\\/www.instagram.com\\\/coria.ayuntamiento\\\/\",\"https:\\\/\\\/www.youtube.com\\\/user\\\/AYUNTAMIENTOCORIA\"]},{\"@type\":\"Person\",\"@id\":\"https:\\\/\\\/coria.org\\\/ayuntamiento\\\/#\\\/schema\\\/person\\\/8bd589f0e13e8ae5aa06def7a599d622\",\"name\":\"ayuntamiento\",\"image\":{\"@type\":\"ImageObject\",\"inLanguage\":\"es\",\"@id\":\"https:\\\/\\\/secure.gravatar.com\\\/avatar\\\/966e5ed73cad334adda5c87f49f2547f7082f7292c1b627cbb548744383b391c?s=96&d=mm&r=g\",\"url\":\"https:\\\/\\\/secure.gravatar.com\\\/avatar\\\/966e5ed73cad334adda5c87f49f2547f7082f7292c1b627cbb548744383b391c?s=96&d=mm&r=g\",\"contentUrl\":\"https:\\\/\\\/secure.gravatar.com\\\/avatar\\\/966e5ed73cad334adda5c87f49f2547f7082f7292c1b627cbb548744383b391c?s=96&d=mm&r=g\",\"caption\":\"ayuntamiento\"}}]}<\/script>\n<!-- \/ Yoast SEO plugin. -->","yoast_head_json":{"title":"Ampliaci\u00f3n Pol\u00edgono \"Los Rosales\" - Ayuntamiento de Coria","robots":{"index":"index","follow":"follow","max-snippet":"max-snippet:-1","max-image-preview":"max-image-preview:large","max-video-preview":"max-video-preview:-1"},"canonical":"https:\/\/coria.org\/ayuntamiento\/index.php\/2008\/03\/05\/ampliacion-poligono-los-rosales\/","og_locale":"es_ES","og_type":"article","og_title":"Ampliaci\u00f3n Pol\u00edgono \"Los Rosales\" - Ayuntamiento de Coria","og_description":"El Ayuntamiento de Coria, desde su concejal\u00eda de Desarrollo Local, informa a los ciudadanos de asuntos que son de inter\u00e9s municipal. El equipo de gobierno del Ayuntamiento es consciente de la necesidad de ampliar el suelo industrial en nuestra ciudad para dar un impulso al tejido empresarial, y a la vez, fomentar la inversi\u00f3n en [&hellip;]","og_url":"https:\/\/coria.org\/ayuntamiento\/index.php\/2008\/03\/05\/ampliacion-poligono-los-rosales\/","og_site_name":"Ayuntamiento de Coria","article_publisher":"https:\/\/www.facebook.com\/Ayuntamiento.de.Coria","article_published_time":"2008-03-04T23:00:00+00:00","article_modified_time":"2023-09-18T11:30:23+00:00","author":"ayuntamiento","twitter_card":"summary_large_image","twitter_creator":"@Ayto_de_Coria","twitter_site":"@Ayto_de_Coria","twitter_misc":{"Escrito por":"ayuntamiento","Tiempo de lectura":"2 minutos"},"schema":{"@context":"https:\/\/schema.org","@graph":[{"@type":"Article","@id":"https:\/\/coria.org\/ayuntamiento\/index.php\/2008\/03\/05\/ampliacion-poligono-los-rosales\/#article","isPartOf":{"@id":"https:\/\/coria.org\/ayuntamiento\/index.php\/2008\/03\/05\/ampliacion-poligono-los-rosales\/"},"author":{"name":"ayuntamiento","@id":"https:\/\/coria.org\/ayuntamiento\/#\/schema\/person\/8bd589f0e13e8ae5aa06def7a599d622"},"headline":"Ampliaci\u00f3n Pol\u00edgono \u00abLos Rosales\u00bb","datePublished":"2008-03-04T23:00:00+00:00","dateModified":"2023-09-18T11:30:23+00:00","mainEntityOfPage":{"@id":"https:\/\/coria.org\/ayuntamiento\/index.php\/2008\/03\/05\/ampliacion-poligono-los-rosales\/"},"wordCount":406,"publisher":{"@id":"https:\/\/coria.org\/ayuntamiento\/#organization"},"keywords":["ampliacion","poligono"],"articleSection":["Noticias"],"inLanguage":"es"},{"@type":"WebPage","@id":"https:\/\/coria.org\/ayuntamiento\/index.php\/2008\/03\/05\/ampliacion-poligono-los-rosales\/","url":"https:\/\/coria.org\/ayuntamiento\/index.php\/2008\/03\/05\/ampliacion-poligono-los-rosales\/","name":"Ampliaci\u00f3n Pol\u00edgono \"Los Rosales\" - Ayuntamiento de Coria","isPartOf":{"@id":"https:\/\/coria.org\/ayuntamiento\/#website"},"datePublished":"2008-03-04T23:00:00+00:00","dateModified":"2023-09-18T11:30:23+00:00","breadcrumb":{"@id":"https:\/\/coria.org\/ayuntamiento\/index.php\/2008\/03\/05\/ampliacion-poligono-los-rosales\/#breadcrumb"},"inLanguage":"es","potentialAction":[{"@type":"ReadAction","target":["https:\/\/coria.org\/ayuntamiento\/index.php\/2008\/03\/05\/ampliacion-poligono-los-rosales\/"]}]},{"@type":"BreadcrumbList","@id":"https:\/\/coria.org\/ayuntamiento\/index.php\/2008\/03\/05\/ampliacion-poligono-los-rosales\/#breadcrumb","itemListElement":[{"@type":"ListItem","position":1,"name":"Inicio","item":"https:\/\/coria.org\/ayuntamiento\/"},{"@type":"ListItem","position":2,"name":"Ampliaci\u00f3n Pol\u00edgono \u00abLos Rosales\u00bb"}]},{"@type":"WebSite","@id":"https:\/\/coria.org\/ayuntamiento\/#website","url":"https:\/\/coria.org\/ayuntamiento\/","name":"Ayuntamiento de Coria","description":"Web oficial del Ayuntamiento de Coria","publisher":{"@id":"https:\/\/coria.org\/ayuntamiento\/#organization"},"alternateName":"Web Oficial del Ayuntamiento de Coria","potentialAction":[{"@type":"SearchAction","target":{"@type":"EntryPoint","urlTemplate":"https:\/\/coria.org\/ayuntamiento\/?s={search_term_string}"},"query-input":{"@type":"PropertyValueSpecification","valueRequired":true,"valueName":"search_term_string"}}],"inLanguage":"es"},{"@type":"Organization","@id":"https:\/\/coria.org\/ayuntamiento\/#organization","name":"Ayuntamiento de Coria","alternateName":"Ayto de Coria","url":"https:\/\/coria.org\/ayuntamiento\/","logo":{"@type":"ImageObject","inLanguage":"es","@id":"https:\/\/coria.org\/ayuntamiento\/#\/schema\/logo\/image\/","url":"https:\/\/coria.org\/ayuntamiento\/wp-content\/uploads\/2020\/12\/escudo-ayuntamiento-coria.png","contentUrl":"https:\/\/coria.org\/ayuntamiento\/wp-content\/uploads\/2020\/12\/escudo-ayuntamiento-coria.png","width":511,"height":240,"caption":"Ayuntamiento de Coria"},"image":{"@id":"https:\/\/coria.org\/ayuntamiento\/#\/schema\/logo\/image\/"},"sameAs":["https:\/\/www.facebook.com\/Ayuntamiento.de.Coria","https:\/\/x.com\/Ayto_de_Coria","https:\/\/www.instagram.com\/coria.ayuntamiento\/","https:\/\/www.youtube.com\/user\/AYUNTAMIENTOCORIA"]},{"@type":"Person","@id":"https:\/\/coria.org\/ayuntamiento\/#\/schema\/person\/8bd589f0e13e8ae5aa06def7a599d622","name":"ayuntamiento","image":{"@type":"ImageObject","inLanguage":"es","@id":"https:\/\/secure.gravatar.com\/avatar\/966e5ed73cad334adda5c87f49f2547f7082f7292c1b627cbb548744383b391c?s=96&d=mm&r=g","url":"https:\/\/secure.gravatar.com\/avatar\/966e5ed73cad334adda5c87f49f2547f7082f7292c1b627cbb548744383b391c?s=96&d=mm&r=g","contentUrl":"https:\/\/secure.gravatar.com\/avatar\/966e5ed73cad334adda5c87f49f2547f7082f7292c1b627cbb548744383b391c?s=96&d=mm&r=g","caption":"ayuntamiento"}}]}},"uagb_featured_image_src":{"full":false,"thumbnail":false,"medium":false,"medium_large":false,"large":false,"thumblist":false,"thumbrelated":false,"meccarouselthumb":false,"gridsquare":false,"tileview":false,"1536x1536":false,"2048x2048":false},"uagb_author_info":{"display_name":"ayuntamiento","author_link":"https:\/\/coria.org\/ayuntamiento\/index.php\/author\/ayuntamiento\/"},"uagb_comment_info":0,"uagb_excerpt":"El Ayuntamiento de Coria, desde su concejal\u00eda de Desarrollo Local, informa a los ciudadanos de asuntos que son de inter\u00e9s municipal. El equipo de gobierno del Ayuntamiento es consciente de la necesidad de ampliar el suelo industrial en nuestra ciudad para dar un impulso al tejido empresarial, y a la vez, fomentar la inversi\u00f3n en&hellip;","_links":{"self":[{"href":"https:\/\/coria.org\/ayuntamiento\/index.php\/wp-json\/wp\/v2\/posts\/27093","targetHints":{"allow":["GET"]}}],"collection":[{"href":"https:\/\/coria.org\/ayuntamiento\/index.php\/wp-json\/wp\/v2\/posts"}],"about":[{"href":"https:\/\/coria.org\/ayuntamiento\/index.php\/wp-json\/wp\/v2\/types\/post"}],"author":[{"embeddable":true,"href":"https:\/\/coria.org\/ayuntamiento\/index.php\/wp-json\/wp\/v2\/users\/2"}],"replies":[{"embeddable":true,"href":"https:\/\/coria.org\/ayuntamiento\/index.php\/wp-json\/wp\/v2\/comments?post=27093"}],"version-history":[{"count":0,"href":"https:\/\/coria.org\/ayuntamiento\/index.php\/wp-json\/wp\/v2\/posts\/27093\/revisions"}],"wp:attachment":[{"href":"https:\/\/coria.org\/ayuntamiento\/index.php\/wp-json\/wp\/v2\/media?parent=27093"}],"wp:term":[{"taxonomy":"category","embeddable":true,"href":"https:\/\/coria.org\/ayuntamiento\/index.php\/wp-json\/wp\/v2\/categories?post=27093"},{"taxonomy":"post_tag","embeddable":true,"href":"https:\/\/coria.org\/ayuntamiento\/index.php\/wp-json\/wp\/v2\/tags?post=27093"}],"curies":[{"name":"wp","href":"https:\/\/api.w.org\/{rel}","templated":true}]}}