{"id":27080,"date":"2008-03-04T00:00:00","date_gmt":"2008-03-03T23:00:00","guid":{"rendered":"https:\/\/ayuntamiento.coriaenimagenes.com\/fin-de-obras-en-el-barrio-de-las-malvinas\/"},"modified":"2023-09-18T13:30:23","modified_gmt":"2023-09-18T11:30:23","slug":"fin-de-obras-en-el-barrio-de-las-malvinas","status":"publish","type":"post","link":"https:\/\/coria.org\/ayuntamiento\/index.php\/2008\/03\/04\/fin-de-obras-en-el-barrio-de-las-malvinas\/","title":{"rendered":"Fin de Obras en el Barrio de \u00abLas Malvinas\u00bb"},"content":{"rendered":"\n<p><b>El Equipo de Gobierno del Ayuntamiento de Coria, en su af\u00e1n de renovar y mejorar las infraestructuras de la ciudad, contin\u00faa con la campa\u00f1a de asfaltado y pavimentaci\u00f3n de calles, plazas y avenidas de la localidad.<\/b><\/p>\n\n\n\n<p><b><\/b>Desde el pasado viernes se han ejecutado las obras de asfaltado de las calles Panam\u00e1, Guatemala, Argentina. Estas obras completan las actuaciones que se llevaban a cabo en este barrio desde el mes de noviembre.<\/p>\n\n\n\n<p>Las obras ejecutadas han supuesto la renovaci\u00f3n total de la red de abastecimiento de agua que hacen que este servicio p\u00fablico de primera necesidad sea m\u00e1s efectivo y de mayor calidad. Asimismo se ha sustituido el acerado p\u00fablico y se ha procedido al asfaltado y pavimentaci\u00f3n de las calles, proporcionando a las v\u00edas afectadas una importante mejora en aspectos como la accesibilidad, el tr\u00e1fico para veh\u00edculos y la seguridad vial, complet\u00e1ndose con el preceptivo pintado de las marcas viales.<\/p>\n\n\n\n<p>En conjunto, el Ayuntamiento de Coria ha querido proporcionar a estas calles, que se ve\u00edan afectadas desde hac\u00eda tiempo por una serie de problemas en la red de abastecimiento del agua, no s\u00f3lo de una soluci\u00f3n a ellos, sino que adem\u00e1s se han mejorado otros aspectos que hacen que la funcionalidad y el aspecto de estas calles sea m\u00e1s adecuado para las necesidades de los ciudadanos de Coria.<\/p>\n\n\n\n<p>El Equipo de Gobierno del Excmo. Ayuntamiento de Coria est\u00e1 realizando un importante esfuerzo para que en breve se puedan llevar a cabo mejoras en la pavimentaci\u00f3n de las v\u00edas p\u00fablicas de la localidad que presentan un peor estado de conservaci\u00f3n, y en las que desde hace a\u00f1os no se ha realizado ning\u00fan tipo de trabajos de mejora.<\/p>\n\n\n\n<p>Trabajamos para mejorar su bienestar<br \/><br \/>Excmo. Ayuntamiento de Coria<\/p>\n","protected":false},"excerpt":{"rendered":"<p>El Equipo de Gobierno del Ayuntamiento de Coria, en su af\u00e1n de renovar y mejorar las infraestructuras de la ciudad, contin\u00faa con la campa\u00f1a de asfaltado y pavimentaci\u00f3n de calles, plazas y avenidas de la localidad. Desde el pasado viernes se han ejecutado las obras de asfaltado de las calles Panam\u00e1, Guatemala, Argentina. Estas obras [&hellip;]<\/p>\n","protected":false},"author":2,"featured_media":0,"comment_status":"closed","ping_status":"closed","sticky":false,"template":"","format":"standard","meta":{"_uag_custom_page_level_css":"","footnotes":""},"categories":[2],"tags":[729,882],"class_list":["post-27080","post","type-post","status-publish","format-standard","hentry","category-noticias","tag-las-malvinas","tag-obra"],"yoast_head":"<!-- This site is optimized with the Yoast SEO plugin v27.4 - https:\/\/yoast.com\/product\/yoast-seo-wordpress\/ -->\n<title>Fin de Obras en el Barrio de &quot;Las Malvinas&quot; - Ayuntamiento de Coria<\/title>\n<meta name=\"robots\" content=\"index, follow, max-snippet:-1, max-image-preview:large, max-video-preview:-1\" \/>\n<link rel=\"canonical\" href=\"https:\/\/coria.org\/ayuntamiento\/index.php\/2008\/03\/04\/fin-de-obras-en-el-barrio-de-las-malvinas\/\" \/>\n<meta property=\"og:locale\" content=\"es_ES\" \/>\n<meta property=\"og:type\" content=\"article\" \/>\n<meta property=\"og:title\" content=\"Fin de Obras en el Barrio de &quot;Las Malvinas&quot; - Ayuntamiento de Coria\" \/>\n<meta property=\"og:description\" content=\"El Equipo de Gobierno del Ayuntamiento de Coria, en su af\u00e1n de renovar y mejorar las infraestructuras de la ciudad, contin\u00faa con la campa\u00f1a de asfaltado y pavimentaci\u00f3n de calles, plazas y avenidas de la localidad. Desde el pasado viernes se han ejecutado las obras de asfaltado de las calles Panam\u00e1, Guatemala, Argentina. Estas obras [&hellip;]\" \/>\n<meta property=\"og:url\" content=\"https:\/\/coria.org\/ayuntamiento\/index.php\/2008\/03\/04\/fin-de-obras-en-el-barrio-de-las-malvinas\/\" \/>\n<meta property=\"og:site_name\" content=\"Ayuntamiento de Coria\" \/>\n<meta property=\"article:publisher\" content=\"https:\/\/www.facebook.com\/Ayuntamiento.de.Coria\" \/>\n<meta property=\"article:published_time\" content=\"2008-03-03T23:00:00+00:00\" \/>\n<meta property=\"article:modified_time\" content=\"2023-09-18T11:30:23+00:00\" \/>\n<meta name=\"author\" content=\"ayuntamiento\" \/>\n<meta name=\"twitter:card\" content=\"summary_large_image\" \/>\n<meta name=\"twitter:creator\" content=\"@Ayto_de_Coria\" \/>\n<meta name=\"twitter:site\" content=\"@Ayto_de_Coria\" \/>\n<meta name=\"twitter:label1\" content=\"Escrito por\" \/>\n\t<meta name=\"twitter:data1\" content=\"ayuntamiento\" \/>\n\t<meta name=\"twitter:label2\" content=\"Tiempo de lectura\" \/>\n\t<meta name=\"twitter:data2\" content=\"2 minutos\" \/>\n<script type=\"application\/ld+json\" class=\"yoast-schema-graph\">{\"@context\":\"https:\\\/\\\/schema.org\",\"@graph\":[{\"@type\":\"Article\",\"@id\":\"https:\\\/\\\/coria.org\\\/ayuntamiento\\\/index.php\\\/2008\\\/03\\\/04\\\/fin-de-obras-en-el-barrio-de-las-malvinas\\\/#article\",\"isPartOf\":{\"@id\":\"https:\\\/\\\/coria.org\\\/ayuntamiento\\\/index.php\\\/2008\\\/03\\\/04\\\/fin-de-obras-en-el-barrio-de-las-malvinas\\\/\"},\"author\":{\"name\":\"ayuntamiento\",\"@id\":\"https:\\\/\\\/coria.org\\\/ayuntamiento\\\/#\\\/schema\\\/person\\\/8bd589f0e13e8ae5aa06def7a599d622\"},\"headline\":\"Fin de Obras en el Barrio de \u00abLas Malvinas\u00bb\",\"datePublished\":\"2008-03-03T23:00:00+00:00\",\"dateModified\":\"2023-09-18T11:30:23+00:00\",\"mainEntityOfPage\":{\"@id\":\"https:\\\/\\\/coria.org\\\/ayuntamiento\\\/index.php\\\/2008\\\/03\\\/04\\\/fin-de-obras-en-el-barrio-de-las-malvinas\\\/\"},\"wordCount\":319,\"publisher\":{\"@id\":\"https:\\\/\\\/coria.org\\\/ayuntamiento\\\/#organization\"},\"keywords\":[\"las malvinas\",\"obra\"],\"articleSection\":[\"Noticias\"],\"inLanguage\":\"es\"},{\"@type\":\"WebPage\",\"@id\":\"https:\\\/\\\/coria.org\\\/ayuntamiento\\\/index.php\\\/2008\\\/03\\\/04\\\/fin-de-obras-en-el-barrio-de-las-malvinas\\\/\",\"url\":\"https:\\\/\\\/coria.org\\\/ayuntamiento\\\/index.php\\\/2008\\\/03\\\/04\\\/fin-de-obras-en-el-barrio-de-las-malvinas\\\/\",\"name\":\"Fin de Obras en el Barrio de \\\"Las Malvinas\\\" - Ayuntamiento de Coria\",\"isPartOf\":{\"@id\":\"https:\\\/\\\/coria.org\\\/ayuntamiento\\\/#website\"},\"datePublished\":\"2008-03-03T23:00:00+00:00\",\"dateModified\":\"2023-09-18T11:30:23+00:00\",\"breadcrumb\":{\"@id\":\"https:\\\/\\\/coria.org\\\/ayuntamiento\\\/index.php\\\/2008\\\/03\\\/04\\\/fin-de-obras-en-el-barrio-de-las-malvinas\\\/#breadcrumb\"},\"inLanguage\":\"es\",\"potentialAction\":[{\"@type\":\"ReadAction\",\"target\":[\"https:\\\/\\\/coria.org\\\/ayuntamiento\\\/index.php\\\/2008\\\/03\\\/04\\\/fin-de-obras-en-el-barrio-de-las-malvinas\\\/\"]}]},{\"@type\":\"BreadcrumbList\",\"@id\":\"https:\\\/\\\/coria.org\\\/ayuntamiento\\\/index.php\\\/2008\\\/03\\\/04\\\/fin-de-obras-en-el-barrio-de-las-malvinas\\\/#breadcrumb\",\"itemListElement\":[{\"@type\":\"ListItem\",\"position\":1,\"name\":\"Inicio\",\"item\":\"https:\\\/\\\/coria.org\\\/ayuntamiento\\\/\"},{\"@type\":\"ListItem\",\"position\":2,\"name\":\"Fin de Obras en el Barrio de \u00abLas Malvinas\u00bb\"}]},{\"@type\":\"WebSite\",\"@id\":\"https:\\\/\\\/coria.org\\\/ayuntamiento\\\/#website\",\"url\":\"https:\\\/\\\/coria.org\\\/ayuntamiento\\\/\",\"name\":\"Ayuntamiento de Coria\",\"description\":\"Web oficial del Ayuntamiento de Coria\",\"publisher\":{\"@id\":\"https:\\\/\\\/coria.org\\\/ayuntamiento\\\/#organization\"},\"alternateName\":\"Web Oficial del Ayuntamiento de Coria\",\"potentialAction\":[{\"@type\":\"SearchAction\",\"target\":{\"@type\":\"EntryPoint\",\"urlTemplate\":\"https:\\\/\\\/coria.org\\\/ayuntamiento\\\/?s={search_term_string}\"},\"query-input\":{\"@type\":\"PropertyValueSpecification\",\"valueRequired\":true,\"valueName\":\"search_term_string\"}}],\"inLanguage\":\"es\"},{\"@type\":\"Organization\",\"@id\":\"https:\\\/\\\/coria.org\\\/ayuntamiento\\\/#organization\",\"name\":\"Ayuntamiento de Coria\",\"alternateName\":\"Ayto de Coria\",\"url\":\"https:\\\/\\\/coria.org\\\/ayuntamiento\\\/\",\"logo\":{\"@type\":\"ImageObject\",\"inLanguage\":\"es\",\"@id\":\"https:\\\/\\\/coria.org\\\/ayuntamiento\\\/#\\\/schema\\\/logo\\\/image\\\/\",\"url\":\"https:\\\/\\\/coria.org\\\/ayuntamiento\\\/wp-content\\\/uploads\\\/2020\\\/12\\\/escudo-ayuntamiento-coria.png\",\"contentUrl\":\"https:\\\/\\\/coria.org\\\/ayuntamiento\\\/wp-content\\\/uploads\\\/2020\\\/12\\\/escudo-ayuntamiento-coria.png\",\"width\":511,\"height\":240,\"caption\":\"Ayuntamiento de Coria\"},\"image\":{\"@id\":\"https:\\\/\\\/coria.org\\\/ayuntamiento\\\/#\\\/schema\\\/logo\\\/image\\\/\"},\"sameAs\":[\"https:\\\/\\\/www.facebook.com\\\/Ayuntamiento.de.Coria\",\"https:\\\/\\\/x.com\\\/Ayto_de_Coria\",\"https:\\\/\\\/www.instagram.com\\\/coria.ayuntamiento\\\/\",\"https:\\\/\\\/www.youtube.com\\\/user\\\/AYUNTAMIENTOCORIA\"]},{\"@type\":\"Person\",\"@id\":\"https:\\\/\\\/coria.org\\\/ayuntamiento\\\/#\\\/schema\\\/person\\\/8bd589f0e13e8ae5aa06def7a599d622\",\"name\":\"ayuntamiento\",\"image\":{\"@type\":\"ImageObject\",\"inLanguage\":\"es\",\"@id\":\"https:\\\/\\\/secure.gravatar.com\\\/avatar\\\/966e5ed73cad334adda5c87f49f2547f7082f7292c1b627cbb548744383b391c?s=96&d=mm&r=g\",\"url\":\"https:\\\/\\\/secure.gravatar.com\\\/avatar\\\/966e5ed73cad334adda5c87f49f2547f7082f7292c1b627cbb548744383b391c?s=96&d=mm&r=g\",\"contentUrl\":\"https:\\\/\\\/secure.gravatar.com\\\/avatar\\\/966e5ed73cad334adda5c87f49f2547f7082f7292c1b627cbb548744383b391c?s=96&d=mm&r=g\",\"caption\":\"ayuntamiento\"}}]}<\/script>\n<!-- \/ Yoast SEO plugin. -->","yoast_head_json":{"title":"Fin de Obras en el Barrio de \"Las Malvinas\" - Ayuntamiento de Coria","robots":{"index":"index","follow":"follow","max-snippet":"max-snippet:-1","max-image-preview":"max-image-preview:large","max-video-preview":"max-video-preview:-1"},"canonical":"https:\/\/coria.org\/ayuntamiento\/index.php\/2008\/03\/04\/fin-de-obras-en-el-barrio-de-las-malvinas\/","og_locale":"es_ES","og_type":"article","og_title":"Fin de Obras en el Barrio de \"Las Malvinas\" - Ayuntamiento de Coria","og_description":"El Equipo de Gobierno del Ayuntamiento de Coria, en su af\u00e1n de renovar y mejorar las infraestructuras de la ciudad, contin\u00faa con la campa\u00f1a de asfaltado y pavimentaci\u00f3n de calles, plazas y avenidas de la localidad. Desde el pasado viernes se han ejecutado las obras de asfaltado de las calles Panam\u00e1, Guatemala, Argentina. Estas obras [&hellip;]","og_url":"https:\/\/coria.org\/ayuntamiento\/index.php\/2008\/03\/04\/fin-de-obras-en-el-barrio-de-las-malvinas\/","og_site_name":"Ayuntamiento de Coria","article_publisher":"https:\/\/www.facebook.com\/Ayuntamiento.de.Coria","article_published_time":"2008-03-03T23:00:00+00:00","article_modified_time":"2023-09-18T11:30:23+00:00","author":"ayuntamiento","twitter_card":"summary_large_image","twitter_creator":"@Ayto_de_Coria","twitter_site":"@Ayto_de_Coria","twitter_misc":{"Escrito por":"ayuntamiento","Tiempo de lectura":"2 minutos"},"schema":{"@context":"https:\/\/schema.org","@graph":[{"@type":"Article","@id":"https:\/\/coria.org\/ayuntamiento\/index.php\/2008\/03\/04\/fin-de-obras-en-el-barrio-de-las-malvinas\/#article","isPartOf":{"@id":"https:\/\/coria.org\/ayuntamiento\/index.php\/2008\/03\/04\/fin-de-obras-en-el-barrio-de-las-malvinas\/"},"author":{"name":"ayuntamiento","@id":"https:\/\/coria.org\/ayuntamiento\/#\/schema\/person\/8bd589f0e13e8ae5aa06def7a599d622"},"headline":"Fin de Obras en el Barrio de \u00abLas Malvinas\u00bb","datePublished":"2008-03-03T23:00:00+00:00","dateModified":"2023-09-18T11:30:23+00:00","mainEntityOfPage":{"@id":"https:\/\/coria.org\/ayuntamiento\/index.php\/2008\/03\/04\/fin-de-obras-en-el-barrio-de-las-malvinas\/"},"wordCount":319,"publisher":{"@id":"https:\/\/coria.org\/ayuntamiento\/#organization"},"keywords":["las malvinas","obra"],"articleSection":["Noticias"],"inLanguage":"es"},{"@type":"WebPage","@id":"https:\/\/coria.org\/ayuntamiento\/index.php\/2008\/03\/04\/fin-de-obras-en-el-barrio-de-las-malvinas\/","url":"https:\/\/coria.org\/ayuntamiento\/index.php\/2008\/03\/04\/fin-de-obras-en-el-barrio-de-las-malvinas\/","name":"Fin de Obras en el Barrio de \"Las Malvinas\" - Ayuntamiento de Coria","isPartOf":{"@id":"https:\/\/coria.org\/ayuntamiento\/#website"},"datePublished":"2008-03-03T23:00:00+00:00","dateModified":"2023-09-18T11:30:23+00:00","breadcrumb":{"@id":"https:\/\/coria.org\/ayuntamiento\/index.php\/2008\/03\/04\/fin-de-obras-en-el-barrio-de-las-malvinas\/#breadcrumb"},"inLanguage":"es","potentialAction":[{"@type":"ReadAction","target":["https:\/\/coria.org\/ayuntamiento\/index.php\/2008\/03\/04\/fin-de-obras-en-el-barrio-de-las-malvinas\/"]}]},{"@type":"BreadcrumbList","@id":"https:\/\/coria.org\/ayuntamiento\/index.php\/2008\/03\/04\/fin-de-obras-en-el-barrio-de-las-malvinas\/#breadcrumb","itemListElement":[{"@type":"ListItem","position":1,"name":"Inicio","item":"https:\/\/coria.org\/ayuntamiento\/"},{"@type":"ListItem","position":2,"name":"Fin de Obras en el Barrio de \u00abLas Malvinas\u00bb"}]},{"@type":"WebSite","@id":"https:\/\/coria.org\/ayuntamiento\/#website","url":"https:\/\/coria.org\/ayuntamiento\/","name":"Ayuntamiento de Coria","description":"Web oficial del Ayuntamiento de Coria","publisher":{"@id":"https:\/\/coria.org\/ayuntamiento\/#organization"},"alternateName":"Web Oficial del Ayuntamiento de Coria","potentialAction":[{"@type":"SearchAction","target":{"@type":"EntryPoint","urlTemplate":"https:\/\/coria.org\/ayuntamiento\/?s={search_term_string}"},"query-input":{"@type":"PropertyValueSpecification","valueRequired":true,"valueName":"search_term_string"}}],"inLanguage":"es"},{"@type":"Organization","@id":"https:\/\/coria.org\/ayuntamiento\/#organization","name":"Ayuntamiento de Coria","alternateName":"Ayto de Coria","url":"https:\/\/coria.org\/ayuntamiento\/","logo":{"@type":"ImageObject","inLanguage":"es","@id":"https:\/\/coria.org\/ayuntamiento\/#\/schema\/logo\/image\/","url":"https:\/\/coria.org\/ayuntamiento\/wp-content\/uploads\/2020\/12\/escudo-ayuntamiento-coria.png","contentUrl":"https:\/\/coria.org\/ayuntamiento\/wp-content\/uploads\/2020\/12\/escudo-ayuntamiento-coria.png","width":511,"height":240,"caption":"Ayuntamiento de Coria"},"image":{"@id":"https:\/\/coria.org\/ayuntamiento\/#\/schema\/logo\/image\/"},"sameAs":["https:\/\/www.facebook.com\/Ayuntamiento.de.Coria","https:\/\/x.com\/Ayto_de_Coria","https:\/\/www.instagram.com\/coria.ayuntamiento\/","https:\/\/www.youtube.com\/user\/AYUNTAMIENTOCORIA"]},{"@type":"Person","@id":"https:\/\/coria.org\/ayuntamiento\/#\/schema\/person\/8bd589f0e13e8ae5aa06def7a599d622","name":"ayuntamiento","image":{"@type":"ImageObject","inLanguage":"es","@id":"https:\/\/secure.gravatar.com\/avatar\/966e5ed73cad334adda5c87f49f2547f7082f7292c1b627cbb548744383b391c?s=96&d=mm&r=g","url":"https:\/\/secure.gravatar.com\/avatar\/966e5ed73cad334adda5c87f49f2547f7082f7292c1b627cbb548744383b391c?s=96&d=mm&r=g","contentUrl":"https:\/\/secure.gravatar.com\/avatar\/966e5ed73cad334adda5c87f49f2547f7082f7292c1b627cbb548744383b391c?s=96&d=mm&r=g","caption":"ayuntamiento"}}]}},"uagb_featured_image_src":{"full":false,"thumbnail":false,"medium":false,"medium_large":false,"large":false,"thumblist":false,"thumbrelated":false,"meccarouselthumb":false,"gridsquare":false,"tileview":false,"1536x1536":false,"2048x2048":false},"uagb_author_info":{"display_name":"ayuntamiento","author_link":"https:\/\/coria.org\/ayuntamiento\/index.php\/author\/ayuntamiento\/"},"uagb_comment_info":0,"uagb_excerpt":"El Equipo de Gobierno del Ayuntamiento de Coria, en su af\u00e1n de renovar y mejorar las infraestructuras de la ciudad, contin\u00faa con la campa\u00f1a de asfaltado y pavimentaci\u00f3n de calles, plazas y avenidas de la localidad. Desde el pasado viernes se han ejecutado las obras de asfaltado de las calles Panam\u00e1, Guatemala, Argentina. Estas obras&hellip;","_links":{"self":[{"href":"https:\/\/coria.org\/ayuntamiento\/index.php\/wp-json\/wp\/v2\/posts\/27080","targetHints":{"allow":["GET"]}}],"collection":[{"href":"https:\/\/coria.org\/ayuntamiento\/index.php\/wp-json\/wp\/v2\/posts"}],"about":[{"href":"https:\/\/coria.org\/ayuntamiento\/index.php\/wp-json\/wp\/v2\/types\/post"}],"author":[{"embeddable":true,"href":"https:\/\/coria.org\/ayuntamiento\/index.php\/wp-json\/wp\/v2\/users\/2"}],"replies":[{"embeddable":true,"href":"https:\/\/coria.org\/ayuntamiento\/index.php\/wp-json\/wp\/v2\/comments?post=27080"}],"version-history":[{"count":0,"href":"https:\/\/coria.org\/ayuntamiento\/index.php\/wp-json\/wp\/v2\/posts\/27080\/revisions"}],"wp:attachment":[{"href":"https:\/\/coria.org\/ayuntamiento\/index.php\/wp-json\/wp\/v2\/media?parent=27080"}],"wp:term":[{"taxonomy":"category","embeddable":true,"href":"https:\/\/coria.org\/ayuntamiento\/index.php\/wp-json\/wp\/v2\/categories?post=27080"},{"taxonomy":"post_tag","embeddable":true,"href":"https:\/\/coria.org\/ayuntamiento\/index.php\/wp-json\/wp\/v2\/tags?post=27080"}],"curies":[{"name":"wp","href":"https:\/\/api.w.org\/{rel}","templated":true}]}}