{"id":27034,"date":"2008-06-18T00:00:00","date_gmt":"2008-06-17T22:00:00","guid":{"rendered":"https:\/\/ayuntamiento.coriaenimagenes.com\/recogida-dni-expedidos-en-mayo-en-la-omic\/"},"modified":"2023-09-18T13:30:17","modified_gmt":"2023-09-18T11:30:17","slug":"recogida-dni-expedidos-en-mayo-en-la-omic","status":"publish","type":"post","link":"https:\/\/coria.org\/ayuntamiento\/index.php\/2008\/06\/18\/recogida-dni-expedidos-en-mayo-en-la-omic\/","title":{"rendered":"Recogida DNI expedidos en mayo en la OMIC"},"content":{"rendered":"\n<p><b>Desde la Concejal\u00eda de Servicios Municipales del Excmo. Ayuntamiento de Coria se informa a todos los ciudadanos que ya pueden pasara a recoger por la Oficina de Informaci\u00f3n al Consumidor los Documentos Nacionales de Identidad expedidos en el mes de mayo, de tal manera que todos los interesados podr\u00e1n retirar su D.N.I, en horario de Lunes a Viernes de 9:00h a 13:30h, debiendo llevar el resguardo y el D.N.I. caducado en su caso.<\/b><\/p>\n\n\n\n<p><b><\/b>Tambi\u00e9n est\u00e1n pueden pasar a recoger aquellos D.N.I. expedidos en meses anteriores por la Oficina de Informaci\u00f3n al Consumidor sita en Avda. Alfonso VII, n\u00ba 17-19 de Coria.<\/p>\n\n\n\n<p>Trabajamos para mejorar su bienestar. <br \/>Excmo. Ayuntamiento de Coria<br \/>Gracias.<\/p>\n","protected":false},"excerpt":{"rendered":"<p>Desde la Concejal\u00eda de Servicios Municipales del Excmo. Ayuntamiento de Coria se informa a todos los ciudadanos que ya pueden pasara a recoger por la Oficina de Informaci\u00f3n al Consumidor los Documentos Nacionales de Identidad expedidos en el mes de mayo, de tal manera que todos los interesados podr\u00e1n retirar su D.N.I, en horario de [&hellip;]<\/p>\n","protected":false},"author":2,"featured_media":0,"comment_status":"closed","ping_status":"closed","sticky":false,"template":"","format":"standard","meta":{"_uag_custom_page_level_css":"","footnotes":""},"categories":[2],"tags":[441,897],"class_list":["post-27034","post","type-post","status-publish","format-standard","hentry","category-noticias","tag-dni","tag-omic"],"yoast_head":"<!-- This site is optimized with the Yoast SEO plugin v27.4 - https:\/\/yoast.com\/product\/yoast-seo-wordpress\/ -->\n<title>Recogida DNI expedidos en mayo en la OMIC - Ayuntamiento de Coria<\/title>\n<meta name=\"robots\" content=\"index, follow, max-snippet:-1, max-image-preview:large, max-video-preview:-1\" \/>\n<link rel=\"canonical\" href=\"https:\/\/coria.org\/ayuntamiento\/index.php\/2008\/06\/18\/recogida-dni-expedidos-en-mayo-en-la-omic\/\" \/>\n<meta property=\"og:locale\" content=\"es_ES\" \/>\n<meta property=\"og:type\" content=\"article\" \/>\n<meta property=\"og:title\" content=\"Recogida DNI expedidos en mayo en la OMIC - Ayuntamiento de Coria\" \/>\n<meta property=\"og:description\" content=\"Desde la Concejal\u00eda de Servicios Municipales del Excmo. Ayuntamiento de Coria se informa a todos los ciudadanos que ya pueden pasara a recoger por la Oficina de Informaci\u00f3n al Consumidor los Documentos Nacionales de Identidad expedidos en el mes de mayo, de tal manera que todos los interesados podr\u00e1n retirar su D.N.I, en horario de [&hellip;]\" \/>\n<meta property=\"og:url\" content=\"https:\/\/coria.org\/ayuntamiento\/index.php\/2008\/06\/18\/recogida-dni-expedidos-en-mayo-en-la-omic\/\" \/>\n<meta property=\"og:site_name\" content=\"Ayuntamiento de Coria\" \/>\n<meta property=\"article:publisher\" content=\"https:\/\/www.facebook.com\/Ayuntamiento.de.Coria\" \/>\n<meta property=\"article:published_time\" content=\"2008-06-17T22:00:00+00:00\" \/>\n<meta property=\"article:modified_time\" content=\"2023-09-18T11:30:17+00:00\" \/>\n<meta name=\"author\" content=\"ayuntamiento\" \/>\n<meta name=\"twitter:card\" content=\"summary_large_image\" \/>\n<meta name=\"twitter:creator\" content=\"@Ayto_de_Coria\" \/>\n<meta name=\"twitter:site\" content=\"@Ayto_de_Coria\" \/>\n<meta name=\"twitter:label1\" content=\"Escrito por\" \/>\n\t<meta name=\"twitter:data1\" content=\"ayuntamiento\" \/>\n\t<meta name=\"twitter:label2\" content=\"Tiempo de lectura\" \/>\n\t<meta name=\"twitter:data2\" content=\"1 minuto\" \/>\n<script type=\"application\/ld+json\" class=\"yoast-schema-graph\">{\"@context\":\"https:\\\/\\\/schema.org\",\"@graph\":[{\"@type\":\"Article\",\"@id\":\"https:\\\/\\\/coria.org\\\/ayuntamiento\\\/index.php\\\/2008\\\/06\\\/18\\\/recogida-dni-expedidos-en-mayo-en-la-omic\\\/#article\",\"isPartOf\":{\"@id\":\"https:\\\/\\\/coria.org\\\/ayuntamiento\\\/index.php\\\/2008\\\/06\\\/18\\\/recogida-dni-expedidos-en-mayo-en-la-omic\\\/\"},\"author\":{\"name\":\"ayuntamiento\",\"@id\":\"https:\\\/\\\/coria.org\\\/ayuntamiento\\\/#\\\/schema\\\/person\\\/8bd589f0e13e8ae5aa06def7a599d622\"},\"headline\":\"Recogida DNI expedidos en mayo en la OMIC\",\"datePublished\":\"2008-06-17T22:00:00+00:00\",\"dateModified\":\"2023-09-18T11:30:17+00:00\",\"mainEntityOfPage\":{\"@id\":\"https:\\\/\\\/coria.org\\\/ayuntamiento\\\/index.php\\\/2008\\\/06\\\/18\\\/recogida-dni-expedidos-en-mayo-en-la-omic\\\/\"},\"wordCount\":130,\"publisher\":{\"@id\":\"https:\\\/\\\/coria.org\\\/ayuntamiento\\\/#organization\"},\"keywords\":[\"dni\",\"omic\"],\"articleSection\":[\"Noticias\"],\"inLanguage\":\"es\"},{\"@type\":\"WebPage\",\"@id\":\"https:\\\/\\\/coria.org\\\/ayuntamiento\\\/index.php\\\/2008\\\/06\\\/18\\\/recogida-dni-expedidos-en-mayo-en-la-omic\\\/\",\"url\":\"https:\\\/\\\/coria.org\\\/ayuntamiento\\\/index.php\\\/2008\\\/06\\\/18\\\/recogida-dni-expedidos-en-mayo-en-la-omic\\\/\",\"name\":\"Recogida DNI expedidos en mayo en la OMIC - Ayuntamiento de Coria\",\"isPartOf\":{\"@id\":\"https:\\\/\\\/coria.org\\\/ayuntamiento\\\/#website\"},\"datePublished\":\"2008-06-17T22:00:00+00:00\",\"dateModified\":\"2023-09-18T11:30:17+00:00\",\"breadcrumb\":{\"@id\":\"https:\\\/\\\/coria.org\\\/ayuntamiento\\\/index.php\\\/2008\\\/06\\\/18\\\/recogida-dni-expedidos-en-mayo-en-la-omic\\\/#breadcrumb\"},\"inLanguage\":\"es\",\"potentialAction\":[{\"@type\":\"ReadAction\",\"target\":[\"https:\\\/\\\/coria.org\\\/ayuntamiento\\\/index.php\\\/2008\\\/06\\\/18\\\/recogida-dni-expedidos-en-mayo-en-la-omic\\\/\"]}]},{\"@type\":\"BreadcrumbList\",\"@id\":\"https:\\\/\\\/coria.org\\\/ayuntamiento\\\/index.php\\\/2008\\\/06\\\/18\\\/recogida-dni-expedidos-en-mayo-en-la-omic\\\/#breadcrumb\",\"itemListElement\":[{\"@type\":\"ListItem\",\"position\":1,\"name\":\"Inicio\",\"item\":\"https:\\\/\\\/coria.org\\\/ayuntamiento\\\/\"},{\"@type\":\"ListItem\",\"position\":2,\"name\":\"Recogida DNI expedidos en mayo en la OMIC\"}]},{\"@type\":\"WebSite\",\"@id\":\"https:\\\/\\\/coria.org\\\/ayuntamiento\\\/#website\",\"url\":\"https:\\\/\\\/coria.org\\\/ayuntamiento\\\/\",\"name\":\"Ayuntamiento de Coria\",\"description\":\"Web oficial del Ayuntamiento de Coria\",\"publisher\":{\"@id\":\"https:\\\/\\\/coria.org\\\/ayuntamiento\\\/#organization\"},\"alternateName\":\"Web Oficial del Ayuntamiento de Coria\",\"potentialAction\":[{\"@type\":\"SearchAction\",\"target\":{\"@type\":\"EntryPoint\",\"urlTemplate\":\"https:\\\/\\\/coria.org\\\/ayuntamiento\\\/?s={search_term_string}\"},\"query-input\":{\"@type\":\"PropertyValueSpecification\",\"valueRequired\":true,\"valueName\":\"search_term_string\"}}],\"inLanguage\":\"es\"},{\"@type\":\"Organization\",\"@id\":\"https:\\\/\\\/coria.org\\\/ayuntamiento\\\/#organization\",\"name\":\"Ayuntamiento de Coria\",\"alternateName\":\"Ayto de Coria\",\"url\":\"https:\\\/\\\/coria.org\\\/ayuntamiento\\\/\",\"logo\":{\"@type\":\"ImageObject\",\"inLanguage\":\"es\",\"@id\":\"https:\\\/\\\/coria.org\\\/ayuntamiento\\\/#\\\/schema\\\/logo\\\/image\\\/\",\"url\":\"https:\\\/\\\/coria.org\\\/ayuntamiento\\\/wp-content\\\/uploads\\\/2020\\\/12\\\/escudo-ayuntamiento-coria.png\",\"contentUrl\":\"https:\\\/\\\/coria.org\\\/ayuntamiento\\\/wp-content\\\/uploads\\\/2020\\\/12\\\/escudo-ayuntamiento-coria.png\",\"width\":511,\"height\":240,\"caption\":\"Ayuntamiento de Coria\"},\"image\":{\"@id\":\"https:\\\/\\\/coria.org\\\/ayuntamiento\\\/#\\\/schema\\\/logo\\\/image\\\/\"},\"sameAs\":[\"https:\\\/\\\/www.facebook.com\\\/Ayuntamiento.de.Coria\",\"https:\\\/\\\/x.com\\\/Ayto_de_Coria\",\"https:\\\/\\\/www.instagram.com\\\/coria.ayuntamiento\\\/\",\"https:\\\/\\\/www.youtube.com\\\/user\\\/AYUNTAMIENTOCORIA\"]},{\"@type\":\"Person\",\"@id\":\"https:\\\/\\\/coria.org\\\/ayuntamiento\\\/#\\\/schema\\\/person\\\/8bd589f0e13e8ae5aa06def7a599d622\",\"name\":\"ayuntamiento\",\"image\":{\"@type\":\"ImageObject\",\"inLanguage\":\"es\",\"@id\":\"https:\\\/\\\/secure.gravatar.com\\\/avatar\\\/966e5ed73cad334adda5c87f49f2547f7082f7292c1b627cbb548744383b391c?s=96&d=mm&r=g\",\"url\":\"https:\\\/\\\/secure.gravatar.com\\\/avatar\\\/966e5ed73cad334adda5c87f49f2547f7082f7292c1b627cbb548744383b391c?s=96&d=mm&r=g\",\"contentUrl\":\"https:\\\/\\\/secure.gravatar.com\\\/avatar\\\/966e5ed73cad334adda5c87f49f2547f7082f7292c1b627cbb548744383b391c?s=96&d=mm&r=g\",\"caption\":\"ayuntamiento\"}}]}<\/script>\n<!-- \/ Yoast SEO plugin. -->","yoast_head_json":{"title":"Recogida DNI expedidos en mayo en la OMIC - Ayuntamiento de Coria","robots":{"index":"index","follow":"follow","max-snippet":"max-snippet:-1","max-image-preview":"max-image-preview:large","max-video-preview":"max-video-preview:-1"},"canonical":"https:\/\/coria.org\/ayuntamiento\/index.php\/2008\/06\/18\/recogida-dni-expedidos-en-mayo-en-la-omic\/","og_locale":"es_ES","og_type":"article","og_title":"Recogida DNI expedidos en mayo en la OMIC - Ayuntamiento de Coria","og_description":"Desde la Concejal\u00eda de Servicios Municipales del Excmo. Ayuntamiento de Coria se informa a todos los ciudadanos que ya pueden pasara a recoger por la Oficina de Informaci\u00f3n al Consumidor los Documentos Nacionales de Identidad expedidos en el mes de mayo, de tal manera que todos los interesados podr\u00e1n retirar su D.N.I, en horario de [&hellip;]","og_url":"https:\/\/coria.org\/ayuntamiento\/index.php\/2008\/06\/18\/recogida-dni-expedidos-en-mayo-en-la-omic\/","og_site_name":"Ayuntamiento de Coria","article_publisher":"https:\/\/www.facebook.com\/Ayuntamiento.de.Coria","article_published_time":"2008-06-17T22:00:00+00:00","article_modified_time":"2023-09-18T11:30:17+00:00","author":"ayuntamiento","twitter_card":"summary_large_image","twitter_creator":"@Ayto_de_Coria","twitter_site":"@Ayto_de_Coria","twitter_misc":{"Escrito por":"ayuntamiento","Tiempo de lectura":"1 minuto"},"schema":{"@context":"https:\/\/schema.org","@graph":[{"@type":"Article","@id":"https:\/\/coria.org\/ayuntamiento\/index.php\/2008\/06\/18\/recogida-dni-expedidos-en-mayo-en-la-omic\/#article","isPartOf":{"@id":"https:\/\/coria.org\/ayuntamiento\/index.php\/2008\/06\/18\/recogida-dni-expedidos-en-mayo-en-la-omic\/"},"author":{"name":"ayuntamiento","@id":"https:\/\/coria.org\/ayuntamiento\/#\/schema\/person\/8bd589f0e13e8ae5aa06def7a599d622"},"headline":"Recogida DNI expedidos en mayo en la OMIC","datePublished":"2008-06-17T22:00:00+00:00","dateModified":"2023-09-18T11:30:17+00:00","mainEntityOfPage":{"@id":"https:\/\/coria.org\/ayuntamiento\/index.php\/2008\/06\/18\/recogida-dni-expedidos-en-mayo-en-la-omic\/"},"wordCount":130,"publisher":{"@id":"https:\/\/coria.org\/ayuntamiento\/#organization"},"keywords":["dni","omic"],"articleSection":["Noticias"],"inLanguage":"es"},{"@type":"WebPage","@id":"https:\/\/coria.org\/ayuntamiento\/index.php\/2008\/06\/18\/recogida-dni-expedidos-en-mayo-en-la-omic\/","url":"https:\/\/coria.org\/ayuntamiento\/index.php\/2008\/06\/18\/recogida-dni-expedidos-en-mayo-en-la-omic\/","name":"Recogida DNI expedidos en mayo en la OMIC - Ayuntamiento de Coria","isPartOf":{"@id":"https:\/\/coria.org\/ayuntamiento\/#website"},"datePublished":"2008-06-17T22:00:00+00:00","dateModified":"2023-09-18T11:30:17+00:00","breadcrumb":{"@id":"https:\/\/coria.org\/ayuntamiento\/index.php\/2008\/06\/18\/recogida-dni-expedidos-en-mayo-en-la-omic\/#breadcrumb"},"inLanguage":"es","potentialAction":[{"@type":"ReadAction","target":["https:\/\/coria.org\/ayuntamiento\/index.php\/2008\/06\/18\/recogida-dni-expedidos-en-mayo-en-la-omic\/"]}]},{"@type":"BreadcrumbList","@id":"https:\/\/coria.org\/ayuntamiento\/index.php\/2008\/06\/18\/recogida-dni-expedidos-en-mayo-en-la-omic\/#breadcrumb","itemListElement":[{"@type":"ListItem","position":1,"name":"Inicio","item":"https:\/\/coria.org\/ayuntamiento\/"},{"@type":"ListItem","position":2,"name":"Recogida DNI expedidos en mayo en la OMIC"}]},{"@type":"WebSite","@id":"https:\/\/coria.org\/ayuntamiento\/#website","url":"https:\/\/coria.org\/ayuntamiento\/","name":"Ayuntamiento de Coria","description":"Web oficial del Ayuntamiento de Coria","publisher":{"@id":"https:\/\/coria.org\/ayuntamiento\/#organization"},"alternateName":"Web Oficial del Ayuntamiento de Coria","potentialAction":[{"@type":"SearchAction","target":{"@type":"EntryPoint","urlTemplate":"https:\/\/coria.org\/ayuntamiento\/?s={search_term_string}"},"query-input":{"@type":"PropertyValueSpecification","valueRequired":true,"valueName":"search_term_string"}}],"inLanguage":"es"},{"@type":"Organization","@id":"https:\/\/coria.org\/ayuntamiento\/#organization","name":"Ayuntamiento de Coria","alternateName":"Ayto de Coria","url":"https:\/\/coria.org\/ayuntamiento\/","logo":{"@type":"ImageObject","inLanguage":"es","@id":"https:\/\/coria.org\/ayuntamiento\/#\/schema\/logo\/image\/","url":"https:\/\/coria.org\/ayuntamiento\/wp-content\/uploads\/2020\/12\/escudo-ayuntamiento-coria.png","contentUrl":"https:\/\/coria.org\/ayuntamiento\/wp-content\/uploads\/2020\/12\/escudo-ayuntamiento-coria.png","width":511,"height":240,"caption":"Ayuntamiento de Coria"},"image":{"@id":"https:\/\/coria.org\/ayuntamiento\/#\/schema\/logo\/image\/"},"sameAs":["https:\/\/www.facebook.com\/Ayuntamiento.de.Coria","https:\/\/x.com\/Ayto_de_Coria","https:\/\/www.instagram.com\/coria.ayuntamiento\/","https:\/\/www.youtube.com\/user\/AYUNTAMIENTOCORIA"]},{"@type":"Person","@id":"https:\/\/coria.org\/ayuntamiento\/#\/schema\/person\/8bd589f0e13e8ae5aa06def7a599d622","name":"ayuntamiento","image":{"@type":"ImageObject","inLanguage":"es","@id":"https:\/\/secure.gravatar.com\/avatar\/966e5ed73cad334adda5c87f49f2547f7082f7292c1b627cbb548744383b391c?s=96&d=mm&r=g","url":"https:\/\/secure.gravatar.com\/avatar\/966e5ed73cad334adda5c87f49f2547f7082f7292c1b627cbb548744383b391c?s=96&d=mm&r=g","contentUrl":"https:\/\/secure.gravatar.com\/avatar\/966e5ed73cad334adda5c87f49f2547f7082f7292c1b627cbb548744383b391c?s=96&d=mm&r=g","caption":"ayuntamiento"}}]}},"uagb_featured_image_src":{"full":false,"thumbnail":false,"medium":false,"medium_large":false,"large":false,"thumblist":false,"thumbrelated":false,"meccarouselthumb":false,"gridsquare":false,"tileview":false,"1536x1536":false,"2048x2048":false},"uagb_author_info":{"display_name":"ayuntamiento","author_link":"https:\/\/coria.org\/ayuntamiento\/index.php\/author\/ayuntamiento\/"},"uagb_comment_info":0,"uagb_excerpt":"Desde la Concejal\u00eda de Servicios Municipales del Excmo. Ayuntamiento de Coria se informa a todos los ciudadanos que ya pueden pasara a recoger por la Oficina de Informaci\u00f3n al Consumidor los Documentos Nacionales de Identidad expedidos en el mes de mayo, de tal manera que todos los interesados podr\u00e1n retirar su D.N.I, en horario de&hellip;","_links":{"self":[{"href":"https:\/\/coria.org\/ayuntamiento\/index.php\/wp-json\/wp\/v2\/posts\/27034","targetHints":{"allow":["GET"]}}],"collection":[{"href":"https:\/\/coria.org\/ayuntamiento\/index.php\/wp-json\/wp\/v2\/posts"}],"about":[{"href":"https:\/\/coria.org\/ayuntamiento\/index.php\/wp-json\/wp\/v2\/types\/post"}],"author":[{"embeddable":true,"href":"https:\/\/coria.org\/ayuntamiento\/index.php\/wp-json\/wp\/v2\/users\/2"}],"replies":[{"embeddable":true,"href":"https:\/\/coria.org\/ayuntamiento\/index.php\/wp-json\/wp\/v2\/comments?post=27034"}],"version-history":[{"count":0,"href":"https:\/\/coria.org\/ayuntamiento\/index.php\/wp-json\/wp\/v2\/posts\/27034\/revisions"}],"wp:attachment":[{"href":"https:\/\/coria.org\/ayuntamiento\/index.php\/wp-json\/wp\/v2\/media?parent=27034"}],"wp:term":[{"taxonomy":"category","embeddable":true,"href":"https:\/\/coria.org\/ayuntamiento\/index.php\/wp-json\/wp\/v2\/categories?post=27034"},{"taxonomy":"post_tag","embeddable":true,"href":"https:\/\/coria.org\/ayuntamiento\/index.php\/wp-json\/wp\/v2\/tags?post=27034"}],"curies":[{"name":"wp","href":"https:\/\/api.w.org\/{rel}","templated":true}]}}