{"id":26986,"date":"2008-11-21T00:00:00","date_gmt":"2008-11-20T23:00:00","guid":{"rendered":"https:\/\/ayuntamiento.coriaenimagenes.com\/concentracion-ciudadana-25-aniversario-del-estatuto-de-autonomia-de-extremadura\/"},"modified":"2023-09-18T13:30:11","modified_gmt":"2023-09-18T11:30:11","slug":"concentracion-ciudadana-25-aniversario-del-estatuto-de-autonomia-de-extremadura","status":"publish","type":"post","link":"https:\/\/coria.org\/ayuntamiento\/index.php\/2008\/11\/21\/concentracion-ciudadana-25-aniversario-del-estatuto-de-autonomia-de-extremadura\/","title":{"rendered":"Concentraci\u00f3n Ciudadana 25 Aniversario del Estatuto de Autonom\u00eda de Extremadura"},"content":{"rendered":"\n<p><b>Como ya sabr\u00e9is este a\u00f1o se cumplen 25 A\u00d1OS DE ESTATUTO DE AUTONOM\u00cdA DE EXTREMADURA, por ello el Presidente de la Junta ha instado a las fuerzas sociales y pol\u00edticas a promover una concentraci\u00f3n ciudadana de car\u00e1cter l\u00fadico y reivindicativo.<\/b><\/p>\n\n\n\n<p><b><\/b>Esta concentraci\u00f3n tendr\u00e1 lugar el pr\u00f3ximo 30 de noviembre(domingo), a las 12:00 horas, en la Plaza de Espa\u00f1a de M\u00e9rida, llevando por lema: \u00bb CON MOTIVO DEL 25 ANIVERSARIO DEL ESTATUTO DE AUTONOM\u00cdA\u00bb. De esta manera se quiere proclamar nuestro sentimiento de extreme\u00f1idad, celebrar los 25 A\u00f1os del Estatuto de Autonom\u00eda de Extremadura y apoyar el modelo del Estado de las Autonom\u00edas.<\/p>\n\n\n\n<p>Ser\u00e1 un acto festivo e hist\u00f3rico, a favor de la convivencia y la prosperidad de los extreme\u00f1os y extreme\u00f1as.<\/p>\n\n\n\n<p>El Ayuntamiento de Coria quiere animar a todos a participar en esta concentraci\u00f3n y por ello, en colaboraci\u00f3n con la Federaci\u00f3n de Municipios Extreme\u00f1os, pone a disposici\u00f3n de los ciudadanos de Coria que quieran participar en esta Concentraci\u00f3n, tres autobuses para que puedan desplazarse a M\u00e9rida.<\/p>\n\n\n\n<p>Las personas interesadas en asistir a esta Concentraci\u00f3n Festiva deben apuntarse en la Secretar\u00eda de Alcald\u00eda del Ayuntamiento en horario de 09:00 a 13:00 horas, hasta el d\u00eda 28 de noviembre, para reservar as\u00ed su asiento en los autobuses.<\/p>\n\n\n\n<p>Los autobuses saldr\u00e1n de la zona pr\u00f3xima al Bar Burbujas a las 9:30 del d\u00eda 30 de noviembre.<\/p>\n","protected":false},"excerpt":{"rendered":"<p>Como ya sabr\u00e9is este a\u00f1o se cumplen 25 A\u00d1OS DE ESTATUTO DE AUTONOM\u00cdA DE EXTREMADURA, por ello el Presidente de la Junta ha instado a las fuerzas sociales y pol\u00edticas a promover una concentraci\u00f3n ciudadana de car\u00e1cter l\u00fadico y reivindicativo. Esta concentraci\u00f3n tendr\u00e1 lugar el pr\u00f3ximo 30 de noviembre(domingo), a las 12:00 horas, en la [&hellip;]<\/p>\n","protected":false},"author":2,"featured_media":0,"comment_status":"closed","ping_status":"closed","sticky":false,"template":"","format":"standard","meta":{"_uag_custom_page_level_css":"","footnotes":""},"categories":[2],"tags":[343,526,4],"class_list":["post-26986","post","type-post","status-publish","format-standard","hentry","category-noticias","tag-concentracion","tag-estatuto","tag-extremadura"],"yoast_head":"<!-- This site is optimized with the Yoast SEO plugin v27.4 - https:\/\/yoast.com\/product\/yoast-seo-wordpress\/ -->\n<title>Concentraci\u00f3n Ciudadana 25 Aniversario del Estatuto de Autonom\u00eda de Extremadura - Ayuntamiento de Coria<\/title>\n<meta name=\"robots\" content=\"index, follow, max-snippet:-1, max-image-preview:large, max-video-preview:-1\" \/>\n<link rel=\"canonical\" href=\"https:\/\/coria.org\/ayuntamiento\/index.php\/2008\/11\/21\/concentracion-ciudadana-25-aniversario-del-estatuto-de-autonomia-de-extremadura\/\" \/>\n<meta property=\"og:locale\" content=\"es_ES\" \/>\n<meta property=\"og:type\" content=\"article\" \/>\n<meta property=\"og:title\" content=\"Concentraci\u00f3n Ciudadana 25 Aniversario del Estatuto de Autonom\u00eda de Extremadura - Ayuntamiento de Coria\" \/>\n<meta property=\"og:description\" content=\"Como ya sabr\u00e9is este a\u00f1o se cumplen 25 A\u00d1OS DE ESTATUTO DE AUTONOM\u00cdA DE EXTREMADURA, por ello el Presidente de la Junta ha instado a las fuerzas sociales y pol\u00edticas a promover una concentraci\u00f3n ciudadana de car\u00e1cter l\u00fadico y reivindicativo. Esta concentraci\u00f3n tendr\u00e1 lugar el pr\u00f3ximo 30 de noviembre(domingo), a las 12:00 horas, en la [&hellip;]\" \/>\n<meta property=\"og:url\" content=\"https:\/\/coria.org\/ayuntamiento\/index.php\/2008\/11\/21\/concentracion-ciudadana-25-aniversario-del-estatuto-de-autonomia-de-extremadura\/\" \/>\n<meta property=\"og:site_name\" content=\"Ayuntamiento de Coria\" \/>\n<meta property=\"article:publisher\" content=\"https:\/\/www.facebook.com\/Ayuntamiento.de.Coria\" \/>\n<meta property=\"article:published_time\" content=\"2008-11-20T23:00:00+00:00\" \/>\n<meta property=\"article:modified_time\" content=\"2023-09-18T11:30:11+00:00\" \/>\n<meta name=\"author\" content=\"ayuntamiento\" \/>\n<meta name=\"twitter:card\" content=\"summary_large_image\" \/>\n<meta name=\"twitter:creator\" content=\"@Ayto_de_Coria\" \/>\n<meta name=\"twitter:site\" content=\"@Ayto_de_Coria\" \/>\n<meta name=\"twitter:label1\" content=\"Escrito por\" \/>\n\t<meta name=\"twitter:data1\" content=\"ayuntamiento\" \/>\n\t<meta name=\"twitter:label2\" content=\"Tiempo de lectura\" \/>\n\t<meta name=\"twitter:data2\" content=\"1 minuto\" \/>\n<script type=\"application\/ld+json\" class=\"yoast-schema-graph\">{\"@context\":\"https:\\\/\\\/schema.org\",\"@graph\":[{\"@type\":\"Article\",\"@id\":\"https:\\\/\\\/coria.org\\\/ayuntamiento\\\/index.php\\\/2008\\\/11\\\/21\\\/concentracion-ciudadana-25-aniversario-del-estatuto-de-autonomia-de-extremadura\\\/#article\",\"isPartOf\":{\"@id\":\"https:\\\/\\\/coria.org\\\/ayuntamiento\\\/index.php\\\/2008\\\/11\\\/21\\\/concentracion-ciudadana-25-aniversario-del-estatuto-de-autonomia-de-extremadura\\\/\"},\"author\":{\"name\":\"ayuntamiento\",\"@id\":\"https:\\\/\\\/coria.org\\\/ayuntamiento\\\/#\\\/schema\\\/person\\\/8bd589f0e13e8ae5aa06def7a599d622\"},\"headline\":\"Concentraci\u00f3n Ciudadana 25 Aniversario del Estatuto de Autonom\u00eda de Extremadura\",\"datePublished\":\"2008-11-20T23:00:00+00:00\",\"dateModified\":\"2023-09-18T11:30:11+00:00\",\"mainEntityOfPage\":{\"@id\":\"https:\\\/\\\/coria.org\\\/ayuntamiento\\\/index.php\\\/2008\\\/11\\\/21\\\/concentracion-ciudadana-25-aniversario-del-estatuto-de-autonomia-de-extremadura\\\/\"},\"wordCount\":259,\"publisher\":{\"@id\":\"https:\\\/\\\/coria.org\\\/ayuntamiento\\\/#organization\"},\"keywords\":[\"concentracion\",\"estatuto\",\"extremadura\"],\"articleSection\":[\"Noticias\"],\"inLanguage\":\"es\"},{\"@type\":\"WebPage\",\"@id\":\"https:\\\/\\\/coria.org\\\/ayuntamiento\\\/index.php\\\/2008\\\/11\\\/21\\\/concentracion-ciudadana-25-aniversario-del-estatuto-de-autonomia-de-extremadura\\\/\",\"url\":\"https:\\\/\\\/coria.org\\\/ayuntamiento\\\/index.php\\\/2008\\\/11\\\/21\\\/concentracion-ciudadana-25-aniversario-del-estatuto-de-autonomia-de-extremadura\\\/\",\"name\":\"Concentraci\u00f3n Ciudadana 25 Aniversario del Estatuto de Autonom\u00eda de Extremadura - Ayuntamiento de Coria\",\"isPartOf\":{\"@id\":\"https:\\\/\\\/coria.org\\\/ayuntamiento\\\/#website\"},\"datePublished\":\"2008-11-20T23:00:00+00:00\",\"dateModified\":\"2023-09-18T11:30:11+00:00\",\"breadcrumb\":{\"@id\":\"https:\\\/\\\/coria.org\\\/ayuntamiento\\\/index.php\\\/2008\\\/11\\\/21\\\/concentracion-ciudadana-25-aniversario-del-estatuto-de-autonomia-de-extremadura\\\/#breadcrumb\"},\"inLanguage\":\"es\",\"potentialAction\":[{\"@type\":\"ReadAction\",\"target\":[\"https:\\\/\\\/coria.org\\\/ayuntamiento\\\/index.php\\\/2008\\\/11\\\/21\\\/concentracion-ciudadana-25-aniversario-del-estatuto-de-autonomia-de-extremadura\\\/\"]}]},{\"@type\":\"BreadcrumbList\",\"@id\":\"https:\\\/\\\/coria.org\\\/ayuntamiento\\\/index.php\\\/2008\\\/11\\\/21\\\/concentracion-ciudadana-25-aniversario-del-estatuto-de-autonomia-de-extremadura\\\/#breadcrumb\",\"itemListElement\":[{\"@type\":\"ListItem\",\"position\":1,\"name\":\"Inicio\",\"item\":\"https:\\\/\\\/coria.org\\\/ayuntamiento\\\/\"},{\"@type\":\"ListItem\",\"position\":2,\"name\":\"Concentraci\u00f3n Ciudadana 25 Aniversario del Estatuto de Autonom\u00eda de Extremadura\"}]},{\"@type\":\"WebSite\",\"@id\":\"https:\\\/\\\/coria.org\\\/ayuntamiento\\\/#website\",\"url\":\"https:\\\/\\\/coria.org\\\/ayuntamiento\\\/\",\"name\":\"Ayuntamiento de Coria\",\"description\":\"Web oficial del Ayuntamiento de Coria\",\"publisher\":{\"@id\":\"https:\\\/\\\/coria.org\\\/ayuntamiento\\\/#organization\"},\"alternateName\":\"Web Oficial del Ayuntamiento de Coria\",\"potentialAction\":[{\"@type\":\"SearchAction\",\"target\":{\"@type\":\"EntryPoint\",\"urlTemplate\":\"https:\\\/\\\/coria.org\\\/ayuntamiento\\\/?s={search_term_string}\"},\"query-input\":{\"@type\":\"PropertyValueSpecification\",\"valueRequired\":true,\"valueName\":\"search_term_string\"}}],\"inLanguage\":\"es\"},{\"@type\":\"Organization\",\"@id\":\"https:\\\/\\\/coria.org\\\/ayuntamiento\\\/#organization\",\"name\":\"Ayuntamiento de Coria\",\"alternateName\":\"Ayto de Coria\",\"url\":\"https:\\\/\\\/coria.org\\\/ayuntamiento\\\/\",\"logo\":{\"@type\":\"ImageObject\",\"inLanguage\":\"es\",\"@id\":\"https:\\\/\\\/coria.org\\\/ayuntamiento\\\/#\\\/schema\\\/logo\\\/image\\\/\",\"url\":\"https:\\\/\\\/coria.org\\\/ayuntamiento\\\/wp-content\\\/uploads\\\/2020\\\/12\\\/escudo-ayuntamiento-coria.png\",\"contentUrl\":\"https:\\\/\\\/coria.org\\\/ayuntamiento\\\/wp-content\\\/uploads\\\/2020\\\/12\\\/escudo-ayuntamiento-coria.png\",\"width\":511,\"height\":240,\"caption\":\"Ayuntamiento de Coria\"},\"image\":{\"@id\":\"https:\\\/\\\/coria.org\\\/ayuntamiento\\\/#\\\/schema\\\/logo\\\/image\\\/\"},\"sameAs\":[\"https:\\\/\\\/www.facebook.com\\\/Ayuntamiento.de.Coria\",\"https:\\\/\\\/x.com\\\/Ayto_de_Coria\",\"https:\\\/\\\/www.instagram.com\\\/coria.ayuntamiento\\\/\",\"https:\\\/\\\/www.youtube.com\\\/user\\\/AYUNTAMIENTOCORIA\"]},{\"@type\":\"Person\",\"@id\":\"https:\\\/\\\/coria.org\\\/ayuntamiento\\\/#\\\/schema\\\/person\\\/8bd589f0e13e8ae5aa06def7a599d622\",\"name\":\"ayuntamiento\",\"image\":{\"@type\":\"ImageObject\",\"inLanguage\":\"es\",\"@id\":\"https:\\\/\\\/secure.gravatar.com\\\/avatar\\\/966e5ed73cad334adda5c87f49f2547f7082f7292c1b627cbb548744383b391c?s=96&d=mm&r=g\",\"url\":\"https:\\\/\\\/secure.gravatar.com\\\/avatar\\\/966e5ed73cad334adda5c87f49f2547f7082f7292c1b627cbb548744383b391c?s=96&d=mm&r=g\",\"contentUrl\":\"https:\\\/\\\/secure.gravatar.com\\\/avatar\\\/966e5ed73cad334adda5c87f49f2547f7082f7292c1b627cbb548744383b391c?s=96&d=mm&r=g\",\"caption\":\"ayuntamiento\"}}]}<\/script>\n<!-- \/ Yoast SEO plugin. -->","yoast_head_json":{"title":"Concentraci\u00f3n Ciudadana 25 Aniversario del Estatuto de Autonom\u00eda de Extremadura - Ayuntamiento de Coria","robots":{"index":"index","follow":"follow","max-snippet":"max-snippet:-1","max-image-preview":"max-image-preview:large","max-video-preview":"max-video-preview:-1"},"canonical":"https:\/\/coria.org\/ayuntamiento\/index.php\/2008\/11\/21\/concentracion-ciudadana-25-aniversario-del-estatuto-de-autonomia-de-extremadura\/","og_locale":"es_ES","og_type":"article","og_title":"Concentraci\u00f3n Ciudadana 25 Aniversario del Estatuto de Autonom\u00eda de Extremadura - Ayuntamiento de Coria","og_description":"Como ya sabr\u00e9is este a\u00f1o se cumplen 25 A\u00d1OS DE ESTATUTO DE AUTONOM\u00cdA DE EXTREMADURA, por ello el Presidente de la Junta ha instado a las fuerzas sociales y pol\u00edticas a promover una concentraci\u00f3n ciudadana de car\u00e1cter l\u00fadico y reivindicativo. Esta concentraci\u00f3n tendr\u00e1 lugar el pr\u00f3ximo 30 de noviembre(domingo), a las 12:00 horas, en la [&hellip;]","og_url":"https:\/\/coria.org\/ayuntamiento\/index.php\/2008\/11\/21\/concentracion-ciudadana-25-aniversario-del-estatuto-de-autonomia-de-extremadura\/","og_site_name":"Ayuntamiento de Coria","article_publisher":"https:\/\/www.facebook.com\/Ayuntamiento.de.Coria","article_published_time":"2008-11-20T23:00:00+00:00","article_modified_time":"2023-09-18T11:30:11+00:00","author":"ayuntamiento","twitter_card":"summary_large_image","twitter_creator":"@Ayto_de_Coria","twitter_site":"@Ayto_de_Coria","twitter_misc":{"Escrito por":"ayuntamiento","Tiempo de lectura":"1 minuto"},"schema":{"@context":"https:\/\/schema.org","@graph":[{"@type":"Article","@id":"https:\/\/coria.org\/ayuntamiento\/index.php\/2008\/11\/21\/concentracion-ciudadana-25-aniversario-del-estatuto-de-autonomia-de-extremadura\/#article","isPartOf":{"@id":"https:\/\/coria.org\/ayuntamiento\/index.php\/2008\/11\/21\/concentracion-ciudadana-25-aniversario-del-estatuto-de-autonomia-de-extremadura\/"},"author":{"name":"ayuntamiento","@id":"https:\/\/coria.org\/ayuntamiento\/#\/schema\/person\/8bd589f0e13e8ae5aa06def7a599d622"},"headline":"Concentraci\u00f3n Ciudadana 25 Aniversario del Estatuto de Autonom\u00eda de Extremadura","datePublished":"2008-11-20T23:00:00+00:00","dateModified":"2023-09-18T11:30:11+00:00","mainEntityOfPage":{"@id":"https:\/\/coria.org\/ayuntamiento\/index.php\/2008\/11\/21\/concentracion-ciudadana-25-aniversario-del-estatuto-de-autonomia-de-extremadura\/"},"wordCount":259,"publisher":{"@id":"https:\/\/coria.org\/ayuntamiento\/#organization"},"keywords":["concentracion","estatuto","extremadura"],"articleSection":["Noticias"],"inLanguage":"es"},{"@type":"WebPage","@id":"https:\/\/coria.org\/ayuntamiento\/index.php\/2008\/11\/21\/concentracion-ciudadana-25-aniversario-del-estatuto-de-autonomia-de-extremadura\/","url":"https:\/\/coria.org\/ayuntamiento\/index.php\/2008\/11\/21\/concentracion-ciudadana-25-aniversario-del-estatuto-de-autonomia-de-extremadura\/","name":"Concentraci\u00f3n Ciudadana 25 Aniversario del Estatuto de Autonom\u00eda de Extremadura - Ayuntamiento de Coria","isPartOf":{"@id":"https:\/\/coria.org\/ayuntamiento\/#website"},"datePublished":"2008-11-20T23:00:00+00:00","dateModified":"2023-09-18T11:30:11+00:00","breadcrumb":{"@id":"https:\/\/coria.org\/ayuntamiento\/index.php\/2008\/11\/21\/concentracion-ciudadana-25-aniversario-del-estatuto-de-autonomia-de-extremadura\/#breadcrumb"},"inLanguage":"es","potentialAction":[{"@type":"ReadAction","target":["https:\/\/coria.org\/ayuntamiento\/index.php\/2008\/11\/21\/concentracion-ciudadana-25-aniversario-del-estatuto-de-autonomia-de-extremadura\/"]}]},{"@type":"BreadcrumbList","@id":"https:\/\/coria.org\/ayuntamiento\/index.php\/2008\/11\/21\/concentracion-ciudadana-25-aniversario-del-estatuto-de-autonomia-de-extremadura\/#breadcrumb","itemListElement":[{"@type":"ListItem","position":1,"name":"Inicio","item":"https:\/\/coria.org\/ayuntamiento\/"},{"@type":"ListItem","position":2,"name":"Concentraci\u00f3n Ciudadana 25 Aniversario del Estatuto de Autonom\u00eda de Extremadura"}]},{"@type":"WebSite","@id":"https:\/\/coria.org\/ayuntamiento\/#website","url":"https:\/\/coria.org\/ayuntamiento\/","name":"Ayuntamiento de Coria","description":"Web oficial del Ayuntamiento de Coria","publisher":{"@id":"https:\/\/coria.org\/ayuntamiento\/#organization"},"alternateName":"Web Oficial del Ayuntamiento de Coria","potentialAction":[{"@type":"SearchAction","target":{"@type":"EntryPoint","urlTemplate":"https:\/\/coria.org\/ayuntamiento\/?s={search_term_string}"},"query-input":{"@type":"PropertyValueSpecification","valueRequired":true,"valueName":"search_term_string"}}],"inLanguage":"es"},{"@type":"Organization","@id":"https:\/\/coria.org\/ayuntamiento\/#organization","name":"Ayuntamiento de Coria","alternateName":"Ayto de Coria","url":"https:\/\/coria.org\/ayuntamiento\/","logo":{"@type":"ImageObject","inLanguage":"es","@id":"https:\/\/coria.org\/ayuntamiento\/#\/schema\/logo\/image\/","url":"https:\/\/coria.org\/ayuntamiento\/wp-content\/uploads\/2020\/12\/escudo-ayuntamiento-coria.png","contentUrl":"https:\/\/coria.org\/ayuntamiento\/wp-content\/uploads\/2020\/12\/escudo-ayuntamiento-coria.png","width":511,"height":240,"caption":"Ayuntamiento de Coria"},"image":{"@id":"https:\/\/coria.org\/ayuntamiento\/#\/schema\/logo\/image\/"},"sameAs":["https:\/\/www.facebook.com\/Ayuntamiento.de.Coria","https:\/\/x.com\/Ayto_de_Coria","https:\/\/www.instagram.com\/coria.ayuntamiento\/","https:\/\/www.youtube.com\/user\/AYUNTAMIENTOCORIA"]},{"@type":"Person","@id":"https:\/\/coria.org\/ayuntamiento\/#\/schema\/person\/8bd589f0e13e8ae5aa06def7a599d622","name":"ayuntamiento","image":{"@type":"ImageObject","inLanguage":"es","@id":"https:\/\/secure.gravatar.com\/avatar\/966e5ed73cad334adda5c87f49f2547f7082f7292c1b627cbb548744383b391c?s=96&d=mm&r=g","url":"https:\/\/secure.gravatar.com\/avatar\/966e5ed73cad334adda5c87f49f2547f7082f7292c1b627cbb548744383b391c?s=96&d=mm&r=g","contentUrl":"https:\/\/secure.gravatar.com\/avatar\/966e5ed73cad334adda5c87f49f2547f7082f7292c1b627cbb548744383b391c?s=96&d=mm&r=g","caption":"ayuntamiento"}}]}},"uagb_featured_image_src":{"full":false,"thumbnail":false,"medium":false,"medium_large":false,"large":false,"thumblist":false,"thumbrelated":false,"meccarouselthumb":false,"gridsquare":false,"tileview":false,"1536x1536":false,"2048x2048":false},"uagb_author_info":{"display_name":"ayuntamiento","author_link":"https:\/\/coria.org\/ayuntamiento\/index.php\/author\/ayuntamiento\/"},"uagb_comment_info":0,"uagb_excerpt":"Como ya sabr\u00e9is este a\u00f1o se cumplen 25 A\u00d1OS DE ESTATUTO DE AUTONOM\u00cdA DE EXTREMADURA, por ello el Presidente de la Junta ha instado a las fuerzas sociales y pol\u00edticas a promover una concentraci\u00f3n ciudadana de car\u00e1cter l\u00fadico y reivindicativo. Esta concentraci\u00f3n tendr\u00e1 lugar el pr\u00f3ximo 30 de noviembre(domingo), a las 12:00 horas, en la&hellip;","_links":{"self":[{"href":"https:\/\/coria.org\/ayuntamiento\/index.php\/wp-json\/wp\/v2\/posts\/26986","targetHints":{"allow":["GET"]}}],"collection":[{"href":"https:\/\/coria.org\/ayuntamiento\/index.php\/wp-json\/wp\/v2\/posts"}],"about":[{"href":"https:\/\/coria.org\/ayuntamiento\/index.php\/wp-json\/wp\/v2\/types\/post"}],"author":[{"embeddable":true,"href":"https:\/\/coria.org\/ayuntamiento\/index.php\/wp-json\/wp\/v2\/users\/2"}],"replies":[{"embeddable":true,"href":"https:\/\/coria.org\/ayuntamiento\/index.php\/wp-json\/wp\/v2\/comments?post=26986"}],"version-history":[{"count":0,"href":"https:\/\/coria.org\/ayuntamiento\/index.php\/wp-json\/wp\/v2\/posts\/26986\/revisions"}],"wp:attachment":[{"href":"https:\/\/coria.org\/ayuntamiento\/index.php\/wp-json\/wp\/v2\/media?parent=26986"}],"wp:term":[{"taxonomy":"category","embeddable":true,"href":"https:\/\/coria.org\/ayuntamiento\/index.php\/wp-json\/wp\/v2\/categories?post=26986"},{"taxonomy":"post_tag","embeddable":true,"href":"https:\/\/coria.org\/ayuntamiento\/index.php\/wp-json\/wp\/v2\/tags?post=26986"}],"curies":[{"name":"wp","href":"https:\/\/api.w.org\/{rel}","templated":true}]}}