{"id":26914,"date":"2009-05-29T00:00:00","date_gmt":"2009-05-28T22:00:00","guid":{"rendered":"https:\/\/ayuntamiento.coriaenimagenes.com\/presentacion-concierto-amenoskuarto\/"},"modified":"2023-09-18T13:30:01","modified_gmt":"2023-09-18T11:30:01","slug":"presentacion-concierto-amenoskuarto","status":"publish","type":"post","link":"https:\/\/coria.org\/ayuntamiento\/index.php\/2009\/05\/29\/presentacion-concierto-amenoskuarto\/","title":{"rendered":"Presentaci\u00f3n Concierto Amenoskuarto"},"content":{"rendered":"\n<p><b>El pr\u00f3ximo Viernes 5 de Junio, el grupo cauriense AmenoSKuartO realizar\u00e1 un concierto presentaci\u00f3n de su segundo disco llamado \u00abDevaneo\u00bb en su localidad. Dicho espect\u00e1culo tendr\u00e1 una duraci\u00f3n de dos horas donde AmenoSKuartO enlazar\u00e1 canciones de sus dos discos.<\/b><\/p>\n\n\n\n<p><b><\/b>El lugar elegido para dicho evento ser\u00e1 el Atrio de la Catedral cauriense, un entorno inmejorable para un espect\u00e1culo de estas caracter\u00edsticas. La hora de comienzo sera 23:30 y como no pod\u00eda ser de otra manera la entrada gratuita.<\/p>\n\n\n\n<p>Pod\u00e9is descargaros su primer A ras de Suelo y segundo disco Devaneo de forma libre y gratuita en www.amenoskuarto.com donde el grupo, por esta v\u00eda, a conseguido m\u00e1s de 15000 descargas del primero y el segundo, recientemente publicado, ya supera las 5000. No obstante, ambos se pueden adquirir en los conciertos y en su web, al m\u00f3dico precio de 5\u20ac para A ras de suelo y la edici\u00f3n digipack (cd+dvd) de lujo de Devaneo, por tan solo 8\u20ac.<\/p>\n\n\n\n<p>Para m\u00e1s informaci\u00f3n sobre el grupo: conciertos, m\u00fasica, biograf\u00eda, fotos, foro&#8230; www.amenoskuarto.com<\/p>\n\n\n\n<p>ORGANIZA: Excelent\u00edsimo Ayuntamiento de Coria.<\/p>\n\n\n\n<p>COLABORA: Diputaci\u00f3n de C\u00e1ceres.<\/p>\n\n\n\n<p>PATROCINAN: Musical Coria y Cafeter\u00eda Restaurante Copacabana II<\/p>\n","protected":false},"excerpt":{"rendered":"<p>El pr\u00f3ximo Viernes 5 de Junio, el grupo cauriense AmenoSKuartO realizar\u00e1 un concierto presentaci\u00f3n de su segundo disco llamado \u00abDevaneo\u00bb en su localidad. Dicho espect\u00e1culo tendr\u00e1 una duraci\u00f3n de dos horas donde AmenoSKuartO enlazar\u00e1 canciones de sus dos discos. El lugar elegido para dicho evento ser\u00e1 el Atrio de la Catedral cauriense, un entorno inmejorable [&hellip;]<\/p>\n","protected":false},"author":2,"featured_media":0,"comment_status":"closed","ping_status":"closed","sticky":false,"template":"","format":"standard","meta":{"_uag_custom_page_level_css":"","footnotes":""},"categories":[2],"tags":[99,344],"class_list":["post-26914","post","type-post","status-publish","format-standard","hentry","category-noticias","tag-amenoskuarto","tag-concierto"],"yoast_head":"<!-- This site is optimized with the Yoast SEO plugin v27.4 - https:\/\/yoast.com\/product\/yoast-seo-wordpress\/ -->\n<title>Presentaci\u00f3n Concierto Amenoskuarto - Ayuntamiento de Coria<\/title>\n<meta name=\"robots\" content=\"index, follow, max-snippet:-1, max-image-preview:large, max-video-preview:-1\" \/>\n<link rel=\"canonical\" href=\"https:\/\/coria.org\/ayuntamiento\/index.php\/2009\/05\/29\/presentacion-concierto-amenoskuarto\/\" \/>\n<meta property=\"og:locale\" content=\"es_ES\" \/>\n<meta property=\"og:type\" content=\"article\" \/>\n<meta property=\"og:title\" content=\"Presentaci\u00f3n Concierto Amenoskuarto - Ayuntamiento de Coria\" \/>\n<meta property=\"og:description\" content=\"El pr\u00f3ximo Viernes 5 de Junio, el grupo cauriense AmenoSKuartO realizar\u00e1 un concierto presentaci\u00f3n de su segundo disco llamado \u00abDevaneo\u00bb en su localidad. Dicho espect\u00e1culo tendr\u00e1 una duraci\u00f3n de dos horas donde AmenoSKuartO enlazar\u00e1 canciones de sus dos discos. El lugar elegido para dicho evento ser\u00e1 el Atrio de la Catedral cauriense, un entorno inmejorable [&hellip;]\" \/>\n<meta property=\"og:url\" content=\"https:\/\/coria.org\/ayuntamiento\/index.php\/2009\/05\/29\/presentacion-concierto-amenoskuarto\/\" \/>\n<meta property=\"og:site_name\" content=\"Ayuntamiento de Coria\" \/>\n<meta property=\"article:publisher\" content=\"https:\/\/www.facebook.com\/Ayuntamiento.de.Coria\" \/>\n<meta property=\"article:published_time\" content=\"2009-05-28T22:00:00+00:00\" \/>\n<meta property=\"article:modified_time\" content=\"2023-09-18T11:30:01+00:00\" \/>\n<meta name=\"author\" content=\"ayuntamiento\" \/>\n<meta name=\"twitter:card\" content=\"summary_large_image\" \/>\n<meta name=\"twitter:creator\" content=\"@Ayto_de_Coria\" \/>\n<meta name=\"twitter:site\" content=\"@Ayto_de_Coria\" \/>\n<meta name=\"twitter:label1\" content=\"Escrito por\" \/>\n\t<meta name=\"twitter:data1\" content=\"ayuntamiento\" \/>\n\t<meta name=\"twitter:label2\" content=\"Tiempo de lectura\" \/>\n\t<meta name=\"twitter:data2\" content=\"1 minuto\" \/>\n<script type=\"application\/ld+json\" class=\"yoast-schema-graph\">{\"@context\":\"https:\\\/\\\/schema.org\",\"@graph\":[{\"@type\":\"Article\",\"@id\":\"https:\\\/\\\/coria.org\\\/ayuntamiento\\\/index.php\\\/2009\\\/05\\\/29\\\/presentacion-concierto-amenoskuarto\\\/#article\",\"isPartOf\":{\"@id\":\"https:\\\/\\\/coria.org\\\/ayuntamiento\\\/index.php\\\/2009\\\/05\\\/29\\\/presentacion-concierto-amenoskuarto\\\/\"},\"author\":{\"name\":\"ayuntamiento\",\"@id\":\"https:\\\/\\\/coria.org\\\/ayuntamiento\\\/#\\\/schema\\\/person\\\/8bd589f0e13e8ae5aa06def7a599d622\"},\"headline\":\"Presentaci\u00f3n Concierto Amenoskuarto\",\"datePublished\":\"2009-05-28T22:00:00+00:00\",\"dateModified\":\"2023-09-18T11:30:01+00:00\",\"mainEntityOfPage\":{\"@id\":\"https:\\\/\\\/coria.org\\\/ayuntamiento\\\/index.php\\\/2009\\\/05\\\/29\\\/presentacion-concierto-amenoskuarto\\\/\"},\"wordCount\":208,\"publisher\":{\"@id\":\"https:\\\/\\\/coria.org\\\/ayuntamiento\\\/#organization\"},\"keywords\":[\"amenoskuarto\",\"concierto\"],\"articleSection\":[\"Noticias\"],\"inLanguage\":\"es\"},{\"@type\":\"WebPage\",\"@id\":\"https:\\\/\\\/coria.org\\\/ayuntamiento\\\/index.php\\\/2009\\\/05\\\/29\\\/presentacion-concierto-amenoskuarto\\\/\",\"url\":\"https:\\\/\\\/coria.org\\\/ayuntamiento\\\/index.php\\\/2009\\\/05\\\/29\\\/presentacion-concierto-amenoskuarto\\\/\",\"name\":\"Presentaci\u00f3n Concierto Amenoskuarto - Ayuntamiento de Coria\",\"isPartOf\":{\"@id\":\"https:\\\/\\\/coria.org\\\/ayuntamiento\\\/#website\"},\"datePublished\":\"2009-05-28T22:00:00+00:00\",\"dateModified\":\"2023-09-18T11:30:01+00:00\",\"breadcrumb\":{\"@id\":\"https:\\\/\\\/coria.org\\\/ayuntamiento\\\/index.php\\\/2009\\\/05\\\/29\\\/presentacion-concierto-amenoskuarto\\\/#breadcrumb\"},\"inLanguage\":\"es\",\"potentialAction\":[{\"@type\":\"ReadAction\",\"target\":[\"https:\\\/\\\/coria.org\\\/ayuntamiento\\\/index.php\\\/2009\\\/05\\\/29\\\/presentacion-concierto-amenoskuarto\\\/\"]}]},{\"@type\":\"BreadcrumbList\",\"@id\":\"https:\\\/\\\/coria.org\\\/ayuntamiento\\\/index.php\\\/2009\\\/05\\\/29\\\/presentacion-concierto-amenoskuarto\\\/#breadcrumb\",\"itemListElement\":[{\"@type\":\"ListItem\",\"position\":1,\"name\":\"Inicio\",\"item\":\"https:\\\/\\\/coria.org\\\/ayuntamiento\\\/\"},{\"@type\":\"ListItem\",\"position\":2,\"name\":\"Presentaci\u00f3n Concierto Amenoskuarto\"}]},{\"@type\":\"WebSite\",\"@id\":\"https:\\\/\\\/coria.org\\\/ayuntamiento\\\/#website\",\"url\":\"https:\\\/\\\/coria.org\\\/ayuntamiento\\\/\",\"name\":\"Ayuntamiento de Coria\",\"description\":\"Web oficial del Ayuntamiento de Coria\",\"publisher\":{\"@id\":\"https:\\\/\\\/coria.org\\\/ayuntamiento\\\/#organization\"},\"alternateName\":\"Web Oficial del Ayuntamiento de Coria\",\"potentialAction\":[{\"@type\":\"SearchAction\",\"target\":{\"@type\":\"EntryPoint\",\"urlTemplate\":\"https:\\\/\\\/coria.org\\\/ayuntamiento\\\/?s={search_term_string}\"},\"query-input\":{\"@type\":\"PropertyValueSpecification\",\"valueRequired\":true,\"valueName\":\"search_term_string\"}}],\"inLanguage\":\"es\"},{\"@type\":\"Organization\",\"@id\":\"https:\\\/\\\/coria.org\\\/ayuntamiento\\\/#organization\",\"name\":\"Ayuntamiento de Coria\",\"alternateName\":\"Ayto de Coria\",\"url\":\"https:\\\/\\\/coria.org\\\/ayuntamiento\\\/\",\"logo\":{\"@type\":\"ImageObject\",\"inLanguage\":\"es\",\"@id\":\"https:\\\/\\\/coria.org\\\/ayuntamiento\\\/#\\\/schema\\\/logo\\\/image\\\/\",\"url\":\"https:\\\/\\\/coria.org\\\/ayuntamiento\\\/wp-content\\\/uploads\\\/2020\\\/12\\\/escudo-ayuntamiento-coria.png\",\"contentUrl\":\"https:\\\/\\\/coria.org\\\/ayuntamiento\\\/wp-content\\\/uploads\\\/2020\\\/12\\\/escudo-ayuntamiento-coria.png\",\"width\":511,\"height\":240,\"caption\":\"Ayuntamiento de Coria\"},\"image\":{\"@id\":\"https:\\\/\\\/coria.org\\\/ayuntamiento\\\/#\\\/schema\\\/logo\\\/image\\\/\"},\"sameAs\":[\"https:\\\/\\\/www.facebook.com\\\/Ayuntamiento.de.Coria\",\"https:\\\/\\\/x.com\\\/Ayto_de_Coria\",\"https:\\\/\\\/www.instagram.com\\\/coria.ayuntamiento\\\/\",\"https:\\\/\\\/www.youtube.com\\\/user\\\/AYUNTAMIENTOCORIA\"]},{\"@type\":\"Person\",\"@id\":\"https:\\\/\\\/coria.org\\\/ayuntamiento\\\/#\\\/schema\\\/person\\\/8bd589f0e13e8ae5aa06def7a599d622\",\"name\":\"ayuntamiento\",\"image\":{\"@type\":\"ImageObject\",\"inLanguage\":\"es\",\"@id\":\"https:\\\/\\\/secure.gravatar.com\\\/avatar\\\/966e5ed73cad334adda5c87f49f2547f7082f7292c1b627cbb548744383b391c?s=96&d=mm&r=g\",\"url\":\"https:\\\/\\\/secure.gravatar.com\\\/avatar\\\/966e5ed73cad334adda5c87f49f2547f7082f7292c1b627cbb548744383b391c?s=96&d=mm&r=g\",\"contentUrl\":\"https:\\\/\\\/secure.gravatar.com\\\/avatar\\\/966e5ed73cad334adda5c87f49f2547f7082f7292c1b627cbb548744383b391c?s=96&d=mm&r=g\",\"caption\":\"ayuntamiento\"}}]}<\/script>\n<!-- \/ Yoast SEO plugin. -->","yoast_head_json":{"title":"Presentaci\u00f3n Concierto Amenoskuarto - Ayuntamiento de Coria","robots":{"index":"index","follow":"follow","max-snippet":"max-snippet:-1","max-image-preview":"max-image-preview:large","max-video-preview":"max-video-preview:-1"},"canonical":"https:\/\/coria.org\/ayuntamiento\/index.php\/2009\/05\/29\/presentacion-concierto-amenoskuarto\/","og_locale":"es_ES","og_type":"article","og_title":"Presentaci\u00f3n Concierto Amenoskuarto - Ayuntamiento de Coria","og_description":"El pr\u00f3ximo Viernes 5 de Junio, el grupo cauriense AmenoSKuartO realizar\u00e1 un concierto presentaci\u00f3n de su segundo disco llamado \u00abDevaneo\u00bb en su localidad. Dicho espect\u00e1culo tendr\u00e1 una duraci\u00f3n de dos horas donde AmenoSKuartO enlazar\u00e1 canciones de sus dos discos. El lugar elegido para dicho evento ser\u00e1 el Atrio de la Catedral cauriense, un entorno inmejorable [&hellip;]","og_url":"https:\/\/coria.org\/ayuntamiento\/index.php\/2009\/05\/29\/presentacion-concierto-amenoskuarto\/","og_site_name":"Ayuntamiento de Coria","article_publisher":"https:\/\/www.facebook.com\/Ayuntamiento.de.Coria","article_published_time":"2009-05-28T22:00:00+00:00","article_modified_time":"2023-09-18T11:30:01+00:00","author":"ayuntamiento","twitter_card":"summary_large_image","twitter_creator":"@Ayto_de_Coria","twitter_site":"@Ayto_de_Coria","twitter_misc":{"Escrito por":"ayuntamiento","Tiempo de lectura":"1 minuto"},"schema":{"@context":"https:\/\/schema.org","@graph":[{"@type":"Article","@id":"https:\/\/coria.org\/ayuntamiento\/index.php\/2009\/05\/29\/presentacion-concierto-amenoskuarto\/#article","isPartOf":{"@id":"https:\/\/coria.org\/ayuntamiento\/index.php\/2009\/05\/29\/presentacion-concierto-amenoskuarto\/"},"author":{"name":"ayuntamiento","@id":"https:\/\/coria.org\/ayuntamiento\/#\/schema\/person\/8bd589f0e13e8ae5aa06def7a599d622"},"headline":"Presentaci\u00f3n Concierto Amenoskuarto","datePublished":"2009-05-28T22:00:00+00:00","dateModified":"2023-09-18T11:30:01+00:00","mainEntityOfPage":{"@id":"https:\/\/coria.org\/ayuntamiento\/index.php\/2009\/05\/29\/presentacion-concierto-amenoskuarto\/"},"wordCount":208,"publisher":{"@id":"https:\/\/coria.org\/ayuntamiento\/#organization"},"keywords":["amenoskuarto","concierto"],"articleSection":["Noticias"],"inLanguage":"es"},{"@type":"WebPage","@id":"https:\/\/coria.org\/ayuntamiento\/index.php\/2009\/05\/29\/presentacion-concierto-amenoskuarto\/","url":"https:\/\/coria.org\/ayuntamiento\/index.php\/2009\/05\/29\/presentacion-concierto-amenoskuarto\/","name":"Presentaci\u00f3n Concierto Amenoskuarto - Ayuntamiento de Coria","isPartOf":{"@id":"https:\/\/coria.org\/ayuntamiento\/#website"},"datePublished":"2009-05-28T22:00:00+00:00","dateModified":"2023-09-18T11:30:01+00:00","breadcrumb":{"@id":"https:\/\/coria.org\/ayuntamiento\/index.php\/2009\/05\/29\/presentacion-concierto-amenoskuarto\/#breadcrumb"},"inLanguage":"es","potentialAction":[{"@type":"ReadAction","target":["https:\/\/coria.org\/ayuntamiento\/index.php\/2009\/05\/29\/presentacion-concierto-amenoskuarto\/"]}]},{"@type":"BreadcrumbList","@id":"https:\/\/coria.org\/ayuntamiento\/index.php\/2009\/05\/29\/presentacion-concierto-amenoskuarto\/#breadcrumb","itemListElement":[{"@type":"ListItem","position":1,"name":"Inicio","item":"https:\/\/coria.org\/ayuntamiento\/"},{"@type":"ListItem","position":2,"name":"Presentaci\u00f3n Concierto Amenoskuarto"}]},{"@type":"WebSite","@id":"https:\/\/coria.org\/ayuntamiento\/#website","url":"https:\/\/coria.org\/ayuntamiento\/","name":"Ayuntamiento de Coria","description":"Web oficial del Ayuntamiento de Coria","publisher":{"@id":"https:\/\/coria.org\/ayuntamiento\/#organization"},"alternateName":"Web Oficial del Ayuntamiento de Coria","potentialAction":[{"@type":"SearchAction","target":{"@type":"EntryPoint","urlTemplate":"https:\/\/coria.org\/ayuntamiento\/?s={search_term_string}"},"query-input":{"@type":"PropertyValueSpecification","valueRequired":true,"valueName":"search_term_string"}}],"inLanguage":"es"},{"@type":"Organization","@id":"https:\/\/coria.org\/ayuntamiento\/#organization","name":"Ayuntamiento de Coria","alternateName":"Ayto de Coria","url":"https:\/\/coria.org\/ayuntamiento\/","logo":{"@type":"ImageObject","inLanguage":"es","@id":"https:\/\/coria.org\/ayuntamiento\/#\/schema\/logo\/image\/","url":"https:\/\/coria.org\/ayuntamiento\/wp-content\/uploads\/2020\/12\/escudo-ayuntamiento-coria.png","contentUrl":"https:\/\/coria.org\/ayuntamiento\/wp-content\/uploads\/2020\/12\/escudo-ayuntamiento-coria.png","width":511,"height":240,"caption":"Ayuntamiento de Coria"},"image":{"@id":"https:\/\/coria.org\/ayuntamiento\/#\/schema\/logo\/image\/"},"sameAs":["https:\/\/www.facebook.com\/Ayuntamiento.de.Coria","https:\/\/x.com\/Ayto_de_Coria","https:\/\/www.instagram.com\/coria.ayuntamiento\/","https:\/\/www.youtube.com\/user\/AYUNTAMIENTOCORIA"]},{"@type":"Person","@id":"https:\/\/coria.org\/ayuntamiento\/#\/schema\/person\/8bd589f0e13e8ae5aa06def7a599d622","name":"ayuntamiento","image":{"@type":"ImageObject","inLanguage":"es","@id":"https:\/\/secure.gravatar.com\/avatar\/966e5ed73cad334adda5c87f49f2547f7082f7292c1b627cbb548744383b391c?s=96&d=mm&r=g","url":"https:\/\/secure.gravatar.com\/avatar\/966e5ed73cad334adda5c87f49f2547f7082f7292c1b627cbb548744383b391c?s=96&d=mm&r=g","contentUrl":"https:\/\/secure.gravatar.com\/avatar\/966e5ed73cad334adda5c87f49f2547f7082f7292c1b627cbb548744383b391c?s=96&d=mm&r=g","caption":"ayuntamiento"}}]}},"uagb_featured_image_src":{"full":false,"thumbnail":false,"medium":false,"medium_large":false,"large":false,"thumblist":false,"thumbrelated":false,"meccarouselthumb":false,"gridsquare":false,"tileview":false,"1536x1536":false,"2048x2048":false},"uagb_author_info":{"display_name":"ayuntamiento","author_link":"https:\/\/coria.org\/ayuntamiento\/index.php\/author\/ayuntamiento\/"},"uagb_comment_info":0,"uagb_excerpt":"El pr\u00f3ximo Viernes 5 de Junio, el grupo cauriense AmenoSKuartO realizar\u00e1 un concierto presentaci\u00f3n de su segundo disco llamado \u00abDevaneo\u00bb en su localidad. Dicho espect\u00e1culo tendr\u00e1 una duraci\u00f3n de dos horas donde AmenoSKuartO enlazar\u00e1 canciones de sus dos discos. El lugar elegido para dicho evento ser\u00e1 el Atrio de la Catedral cauriense, un entorno inmejorable&hellip;","_links":{"self":[{"href":"https:\/\/coria.org\/ayuntamiento\/index.php\/wp-json\/wp\/v2\/posts\/26914","targetHints":{"allow":["GET"]}}],"collection":[{"href":"https:\/\/coria.org\/ayuntamiento\/index.php\/wp-json\/wp\/v2\/posts"}],"about":[{"href":"https:\/\/coria.org\/ayuntamiento\/index.php\/wp-json\/wp\/v2\/types\/post"}],"author":[{"embeddable":true,"href":"https:\/\/coria.org\/ayuntamiento\/index.php\/wp-json\/wp\/v2\/users\/2"}],"replies":[{"embeddable":true,"href":"https:\/\/coria.org\/ayuntamiento\/index.php\/wp-json\/wp\/v2\/comments?post=26914"}],"version-history":[{"count":0,"href":"https:\/\/coria.org\/ayuntamiento\/index.php\/wp-json\/wp\/v2\/posts\/26914\/revisions"}],"wp:attachment":[{"href":"https:\/\/coria.org\/ayuntamiento\/index.php\/wp-json\/wp\/v2\/media?parent=26914"}],"wp:term":[{"taxonomy":"category","embeddable":true,"href":"https:\/\/coria.org\/ayuntamiento\/index.php\/wp-json\/wp\/v2\/categories?post=26914"},{"taxonomy":"post_tag","embeddable":true,"href":"https:\/\/coria.org\/ayuntamiento\/index.php\/wp-json\/wp\/v2\/tags?post=26914"}],"curies":[{"name":"wp","href":"https:\/\/api.w.org\/{rel}","templated":true}]}}