{"id":26833,"date":"2010-08-16T00:00:00","date_gmt":"2010-08-15T22:00:00","guid":{"rendered":"https:\/\/ayuntamiento.coriaenimagenes.com\/expoparticipacion-2010\/"},"modified":"2023-09-18T13:29:27","modified_gmt":"2023-09-18T11:29:27","slug":"expoparticipacion-2010","status":"publish","type":"post","link":"https:\/\/coria.org\/ayuntamiento\/index.php\/2010\/08\/16\/expoparticipacion-2010\/","title":{"rendered":"Expoparticipaci\u00f3n 2010"},"content":{"rendered":"\n<p><b>Se trata de una acci\u00f3n de dinamizaci\u00f3n ciudadana de Marca Extremadura que recorrer\u00e1 50 localidades<\/b><\/p>\n\n\n\n<p><b><\/b>EXPOPARTICIPACI\u00d3N que tendr\u00e1 lugar en Coria los d\u00edas 19 y 20 de Agosto, de 11 a 14 horas y de 17 a 22 horas en la Pza de la Solidaridad, Casa de Cultura.<\/p>\n\n\n\n<p>Expo Participaci\u00f3n 2010 arranca el domingo, 15 de agosto, en Fregenal de la Sierra. Es una acci\u00f3n de participaci\u00f3n ciudadana de Marca Extremadura dentro de la campa\u00f1a Somos Extremadura. El soporte de esta acci\u00f3n participativa es una exposici\u00f3n que recorrer\u00e1 cincuenta localidades extreme\u00f1as hasta el 31 de diciembre, cuando tiene previsto finalizar en M\u00e9rida. Con esta iniciativa se quiere transmitir la idea de equilibrio sostenible como modelo de desarrollo que Extremadura viene proponiendo desde hace a\u00f1os.<\/p>\n\n\n\n<p>Ser\u00e1n los extreme\u00f1os y extreme\u00f1as los principales protagonistas de la exposici\u00f3n, contando con su participaci\u00f3n en cada espacio, en lo que se quiere que sea un intercambio de ideas y experiencias. La muestra se nutrir\u00e1 de las aportaciones del vecindario de todas las localidades por las que pasar\u00e1.<\/p>\n\n\n\n<p>La acci\u00f3n de participaci\u00f3n se articula en torno a seis espacios tem\u00e1ticos en los que se mostrar\u00e1n diversos aspectos de nuestra historia, naturaleza, gastronom\u00eda, recursos para el desarrollo y tambi\u00e9n un repaso a los hitos y progresos desde los a\u00f1os 80 hasta la actualidad. Todo con una mirada puesta en el futuro. A continuaci\u00f3n ampliamos la informaci\u00f3n acerca de estos espacios.<\/p>\n","protected":false},"excerpt":{"rendered":"<p>Se trata de una acci\u00f3n de dinamizaci\u00f3n ciudadana de Marca Extremadura que recorrer\u00e1 50 localidades EXPOPARTICIPACI\u00d3N que tendr\u00e1 lugar en Coria los d\u00edas 19 y 20 de Agosto, de 11 a 14 horas y de 17 a 22 horas en la Pza de la Solidaridad, Casa de Cultura. Expo Participaci\u00f3n 2010 arranca el domingo, 15 [&hellip;]<\/p>\n","protected":false},"author":2,"featured_media":0,"comment_status":"closed","ping_status":"closed","sticky":false,"template":"","format":"standard","meta":{"_uag_custom_page_level_css":"","footnotes":""},"categories":[2],"tags":[540],"class_list":["post-26833","post","type-post","status-publish","format-standard","hentry","category-noticias","tag-expoparticipacion"],"yoast_head":"<!-- This site is optimized with the Yoast SEO plugin v27.5 - https:\/\/yoast.com\/product\/yoast-seo-wordpress\/ -->\n<title>Expoparticipaci\u00f3n 2010 - Ayuntamiento de Coria<\/title>\n<meta name=\"robots\" content=\"index, follow, max-snippet:-1, max-image-preview:large, max-video-preview:-1\" \/>\n<link rel=\"canonical\" href=\"https:\/\/coria.org\/ayuntamiento\/index.php\/2010\/08\/16\/expoparticipacion-2010\/\" \/>\n<meta property=\"og:locale\" content=\"es_ES\" \/>\n<meta property=\"og:type\" content=\"article\" \/>\n<meta property=\"og:title\" content=\"Expoparticipaci\u00f3n 2010 - Ayuntamiento de Coria\" \/>\n<meta property=\"og:description\" content=\"Se trata de una acci\u00f3n de dinamizaci\u00f3n ciudadana de Marca Extremadura que recorrer\u00e1 50 localidades EXPOPARTICIPACI\u00d3N que tendr\u00e1 lugar en Coria los d\u00edas 19 y 20 de Agosto, de 11 a 14 horas y de 17 a 22 horas en la Pza de la Solidaridad, Casa de Cultura. Expo Participaci\u00f3n 2010 arranca el domingo, 15 [&hellip;]\" \/>\n<meta property=\"og:url\" content=\"https:\/\/coria.org\/ayuntamiento\/index.php\/2010\/08\/16\/expoparticipacion-2010\/\" \/>\n<meta property=\"og:site_name\" content=\"Ayuntamiento de Coria\" \/>\n<meta property=\"article:publisher\" content=\"https:\/\/www.facebook.com\/Ayuntamiento.de.Coria\" \/>\n<meta property=\"article:published_time\" content=\"2010-08-15T22:00:00+00:00\" \/>\n<meta property=\"article:modified_time\" content=\"2023-09-18T11:29:27+00:00\" \/>\n<meta name=\"author\" content=\"ayuntamiento\" \/>\n<meta name=\"twitter:card\" content=\"summary_large_image\" \/>\n<meta name=\"twitter:creator\" content=\"@Ayto_de_Coria\" \/>\n<meta name=\"twitter:site\" content=\"@Ayto_de_Coria\" \/>\n<meta name=\"twitter:label1\" content=\"Escrito por\" \/>\n\t<meta name=\"twitter:data1\" content=\"ayuntamiento\" \/>\n\t<meta name=\"twitter:label2\" content=\"Tiempo de lectura\" \/>\n\t<meta name=\"twitter:data2\" content=\"1 minuto\" \/>\n<script type=\"application\/ld+json\" class=\"yoast-schema-graph\">{\"@context\":\"https:\\\/\\\/schema.org\",\"@graph\":[{\"@type\":\"Article\",\"@id\":\"https:\\\/\\\/coria.org\\\/ayuntamiento\\\/index.php\\\/2010\\\/08\\\/16\\\/expoparticipacion-2010\\\/#article\",\"isPartOf\":{\"@id\":\"https:\\\/\\\/coria.org\\\/ayuntamiento\\\/index.php\\\/2010\\\/08\\\/16\\\/expoparticipacion-2010\\\/\"},\"author\":{\"name\":\"ayuntamiento\",\"@id\":\"https:\\\/\\\/coria.org\\\/ayuntamiento\\\/#\\\/schema\\\/person\\\/8bd589f0e13e8ae5aa06def7a599d622\"},\"headline\":\"Expoparticipaci\u00f3n 2010\",\"datePublished\":\"2010-08-15T22:00:00+00:00\",\"dateModified\":\"2023-09-18T11:29:27+00:00\",\"mainEntityOfPage\":{\"@id\":\"https:\\\/\\\/coria.org\\\/ayuntamiento\\\/index.php\\\/2010\\\/08\\\/16\\\/expoparticipacion-2010\\\/\"},\"wordCount\":251,\"publisher\":{\"@id\":\"https:\\\/\\\/coria.org\\\/ayuntamiento\\\/#organization\"},\"keywords\":[\"expoparticipacion\"],\"articleSection\":[\"Noticias\"],\"inLanguage\":\"es\"},{\"@type\":\"WebPage\",\"@id\":\"https:\\\/\\\/coria.org\\\/ayuntamiento\\\/index.php\\\/2010\\\/08\\\/16\\\/expoparticipacion-2010\\\/\",\"url\":\"https:\\\/\\\/coria.org\\\/ayuntamiento\\\/index.php\\\/2010\\\/08\\\/16\\\/expoparticipacion-2010\\\/\",\"name\":\"Expoparticipaci\u00f3n 2010 - Ayuntamiento de Coria\",\"isPartOf\":{\"@id\":\"https:\\\/\\\/coria.org\\\/ayuntamiento\\\/#website\"},\"datePublished\":\"2010-08-15T22:00:00+00:00\",\"dateModified\":\"2023-09-18T11:29:27+00:00\",\"breadcrumb\":{\"@id\":\"https:\\\/\\\/coria.org\\\/ayuntamiento\\\/index.php\\\/2010\\\/08\\\/16\\\/expoparticipacion-2010\\\/#breadcrumb\"},\"inLanguage\":\"es\",\"potentialAction\":[{\"@type\":\"ReadAction\",\"target\":[\"https:\\\/\\\/coria.org\\\/ayuntamiento\\\/index.php\\\/2010\\\/08\\\/16\\\/expoparticipacion-2010\\\/\"]}]},{\"@type\":\"BreadcrumbList\",\"@id\":\"https:\\\/\\\/coria.org\\\/ayuntamiento\\\/index.php\\\/2010\\\/08\\\/16\\\/expoparticipacion-2010\\\/#breadcrumb\",\"itemListElement\":[{\"@type\":\"ListItem\",\"position\":1,\"name\":\"Inicio\",\"item\":\"https:\\\/\\\/coria.org\\\/ayuntamiento\\\/\"},{\"@type\":\"ListItem\",\"position\":2,\"name\":\"Expoparticipaci\u00f3n 2010\"}]},{\"@type\":\"WebSite\",\"@id\":\"https:\\\/\\\/coria.org\\\/ayuntamiento\\\/#website\",\"url\":\"https:\\\/\\\/coria.org\\\/ayuntamiento\\\/\",\"name\":\"Ayuntamiento de Coria\",\"description\":\"Web oficial del Ayuntamiento de Coria\",\"publisher\":{\"@id\":\"https:\\\/\\\/coria.org\\\/ayuntamiento\\\/#organization\"},\"alternateName\":\"Web Oficial del Ayuntamiento de Coria\",\"potentialAction\":[{\"@type\":\"SearchAction\",\"target\":{\"@type\":\"EntryPoint\",\"urlTemplate\":\"https:\\\/\\\/coria.org\\\/ayuntamiento\\\/?s={search_term_string}\"},\"query-input\":{\"@type\":\"PropertyValueSpecification\",\"valueRequired\":true,\"valueName\":\"search_term_string\"}}],\"inLanguage\":\"es\"},{\"@type\":\"Organization\",\"@id\":\"https:\\\/\\\/coria.org\\\/ayuntamiento\\\/#organization\",\"name\":\"Ayuntamiento de Coria\",\"alternateName\":\"Ayto de Coria\",\"url\":\"https:\\\/\\\/coria.org\\\/ayuntamiento\\\/\",\"logo\":{\"@type\":\"ImageObject\",\"inLanguage\":\"es\",\"@id\":\"https:\\\/\\\/coria.org\\\/ayuntamiento\\\/#\\\/schema\\\/logo\\\/image\\\/\",\"url\":\"https:\\\/\\\/coria.org\\\/ayuntamiento\\\/wp-content\\\/uploads\\\/2020\\\/12\\\/escudo-ayuntamiento-coria.png\",\"contentUrl\":\"https:\\\/\\\/coria.org\\\/ayuntamiento\\\/wp-content\\\/uploads\\\/2020\\\/12\\\/escudo-ayuntamiento-coria.png\",\"width\":511,\"height\":240,\"caption\":\"Ayuntamiento de Coria\"},\"image\":{\"@id\":\"https:\\\/\\\/coria.org\\\/ayuntamiento\\\/#\\\/schema\\\/logo\\\/image\\\/\"},\"sameAs\":[\"https:\\\/\\\/www.facebook.com\\\/Ayuntamiento.de.Coria\",\"https:\\\/\\\/x.com\\\/Ayto_de_Coria\",\"https:\\\/\\\/www.instagram.com\\\/coria.ayuntamiento\\\/\",\"https:\\\/\\\/www.youtube.com\\\/user\\\/AYUNTAMIENTOCORIA\"]},{\"@type\":\"Person\",\"@id\":\"https:\\\/\\\/coria.org\\\/ayuntamiento\\\/#\\\/schema\\\/person\\\/8bd589f0e13e8ae5aa06def7a599d622\",\"name\":\"ayuntamiento\",\"image\":{\"@type\":\"ImageObject\",\"inLanguage\":\"es\",\"@id\":\"https:\\\/\\\/secure.gravatar.com\\\/avatar\\\/966e5ed73cad334adda5c87f49f2547f7082f7292c1b627cbb548744383b391c?s=96&d=mm&r=g\",\"url\":\"https:\\\/\\\/secure.gravatar.com\\\/avatar\\\/966e5ed73cad334adda5c87f49f2547f7082f7292c1b627cbb548744383b391c?s=96&d=mm&r=g\",\"contentUrl\":\"https:\\\/\\\/secure.gravatar.com\\\/avatar\\\/966e5ed73cad334adda5c87f49f2547f7082f7292c1b627cbb548744383b391c?s=96&d=mm&r=g\",\"caption\":\"ayuntamiento\"}}]}<\/script>\n<!-- \/ Yoast SEO plugin. -->","yoast_head_json":{"title":"Expoparticipaci\u00f3n 2010 - Ayuntamiento de Coria","robots":{"index":"index","follow":"follow","max-snippet":"max-snippet:-1","max-image-preview":"max-image-preview:large","max-video-preview":"max-video-preview:-1"},"canonical":"https:\/\/coria.org\/ayuntamiento\/index.php\/2010\/08\/16\/expoparticipacion-2010\/","og_locale":"es_ES","og_type":"article","og_title":"Expoparticipaci\u00f3n 2010 - Ayuntamiento de Coria","og_description":"Se trata de una acci\u00f3n de dinamizaci\u00f3n ciudadana de Marca Extremadura que recorrer\u00e1 50 localidades EXPOPARTICIPACI\u00d3N que tendr\u00e1 lugar en Coria los d\u00edas 19 y 20 de Agosto, de 11 a 14 horas y de 17 a 22 horas en la Pza de la Solidaridad, Casa de Cultura. Expo Participaci\u00f3n 2010 arranca el domingo, 15 [&hellip;]","og_url":"https:\/\/coria.org\/ayuntamiento\/index.php\/2010\/08\/16\/expoparticipacion-2010\/","og_site_name":"Ayuntamiento de Coria","article_publisher":"https:\/\/www.facebook.com\/Ayuntamiento.de.Coria","article_published_time":"2010-08-15T22:00:00+00:00","article_modified_time":"2023-09-18T11:29:27+00:00","author":"ayuntamiento","twitter_card":"summary_large_image","twitter_creator":"@Ayto_de_Coria","twitter_site":"@Ayto_de_Coria","twitter_misc":{"Escrito por":"ayuntamiento","Tiempo de lectura":"1 minuto"},"schema":{"@context":"https:\/\/schema.org","@graph":[{"@type":"Article","@id":"https:\/\/coria.org\/ayuntamiento\/index.php\/2010\/08\/16\/expoparticipacion-2010\/#article","isPartOf":{"@id":"https:\/\/coria.org\/ayuntamiento\/index.php\/2010\/08\/16\/expoparticipacion-2010\/"},"author":{"name":"ayuntamiento","@id":"https:\/\/coria.org\/ayuntamiento\/#\/schema\/person\/8bd589f0e13e8ae5aa06def7a599d622"},"headline":"Expoparticipaci\u00f3n 2010","datePublished":"2010-08-15T22:00:00+00:00","dateModified":"2023-09-18T11:29:27+00:00","mainEntityOfPage":{"@id":"https:\/\/coria.org\/ayuntamiento\/index.php\/2010\/08\/16\/expoparticipacion-2010\/"},"wordCount":251,"publisher":{"@id":"https:\/\/coria.org\/ayuntamiento\/#organization"},"keywords":["expoparticipacion"],"articleSection":["Noticias"],"inLanguage":"es"},{"@type":"WebPage","@id":"https:\/\/coria.org\/ayuntamiento\/index.php\/2010\/08\/16\/expoparticipacion-2010\/","url":"https:\/\/coria.org\/ayuntamiento\/index.php\/2010\/08\/16\/expoparticipacion-2010\/","name":"Expoparticipaci\u00f3n 2010 - Ayuntamiento de Coria","isPartOf":{"@id":"https:\/\/coria.org\/ayuntamiento\/#website"},"datePublished":"2010-08-15T22:00:00+00:00","dateModified":"2023-09-18T11:29:27+00:00","breadcrumb":{"@id":"https:\/\/coria.org\/ayuntamiento\/index.php\/2010\/08\/16\/expoparticipacion-2010\/#breadcrumb"},"inLanguage":"es","potentialAction":[{"@type":"ReadAction","target":["https:\/\/coria.org\/ayuntamiento\/index.php\/2010\/08\/16\/expoparticipacion-2010\/"]}]},{"@type":"BreadcrumbList","@id":"https:\/\/coria.org\/ayuntamiento\/index.php\/2010\/08\/16\/expoparticipacion-2010\/#breadcrumb","itemListElement":[{"@type":"ListItem","position":1,"name":"Inicio","item":"https:\/\/coria.org\/ayuntamiento\/"},{"@type":"ListItem","position":2,"name":"Expoparticipaci\u00f3n 2010"}]},{"@type":"WebSite","@id":"https:\/\/coria.org\/ayuntamiento\/#website","url":"https:\/\/coria.org\/ayuntamiento\/","name":"Ayuntamiento de Coria","description":"Web oficial del Ayuntamiento de Coria","publisher":{"@id":"https:\/\/coria.org\/ayuntamiento\/#organization"},"alternateName":"Web Oficial del Ayuntamiento de Coria","potentialAction":[{"@type":"SearchAction","target":{"@type":"EntryPoint","urlTemplate":"https:\/\/coria.org\/ayuntamiento\/?s={search_term_string}"},"query-input":{"@type":"PropertyValueSpecification","valueRequired":true,"valueName":"search_term_string"}}],"inLanguage":"es"},{"@type":"Organization","@id":"https:\/\/coria.org\/ayuntamiento\/#organization","name":"Ayuntamiento de Coria","alternateName":"Ayto de Coria","url":"https:\/\/coria.org\/ayuntamiento\/","logo":{"@type":"ImageObject","inLanguage":"es","@id":"https:\/\/coria.org\/ayuntamiento\/#\/schema\/logo\/image\/","url":"https:\/\/coria.org\/ayuntamiento\/wp-content\/uploads\/2020\/12\/escudo-ayuntamiento-coria.png","contentUrl":"https:\/\/coria.org\/ayuntamiento\/wp-content\/uploads\/2020\/12\/escudo-ayuntamiento-coria.png","width":511,"height":240,"caption":"Ayuntamiento de Coria"},"image":{"@id":"https:\/\/coria.org\/ayuntamiento\/#\/schema\/logo\/image\/"},"sameAs":["https:\/\/www.facebook.com\/Ayuntamiento.de.Coria","https:\/\/x.com\/Ayto_de_Coria","https:\/\/www.instagram.com\/coria.ayuntamiento\/","https:\/\/www.youtube.com\/user\/AYUNTAMIENTOCORIA"]},{"@type":"Person","@id":"https:\/\/coria.org\/ayuntamiento\/#\/schema\/person\/8bd589f0e13e8ae5aa06def7a599d622","name":"ayuntamiento","image":{"@type":"ImageObject","inLanguage":"es","@id":"https:\/\/secure.gravatar.com\/avatar\/966e5ed73cad334adda5c87f49f2547f7082f7292c1b627cbb548744383b391c?s=96&d=mm&r=g","url":"https:\/\/secure.gravatar.com\/avatar\/966e5ed73cad334adda5c87f49f2547f7082f7292c1b627cbb548744383b391c?s=96&d=mm&r=g","contentUrl":"https:\/\/secure.gravatar.com\/avatar\/966e5ed73cad334adda5c87f49f2547f7082f7292c1b627cbb548744383b391c?s=96&d=mm&r=g","caption":"ayuntamiento"}}]}},"uagb_featured_image_src":{"full":false,"thumbnail":false,"medium":false,"medium_large":false,"large":false,"thumblist":false,"thumbrelated":false,"meccarouselthumb":false,"gridsquare":false,"tileview":false,"1536x1536":false,"2048x2048":false},"uagb_author_info":{"display_name":"ayuntamiento","author_link":"https:\/\/coria.org\/ayuntamiento\/index.php\/author\/ayuntamiento\/"},"uagb_comment_info":0,"uagb_excerpt":"Se trata de una acci\u00f3n de dinamizaci\u00f3n ciudadana de Marca Extremadura que recorrer\u00e1 50 localidades EXPOPARTICIPACI\u00d3N que tendr\u00e1 lugar en Coria los d\u00edas 19 y 20 de Agosto, de 11 a 14 horas y de 17 a 22 horas en la Pza de la Solidaridad, Casa de Cultura. Expo Participaci\u00f3n 2010 arranca el domingo, 15&hellip;","_links":{"self":[{"href":"https:\/\/coria.org\/ayuntamiento\/index.php\/wp-json\/wp\/v2\/posts\/26833","targetHints":{"allow":["GET"]}}],"collection":[{"href":"https:\/\/coria.org\/ayuntamiento\/index.php\/wp-json\/wp\/v2\/posts"}],"about":[{"href":"https:\/\/coria.org\/ayuntamiento\/index.php\/wp-json\/wp\/v2\/types\/post"}],"author":[{"embeddable":true,"href":"https:\/\/coria.org\/ayuntamiento\/index.php\/wp-json\/wp\/v2\/users\/2"}],"replies":[{"embeddable":true,"href":"https:\/\/coria.org\/ayuntamiento\/index.php\/wp-json\/wp\/v2\/comments?post=26833"}],"version-history":[{"count":0,"href":"https:\/\/coria.org\/ayuntamiento\/index.php\/wp-json\/wp\/v2\/posts\/26833\/revisions"}],"wp:attachment":[{"href":"https:\/\/coria.org\/ayuntamiento\/index.php\/wp-json\/wp\/v2\/media?parent=26833"}],"wp:term":[{"taxonomy":"category","embeddable":true,"href":"https:\/\/coria.org\/ayuntamiento\/index.php\/wp-json\/wp\/v2\/categories?post=26833"},{"taxonomy":"post_tag","embeddable":true,"href":"https:\/\/coria.org\/ayuntamiento\/index.php\/wp-json\/wp\/v2\/tags?post=26833"}],"curies":[{"name":"wp","href":"https:\/\/api.w.org\/{rel}","templated":true}]}}