{"id":26823,"date":"2010-10-18T00:00:00","date_gmt":"2010-10-17T22:00:00","guid":{"rendered":"https:\/\/ayuntamiento.coriaenimagenes.com\/programacion-de-actividades-para-el-dia-de-las-catedrales\/"},"modified":"2023-09-18T13:29:26","modified_gmt":"2023-09-18T11:29:26","slug":"programacion-de-actividades-para-el-dia-de-las-catedrales","status":"publish","type":"post","link":"https:\/\/coria.org\/ayuntamiento\/index.php\/2010\/10\/18\/programacion-de-actividades-para-el-dia-de-las-catedrales\/","title":{"rendered":"Programaci\u00f3n de Actividades para el D\u00eda de la Catedrales"},"content":{"rendered":"\n<p><b>El Ayuntamiento de Coria organiza diferentes actos con motivo del d\u00eda de las catedrales.<\/b><\/p>\n\n\n\n<p><b><\/b><b>S\u00e1bado, 23 de Octubre de 2010.<\/b><\/p>\n\n\n\n<p>De 10:30 h. a 11:30 h.: Celebraci\u00f3n por la Vida precedida por el Rvdmo. Sr. Obispo de la Di\u00f3cesis de Coria-C\u00e1ceres, D. Francisco Cerro Chaves, y posterior Peregrinaci\u00f3n al Santuario de Ntra. Sra. Virgen de Argeme.<\/p>\n\n\n\n<p>De 11:00 h. a 12:00 h.: Visita guiada gratuita por el Casco Hist\u00f3rico de Coria desde la Oficina Municipal de Turismo, para grupos mayores de 10 personas, con el objetivo de acercar el patrimonio hist\u00f3rico-art\u00edstico a los ciudadanos y visitantes de la ciudad.<\/p>\n\n\n\n<p>De 12:00 h. a 12:10 h.: Repique de Campanas desde la Torre-Campanario de la Santa Iglesia Catedral de Coria.<\/p>\n\n\n\n<p>De 12:00 h. a 14:00 h.: Visita de puertas abiertas del Museo Catedralicio, Archivo, Sala Capitular, Sala de los Relojes y Torre-Campanario de la Santa Iglesia Catedral de Coria, con visitas guiadas gratuitas para grupos mayores de 10 personas, con la finalidad de acercar el patrimonio catedralicio a los ciudadanos y visitantes de la ciudad.<\/p>\n\n\n\n<p>A las 17:30 h.: Celebraci\u00f3n del ACTO CONMEMORATIVO del D\u00cdA DE LAS CATEDRALES oficiado en la Sta. Iglesia Catedral de Santa Mar\u00eda de la Asunci\u00f3n de Coria con el siguiente programa de actuaciones:<\/p>\n\n\n\n<ul class=\"wp-block-list\">\n<li>Entrada de \u00d3rgano a cargo del Organista Oficial de la S. I. Catedral de Coria. <\/li>\n\n\n\n<li>Lectura de Manifiestos Conmemorativos del D\u00eda de las Catedrales bajo el lema: \u00abLa Sta. Iglesia Catedral de Santa Mar\u00eda de la Asunci\u00f3n de Coria: Arc\u00f3n de Fe y Cultura\u00bb: <br \/>\u0095 La Red de Ciudades Catedralicias. <br \/>\u0095 La Catedral de Coria como tesoro sacro de Santas Reliquias. <br \/>\u0095 La Catedral de Coria como Iglesia Madre de la Di\u00f3cesis. <br \/>\u0095 Presente y futuro del proceso de restauraci\u00f3n de la Sta. Iglesia Catedral. <br \/><\/li>\n\n\n\n<li>Actuaci\u00f3n de la Coral Cauriense. <\/li>\n\n\n\n<li>Clausura del Acto a cargo del Ilmo. Sr. Alcalde-Presidente del Ayuntamiento de Coria, D. Juan Valle Barbero, y del Excmo. y Rvdmo. Sr. Obispo de la Di\u00f3cesis de Coria-C\u00e1ceres, D. Francisco Cerro Chaves. <\/li>\n\n\n\n<li>Actuaci\u00f3n de viol\u00edn a cargo del alumnado de la Escuela Municipal de M\u00fasica. <\/li>\n\n\n\n<li>Entrega de placas y diplomas acreditativos. <\/li>\n\n\n\n<li>Actuaci\u00f3n final de la Coral Cauriense.<\/li>\n<\/ul>\n\n\n\n<p><\/p>\n\n\n\n<p><b>Domingo, 24 de Octubre de 2010. <\/b><\/p>\n\n\n\n<p>De 10:30 h. a 14:00 h.: Jornada de puertas abiertas del Museo Catedralicio y Torre-Campanario de la Santa Iglesia Catedral de Coria. <br \/>De 11:00 h. a 12:00 h.: Visita guiada gratuita por el Casco Hist\u00f3rico de Coria desde la Oficina Municipal de Turismo, para grupos mayores de 10 personas, con el objetivo de acercar el patrimonio hist\u00f3rico-art\u00edstico a los ciudadanos y visitantes de la ciudad.<\/p>\n\n\n\n<p><b>Del 23 al 31 de Octubre de 2010. <\/b><\/p>\n\n\n\n<p>Exposici\u00f3n del Concurso de Dibujos y Poemas sobre la Santa Iglesia Catedral de Santa Mar\u00eda de la Asunci\u00f3n de Coria, elaborados por los alumnos de los Centros Educativos de Coria, Puebla y Rinc\u00f3n, en el Trascoro de la Santa Iglesia Catedral.<\/p>\n","protected":false},"excerpt":{"rendered":"<p>El Ayuntamiento de Coria organiza diferentes actos con motivo del d\u00eda de las catedrales. S\u00e1bado, 23 de Octubre de 2010. De 10:30 h. a 11:30 h.: Celebraci\u00f3n por la Vida precedida por el Rvdmo. Sr. Obispo de la Di\u00f3cesis de Coria-C\u00e1ceres, D. Francisco Cerro Chaves, y posterior Peregrinaci\u00f3n al Santuario de Ntra. Sra. Virgen de [&hellip;]<\/p>\n","protected":false},"author":2,"featured_media":0,"comment_status":"closed","ping_status":"closed","sticky":false,"template":"","format":"standard","meta":{"_uag_custom_page_level_css":"","footnotes":""},"categories":[2],"tags":[274,421],"class_list":["post-26823","post","type-post","status-publish","format-standard","hentry","category-noticias","tag-catedrales","tag-dia"],"yoast_head":"<!-- This site is optimized with the Yoast SEO plugin v27.4 - https:\/\/yoast.com\/product\/yoast-seo-wordpress\/ -->\n<title>Programaci\u00f3n de Actividades para el D\u00eda de la Catedrales - Ayuntamiento de Coria<\/title>\n<meta name=\"robots\" content=\"index, follow, max-snippet:-1, max-image-preview:large, max-video-preview:-1\" \/>\n<link rel=\"canonical\" href=\"https:\/\/coria.org\/ayuntamiento\/index.php\/2010\/10\/18\/programacion-de-actividades-para-el-dia-de-las-catedrales\/\" \/>\n<meta property=\"og:locale\" content=\"es_ES\" \/>\n<meta property=\"og:type\" content=\"article\" \/>\n<meta property=\"og:title\" content=\"Programaci\u00f3n de Actividades para el D\u00eda de la Catedrales - Ayuntamiento de Coria\" \/>\n<meta property=\"og:description\" content=\"El Ayuntamiento de Coria organiza diferentes actos con motivo del d\u00eda de las catedrales. S\u00e1bado, 23 de Octubre de 2010. De 10:30 h. a 11:30 h.: Celebraci\u00f3n por la Vida precedida por el Rvdmo. Sr. Obispo de la Di\u00f3cesis de Coria-C\u00e1ceres, D. Francisco Cerro Chaves, y posterior Peregrinaci\u00f3n al Santuario de Ntra. Sra. Virgen de [&hellip;]\" \/>\n<meta property=\"og:url\" content=\"https:\/\/coria.org\/ayuntamiento\/index.php\/2010\/10\/18\/programacion-de-actividades-para-el-dia-de-las-catedrales\/\" \/>\n<meta property=\"og:site_name\" content=\"Ayuntamiento de Coria\" \/>\n<meta property=\"article:publisher\" content=\"https:\/\/www.facebook.com\/Ayuntamiento.de.Coria\" \/>\n<meta property=\"article:published_time\" content=\"2010-10-17T22:00:00+00:00\" \/>\n<meta property=\"article:modified_time\" content=\"2023-09-18T11:29:26+00:00\" \/>\n<meta name=\"author\" content=\"ayuntamiento\" \/>\n<meta name=\"twitter:card\" content=\"summary_large_image\" \/>\n<meta name=\"twitter:creator\" content=\"@Ayto_de_Coria\" \/>\n<meta name=\"twitter:site\" content=\"@Ayto_de_Coria\" \/>\n<meta name=\"twitter:label1\" content=\"Escrito por\" \/>\n\t<meta name=\"twitter:data1\" content=\"ayuntamiento\" \/>\n\t<meta name=\"twitter:label2\" content=\"Tiempo de lectura\" \/>\n\t<meta name=\"twitter:data2\" content=\"2 minutos\" \/>\n<script type=\"application\/ld+json\" class=\"yoast-schema-graph\">{\"@context\":\"https:\\\/\\\/schema.org\",\"@graph\":[{\"@type\":\"Article\",\"@id\":\"https:\\\/\\\/coria.org\\\/ayuntamiento\\\/index.php\\\/2010\\\/10\\\/18\\\/programacion-de-actividades-para-el-dia-de-las-catedrales\\\/#article\",\"isPartOf\":{\"@id\":\"https:\\\/\\\/coria.org\\\/ayuntamiento\\\/index.php\\\/2010\\\/10\\\/18\\\/programacion-de-actividades-para-el-dia-de-las-catedrales\\\/\"},\"author\":{\"name\":\"ayuntamiento\",\"@id\":\"https:\\\/\\\/coria.org\\\/ayuntamiento\\\/#\\\/schema\\\/person\\\/8bd589f0e13e8ae5aa06def7a599d622\"},\"headline\":\"Programaci\u00f3n de Actividades para el D\u00eda de la Catedrales\",\"datePublished\":\"2010-10-17T22:00:00+00:00\",\"dateModified\":\"2023-09-18T11:29:26+00:00\",\"mainEntityOfPage\":{\"@id\":\"https:\\\/\\\/coria.org\\\/ayuntamiento\\\/index.php\\\/2010\\\/10\\\/18\\\/programacion-de-actividades-para-el-dia-de-las-catedrales\\\/\"},\"wordCount\":491,\"publisher\":{\"@id\":\"https:\\\/\\\/coria.org\\\/ayuntamiento\\\/#organization\"},\"keywords\":[\"catedrales\",\"dia\"],\"articleSection\":[\"Noticias\"],\"inLanguage\":\"es\"},{\"@type\":\"WebPage\",\"@id\":\"https:\\\/\\\/coria.org\\\/ayuntamiento\\\/index.php\\\/2010\\\/10\\\/18\\\/programacion-de-actividades-para-el-dia-de-las-catedrales\\\/\",\"url\":\"https:\\\/\\\/coria.org\\\/ayuntamiento\\\/index.php\\\/2010\\\/10\\\/18\\\/programacion-de-actividades-para-el-dia-de-las-catedrales\\\/\",\"name\":\"Programaci\u00f3n de Actividades para el D\u00eda de la Catedrales - Ayuntamiento de Coria\",\"isPartOf\":{\"@id\":\"https:\\\/\\\/coria.org\\\/ayuntamiento\\\/#website\"},\"datePublished\":\"2010-10-17T22:00:00+00:00\",\"dateModified\":\"2023-09-18T11:29:26+00:00\",\"breadcrumb\":{\"@id\":\"https:\\\/\\\/coria.org\\\/ayuntamiento\\\/index.php\\\/2010\\\/10\\\/18\\\/programacion-de-actividades-para-el-dia-de-las-catedrales\\\/#breadcrumb\"},\"inLanguage\":\"es\",\"potentialAction\":[{\"@type\":\"ReadAction\",\"target\":[\"https:\\\/\\\/coria.org\\\/ayuntamiento\\\/index.php\\\/2010\\\/10\\\/18\\\/programacion-de-actividades-para-el-dia-de-las-catedrales\\\/\"]}]},{\"@type\":\"BreadcrumbList\",\"@id\":\"https:\\\/\\\/coria.org\\\/ayuntamiento\\\/index.php\\\/2010\\\/10\\\/18\\\/programacion-de-actividades-para-el-dia-de-las-catedrales\\\/#breadcrumb\",\"itemListElement\":[{\"@type\":\"ListItem\",\"position\":1,\"name\":\"Inicio\",\"item\":\"https:\\\/\\\/coria.org\\\/ayuntamiento\\\/\"},{\"@type\":\"ListItem\",\"position\":2,\"name\":\"Programaci\u00f3n de Actividades para el D\u00eda de la Catedrales\"}]},{\"@type\":\"WebSite\",\"@id\":\"https:\\\/\\\/coria.org\\\/ayuntamiento\\\/#website\",\"url\":\"https:\\\/\\\/coria.org\\\/ayuntamiento\\\/\",\"name\":\"Ayuntamiento de Coria\",\"description\":\"Web oficial del Ayuntamiento de Coria\",\"publisher\":{\"@id\":\"https:\\\/\\\/coria.org\\\/ayuntamiento\\\/#organization\"},\"alternateName\":\"Web Oficial del Ayuntamiento de Coria\",\"potentialAction\":[{\"@type\":\"SearchAction\",\"target\":{\"@type\":\"EntryPoint\",\"urlTemplate\":\"https:\\\/\\\/coria.org\\\/ayuntamiento\\\/?s={search_term_string}\"},\"query-input\":{\"@type\":\"PropertyValueSpecification\",\"valueRequired\":true,\"valueName\":\"search_term_string\"}}],\"inLanguage\":\"es\"},{\"@type\":\"Organization\",\"@id\":\"https:\\\/\\\/coria.org\\\/ayuntamiento\\\/#organization\",\"name\":\"Ayuntamiento de Coria\",\"alternateName\":\"Ayto de Coria\",\"url\":\"https:\\\/\\\/coria.org\\\/ayuntamiento\\\/\",\"logo\":{\"@type\":\"ImageObject\",\"inLanguage\":\"es\",\"@id\":\"https:\\\/\\\/coria.org\\\/ayuntamiento\\\/#\\\/schema\\\/logo\\\/image\\\/\",\"url\":\"https:\\\/\\\/coria.org\\\/ayuntamiento\\\/wp-content\\\/uploads\\\/2020\\\/12\\\/escudo-ayuntamiento-coria.png\",\"contentUrl\":\"https:\\\/\\\/coria.org\\\/ayuntamiento\\\/wp-content\\\/uploads\\\/2020\\\/12\\\/escudo-ayuntamiento-coria.png\",\"width\":511,\"height\":240,\"caption\":\"Ayuntamiento de Coria\"},\"image\":{\"@id\":\"https:\\\/\\\/coria.org\\\/ayuntamiento\\\/#\\\/schema\\\/logo\\\/image\\\/\"},\"sameAs\":[\"https:\\\/\\\/www.facebook.com\\\/Ayuntamiento.de.Coria\",\"https:\\\/\\\/x.com\\\/Ayto_de_Coria\",\"https:\\\/\\\/www.instagram.com\\\/coria.ayuntamiento\\\/\",\"https:\\\/\\\/www.youtube.com\\\/user\\\/AYUNTAMIENTOCORIA\"]},{\"@type\":\"Person\",\"@id\":\"https:\\\/\\\/coria.org\\\/ayuntamiento\\\/#\\\/schema\\\/person\\\/8bd589f0e13e8ae5aa06def7a599d622\",\"name\":\"ayuntamiento\",\"image\":{\"@type\":\"ImageObject\",\"inLanguage\":\"es\",\"@id\":\"https:\\\/\\\/secure.gravatar.com\\\/avatar\\\/966e5ed73cad334adda5c87f49f2547f7082f7292c1b627cbb548744383b391c?s=96&d=mm&r=g\",\"url\":\"https:\\\/\\\/secure.gravatar.com\\\/avatar\\\/966e5ed73cad334adda5c87f49f2547f7082f7292c1b627cbb548744383b391c?s=96&d=mm&r=g\",\"contentUrl\":\"https:\\\/\\\/secure.gravatar.com\\\/avatar\\\/966e5ed73cad334adda5c87f49f2547f7082f7292c1b627cbb548744383b391c?s=96&d=mm&r=g\",\"caption\":\"ayuntamiento\"}}]}<\/script>\n<!-- \/ Yoast SEO plugin. -->","yoast_head_json":{"title":"Programaci\u00f3n de Actividades para el D\u00eda de la Catedrales - Ayuntamiento de Coria","robots":{"index":"index","follow":"follow","max-snippet":"max-snippet:-1","max-image-preview":"max-image-preview:large","max-video-preview":"max-video-preview:-1"},"canonical":"https:\/\/coria.org\/ayuntamiento\/index.php\/2010\/10\/18\/programacion-de-actividades-para-el-dia-de-las-catedrales\/","og_locale":"es_ES","og_type":"article","og_title":"Programaci\u00f3n de Actividades para el D\u00eda de la Catedrales - Ayuntamiento de Coria","og_description":"El Ayuntamiento de Coria organiza diferentes actos con motivo del d\u00eda de las catedrales. S\u00e1bado, 23 de Octubre de 2010. De 10:30 h. a 11:30 h.: Celebraci\u00f3n por la Vida precedida por el Rvdmo. Sr. Obispo de la Di\u00f3cesis de Coria-C\u00e1ceres, D. Francisco Cerro Chaves, y posterior Peregrinaci\u00f3n al Santuario de Ntra. Sra. Virgen de [&hellip;]","og_url":"https:\/\/coria.org\/ayuntamiento\/index.php\/2010\/10\/18\/programacion-de-actividades-para-el-dia-de-las-catedrales\/","og_site_name":"Ayuntamiento de Coria","article_publisher":"https:\/\/www.facebook.com\/Ayuntamiento.de.Coria","article_published_time":"2010-10-17T22:00:00+00:00","article_modified_time":"2023-09-18T11:29:26+00:00","author":"ayuntamiento","twitter_card":"summary_large_image","twitter_creator":"@Ayto_de_Coria","twitter_site":"@Ayto_de_Coria","twitter_misc":{"Escrito por":"ayuntamiento","Tiempo de lectura":"2 minutos"},"schema":{"@context":"https:\/\/schema.org","@graph":[{"@type":"Article","@id":"https:\/\/coria.org\/ayuntamiento\/index.php\/2010\/10\/18\/programacion-de-actividades-para-el-dia-de-las-catedrales\/#article","isPartOf":{"@id":"https:\/\/coria.org\/ayuntamiento\/index.php\/2010\/10\/18\/programacion-de-actividades-para-el-dia-de-las-catedrales\/"},"author":{"name":"ayuntamiento","@id":"https:\/\/coria.org\/ayuntamiento\/#\/schema\/person\/8bd589f0e13e8ae5aa06def7a599d622"},"headline":"Programaci\u00f3n de Actividades para el D\u00eda de la Catedrales","datePublished":"2010-10-17T22:00:00+00:00","dateModified":"2023-09-18T11:29:26+00:00","mainEntityOfPage":{"@id":"https:\/\/coria.org\/ayuntamiento\/index.php\/2010\/10\/18\/programacion-de-actividades-para-el-dia-de-las-catedrales\/"},"wordCount":491,"publisher":{"@id":"https:\/\/coria.org\/ayuntamiento\/#organization"},"keywords":["catedrales","dia"],"articleSection":["Noticias"],"inLanguage":"es"},{"@type":"WebPage","@id":"https:\/\/coria.org\/ayuntamiento\/index.php\/2010\/10\/18\/programacion-de-actividades-para-el-dia-de-las-catedrales\/","url":"https:\/\/coria.org\/ayuntamiento\/index.php\/2010\/10\/18\/programacion-de-actividades-para-el-dia-de-las-catedrales\/","name":"Programaci\u00f3n de Actividades para el D\u00eda de la Catedrales - Ayuntamiento de Coria","isPartOf":{"@id":"https:\/\/coria.org\/ayuntamiento\/#website"},"datePublished":"2010-10-17T22:00:00+00:00","dateModified":"2023-09-18T11:29:26+00:00","breadcrumb":{"@id":"https:\/\/coria.org\/ayuntamiento\/index.php\/2010\/10\/18\/programacion-de-actividades-para-el-dia-de-las-catedrales\/#breadcrumb"},"inLanguage":"es","potentialAction":[{"@type":"ReadAction","target":["https:\/\/coria.org\/ayuntamiento\/index.php\/2010\/10\/18\/programacion-de-actividades-para-el-dia-de-las-catedrales\/"]}]},{"@type":"BreadcrumbList","@id":"https:\/\/coria.org\/ayuntamiento\/index.php\/2010\/10\/18\/programacion-de-actividades-para-el-dia-de-las-catedrales\/#breadcrumb","itemListElement":[{"@type":"ListItem","position":1,"name":"Inicio","item":"https:\/\/coria.org\/ayuntamiento\/"},{"@type":"ListItem","position":2,"name":"Programaci\u00f3n de Actividades para el D\u00eda de la Catedrales"}]},{"@type":"WebSite","@id":"https:\/\/coria.org\/ayuntamiento\/#website","url":"https:\/\/coria.org\/ayuntamiento\/","name":"Ayuntamiento de Coria","description":"Web oficial del Ayuntamiento de Coria","publisher":{"@id":"https:\/\/coria.org\/ayuntamiento\/#organization"},"alternateName":"Web Oficial del Ayuntamiento de Coria","potentialAction":[{"@type":"SearchAction","target":{"@type":"EntryPoint","urlTemplate":"https:\/\/coria.org\/ayuntamiento\/?s={search_term_string}"},"query-input":{"@type":"PropertyValueSpecification","valueRequired":true,"valueName":"search_term_string"}}],"inLanguage":"es"},{"@type":"Organization","@id":"https:\/\/coria.org\/ayuntamiento\/#organization","name":"Ayuntamiento de Coria","alternateName":"Ayto de Coria","url":"https:\/\/coria.org\/ayuntamiento\/","logo":{"@type":"ImageObject","inLanguage":"es","@id":"https:\/\/coria.org\/ayuntamiento\/#\/schema\/logo\/image\/","url":"https:\/\/coria.org\/ayuntamiento\/wp-content\/uploads\/2020\/12\/escudo-ayuntamiento-coria.png","contentUrl":"https:\/\/coria.org\/ayuntamiento\/wp-content\/uploads\/2020\/12\/escudo-ayuntamiento-coria.png","width":511,"height":240,"caption":"Ayuntamiento de Coria"},"image":{"@id":"https:\/\/coria.org\/ayuntamiento\/#\/schema\/logo\/image\/"},"sameAs":["https:\/\/www.facebook.com\/Ayuntamiento.de.Coria","https:\/\/x.com\/Ayto_de_Coria","https:\/\/www.instagram.com\/coria.ayuntamiento\/","https:\/\/www.youtube.com\/user\/AYUNTAMIENTOCORIA"]},{"@type":"Person","@id":"https:\/\/coria.org\/ayuntamiento\/#\/schema\/person\/8bd589f0e13e8ae5aa06def7a599d622","name":"ayuntamiento","image":{"@type":"ImageObject","inLanguage":"es","@id":"https:\/\/secure.gravatar.com\/avatar\/966e5ed73cad334adda5c87f49f2547f7082f7292c1b627cbb548744383b391c?s=96&d=mm&r=g","url":"https:\/\/secure.gravatar.com\/avatar\/966e5ed73cad334adda5c87f49f2547f7082f7292c1b627cbb548744383b391c?s=96&d=mm&r=g","contentUrl":"https:\/\/secure.gravatar.com\/avatar\/966e5ed73cad334adda5c87f49f2547f7082f7292c1b627cbb548744383b391c?s=96&d=mm&r=g","caption":"ayuntamiento"}}]}},"uagb_featured_image_src":{"full":false,"thumbnail":false,"medium":false,"medium_large":false,"large":false,"thumblist":false,"thumbrelated":false,"meccarouselthumb":false,"gridsquare":false,"tileview":false,"1536x1536":false,"2048x2048":false},"uagb_author_info":{"display_name":"ayuntamiento","author_link":"https:\/\/coria.org\/ayuntamiento\/index.php\/author\/ayuntamiento\/"},"uagb_comment_info":0,"uagb_excerpt":"El Ayuntamiento de Coria organiza diferentes actos con motivo del d\u00eda de las catedrales. S\u00e1bado, 23 de Octubre de 2010. De 10:30 h. a 11:30 h.: Celebraci\u00f3n por la Vida precedida por el Rvdmo. Sr. Obispo de la Di\u00f3cesis de Coria-C\u00e1ceres, D. Francisco Cerro Chaves, y posterior Peregrinaci\u00f3n al Santuario de Ntra. Sra. Virgen de&hellip;","_links":{"self":[{"href":"https:\/\/coria.org\/ayuntamiento\/index.php\/wp-json\/wp\/v2\/posts\/26823","targetHints":{"allow":["GET"]}}],"collection":[{"href":"https:\/\/coria.org\/ayuntamiento\/index.php\/wp-json\/wp\/v2\/posts"}],"about":[{"href":"https:\/\/coria.org\/ayuntamiento\/index.php\/wp-json\/wp\/v2\/types\/post"}],"author":[{"embeddable":true,"href":"https:\/\/coria.org\/ayuntamiento\/index.php\/wp-json\/wp\/v2\/users\/2"}],"replies":[{"embeddable":true,"href":"https:\/\/coria.org\/ayuntamiento\/index.php\/wp-json\/wp\/v2\/comments?post=26823"}],"version-history":[{"count":0,"href":"https:\/\/coria.org\/ayuntamiento\/index.php\/wp-json\/wp\/v2\/posts\/26823\/revisions"}],"wp:attachment":[{"href":"https:\/\/coria.org\/ayuntamiento\/index.php\/wp-json\/wp\/v2\/media?parent=26823"}],"wp:term":[{"taxonomy":"category","embeddable":true,"href":"https:\/\/coria.org\/ayuntamiento\/index.php\/wp-json\/wp\/v2\/categories?post=26823"},{"taxonomy":"post_tag","embeddable":true,"href":"https:\/\/coria.org\/ayuntamiento\/index.php\/wp-json\/wp\/v2\/tags?post=26823"}],"curies":[{"name":"wp","href":"https:\/\/api.w.org\/{rel}","templated":true}]}}