{"id":26822,"date":"2010-10-18T00:00:00","date_gmt":"2010-10-17T22:00:00","guid":{"rendered":"https:\/\/ayuntamiento.coriaenimagenes.com\/tengo-una-pregunta-para-europa-en-coria\/"},"modified":"2023-09-18T13:29:26","modified_gmt":"2023-09-18T11:29:26","slug":"tengo-una-pregunta-para-europa-en-coria","status":"publish","type":"post","link":"https:\/\/coria.org\/ayuntamiento\/index.php\/2010\/10\/18\/tengo-una-pregunta-para-europa-en-coria\/","title":{"rendered":"\u00abTengo una pregunta para Europa\u00bb en Coria"},"content":{"rendered":"\n<p><b>La Universidad Popular de Coria informa que esta actividad tendr\u00e1 lugar en el Espacio de Creaci\u00f3n Joven de Coria el pr\u00f3ximo jueves 21 de octubre a las 18h00, con una duraci\u00f3n aproximada de 2 horas.<\/b><\/p>\n\n\n\n<p><b><\/b>A modo del conocido programa de televisi\u00f3n \u00abTengo una pregunta para Ud.\u00bb, pretendemos celebrar en diferentes puntos de la regi\u00f3n una serie de debates de la sociedad civil extreme\u00f1a con personalidades vinculadas a la Uni\u00f3n Europea, para abordar diversas materias de inter\u00e9s relacionadas con las pol\u00edticas de las instituciones de la Uni\u00f3n Europea y de la Presidencia Espa\u00f1ola de la UE de 2010.<\/p>\n\n\n\n<p>Los j\u00f3venes participantes en las sesiones centrar\u00e1n sus preguntas a las personas invitadas.<\/p>\n\n\n\n<p><b>EL FORO LA HORA DE LOS J\u00d3VENES EN EUROPA<\/b><\/p>\n\n\n\n<p>El Foro \u00abLa Hora de los J\u00f3venes en Europa\u00bb existe desde hace 5 a\u00f1os en Extremadura y en total ya han participado m\u00e1s de 20.000 j\u00f3venes en sus actividades.<\/p>\n\n\n\n<p>Es un programa de la Fundaci\u00f3n Ciudadan\u00eda, del Instituto de la Juventud de la Consejer\u00eda de los J\u00f3venes y del Deporte de la Junta de Extremadura y REINE (Red Extreme\u00f1a de Informaci\u00f3n Europea).<\/p>\n\n\n\n<p>Para su desarrollo exitoso, la implicaci\u00f3n de los municipios y sobre todo, de las Universidades Populares y de los espacios para la creaci\u00f3n libre en el proyecto, es imprescindible, pues son entidades que est\u00e1n en contacto continuo con los j\u00f3venes de su entorno.<\/p>\n\n\n\n<p>Cada a\u00f1o, ajustamos el planteamiento del Foro de manera que sea el m\u00e1s adecuado para sus participantes y que encaje perfectamente con los temas que son centro de atenci\u00f3n.<br \/>Este a\u00f1o trataremos la Presidencia Espa\u00f1ola en la Uni\u00f3n Europea 2010 y el A\u00f1o Europeo contra la pobreza y la exclusi\u00f3n social.<\/p>\n\n\n\n<p>El objetivo principal del FORO es ofrecer a la ciudadan\u00eda, sus organizaciones y redes, la oportunidad de interactuar y participar en la construcci\u00f3n de una Europa m\u00e1s cercana, unida y enriquecida por su diversidad cultural, dando voz a todas las organizaciones juveniles para que puedan participar como ciudadanos activos junto con otros colectivos.<\/p>\n\n\n\n<p><b>Los temas principales en el a\u00f1o 2010: <\/b><\/p>\n\n\n\n<p>&#8211; La Presidencia Espa\u00f1ola de la Uni\u00f3n Europea. <br \/>&#8211; Retos para salir de la crisis econ\u00f3mica. <br \/>&#8211; La igualdad de g\u00e9nero. <br \/>&#8211; La innovaci\u00f3n. <br \/>&#8211; 2010 A\u00f1o Europeo contra la pobreza y la exclusi\u00f3n social. <br \/>&#8211; El esp\u00edritu europe\u00edsta: nuestros valores en com\u00fan. <br \/>&#8211; La seguridad energ\u00e9tica y la lucha contra el cambio clim\u00e1tico. <\/p>\n","protected":false},"excerpt":{"rendered":"<p>La Universidad Popular de Coria informa que esta actividad tendr\u00e1 lugar en el Espacio de Creaci\u00f3n Joven de Coria el pr\u00f3ximo jueves 21 de octubre a las 18h00, con una duraci\u00f3n aproximada de 2 horas. A modo del conocido programa de televisi\u00f3n \u00abTengo una pregunta para Ud.\u00bb, pretendemos celebrar en diferentes puntos de la regi\u00f3n [&hellip;]<\/p>\n","protected":false},"author":2,"featured_media":0,"comment_status":"closed","ping_status":"closed","sticky":false,"template":"","format":"standard","meta":{"_uag_custom_page_level_css":"","footnotes":""},"categories":[2],"tags":[531,995],"class_list":["post-26822","post","type-post","status-publish","format-standard","hentry","category-noticias","tag-europa","tag-pregunta"],"yoast_head":"<!-- This site is optimized with the Yoast SEO plugin v27.4 - https:\/\/yoast.com\/product\/yoast-seo-wordpress\/ -->\n<title>&quot;Tengo una pregunta para Europa&quot; en Coria - Ayuntamiento de Coria<\/title>\n<meta name=\"robots\" content=\"index, follow, max-snippet:-1, max-image-preview:large, max-video-preview:-1\" \/>\n<link rel=\"canonical\" href=\"https:\/\/coria.org\/ayuntamiento\/index.php\/2010\/10\/18\/tengo-una-pregunta-para-europa-en-coria\/\" \/>\n<meta property=\"og:locale\" content=\"es_ES\" \/>\n<meta property=\"og:type\" content=\"article\" \/>\n<meta property=\"og:title\" content=\"&quot;Tengo una pregunta para Europa&quot; en Coria - Ayuntamiento de Coria\" \/>\n<meta property=\"og:description\" content=\"La Universidad Popular de Coria informa que esta actividad tendr\u00e1 lugar en el Espacio de Creaci\u00f3n Joven de Coria el pr\u00f3ximo jueves 21 de octubre a las 18h00, con una duraci\u00f3n aproximada de 2 horas. A modo del conocido programa de televisi\u00f3n \u00abTengo una pregunta para Ud.\u00bb, pretendemos celebrar en diferentes puntos de la regi\u00f3n [&hellip;]\" \/>\n<meta property=\"og:url\" content=\"https:\/\/coria.org\/ayuntamiento\/index.php\/2010\/10\/18\/tengo-una-pregunta-para-europa-en-coria\/\" \/>\n<meta property=\"og:site_name\" content=\"Ayuntamiento de Coria\" \/>\n<meta property=\"article:publisher\" content=\"https:\/\/www.facebook.com\/Ayuntamiento.de.Coria\" \/>\n<meta property=\"article:published_time\" content=\"2010-10-17T22:00:00+00:00\" \/>\n<meta property=\"article:modified_time\" content=\"2023-09-18T11:29:26+00:00\" \/>\n<meta name=\"author\" content=\"ayuntamiento\" \/>\n<meta name=\"twitter:card\" content=\"summary_large_image\" \/>\n<meta name=\"twitter:creator\" content=\"@Ayto_de_Coria\" \/>\n<meta name=\"twitter:site\" content=\"@Ayto_de_Coria\" \/>\n<meta name=\"twitter:label1\" content=\"Escrito por\" \/>\n\t<meta name=\"twitter:data1\" content=\"ayuntamiento\" \/>\n\t<meta name=\"twitter:label2\" content=\"Tiempo de lectura\" \/>\n\t<meta name=\"twitter:data2\" content=\"2 minutos\" \/>\n<script type=\"application\/ld+json\" class=\"yoast-schema-graph\">{\"@context\":\"https:\\\/\\\/schema.org\",\"@graph\":[{\"@type\":\"Article\",\"@id\":\"https:\\\/\\\/coria.org\\\/ayuntamiento\\\/index.php\\\/2010\\\/10\\\/18\\\/tengo-una-pregunta-para-europa-en-coria\\\/#article\",\"isPartOf\":{\"@id\":\"https:\\\/\\\/coria.org\\\/ayuntamiento\\\/index.php\\\/2010\\\/10\\\/18\\\/tengo-una-pregunta-para-europa-en-coria\\\/\"},\"author\":{\"name\":\"ayuntamiento\",\"@id\":\"https:\\\/\\\/coria.org\\\/ayuntamiento\\\/#\\\/schema\\\/person\\\/8bd589f0e13e8ae5aa06def7a599d622\"},\"headline\":\"\u00abTengo una pregunta para Europa\u00bb en Coria\",\"datePublished\":\"2010-10-17T22:00:00+00:00\",\"dateModified\":\"2023-09-18T11:29:26+00:00\",\"mainEntityOfPage\":{\"@id\":\"https:\\\/\\\/coria.org\\\/ayuntamiento\\\/index.php\\\/2010\\\/10\\\/18\\\/tengo-una-pregunta-para-europa-en-coria\\\/\"},\"wordCount\":441,\"publisher\":{\"@id\":\"https:\\\/\\\/coria.org\\\/ayuntamiento\\\/#organization\"},\"keywords\":[\"europa\",\"pregunta\"],\"articleSection\":[\"Noticias\"],\"inLanguage\":\"es\"},{\"@type\":\"WebPage\",\"@id\":\"https:\\\/\\\/coria.org\\\/ayuntamiento\\\/index.php\\\/2010\\\/10\\\/18\\\/tengo-una-pregunta-para-europa-en-coria\\\/\",\"url\":\"https:\\\/\\\/coria.org\\\/ayuntamiento\\\/index.php\\\/2010\\\/10\\\/18\\\/tengo-una-pregunta-para-europa-en-coria\\\/\",\"name\":\"\\\"Tengo una pregunta para Europa\\\" en Coria - Ayuntamiento de Coria\",\"isPartOf\":{\"@id\":\"https:\\\/\\\/coria.org\\\/ayuntamiento\\\/#website\"},\"datePublished\":\"2010-10-17T22:00:00+00:00\",\"dateModified\":\"2023-09-18T11:29:26+00:00\",\"breadcrumb\":{\"@id\":\"https:\\\/\\\/coria.org\\\/ayuntamiento\\\/index.php\\\/2010\\\/10\\\/18\\\/tengo-una-pregunta-para-europa-en-coria\\\/#breadcrumb\"},\"inLanguage\":\"es\",\"potentialAction\":[{\"@type\":\"ReadAction\",\"target\":[\"https:\\\/\\\/coria.org\\\/ayuntamiento\\\/index.php\\\/2010\\\/10\\\/18\\\/tengo-una-pregunta-para-europa-en-coria\\\/\"]}]},{\"@type\":\"BreadcrumbList\",\"@id\":\"https:\\\/\\\/coria.org\\\/ayuntamiento\\\/index.php\\\/2010\\\/10\\\/18\\\/tengo-una-pregunta-para-europa-en-coria\\\/#breadcrumb\",\"itemListElement\":[{\"@type\":\"ListItem\",\"position\":1,\"name\":\"Inicio\",\"item\":\"https:\\\/\\\/coria.org\\\/ayuntamiento\\\/\"},{\"@type\":\"ListItem\",\"position\":2,\"name\":\"\u00abTengo una pregunta para Europa\u00bb en Coria\"}]},{\"@type\":\"WebSite\",\"@id\":\"https:\\\/\\\/coria.org\\\/ayuntamiento\\\/#website\",\"url\":\"https:\\\/\\\/coria.org\\\/ayuntamiento\\\/\",\"name\":\"Ayuntamiento de Coria\",\"description\":\"Web oficial del Ayuntamiento de Coria\",\"publisher\":{\"@id\":\"https:\\\/\\\/coria.org\\\/ayuntamiento\\\/#organization\"},\"alternateName\":\"Web Oficial del Ayuntamiento de Coria\",\"potentialAction\":[{\"@type\":\"SearchAction\",\"target\":{\"@type\":\"EntryPoint\",\"urlTemplate\":\"https:\\\/\\\/coria.org\\\/ayuntamiento\\\/?s={search_term_string}\"},\"query-input\":{\"@type\":\"PropertyValueSpecification\",\"valueRequired\":true,\"valueName\":\"search_term_string\"}}],\"inLanguage\":\"es\"},{\"@type\":\"Organization\",\"@id\":\"https:\\\/\\\/coria.org\\\/ayuntamiento\\\/#organization\",\"name\":\"Ayuntamiento de Coria\",\"alternateName\":\"Ayto de Coria\",\"url\":\"https:\\\/\\\/coria.org\\\/ayuntamiento\\\/\",\"logo\":{\"@type\":\"ImageObject\",\"inLanguage\":\"es\",\"@id\":\"https:\\\/\\\/coria.org\\\/ayuntamiento\\\/#\\\/schema\\\/logo\\\/image\\\/\",\"url\":\"https:\\\/\\\/coria.org\\\/ayuntamiento\\\/wp-content\\\/uploads\\\/2020\\\/12\\\/escudo-ayuntamiento-coria.png\",\"contentUrl\":\"https:\\\/\\\/coria.org\\\/ayuntamiento\\\/wp-content\\\/uploads\\\/2020\\\/12\\\/escudo-ayuntamiento-coria.png\",\"width\":511,\"height\":240,\"caption\":\"Ayuntamiento de Coria\"},\"image\":{\"@id\":\"https:\\\/\\\/coria.org\\\/ayuntamiento\\\/#\\\/schema\\\/logo\\\/image\\\/\"},\"sameAs\":[\"https:\\\/\\\/www.facebook.com\\\/Ayuntamiento.de.Coria\",\"https:\\\/\\\/x.com\\\/Ayto_de_Coria\",\"https:\\\/\\\/www.instagram.com\\\/coria.ayuntamiento\\\/\",\"https:\\\/\\\/www.youtube.com\\\/user\\\/AYUNTAMIENTOCORIA\"]},{\"@type\":\"Person\",\"@id\":\"https:\\\/\\\/coria.org\\\/ayuntamiento\\\/#\\\/schema\\\/person\\\/8bd589f0e13e8ae5aa06def7a599d622\",\"name\":\"ayuntamiento\",\"image\":{\"@type\":\"ImageObject\",\"inLanguage\":\"es\",\"@id\":\"https:\\\/\\\/secure.gravatar.com\\\/avatar\\\/966e5ed73cad334adda5c87f49f2547f7082f7292c1b627cbb548744383b391c?s=96&d=mm&r=g\",\"url\":\"https:\\\/\\\/secure.gravatar.com\\\/avatar\\\/966e5ed73cad334adda5c87f49f2547f7082f7292c1b627cbb548744383b391c?s=96&d=mm&r=g\",\"contentUrl\":\"https:\\\/\\\/secure.gravatar.com\\\/avatar\\\/966e5ed73cad334adda5c87f49f2547f7082f7292c1b627cbb548744383b391c?s=96&d=mm&r=g\",\"caption\":\"ayuntamiento\"}}]}<\/script>\n<!-- \/ Yoast SEO plugin. -->","yoast_head_json":{"title":"\"Tengo una pregunta para Europa\" en Coria - Ayuntamiento de Coria","robots":{"index":"index","follow":"follow","max-snippet":"max-snippet:-1","max-image-preview":"max-image-preview:large","max-video-preview":"max-video-preview:-1"},"canonical":"https:\/\/coria.org\/ayuntamiento\/index.php\/2010\/10\/18\/tengo-una-pregunta-para-europa-en-coria\/","og_locale":"es_ES","og_type":"article","og_title":"\"Tengo una pregunta para Europa\" en Coria - Ayuntamiento de Coria","og_description":"La Universidad Popular de Coria informa que esta actividad tendr\u00e1 lugar en el Espacio de Creaci\u00f3n Joven de Coria el pr\u00f3ximo jueves 21 de octubre a las 18h00, con una duraci\u00f3n aproximada de 2 horas. A modo del conocido programa de televisi\u00f3n \u00abTengo una pregunta para Ud.\u00bb, pretendemos celebrar en diferentes puntos de la regi\u00f3n [&hellip;]","og_url":"https:\/\/coria.org\/ayuntamiento\/index.php\/2010\/10\/18\/tengo-una-pregunta-para-europa-en-coria\/","og_site_name":"Ayuntamiento de Coria","article_publisher":"https:\/\/www.facebook.com\/Ayuntamiento.de.Coria","article_published_time":"2010-10-17T22:00:00+00:00","article_modified_time":"2023-09-18T11:29:26+00:00","author":"ayuntamiento","twitter_card":"summary_large_image","twitter_creator":"@Ayto_de_Coria","twitter_site":"@Ayto_de_Coria","twitter_misc":{"Escrito por":"ayuntamiento","Tiempo de lectura":"2 minutos"},"schema":{"@context":"https:\/\/schema.org","@graph":[{"@type":"Article","@id":"https:\/\/coria.org\/ayuntamiento\/index.php\/2010\/10\/18\/tengo-una-pregunta-para-europa-en-coria\/#article","isPartOf":{"@id":"https:\/\/coria.org\/ayuntamiento\/index.php\/2010\/10\/18\/tengo-una-pregunta-para-europa-en-coria\/"},"author":{"name":"ayuntamiento","@id":"https:\/\/coria.org\/ayuntamiento\/#\/schema\/person\/8bd589f0e13e8ae5aa06def7a599d622"},"headline":"\u00abTengo una pregunta para Europa\u00bb en Coria","datePublished":"2010-10-17T22:00:00+00:00","dateModified":"2023-09-18T11:29:26+00:00","mainEntityOfPage":{"@id":"https:\/\/coria.org\/ayuntamiento\/index.php\/2010\/10\/18\/tengo-una-pregunta-para-europa-en-coria\/"},"wordCount":441,"publisher":{"@id":"https:\/\/coria.org\/ayuntamiento\/#organization"},"keywords":["europa","pregunta"],"articleSection":["Noticias"],"inLanguage":"es"},{"@type":"WebPage","@id":"https:\/\/coria.org\/ayuntamiento\/index.php\/2010\/10\/18\/tengo-una-pregunta-para-europa-en-coria\/","url":"https:\/\/coria.org\/ayuntamiento\/index.php\/2010\/10\/18\/tengo-una-pregunta-para-europa-en-coria\/","name":"\"Tengo una pregunta para Europa\" en Coria - Ayuntamiento de Coria","isPartOf":{"@id":"https:\/\/coria.org\/ayuntamiento\/#website"},"datePublished":"2010-10-17T22:00:00+00:00","dateModified":"2023-09-18T11:29:26+00:00","breadcrumb":{"@id":"https:\/\/coria.org\/ayuntamiento\/index.php\/2010\/10\/18\/tengo-una-pregunta-para-europa-en-coria\/#breadcrumb"},"inLanguage":"es","potentialAction":[{"@type":"ReadAction","target":["https:\/\/coria.org\/ayuntamiento\/index.php\/2010\/10\/18\/tengo-una-pregunta-para-europa-en-coria\/"]}]},{"@type":"BreadcrumbList","@id":"https:\/\/coria.org\/ayuntamiento\/index.php\/2010\/10\/18\/tengo-una-pregunta-para-europa-en-coria\/#breadcrumb","itemListElement":[{"@type":"ListItem","position":1,"name":"Inicio","item":"https:\/\/coria.org\/ayuntamiento\/"},{"@type":"ListItem","position":2,"name":"\u00abTengo una pregunta para Europa\u00bb en Coria"}]},{"@type":"WebSite","@id":"https:\/\/coria.org\/ayuntamiento\/#website","url":"https:\/\/coria.org\/ayuntamiento\/","name":"Ayuntamiento de Coria","description":"Web oficial del Ayuntamiento de Coria","publisher":{"@id":"https:\/\/coria.org\/ayuntamiento\/#organization"},"alternateName":"Web Oficial del Ayuntamiento de Coria","potentialAction":[{"@type":"SearchAction","target":{"@type":"EntryPoint","urlTemplate":"https:\/\/coria.org\/ayuntamiento\/?s={search_term_string}"},"query-input":{"@type":"PropertyValueSpecification","valueRequired":true,"valueName":"search_term_string"}}],"inLanguage":"es"},{"@type":"Organization","@id":"https:\/\/coria.org\/ayuntamiento\/#organization","name":"Ayuntamiento de Coria","alternateName":"Ayto de Coria","url":"https:\/\/coria.org\/ayuntamiento\/","logo":{"@type":"ImageObject","inLanguage":"es","@id":"https:\/\/coria.org\/ayuntamiento\/#\/schema\/logo\/image\/","url":"https:\/\/coria.org\/ayuntamiento\/wp-content\/uploads\/2020\/12\/escudo-ayuntamiento-coria.png","contentUrl":"https:\/\/coria.org\/ayuntamiento\/wp-content\/uploads\/2020\/12\/escudo-ayuntamiento-coria.png","width":511,"height":240,"caption":"Ayuntamiento de Coria"},"image":{"@id":"https:\/\/coria.org\/ayuntamiento\/#\/schema\/logo\/image\/"},"sameAs":["https:\/\/www.facebook.com\/Ayuntamiento.de.Coria","https:\/\/x.com\/Ayto_de_Coria","https:\/\/www.instagram.com\/coria.ayuntamiento\/","https:\/\/www.youtube.com\/user\/AYUNTAMIENTOCORIA"]},{"@type":"Person","@id":"https:\/\/coria.org\/ayuntamiento\/#\/schema\/person\/8bd589f0e13e8ae5aa06def7a599d622","name":"ayuntamiento","image":{"@type":"ImageObject","inLanguage":"es","@id":"https:\/\/secure.gravatar.com\/avatar\/966e5ed73cad334adda5c87f49f2547f7082f7292c1b627cbb548744383b391c?s=96&d=mm&r=g","url":"https:\/\/secure.gravatar.com\/avatar\/966e5ed73cad334adda5c87f49f2547f7082f7292c1b627cbb548744383b391c?s=96&d=mm&r=g","contentUrl":"https:\/\/secure.gravatar.com\/avatar\/966e5ed73cad334adda5c87f49f2547f7082f7292c1b627cbb548744383b391c?s=96&d=mm&r=g","caption":"ayuntamiento"}}]}},"uagb_featured_image_src":{"full":false,"thumbnail":false,"medium":false,"medium_large":false,"large":false,"thumblist":false,"thumbrelated":false,"meccarouselthumb":false,"gridsquare":false,"tileview":false,"1536x1536":false,"2048x2048":false},"uagb_author_info":{"display_name":"ayuntamiento","author_link":"https:\/\/coria.org\/ayuntamiento\/index.php\/author\/ayuntamiento\/"},"uagb_comment_info":0,"uagb_excerpt":"La Universidad Popular de Coria informa que esta actividad tendr\u00e1 lugar en el Espacio de Creaci\u00f3n Joven de Coria el pr\u00f3ximo jueves 21 de octubre a las 18h00, con una duraci\u00f3n aproximada de 2 horas. A modo del conocido programa de televisi\u00f3n \u00abTengo una pregunta para Ud.\u00bb, pretendemos celebrar en diferentes puntos de la regi\u00f3n&hellip;","_links":{"self":[{"href":"https:\/\/coria.org\/ayuntamiento\/index.php\/wp-json\/wp\/v2\/posts\/26822","targetHints":{"allow":["GET"]}}],"collection":[{"href":"https:\/\/coria.org\/ayuntamiento\/index.php\/wp-json\/wp\/v2\/posts"}],"about":[{"href":"https:\/\/coria.org\/ayuntamiento\/index.php\/wp-json\/wp\/v2\/types\/post"}],"author":[{"embeddable":true,"href":"https:\/\/coria.org\/ayuntamiento\/index.php\/wp-json\/wp\/v2\/users\/2"}],"replies":[{"embeddable":true,"href":"https:\/\/coria.org\/ayuntamiento\/index.php\/wp-json\/wp\/v2\/comments?post=26822"}],"version-history":[{"count":0,"href":"https:\/\/coria.org\/ayuntamiento\/index.php\/wp-json\/wp\/v2\/posts\/26822\/revisions"}],"wp:attachment":[{"href":"https:\/\/coria.org\/ayuntamiento\/index.php\/wp-json\/wp\/v2\/media?parent=26822"}],"wp:term":[{"taxonomy":"category","embeddable":true,"href":"https:\/\/coria.org\/ayuntamiento\/index.php\/wp-json\/wp\/v2\/categories?post=26822"},{"taxonomy":"post_tag","embeddable":true,"href":"https:\/\/coria.org\/ayuntamiento\/index.php\/wp-json\/wp\/v2\/tags?post=26822"}],"curies":[{"name":"wp","href":"https:\/\/api.w.org\/{rel}","templated":true}]}}