{"id":26728,"date":"2011-07-06T00:00:00","date_gmt":"2011-07-05T22:00:00","guid":{"rendered":"https:\/\/ayuntamiento.coriaenimagenes.com\/reunion-con-la-asociacion-de-familias-numerosas-afanortex\/"},"modified":"2023-11-16T11:25:08","modified_gmt":"2023-11-16T10:25:08","slug":"reunion-con-la-asociacion-de-familias-numerosas-afanortex","status":"publish","type":"post","link":"https:\/\/coria.org\/ayuntamiento\/index.php\/2011\/07\/06\/reunion-con-la-asociacion-de-familias-numerosas-afanortex\/","title":{"rendered":"Reuni\u00f3n con la Asociaci\u00f3n de Familias Numerosas AFANORTEX"},"content":{"rendered":"\n<p><b>El Sr. Alcalde de Coria D. Jos\u00e9 Manuel Garc\u00eda Ballestero mantuvo ayer una reuni\u00f3n con la Presidenta de la Asociaci\u00f3n de Familias Numerosas AFANORTEX. Entre otras cuestiones, se presentaron propuestas para municipios familiares, con sugerencias concretas para nuestra localidad, resumen de las ayudas actuales, etc.<\/b><\/p>\n\n\n\n<p><span style=\"font-family: verdana,arial,helvetica,sans-serif; font-size: small;\">AFANORTEX tambi\u00e9n solicit\u00f3 colaboraci\u00f3n para implantar el Plan + Familia en Coria, desarrollado por la Federaci\u00f3n Espa\u00f1ola de Familias Numerosas que est\u00e1n instaurando en Extremadura y que aporta grandes beneficios para las familias, para el comercio local lo que es muy importante en esta \u00e9poca de ca\u00edda de consumo para la imagen de los ayuntamientos que los apoyan.<\/span><\/p>\n","protected":false},"excerpt":{"rendered":"<p>El Sr. Alcalde de Coria D. Jos\u00e9 Manuel Garc\u00eda Ballestero mantuvo ayer una reuni\u00f3n con la Presidenta de la Asociaci\u00f3n de Familias Numerosas AFANORTEX. Entre otras cuestiones, se presentaron propuestas para municipios familiares, con sugerencias concretas para nuestra localidad, resumen de las ayudas actuales, etc. AFANORTEX tambi\u00e9n solicit\u00f3 colaboraci\u00f3n para implantar el Plan + Familia [&hellip;]<\/p>\n","protected":false},"author":2,"featured_media":0,"comment_status":"closed","ping_status":"closed","sticky":false,"template":"","format":"standard","meta":{"_uag_custom_page_level_css":"","footnotes":""},"categories":[2],"tags":[69,552],"class_list":["post-26728","post","type-post","status-publish","format-standard","hentry","category-noticias","tag-afarnortex","tag-familia-numerosa"],"yoast_head":"<!-- This site is optimized with the Yoast SEO plugin v27.4 - https:\/\/yoast.com\/product\/yoast-seo-wordpress\/ -->\n<title>Reuni\u00f3n con la Asociaci\u00f3n de Familias Numerosas AFANORTEX - Ayuntamiento de Coria<\/title>\n<meta name=\"robots\" content=\"index, follow, max-snippet:-1, max-image-preview:large, max-video-preview:-1\" \/>\n<link rel=\"canonical\" href=\"https:\/\/coria.org\/ayuntamiento\/index.php\/2011\/07\/06\/reunion-con-la-asociacion-de-familias-numerosas-afanortex\/\" \/>\n<meta property=\"og:locale\" content=\"es_ES\" \/>\n<meta property=\"og:type\" content=\"article\" \/>\n<meta property=\"og:title\" content=\"Reuni\u00f3n con la Asociaci\u00f3n de Familias Numerosas AFANORTEX - Ayuntamiento de Coria\" \/>\n<meta property=\"og:description\" content=\"El Sr. Alcalde de Coria D. Jos\u00e9 Manuel Garc\u00eda Ballestero mantuvo ayer una reuni\u00f3n con la Presidenta de la Asociaci\u00f3n de Familias Numerosas AFANORTEX. Entre otras cuestiones, se presentaron propuestas para municipios familiares, con sugerencias concretas para nuestra localidad, resumen de las ayudas actuales, etc. AFANORTEX tambi\u00e9n solicit\u00f3 colaboraci\u00f3n para implantar el Plan + Familia [&hellip;]\" \/>\n<meta property=\"og:url\" content=\"https:\/\/coria.org\/ayuntamiento\/index.php\/2011\/07\/06\/reunion-con-la-asociacion-de-familias-numerosas-afanortex\/\" \/>\n<meta property=\"og:site_name\" content=\"Ayuntamiento de Coria\" \/>\n<meta property=\"article:publisher\" content=\"https:\/\/www.facebook.com\/Ayuntamiento.de.Coria\" \/>\n<meta property=\"article:published_time\" content=\"2011-07-05T22:00:00+00:00\" \/>\n<meta property=\"article:modified_time\" content=\"2023-11-16T10:25:08+00:00\" \/>\n<meta name=\"author\" content=\"ayuntamiento\" \/>\n<meta name=\"twitter:card\" content=\"summary_large_image\" \/>\n<meta name=\"twitter:creator\" content=\"@Ayto_de_Coria\" \/>\n<meta name=\"twitter:site\" content=\"@Ayto_de_Coria\" \/>\n<meta name=\"twitter:label1\" content=\"Escrito por\" \/>\n\t<meta name=\"twitter:data1\" content=\"ayuntamiento\" \/>\n\t<meta name=\"twitter:label2\" content=\"Tiempo de lectura\" \/>\n\t<meta name=\"twitter:data2\" content=\"1 minuto\" \/>\n<script type=\"application\/ld+json\" class=\"yoast-schema-graph\">{\"@context\":\"https:\\\/\\\/schema.org\",\"@graph\":[{\"@type\":\"Article\",\"@id\":\"https:\\\/\\\/coria.org\\\/ayuntamiento\\\/index.php\\\/2011\\\/07\\\/06\\\/reunion-con-la-asociacion-de-familias-numerosas-afanortex\\\/#article\",\"isPartOf\":{\"@id\":\"https:\\\/\\\/coria.org\\\/ayuntamiento\\\/index.php\\\/2011\\\/07\\\/06\\\/reunion-con-la-asociacion-de-familias-numerosas-afanortex\\\/\"},\"author\":{\"name\":\"ayuntamiento\",\"@id\":\"https:\\\/\\\/coria.org\\\/ayuntamiento\\\/#\\\/schema\\\/person\\\/8bd589f0e13e8ae5aa06def7a599d622\"},\"headline\":\"Reuni\u00f3n con la Asociaci\u00f3n de Familias Numerosas AFANORTEX\",\"datePublished\":\"2011-07-05T22:00:00+00:00\",\"dateModified\":\"2023-11-16T10:25:08+00:00\",\"mainEntityOfPage\":{\"@id\":\"https:\\\/\\\/coria.org\\\/ayuntamiento\\\/index.php\\\/2011\\\/07\\\/06\\\/reunion-con-la-asociacion-de-familias-numerosas-afanortex\\\/\"},\"wordCount\":121,\"publisher\":{\"@id\":\"https:\\\/\\\/coria.org\\\/ayuntamiento\\\/#organization\"},\"keywords\":[\"afarnortex\",\"familia numerosa\"],\"articleSection\":[\"Noticias\"],\"inLanguage\":\"es\"},{\"@type\":\"WebPage\",\"@id\":\"https:\\\/\\\/coria.org\\\/ayuntamiento\\\/index.php\\\/2011\\\/07\\\/06\\\/reunion-con-la-asociacion-de-familias-numerosas-afanortex\\\/\",\"url\":\"https:\\\/\\\/coria.org\\\/ayuntamiento\\\/index.php\\\/2011\\\/07\\\/06\\\/reunion-con-la-asociacion-de-familias-numerosas-afanortex\\\/\",\"name\":\"Reuni\u00f3n con la Asociaci\u00f3n de Familias Numerosas AFANORTEX - Ayuntamiento de Coria\",\"isPartOf\":{\"@id\":\"https:\\\/\\\/coria.org\\\/ayuntamiento\\\/#website\"},\"datePublished\":\"2011-07-05T22:00:00+00:00\",\"dateModified\":\"2023-11-16T10:25:08+00:00\",\"breadcrumb\":{\"@id\":\"https:\\\/\\\/coria.org\\\/ayuntamiento\\\/index.php\\\/2011\\\/07\\\/06\\\/reunion-con-la-asociacion-de-familias-numerosas-afanortex\\\/#breadcrumb\"},\"inLanguage\":\"es\",\"potentialAction\":[{\"@type\":\"ReadAction\",\"target\":[\"https:\\\/\\\/coria.org\\\/ayuntamiento\\\/index.php\\\/2011\\\/07\\\/06\\\/reunion-con-la-asociacion-de-familias-numerosas-afanortex\\\/\"]}]},{\"@type\":\"BreadcrumbList\",\"@id\":\"https:\\\/\\\/coria.org\\\/ayuntamiento\\\/index.php\\\/2011\\\/07\\\/06\\\/reunion-con-la-asociacion-de-familias-numerosas-afanortex\\\/#breadcrumb\",\"itemListElement\":[{\"@type\":\"ListItem\",\"position\":1,\"name\":\"Inicio\",\"item\":\"https:\\\/\\\/coria.org\\\/ayuntamiento\\\/\"},{\"@type\":\"ListItem\",\"position\":2,\"name\":\"Reuni\u00f3n con la Asociaci\u00f3n de Familias Numerosas AFANORTEX\"}]},{\"@type\":\"WebSite\",\"@id\":\"https:\\\/\\\/coria.org\\\/ayuntamiento\\\/#website\",\"url\":\"https:\\\/\\\/coria.org\\\/ayuntamiento\\\/\",\"name\":\"Ayuntamiento de Coria\",\"description\":\"Web oficial del Ayuntamiento de Coria\",\"publisher\":{\"@id\":\"https:\\\/\\\/coria.org\\\/ayuntamiento\\\/#organization\"},\"alternateName\":\"Web Oficial del Ayuntamiento de Coria\",\"potentialAction\":[{\"@type\":\"SearchAction\",\"target\":{\"@type\":\"EntryPoint\",\"urlTemplate\":\"https:\\\/\\\/coria.org\\\/ayuntamiento\\\/?s={search_term_string}\"},\"query-input\":{\"@type\":\"PropertyValueSpecification\",\"valueRequired\":true,\"valueName\":\"search_term_string\"}}],\"inLanguage\":\"es\"},{\"@type\":\"Organization\",\"@id\":\"https:\\\/\\\/coria.org\\\/ayuntamiento\\\/#organization\",\"name\":\"Ayuntamiento de Coria\",\"alternateName\":\"Ayto de Coria\",\"url\":\"https:\\\/\\\/coria.org\\\/ayuntamiento\\\/\",\"logo\":{\"@type\":\"ImageObject\",\"inLanguage\":\"es\",\"@id\":\"https:\\\/\\\/coria.org\\\/ayuntamiento\\\/#\\\/schema\\\/logo\\\/image\\\/\",\"url\":\"https:\\\/\\\/coria.org\\\/ayuntamiento\\\/wp-content\\\/uploads\\\/2020\\\/12\\\/escudo-ayuntamiento-coria.png\",\"contentUrl\":\"https:\\\/\\\/coria.org\\\/ayuntamiento\\\/wp-content\\\/uploads\\\/2020\\\/12\\\/escudo-ayuntamiento-coria.png\",\"width\":511,\"height\":240,\"caption\":\"Ayuntamiento de Coria\"},\"image\":{\"@id\":\"https:\\\/\\\/coria.org\\\/ayuntamiento\\\/#\\\/schema\\\/logo\\\/image\\\/\"},\"sameAs\":[\"https:\\\/\\\/www.facebook.com\\\/Ayuntamiento.de.Coria\",\"https:\\\/\\\/x.com\\\/Ayto_de_Coria\",\"https:\\\/\\\/www.instagram.com\\\/coria.ayuntamiento\\\/\",\"https:\\\/\\\/www.youtube.com\\\/user\\\/AYUNTAMIENTOCORIA\"]},{\"@type\":\"Person\",\"@id\":\"https:\\\/\\\/coria.org\\\/ayuntamiento\\\/#\\\/schema\\\/person\\\/8bd589f0e13e8ae5aa06def7a599d622\",\"name\":\"ayuntamiento\",\"image\":{\"@type\":\"ImageObject\",\"inLanguage\":\"es\",\"@id\":\"https:\\\/\\\/secure.gravatar.com\\\/avatar\\\/966e5ed73cad334adda5c87f49f2547f7082f7292c1b627cbb548744383b391c?s=96&d=mm&r=g\",\"url\":\"https:\\\/\\\/secure.gravatar.com\\\/avatar\\\/966e5ed73cad334adda5c87f49f2547f7082f7292c1b627cbb548744383b391c?s=96&d=mm&r=g\",\"contentUrl\":\"https:\\\/\\\/secure.gravatar.com\\\/avatar\\\/966e5ed73cad334adda5c87f49f2547f7082f7292c1b627cbb548744383b391c?s=96&d=mm&r=g\",\"caption\":\"ayuntamiento\"}}]}<\/script>\n<!-- \/ Yoast SEO plugin. -->","yoast_head_json":{"title":"Reuni\u00f3n con la Asociaci\u00f3n de Familias Numerosas AFANORTEX - Ayuntamiento de Coria","robots":{"index":"index","follow":"follow","max-snippet":"max-snippet:-1","max-image-preview":"max-image-preview:large","max-video-preview":"max-video-preview:-1"},"canonical":"https:\/\/coria.org\/ayuntamiento\/index.php\/2011\/07\/06\/reunion-con-la-asociacion-de-familias-numerosas-afanortex\/","og_locale":"es_ES","og_type":"article","og_title":"Reuni\u00f3n con la Asociaci\u00f3n de Familias Numerosas AFANORTEX - Ayuntamiento de Coria","og_description":"El Sr. Alcalde de Coria D. Jos\u00e9 Manuel Garc\u00eda Ballestero mantuvo ayer una reuni\u00f3n con la Presidenta de la Asociaci\u00f3n de Familias Numerosas AFANORTEX. Entre otras cuestiones, se presentaron propuestas para municipios familiares, con sugerencias concretas para nuestra localidad, resumen de las ayudas actuales, etc. AFANORTEX tambi\u00e9n solicit\u00f3 colaboraci\u00f3n para implantar el Plan + Familia [&hellip;]","og_url":"https:\/\/coria.org\/ayuntamiento\/index.php\/2011\/07\/06\/reunion-con-la-asociacion-de-familias-numerosas-afanortex\/","og_site_name":"Ayuntamiento de Coria","article_publisher":"https:\/\/www.facebook.com\/Ayuntamiento.de.Coria","article_published_time":"2011-07-05T22:00:00+00:00","article_modified_time":"2023-11-16T10:25:08+00:00","author":"ayuntamiento","twitter_card":"summary_large_image","twitter_creator":"@Ayto_de_Coria","twitter_site":"@Ayto_de_Coria","twitter_misc":{"Escrito por":"ayuntamiento","Tiempo de lectura":"1 minuto"},"schema":{"@context":"https:\/\/schema.org","@graph":[{"@type":"Article","@id":"https:\/\/coria.org\/ayuntamiento\/index.php\/2011\/07\/06\/reunion-con-la-asociacion-de-familias-numerosas-afanortex\/#article","isPartOf":{"@id":"https:\/\/coria.org\/ayuntamiento\/index.php\/2011\/07\/06\/reunion-con-la-asociacion-de-familias-numerosas-afanortex\/"},"author":{"name":"ayuntamiento","@id":"https:\/\/coria.org\/ayuntamiento\/#\/schema\/person\/8bd589f0e13e8ae5aa06def7a599d622"},"headline":"Reuni\u00f3n con la Asociaci\u00f3n de Familias Numerosas AFANORTEX","datePublished":"2011-07-05T22:00:00+00:00","dateModified":"2023-11-16T10:25:08+00:00","mainEntityOfPage":{"@id":"https:\/\/coria.org\/ayuntamiento\/index.php\/2011\/07\/06\/reunion-con-la-asociacion-de-familias-numerosas-afanortex\/"},"wordCount":121,"publisher":{"@id":"https:\/\/coria.org\/ayuntamiento\/#organization"},"keywords":["afarnortex","familia numerosa"],"articleSection":["Noticias"],"inLanguage":"es"},{"@type":"WebPage","@id":"https:\/\/coria.org\/ayuntamiento\/index.php\/2011\/07\/06\/reunion-con-la-asociacion-de-familias-numerosas-afanortex\/","url":"https:\/\/coria.org\/ayuntamiento\/index.php\/2011\/07\/06\/reunion-con-la-asociacion-de-familias-numerosas-afanortex\/","name":"Reuni\u00f3n con la Asociaci\u00f3n de Familias Numerosas AFANORTEX - Ayuntamiento de Coria","isPartOf":{"@id":"https:\/\/coria.org\/ayuntamiento\/#website"},"datePublished":"2011-07-05T22:00:00+00:00","dateModified":"2023-11-16T10:25:08+00:00","breadcrumb":{"@id":"https:\/\/coria.org\/ayuntamiento\/index.php\/2011\/07\/06\/reunion-con-la-asociacion-de-familias-numerosas-afanortex\/#breadcrumb"},"inLanguage":"es","potentialAction":[{"@type":"ReadAction","target":["https:\/\/coria.org\/ayuntamiento\/index.php\/2011\/07\/06\/reunion-con-la-asociacion-de-familias-numerosas-afanortex\/"]}]},{"@type":"BreadcrumbList","@id":"https:\/\/coria.org\/ayuntamiento\/index.php\/2011\/07\/06\/reunion-con-la-asociacion-de-familias-numerosas-afanortex\/#breadcrumb","itemListElement":[{"@type":"ListItem","position":1,"name":"Inicio","item":"https:\/\/coria.org\/ayuntamiento\/"},{"@type":"ListItem","position":2,"name":"Reuni\u00f3n con la Asociaci\u00f3n de Familias Numerosas AFANORTEX"}]},{"@type":"WebSite","@id":"https:\/\/coria.org\/ayuntamiento\/#website","url":"https:\/\/coria.org\/ayuntamiento\/","name":"Ayuntamiento de Coria","description":"Web oficial del Ayuntamiento de Coria","publisher":{"@id":"https:\/\/coria.org\/ayuntamiento\/#organization"},"alternateName":"Web Oficial del Ayuntamiento de Coria","potentialAction":[{"@type":"SearchAction","target":{"@type":"EntryPoint","urlTemplate":"https:\/\/coria.org\/ayuntamiento\/?s={search_term_string}"},"query-input":{"@type":"PropertyValueSpecification","valueRequired":true,"valueName":"search_term_string"}}],"inLanguage":"es"},{"@type":"Organization","@id":"https:\/\/coria.org\/ayuntamiento\/#organization","name":"Ayuntamiento de Coria","alternateName":"Ayto de Coria","url":"https:\/\/coria.org\/ayuntamiento\/","logo":{"@type":"ImageObject","inLanguage":"es","@id":"https:\/\/coria.org\/ayuntamiento\/#\/schema\/logo\/image\/","url":"https:\/\/coria.org\/ayuntamiento\/wp-content\/uploads\/2020\/12\/escudo-ayuntamiento-coria.png","contentUrl":"https:\/\/coria.org\/ayuntamiento\/wp-content\/uploads\/2020\/12\/escudo-ayuntamiento-coria.png","width":511,"height":240,"caption":"Ayuntamiento de Coria"},"image":{"@id":"https:\/\/coria.org\/ayuntamiento\/#\/schema\/logo\/image\/"},"sameAs":["https:\/\/www.facebook.com\/Ayuntamiento.de.Coria","https:\/\/x.com\/Ayto_de_Coria","https:\/\/www.instagram.com\/coria.ayuntamiento\/","https:\/\/www.youtube.com\/user\/AYUNTAMIENTOCORIA"]},{"@type":"Person","@id":"https:\/\/coria.org\/ayuntamiento\/#\/schema\/person\/8bd589f0e13e8ae5aa06def7a599d622","name":"ayuntamiento","image":{"@type":"ImageObject","inLanguage":"es","@id":"https:\/\/secure.gravatar.com\/avatar\/966e5ed73cad334adda5c87f49f2547f7082f7292c1b627cbb548744383b391c?s=96&d=mm&r=g","url":"https:\/\/secure.gravatar.com\/avatar\/966e5ed73cad334adda5c87f49f2547f7082f7292c1b627cbb548744383b391c?s=96&d=mm&r=g","contentUrl":"https:\/\/secure.gravatar.com\/avatar\/966e5ed73cad334adda5c87f49f2547f7082f7292c1b627cbb548744383b391c?s=96&d=mm&r=g","caption":"ayuntamiento"}}]}},"uagb_featured_image_src":{"full":false,"thumbnail":false,"medium":false,"medium_large":false,"large":false,"thumblist":false,"thumbrelated":false,"meccarouselthumb":false,"gridsquare":false,"tileview":false,"1536x1536":false,"2048x2048":false},"uagb_author_info":{"display_name":"ayuntamiento","author_link":"https:\/\/coria.org\/ayuntamiento\/index.php\/author\/ayuntamiento\/"},"uagb_comment_info":0,"uagb_excerpt":"El Sr. Alcalde de Coria D. Jos\u00e9 Manuel Garc\u00eda Ballestero mantuvo ayer una reuni\u00f3n con la Presidenta de la Asociaci\u00f3n de Familias Numerosas AFANORTEX. Entre otras cuestiones, se presentaron propuestas para municipios familiares, con sugerencias concretas para nuestra localidad, resumen de las ayudas actuales, etc. AFANORTEX tambi\u00e9n solicit\u00f3 colaboraci\u00f3n para implantar el Plan + Familia&hellip;","_links":{"self":[{"href":"https:\/\/coria.org\/ayuntamiento\/index.php\/wp-json\/wp\/v2\/posts\/26728","targetHints":{"allow":["GET"]}}],"collection":[{"href":"https:\/\/coria.org\/ayuntamiento\/index.php\/wp-json\/wp\/v2\/posts"}],"about":[{"href":"https:\/\/coria.org\/ayuntamiento\/index.php\/wp-json\/wp\/v2\/types\/post"}],"author":[{"embeddable":true,"href":"https:\/\/coria.org\/ayuntamiento\/index.php\/wp-json\/wp\/v2\/users\/2"}],"replies":[{"embeddable":true,"href":"https:\/\/coria.org\/ayuntamiento\/index.php\/wp-json\/wp\/v2\/comments?post=26728"}],"version-history":[{"count":0,"href":"https:\/\/coria.org\/ayuntamiento\/index.php\/wp-json\/wp\/v2\/posts\/26728\/revisions"}],"wp:attachment":[{"href":"https:\/\/coria.org\/ayuntamiento\/index.php\/wp-json\/wp\/v2\/media?parent=26728"}],"wp:term":[{"taxonomy":"category","embeddable":true,"href":"https:\/\/coria.org\/ayuntamiento\/index.php\/wp-json\/wp\/v2\/categories?post=26728"},{"taxonomy":"post_tag","embeddable":true,"href":"https:\/\/coria.org\/ayuntamiento\/index.php\/wp-json\/wp\/v2\/tags?post=26728"}],"curies":[{"name":"wp","href":"https:\/\/api.w.org\/{rel}","templated":true}]}}