{"id":26682,"date":"2011-10-21T00:00:00","date_gmt":"2011-10-20T22:00:00","guid":{"rendered":"https:\/\/ayuntamiento.coriaenimagenes.com\/video-de-la-rueda-de-prensa-iii-dia-conmemorativo-de-las-catedrales\/"},"modified":"2024-02-20T14:54:25","modified_gmt":"2024-02-20T13:54:25","slug":"video-de-la-rueda-de-prensa-iii-dia-conmemorativo-de-las-catedrales","status":"publish","type":"post","link":"https:\/\/coria.org\/ayuntamiento\/index.php\/2011\/10\/21\/video-de-la-rueda-de-prensa-iii-dia-conmemorativo-de-las-catedrales\/","title":{"rendered":"V\u00eddeo de la Rueda de Prensa &#8211; III D\u00eda conmemorativo de las Catedrales"},"content":{"rendered":"\nSr. Alcalde-Presidente del Excmo. Ayuntamiento de Coria, D. Jos\u00e9 Manuel Garc\u00eda Ballestero, realiz\u00f3 una rueda de prensa de presentaci\u00f3n de la jornada nacional de celebraci\u00f3n del III D\u00eda Conmemorativo de las Catedrales, dentro de la Red de Ciudades Catedralicias, que tuvo lugar el jueves, 20 de octubre, a las 12:00 h., en el Sal\u00f3n de Plenos del Excmo. Ayuntamiento de Coria.\n\n\n\n<figure class=\"wp-block-image size-full\"><a href=\"https:\/\/youtu.be\/xKjQGnb3W5U\" target=\"_blank\" rel=\"noreferrer noopener\"><img loading=\"lazy\" decoding=\"async\" width=\"1024\" height=\"576\" src=\"https:\/\/coria.org\/ayuntamiento\/wp-content\/uploads\/2023\/03\/youdiacate.jpg\" alt=\"\" class=\"wp-image-41514\" srcset=\"https:\/\/coria.org\/ayuntamiento\/wp-content\/uploads\/2023\/03\/youdiacate.jpg 1024w, https:\/\/coria.org\/ayuntamiento\/wp-content\/uploads\/2023\/03\/youdiacate-300x169.jpg 300w, https:\/\/coria.org\/ayuntamiento\/wp-content\/uploads\/2023\/03\/youdiacate-768x432.jpg 768w\" sizes=\"auto, (max-width: 1024px) 100vw, 1024px\" \/><\/a><\/figure>\n","protected":false},"excerpt":{"rendered":"<p>Sr. Alcalde-Presidente del Excmo. Ayuntamiento de Coria, D. Jos\u00e9 Manuel Garc\u00eda Ballestero, realiz\u00f3 una rueda de prensa de presentaci\u00f3n de la jornada nacional de celebraci\u00f3n del III D\u00eda Conmemorativo de las Catedrales, dentro de la Red de Ciudades Catedralicias, que tuvo lugar el jueves, 20 de octubre, a las 12:00 h., en el Sal\u00f3n de [&hellip;]<\/p>\n","protected":false},"author":2,"featured_media":0,"comment_status":"closed","ping_status":"closed","sticky":false,"template":"","format":"standard","meta":{"_uag_custom_page_level_css":"","footnotes":""},"categories":[2],"tags":[422],"class_list":["post-26682","post","type-post","status-publish","format-standard","hentry","category-noticias","tag-dia-catedrales"],"yoast_head":"<!-- This site is optimized with the Yoast SEO plugin v27.4 - https:\/\/yoast.com\/product\/yoast-seo-wordpress\/ -->\n<title>V\u00eddeo de la Rueda de Prensa - III D\u00eda conmemorativo de las Catedrales - Ayuntamiento de Coria<\/title>\n<meta name=\"robots\" content=\"index, follow, max-snippet:-1, max-image-preview:large, max-video-preview:-1\" \/>\n<link rel=\"canonical\" href=\"https:\/\/coria.org\/ayuntamiento\/index.php\/2011\/10\/21\/video-de-la-rueda-de-prensa-iii-dia-conmemorativo-de-las-catedrales\/\" \/>\n<meta property=\"og:locale\" content=\"es_ES\" \/>\n<meta property=\"og:type\" content=\"article\" \/>\n<meta property=\"og:title\" content=\"V\u00eddeo de la Rueda de Prensa - III D\u00eda conmemorativo de las Catedrales - Ayuntamiento de Coria\" \/>\n<meta property=\"og:description\" content=\"Sr. Alcalde-Presidente del Excmo. Ayuntamiento de Coria, D. Jos\u00e9 Manuel Garc\u00eda Ballestero, realiz\u00f3 una rueda de prensa de presentaci\u00f3n de la jornada nacional de celebraci\u00f3n del III D\u00eda Conmemorativo de las Catedrales, dentro de la Red de Ciudades Catedralicias, que tuvo lugar el jueves, 20 de octubre, a las 12:00 h., en el Sal\u00f3n de [&hellip;]\" \/>\n<meta property=\"og:url\" content=\"https:\/\/coria.org\/ayuntamiento\/index.php\/2011\/10\/21\/video-de-la-rueda-de-prensa-iii-dia-conmemorativo-de-las-catedrales\/\" \/>\n<meta property=\"og:site_name\" content=\"Ayuntamiento de Coria\" \/>\n<meta property=\"article:publisher\" content=\"https:\/\/www.facebook.com\/Ayuntamiento.de.Coria\" \/>\n<meta property=\"article:published_time\" content=\"2011-10-20T22:00:00+00:00\" \/>\n<meta property=\"article:modified_time\" content=\"2024-02-20T13:54:25+00:00\" \/>\n<meta property=\"og:image\" content=\"https:\/\/coria.org\/ayuntamiento\/wp-content\/uploads\/2023\/03\/youdiacate.jpg\" \/>\n<meta name=\"author\" content=\"ayuntamiento\" \/>\n<meta name=\"twitter:card\" content=\"summary_large_image\" \/>\n<meta name=\"twitter:creator\" content=\"@Ayto_de_Coria\" \/>\n<meta name=\"twitter:site\" content=\"@Ayto_de_Coria\" \/>\n<meta name=\"twitter:label1\" content=\"Escrito por\" \/>\n\t<meta name=\"twitter:data1\" content=\"ayuntamiento\" \/>\n<script type=\"application\/ld+json\" class=\"yoast-schema-graph\">{\"@context\":\"https:\\\/\\\/schema.org\",\"@graph\":[{\"@type\":\"Article\",\"@id\":\"https:\\\/\\\/coria.org\\\/ayuntamiento\\\/index.php\\\/2011\\\/10\\\/21\\\/video-de-la-rueda-de-prensa-iii-dia-conmemorativo-de-las-catedrales\\\/#article\",\"isPartOf\":{\"@id\":\"https:\\\/\\\/coria.org\\\/ayuntamiento\\\/index.php\\\/2011\\\/10\\\/21\\\/video-de-la-rueda-de-prensa-iii-dia-conmemorativo-de-las-catedrales\\\/\"},\"author\":{\"name\":\"ayuntamiento\",\"@id\":\"https:\\\/\\\/coria.org\\\/ayuntamiento\\\/#\\\/schema\\\/person\\\/8bd589f0e13e8ae5aa06def7a599d622\"},\"headline\":\"V\u00eddeo de la Rueda de Prensa &#8211; III D\u00eda conmemorativo de las Catedrales\",\"datePublished\":\"2011-10-20T22:00:00+00:00\",\"dateModified\":\"2024-02-20T13:54:25+00:00\",\"mainEntityOfPage\":{\"@id\":\"https:\\\/\\\/coria.org\\\/ayuntamiento\\\/index.php\\\/2011\\\/10\\\/21\\\/video-de-la-rueda-de-prensa-iii-dia-conmemorativo-de-las-catedrales\\\/\"},\"wordCount\":79,\"publisher\":{\"@id\":\"https:\\\/\\\/coria.org\\\/ayuntamiento\\\/#organization\"},\"image\":{\"@id\":\"https:\\\/\\\/coria.org\\\/ayuntamiento\\\/index.php\\\/2011\\\/10\\\/21\\\/video-de-la-rueda-de-prensa-iii-dia-conmemorativo-de-las-catedrales\\\/#primaryimage\"},\"thumbnailUrl\":\"https:\\\/\\\/coria.org\\\/ayuntamiento\\\/wp-content\\\/uploads\\\/2023\\\/03\\\/youdiacate.jpg\",\"keywords\":[\"dia catedrales\"],\"articleSection\":[\"Noticias\"],\"inLanguage\":\"es\"},{\"@type\":\"WebPage\",\"@id\":\"https:\\\/\\\/coria.org\\\/ayuntamiento\\\/index.php\\\/2011\\\/10\\\/21\\\/video-de-la-rueda-de-prensa-iii-dia-conmemorativo-de-las-catedrales\\\/\",\"url\":\"https:\\\/\\\/coria.org\\\/ayuntamiento\\\/index.php\\\/2011\\\/10\\\/21\\\/video-de-la-rueda-de-prensa-iii-dia-conmemorativo-de-las-catedrales\\\/\",\"name\":\"V\u00eddeo de la Rueda de Prensa - III D\u00eda conmemorativo de las Catedrales - Ayuntamiento de Coria\",\"isPartOf\":{\"@id\":\"https:\\\/\\\/coria.org\\\/ayuntamiento\\\/#website\"},\"primaryImageOfPage\":{\"@id\":\"https:\\\/\\\/coria.org\\\/ayuntamiento\\\/index.php\\\/2011\\\/10\\\/21\\\/video-de-la-rueda-de-prensa-iii-dia-conmemorativo-de-las-catedrales\\\/#primaryimage\"},\"image\":{\"@id\":\"https:\\\/\\\/coria.org\\\/ayuntamiento\\\/index.php\\\/2011\\\/10\\\/21\\\/video-de-la-rueda-de-prensa-iii-dia-conmemorativo-de-las-catedrales\\\/#primaryimage\"},\"thumbnailUrl\":\"https:\\\/\\\/coria.org\\\/ayuntamiento\\\/wp-content\\\/uploads\\\/2023\\\/03\\\/youdiacate.jpg\",\"datePublished\":\"2011-10-20T22:00:00+00:00\",\"dateModified\":\"2024-02-20T13:54:25+00:00\",\"breadcrumb\":{\"@id\":\"https:\\\/\\\/coria.org\\\/ayuntamiento\\\/index.php\\\/2011\\\/10\\\/21\\\/video-de-la-rueda-de-prensa-iii-dia-conmemorativo-de-las-catedrales\\\/#breadcrumb\"},\"inLanguage\":\"es\",\"potentialAction\":[{\"@type\":\"ReadAction\",\"target\":[\"https:\\\/\\\/coria.org\\\/ayuntamiento\\\/index.php\\\/2011\\\/10\\\/21\\\/video-de-la-rueda-de-prensa-iii-dia-conmemorativo-de-las-catedrales\\\/\"]}]},{\"@type\":\"ImageObject\",\"inLanguage\":\"es\",\"@id\":\"https:\\\/\\\/coria.org\\\/ayuntamiento\\\/index.php\\\/2011\\\/10\\\/21\\\/video-de-la-rueda-de-prensa-iii-dia-conmemorativo-de-las-catedrales\\\/#primaryimage\",\"url\":\"https:\\\/\\\/coria.org\\\/ayuntamiento\\\/wp-content\\\/uploads\\\/2023\\\/03\\\/youdiacate.jpg\",\"contentUrl\":\"https:\\\/\\\/coria.org\\\/ayuntamiento\\\/wp-content\\\/uploads\\\/2023\\\/03\\\/youdiacate.jpg\",\"width\":1024,\"height\":576},{\"@type\":\"BreadcrumbList\",\"@id\":\"https:\\\/\\\/coria.org\\\/ayuntamiento\\\/index.php\\\/2011\\\/10\\\/21\\\/video-de-la-rueda-de-prensa-iii-dia-conmemorativo-de-las-catedrales\\\/#breadcrumb\",\"itemListElement\":[{\"@type\":\"ListItem\",\"position\":1,\"name\":\"Inicio\",\"item\":\"https:\\\/\\\/coria.org\\\/ayuntamiento\\\/\"},{\"@type\":\"ListItem\",\"position\":2,\"name\":\"V\u00eddeo de la Rueda de Prensa &#8211; III D\u00eda conmemorativo de las Catedrales\"}]},{\"@type\":\"WebSite\",\"@id\":\"https:\\\/\\\/coria.org\\\/ayuntamiento\\\/#website\",\"url\":\"https:\\\/\\\/coria.org\\\/ayuntamiento\\\/\",\"name\":\"Ayuntamiento de Coria\",\"description\":\"Web oficial del Ayuntamiento de Coria\",\"publisher\":{\"@id\":\"https:\\\/\\\/coria.org\\\/ayuntamiento\\\/#organization\"},\"alternateName\":\"Web Oficial del Ayuntamiento de Coria\",\"potentialAction\":[{\"@type\":\"SearchAction\",\"target\":{\"@type\":\"EntryPoint\",\"urlTemplate\":\"https:\\\/\\\/coria.org\\\/ayuntamiento\\\/?s={search_term_string}\"},\"query-input\":{\"@type\":\"PropertyValueSpecification\",\"valueRequired\":true,\"valueName\":\"search_term_string\"}}],\"inLanguage\":\"es\"},{\"@type\":\"Organization\",\"@id\":\"https:\\\/\\\/coria.org\\\/ayuntamiento\\\/#organization\",\"name\":\"Ayuntamiento de Coria\",\"alternateName\":\"Ayto de Coria\",\"url\":\"https:\\\/\\\/coria.org\\\/ayuntamiento\\\/\",\"logo\":{\"@type\":\"ImageObject\",\"inLanguage\":\"es\",\"@id\":\"https:\\\/\\\/coria.org\\\/ayuntamiento\\\/#\\\/schema\\\/logo\\\/image\\\/\",\"url\":\"https:\\\/\\\/coria.org\\\/ayuntamiento\\\/wp-content\\\/uploads\\\/2020\\\/12\\\/escudo-ayuntamiento-coria.png\",\"contentUrl\":\"https:\\\/\\\/coria.org\\\/ayuntamiento\\\/wp-content\\\/uploads\\\/2020\\\/12\\\/escudo-ayuntamiento-coria.png\",\"width\":511,\"height\":240,\"caption\":\"Ayuntamiento de Coria\"},\"image\":{\"@id\":\"https:\\\/\\\/coria.org\\\/ayuntamiento\\\/#\\\/schema\\\/logo\\\/image\\\/\"},\"sameAs\":[\"https:\\\/\\\/www.facebook.com\\\/Ayuntamiento.de.Coria\",\"https:\\\/\\\/x.com\\\/Ayto_de_Coria\",\"https:\\\/\\\/www.instagram.com\\\/coria.ayuntamiento\\\/\",\"https:\\\/\\\/www.youtube.com\\\/user\\\/AYUNTAMIENTOCORIA\"]},{\"@type\":\"Person\",\"@id\":\"https:\\\/\\\/coria.org\\\/ayuntamiento\\\/#\\\/schema\\\/person\\\/8bd589f0e13e8ae5aa06def7a599d622\",\"name\":\"ayuntamiento\",\"image\":{\"@type\":\"ImageObject\",\"inLanguage\":\"es\",\"@id\":\"https:\\\/\\\/secure.gravatar.com\\\/avatar\\\/966e5ed73cad334adda5c87f49f2547f7082f7292c1b627cbb548744383b391c?s=96&d=mm&r=g\",\"url\":\"https:\\\/\\\/secure.gravatar.com\\\/avatar\\\/966e5ed73cad334adda5c87f49f2547f7082f7292c1b627cbb548744383b391c?s=96&d=mm&r=g\",\"contentUrl\":\"https:\\\/\\\/secure.gravatar.com\\\/avatar\\\/966e5ed73cad334adda5c87f49f2547f7082f7292c1b627cbb548744383b391c?s=96&d=mm&r=g\",\"caption\":\"ayuntamiento\"}}]}<\/script>\n<!-- \/ Yoast SEO plugin. -->","yoast_head_json":{"title":"V\u00eddeo de la Rueda de Prensa - III D\u00eda conmemorativo de las Catedrales - Ayuntamiento de Coria","robots":{"index":"index","follow":"follow","max-snippet":"max-snippet:-1","max-image-preview":"max-image-preview:large","max-video-preview":"max-video-preview:-1"},"canonical":"https:\/\/coria.org\/ayuntamiento\/index.php\/2011\/10\/21\/video-de-la-rueda-de-prensa-iii-dia-conmemorativo-de-las-catedrales\/","og_locale":"es_ES","og_type":"article","og_title":"V\u00eddeo de la Rueda de Prensa - III D\u00eda conmemorativo de las Catedrales - Ayuntamiento de Coria","og_description":"Sr. Alcalde-Presidente del Excmo. Ayuntamiento de Coria, D. Jos\u00e9 Manuel Garc\u00eda Ballestero, realiz\u00f3 una rueda de prensa de presentaci\u00f3n de la jornada nacional de celebraci\u00f3n del III D\u00eda Conmemorativo de las Catedrales, dentro de la Red de Ciudades Catedralicias, que tuvo lugar el jueves, 20 de octubre, a las 12:00 h., en el Sal\u00f3n de [&hellip;]","og_url":"https:\/\/coria.org\/ayuntamiento\/index.php\/2011\/10\/21\/video-de-la-rueda-de-prensa-iii-dia-conmemorativo-de-las-catedrales\/","og_site_name":"Ayuntamiento de Coria","article_publisher":"https:\/\/www.facebook.com\/Ayuntamiento.de.Coria","article_published_time":"2011-10-20T22:00:00+00:00","article_modified_time":"2024-02-20T13:54:25+00:00","og_image":[{"url":"https:\/\/coria.org\/ayuntamiento\/wp-content\/uploads\/2023\/03\/youdiacate.jpg","type":"","width":"","height":""}],"author":"ayuntamiento","twitter_card":"summary_large_image","twitter_creator":"@Ayto_de_Coria","twitter_site":"@Ayto_de_Coria","twitter_misc":{"Escrito por":"ayuntamiento"},"schema":{"@context":"https:\/\/schema.org","@graph":[{"@type":"Article","@id":"https:\/\/coria.org\/ayuntamiento\/index.php\/2011\/10\/21\/video-de-la-rueda-de-prensa-iii-dia-conmemorativo-de-las-catedrales\/#article","isPartOf":{"@id":"https:\/\/coria.org\/ayuntamiento\/index.php\/2011\/10\/21\/video-de-la-rueda-de-prensa-iii-dia-conmemorativo-de-las-catedrales\/"},"author":{"name":"ayuntamiento","@id":"https:\/\/coria.org\/ayuntamiento\/#\/schema\/person\/8bd589f0e13e8ae5aa06def7a599d622"},"headline":"V\u00eddeo de la Rueda de Prensa &#8211; III D\u00eda conmemorativo de las Catedrales","datePublished":"2011-10-20T22:00:00+00:00","dateModified":"2024-02-20T13:54:25+00:00","mainEntityOfPage":{"@id":"https:\/\/coria.org\/ayuntamiento\/index.php\/2011\/10\/21\/video-de-la-rueda-de-prensa-iii-dia-conmemorativo-de-las-catedrales\/"},"wordCount":79,"publisher":{"@id":"https:\/\/coria.org\/ayuntamiento\/#organization"},"image":{"@id":"https:\/\/coria.org\/ayuntamiento\/index.php\/2011\/10\/21\/video-de-la-rueda-de-prensa-iii-dia-conmemorativo-de-las-catedrales\/#primaryimage"},"thumbnailUrl":"https:\/\/coria.org\/ayuntamiento\/wp-content\/uploads\/2023\/03\/youdiacate.jpg","keywords":["dia catedrales"],"articleSection":["Noticias"],"inLanguage":"es"},{"@type":"WebPage","@id":"https:\/\/coria.org\/ayuntamiento\/index.php\/2011\/10\/21\/video-de-la-rueda-de-prensa-iii-dia-conmemorativo-de-las-catedrales\/","url":"https:\/\/coria.org\/ayuntamiento\/index.php\/2011\/10\/21\/video-de-la-rueda-de-prensa-iii-dia-conmemorativo-de-las-catedrales\/","name":"V\u00eddeo de la Rueda de Prensa - III D\u00eda conmemorativo de las Catedrales - Ayuntamiento de Coria","isPartOf":{"@id":"https:\/\/coria.org\/ayuntamiento\/#website"},"primaryImageOfPage":{"@id":"https:\/\/coria.org\/ayuntamiento\/index.php\/2011\/10\/21\/video-de-la-rueda-de-prensa-iii-dia-conmemorativo-de-las-catedrales\/#primaryimage"},"image":{"@id":"https:\/\/coria.org\/ayuntamiento\/index.php\/2011\/10\/21\/video-de-la-rueda-de-prensa-iii-dia-conmemorativo-de-las-catedrales\/#primaryimage"},"thumbnailUrl":"https:\/\/coria.org\/ayuntamiento\/wp-content\/uploads\/2023\/03\/youdiacate.jpg","datePublished":"2011-10-20T22:00:00+00:00","dateModified":"2024-02-20T13:54:25+00:00","breadcrumb":{"@id":"https:\/\/coria.org\/ayuntamiento\/index.php\/2011\/10\/21\/video-de-la-rueda-de-prensa-iii-dia-conmemorativo-de-las-catedrales\/#breadcrumb"},"inLanguage":"es","potentialAction":[{"@type":"ReadAction","target":["https:\/\/coria.org\/ayuntamiento\/index.php\/2011\/10\/21\/video-de-la-rueda-de-prensa-iii-dia-conmemorativo-de-las-catedrales\/"]}]},{"@type":"ImageObject","inLanguage":"es","@id":"https:\/\/coria.org\/ayuntamiento\/index.php\/2011\/10\/21\/video-de-la-rueda-de-prensa-iii-dia-conmemorativo-de-las-catedrales\/#primaryimage","url":"https:\/\/coria.org\/ayuntamiento\/wp-content\/uploads\/2023\/03\/youdiacate.jpg","contentUrl":"https:\/\/coria.org\/ayuntamiento\/wp-content\/uploads\/2023\/03\/youdiacate.jpg","width":1024,"height":576},{"@type":"BreadcrumbList","@id":"https:\/\/coria.org\/ayuntamiento\/index.php\/2011\/10\/21\/video-de-la-rueda-de-prensa-iii-dia-conmemorativo-de-las-catedrales\/#breadcrumb","itemListElement":[{"@type":"ListItem","position":1,"name":"Inicio","item":"https:\/\/coria.org\/ayuntamiento\/"},{"@type":"ListItem","position":2,"name":"V\u00eddeo de la Rueda de Prensa &#8211; III D\u00eda conmemorativo de las Catedrales"}]},{"@type":"WebSite","@id":"https:\/\/coria.org\/ayuntamiento\/#website","url":"https:\/\/coria.org\/ayuntamiento\/","name":"Ayuntamiento de Coria","description":"Web oficial del Ayuntamiento de Coria","publisher":{"@id":"https:\/\/coria.org\/ayuntamiento\/#organization"},"alternateName":"Web Oficial del Ayuntamiento de Coria","potentialAction":[{"@type":"SearchAction","target":{"@type":"EntryPoint","urlTemplate":"https:\/\/coria.org\/ayuntamiento\/?s={search_term_string}"},"query-input":{"@type":"PropertyValueSpecification","valueRequired":true,"valueName":"search_term_string"}}],"inLanguage":"es"},{"@type":"Organization","@id":"https:\/\/coria.org\/ayuntamiento\/#organization","name":"Ayuntamiento de Coria","alternateName":"Ayto de Coria","url":"https:\/\/coria.org\/ayuntamiento\/","logo":{"@type":"ImageObject","inLanguage":"es","@id":"https:\/\/coria.org\/ayuntamiento\/#\/schema\/logo\/image\/","url":"https:\/\/coria.org\/ayuntamiento\/wp-content\/uploads\/2020\/12\/escudo-ayuntamiento-coria.png","contentUrl":"https:\/\/coria.org\/ayuntamiento\/wp-content\/uploads\/2020\/12\/escudo-ayuntamiento-coria.png","width":511,"height":240,"caption":"Ayuntamiento de Coria"},"image":{"@id":"https:\/\/coria.org\/ayuntamiento\/#\/schema\/logo\/image\/"},"sameAs":["https:\/\/www.facebook.com\/Ayuntamiento.de.Coria","https:\/\/x.com\/Ayto_de_Coria","https:\/\/www.instagram.com\/coria.ayuntamiento\/","https:\/\/www.youtube.com\/user\/AYUNTAMIENTOCORIA"]},{"@type":"Person","@id":"https:\/\/coria.org\/ayuntamiento\/#\/schema\/person\/8bd589f0e13e8ae5aa06def7a599d622","name":"ayuntamiento","image":{"@type":"ImageObject","inLanguage":"es","@id":"https:\/\/secure.gravatar.com\/avatar\/966e5ed73cad334adda5c87f49f2547f7082f7292c1b627cbb548744383b391c?s=96&d=mm&r=g","url":"https:\/\/secure.gravatar.com\/avatar\/966e5ed73cad334adda5c87f49f2547f7082f7292c1b627cbb548744383b391c?s=96&d=mm&r=g","contentUrl":"https:\/\/secure.gravatar.com\/avatar\/966e5ed73cad334adda5c87f49f2547f7082f7292c1b627cbb548744383b391c?s=96&d=mm&r=g","caption":"ayuntamiento"}}]}},"uagb_featured_image_src":{"full":false,"thumbnail":false,"medium":false,"medium_large":false,"large":false,"thumblist":false,"thumbrelated":false,"meccarouselthumb":false,"gridsquare":false,"tileview":false,"1536x1536":false,"2048x2048":false},"uagb_author_info":{"display_name":"ayuntamiento","author_link":"https:\/\/coria.org\/ayuntamiento\/index.php\/author\/ayuntamiento\/"},"uagb_comment_info":0,"uagb_excerpt":"Sr. Alcalde-Presidente del Excmo. Ayuntamiento de Coria, D. Jos\u00e9 Manuel Garc\u00eda Ballestero, realiz\u00f3 una rueda de prensa de presentaci\u00f3n de la jornada nacional de celebraci\u00f3n del III D\u00eda Conmemorativo de las Catedrales, dentro de la Red de Ciudades Catedralicias, que tuvo lugar el jueves, 20 de octubre, a las 12:00 h., en el Sal\u00f3n de&hellip;","_links":{"self":[{"href":"https:\/\/coria.org\/ayuntamiento\/index.php\/wp-json\/wp\/v2\/posts\/26682","targetHints":{"allow":["GET"]}}],"collection":[{"href":"https:\/\/coria.org\/ayuntamiento\/index.php\/wp-json\/wp\/v2\/posts"}],"about":[{"href":"https:\/\/coria.org\/ayuntamiento\/index.php\/wp-json\/wp\/v2\/types\/post"}],"author":[{"embeddable":true,"href":"https:\/\/coria.org\/ayuntamiento\/index.php\/wp-json\/wp\/v2\/users\/2"}],"replies":[{"embeddable":true,"href":"https:\/\/coria.org\/ayuntamiento\/index.php\/wp-json\/wp\/v2\/comments?post=26682"}],"version-history":[{"count":0,"href":"https:\/\/coria.org\/ayuntamiento\/index.php\/wp-json\/wp\/v2\/posts\/26682\/revisions"}],"wp:attachment":[{"href":"https:\/\/coria.org\/ayuntamiento\/index.php\/wp-json\/wp\/v2\/media?parent=26682"}],"wp:term":[{"taxonomy":"category","embeddable":true,"href":"https:\/\/coria.org\/ayuntamiento\/index.php\/wp-json\/wp\/v2\/categories?post=26682"},{"taxonomy":"post_tag","embeddable":true,"href":"https:\/\/coria.org\/ayuntamiento\/index.php\/wp-json\/wp\/v2\/tags?post=26682"}],"curies":[{"name":"wp","href":"https:\/\/api.w.org\/{rel}","templated":true}]}}