{"id":26679,"date":"2011-10-24T00:00:00","date_gmt":"2011-10-23T22:00:00","guid":{"rendered":"https:\/\/ayuntamiento.coriaenimagenes.com\/acto-de-presentacion-oficial-del-iii-dia-conmemorativo-de-las-catedrales\/"},"modified":"2023-11-16T11:25:07","modified_gmt":"2023-11-16T10:25:07","slug":"acto-de-presentacion-oficial-del-iii-dia-conmemorativo-de-las-catedrales","status":"publish","type":"post","link":"https:\/\/coria.org\/ayuntamiento\/index.php\/2011\/10\/24\/acto-de-presentacion-oficial-del-iii-dia-conmemorativo-de-las-catedrales\/","title":{"rendered":"Acto de Presentaci\u00f3n Oficial del III D\u00eda conmemorativo de las Catedrales"},"content":{"rendered":"\n<p><b>Tras la solemne entrada de \u00f3rgano titulada: \u00abLargo de Xerxes\u00bb de Haendel (Siglo XVIII), interpretada por D\u00f1a. Noelia Bueso Almendros, se celebr\u00f3 el pasado S\u00e1bado, 22 de Octubre de 2011, el Acto Central del III D\u00eda Conmemorativo de las Catedrales que tuvo lugar en la Santa Iglesia Catedral de Santa Mar\u00eda de la Asunci\u00f3n de Coria.<\/b><\/p>\n\n\n\n<p><span style=\"font-family: verdana,arial,helvetica,sans-serif; font-size: small;\">Un acto en el que estuvieron presentes, tanto el Sr. De\u00e1n-Presidente del Cabildo Catedral, D. Jos\u00e9 Antonio Fuentes Caballero, como el Sr. Alcalde-Presidente del Ayuntamiento de Coria, D. Jos\u00e9 Manuel Garc\u00eda Ballestero, adem\u00e1s de otras Autoridades Eclesi\u00e1sticas, caso los Can\u00f3nigos del Cabildo Catedral y resto de miembros de la Corporaci\u00f3n Municipal, as\u00ed como los representantes de los distintos Centros Educativos de la localidad y sus pedan\u00edas, miembros directivos y asociados de las Cofrad\u00edas Penitenciales de la ciudad, y medios de comunicaci\u00f3n acreditados, junto al resto de invitados y p\u00fablico en general presentes en este magno primer Templo de la Di\u00f3cesis Cauriense.<\/span><\/p>\n\n\n\n<p><span style=\"font-family: verdana,arial,helvetica,sans-serif; font-size: small;\">Un evento que cont\u00f3, adem\u00e1s, con la lectura de una serie manifiestos bajo el lema: \u00abLa Santa Iglesia Catedral de Santa Mar\u00eda de la Asunci\u00f3n de Coria como Tesoro de M\u00fasica Sacra\u00bb, que fueron expuestos, de manera introductoria, por D. Jos\u00e9 Antonio Fuentes Caballero, De\u00e1n del Cabildo Catedral de Coria, y m\u00e1s profundamente por D. Francisco Rodilla Le\u00f3n, Profesor de Did\u00e1ctica de la Expresi\u00f3n Musical de la UEX, finaliz\u00e1ndose el acto de intervenciones con la lectura del manifiesto del D\u00eda Conmemorativo de las Catedrales por parte del Alcalde-Presidente del Ayuntamiento de Coria, D. Jos\u00e9 Manuel Garc\u00eda Ballestero.<\/span><\/p>\n\n\n\n<p><span style=\"font-family: verdana,arial,helvetica,sans-serif; font-size: small;\">De igual modo, la Coral Cauriense, que con su desinteresada colaboraci\u00f3n, quiso rendirle su m\u00e1s sincero y cari\u00f1oso homenaje a quien fuera su director, maestro y fundador, D. Jos\u00e9 Delgado Corrales, a quien estuvo dedicada, en parte, toda la programaci\u00f3n musical ofrecida en este singular d\u00eda dedicado a la Catedrales y en el que particip\u00f3 generosamente en sus dos anteriores ediciones, interpret\u00f3 dos piezas de su variado repertorio tituladas: \u00abQuinta Cantiga a Mar\u00eda Inmaculada\u00bb con letra de D. Jos\u00e9 Luis Rubio Pulido, Can\u00f3nigo que fuera Maestro de Capilla del Cabildo Catedral Cauriense, y \u00abEres Virgen de Argeme\u00bb compuesta por el propio homenajeado a la Patrona de Coria.<\/span><\/p>\n\n\n\n<p><span style=\"font-family: verdana,arial,helvetica,sans-serif; font-size: small;\">Asimismo, la Escuela Municipal de M\u00fasica, a trav\u00e9s de una representaci\u00f3n de j\u00f3venes violinistas: Alicia, Andrea y Marina, se sum\u00f3 tambi\u00e9n con su inestimable colaboraci\u00f3n a este Acto interpretando una pieza de su rico repertorio titulada: \u00abCanon Inversus\u00bb de Wolfgang Amadeus Mozart (S. XVIII).<\/span><\/p>\n\n\n\n<p><span style=\"font-family: verdana,arial,helvetica,sans-serif; font-size: small;\">Finalmente, se dio por clausurado este III D\u00eda Conmemorativo de las Catedrales con la entrega de diplomas acreditativos por parte del Excmo. Ayuntamiento de Coria y Ilmo. Cabildo Catedralicio a trav\u00e9s de sus respectivas autoridades asistentes, caso del Alcalde-Presidente, D. Jos\u00e9 Manuel Garc\u00eda Ballestero, de la Concejala Delegada de Cultura y Turismo, D\u00f1a. Almudena Domingo Pirrongelli, y del De\u00e1n-Presidente del Cabildo Catedral, D. Jos\u00e9 Antonio Fuentes Caballero, a todos los colaboradores y entidades participantes en reconocimiento y recuerdo a su labor desinteresada mostradas en este especial d\u00eda, caso de: D\u00f1a. Noelia Bueso Almendros como organista de esta Santa Iglesia Catedral, D. Jos\u00e9 Antonio Fuentes Caballero y D. Francisco Rodilla Le\u00f3n como ponentes, D. \u00d3scar Garc\u00eda Ballestero como Director del Museo <\/span><\/p>\n\n\n\n<p><span style=\"font-family: verdana,arial,helvetica,sans-serif; font-size: small;\">Catedralicio, a las ni\u00f1as de viol\u00edn de la Escuela Municipal de M\u00fasica, Alicia Rodr\u00edguez Mogoll\u00f3n, Andrea Renilla Mart\u00edn y Marina S\u00e1nchez Reveriego, as\u00ed como a la propia Coral Cauriense y la Escuela Municipal de M\u00fasica.<\/span><\/p>\n\n\n\n<p><span style=\"font-family: verdana,arial,helvetica,sans-serif; font-size: small;\">Adem\u00e1s, en agradecimiento y homenaje a su dilatada trayectoria profesional y a su participaci\u00f3n cooperativa en aquellos eventos eclesi\u00e1sticos y municipales desarrollados en este magno templo catedralicio y la propia localidad cauriense, se hizo entrega, de igual modo, de diversos diplomas honor\u00edficos acreditativos a: D. Jos\u00e9 Delgado Corrales, In Memoriam como Organista Oficial de esta Santa Iglesia Catedral y Director de la Coral Cauriense, que fue recogido entre un merecido y prolongado aplauso por su querida esposa, D\u00f1a. Mar\u00eda Felicita Clemente Fuentes \u00abLali\u00bb; a D\u00f1a. Ramona Guti\u00e9rrez Garc\u00eda \u00abLa Campanera\u00bb por toda una vida dedicada a este entregado oficio llevado a cabo en este magno primer templo de la Di\u00f3cesis que fue recogido tambi\u00e9n entre fuertes aplausos por la propia homenajeada; as\u00ed como a D. Jos\u00e9 Luis Rubio Pulido, In Memoriam como Can\u00f3nigo Maestro de Capilla que fue de este Cabildo Catedralicio por su importante labor a favor de la m\u00fasica sacra de este templo.<\/span><\/p>\n\n\n\n<p><span style=\"font-family: verdana,arial,helvetica,sans-serif; font-size: small;\">Todo un brillante d\u00eda que finaliz\u00f3 con la visita guiada nocturna explicativa de la Portada del Perd\u00f3n de la Fachada Principal de esta Santa Iglesia Catedral y posterior subida a la Torre-Campanario llevada a cabo por \u00d3scar Garc\u00eda Ballestero, Director del Museo Catedralicio, desde donde poder observar experiencias est\u00e9ticas y m\u00edsticas inolvidables.<\/span><\/p>\n\n\n\n<p><span style=\"font-family: verdana,arial,helvetica,sans-serif; font-size: small;\">En Coria, a 24 de Octubre de 2011.<\/span><\/p>\n\n\n\n<p><span style=\"font-family: verdana,arial,helvetica,sans-serif; font-size: small;\">Concejal\u00eda Delegada de Industria, Comercio, Cultura y Turismo.<br \/>Excmo. Ayuntamiento de Coria.<br \/><\/span><\/p>\n","protected":false},"excerpt":{"rendered":"<p>Tras la solemne entrada de \u00f3rgano titulada: \u00abLargo de Xerxes\u00bb de Haendel (Siglo XVIII), interpretada por D\u00f1a. Noelia Bueso Almendros, se celebr\u00f3 el pasado S\u00e1bado, 22 de Octubre de 2011, el Acto Central del III D\u00eda Conmemorativo de las Catedrales que tuvo lugar en la Santa Iglesia Catedral de Santa Mar\u00eda de la Asunci\u00f3n de [&hellip;]<\/p>\n","protected":false},"author":2,"featured_media":0,"comment_status":"closed","ping_status":"closed","sticky":false,"template":"","format":"standard","meta":{"_uag_custom_page_level_css":"","footnotes":""},"categories":[2],"tags":[422],"class_list":["post-26679","post","type-post","status-publish","format-standard","hentry","category-noticias","tag-dia-catedrales"],"yoast_head":"<!-- This site is optimized with the Yoast SEO plugin v27.4 - https:\/\/yoast.com\/product\/yoast-seo-wordpress\/ -->\n<title>Acto de Presentaci\u00f3n Oficial del III D\u00eda conmemorativo de las Catedrales - Ayuntamiento de Coria<\/title>\n<meta name=\"robots\" content=\"index, follow, max-snippet:-1, max-image-preview:large, max-video-preview:-1\" \/>\n<link rel=\"canonical\" href=\"https:\/\/coria.org\/ayuntamiento\/index.php\/2011\/10\/24\/acto-de-presentacion-oficial-del-iii-dia-conmemorativo-de-las-catedrales\/\" \/>\n<meta property=\"og:locale\" content=\"es_ES\" \/>\n<meta property=\"og:type\" content=\"article\" \/>\n<meta property=\"og:title\" content=\"Acto de Presentaci\u00f3n Oficial del III D\u00eda conmemorativo de las Catedrales - Ayuntamiento de Coria\" \/>\n<meta property=\"og:description\" content=\"Tras la solemne entrada de \u00f3rgano titulada: \u00abLargo de Xerxes\u00bb de Haendel (Siglo XVIII), interpretada por D\u00f1a. Noelia Bueso Almendros, se celebr\u00f3 el pasado S\u00e1bado, 22 de Octubre de 2011, el Acto Central del III D\u00eda Conmemorativo de las Catedrales que tuvo lugar en la Santa Iglesia Catedral de Santa Mar\u00eda de la Asunci\u00f3n de [&hellip;]\" \/>\n<meta property=\"og:url\" content=\"https:\/\/coria.org\/ayuntamiento\/index.php\/2011\/10\/24\/acto-de-presentacion-oficial-del-iii-dia-conmemorativo-de-las-catedrales\/\" \/>\n<meta property=\"og:site_name\" content=\"Ayuntamiento de Coria\" \/>\n<meta property=\"article:publisher\" content=\"https:\/\/www.facebook.com\/Ayuntamiento.de.Coria\" \/>\n<meta property=\"article:published_time\" content=\"2011-10-23T22:00:00+00:00\" \/>\n<meta property=\"article:modified_time\" content=\"2023-11-16T10:25:07+00:00\" \/>\n<meta name=\"author\" content=\"ayuntamiento\" \/>\n<meta name=\"twitter:card\" content=\"summary_large_image\" \/>\n<meta name=\"twitter:creator\" content=\"@Ayto_de_Coria\" \/>\n<meta name=\"twitter:site\" content=\"@Ayto_de_Coria\" \/>\n<meta name=\"twitter:label1\" content=\"Escrito por\" \/>\n\t<meta name=\"twitter:data1\" content=\"ayuntamiento\" \/>\n\t<meta name=\"twitter:label2\" content=\"Tiempo de lectura\" \/>\n\t<meta name=\"twitter:data2\" content=\"4 minutos\" \/>\n<script type=\"application\/ld+json\" class=\"yoast-schema-graph\">{\"@context\":\"https:\\\/\\\/schema.org\",\"@graph\":[{\"@type\":\"Article\",\"@id\":\"https:\\\/\\\/coria.org\\\/ayuntamiento\\\/index.php\\\/2011\\\/10\\\/24\\\/acto-de-presentacion-oficial-del-iii-dia-conmemorativo-de-las-catedrales\\\/#article\",\"isPartOf\":{\"@id\":\"https:\\\/\\\/coria.org\\\/ayuntamiento\\\/index.php\\\/2011\\\/10\\\/24\\\/acto-de-presentacion-oficial-del-iii-dia-conmemorativo-de-las-catedrales\\\/\"},\"author\":{\"name\":\"ayuntamiento\",\"@id\":\"https:\\\/\\\/coria.org\\\/ayuntamiento\\\/#\\\/schema\\\/person\\\/8bd589f0e13e8ae5aa06def7a599d622\"},\"headline\":\"Acto de Presentaci\u00f3n Oficial del III D\u00eda conmemorativo de las Catedrales\",\"datePublished\":\"2011-10-23T22:00:00+00:00\",\"dateModified\":\"2023-11-16T10:25:07+00:00\",\"mainEntityOfPage\":{\"@id\":\"https:\\\/\\\/coria.org\\\/ayuntamiento\\\/index.php\\\/2011\\\/10\\\/24\\\/acto-de-presentacion-oficial-del-iii-dia-conmemorativo-de-las-catedrales\\\/\"},\"wordCount\":873,\"publisher\":{\"@id\":\"https:\\\/\\\/coria.org\\\/ayuntamiento\\\/#organization\"},\"keywords\":[\"dia catedrales\"],\"articleSection\":[\"Noticias\"],\"inLanguage\":\"es\"},{\"@type\":\"WebPage\",\"@id\":\"https:\\\/\\\/coria.org\\\/ayuntamiento\\\/index.php\\\/2011\\\/10\\\/24\\\/acto-de-presentacion-oficial-del-iii-dia-conmemorativo-de-las-catedrales\\\/\",\"url\":\"https:\\\/\\\/coria.org\\\/ayuntamiento\\\/index.php\\\/2011\\\/10\\\/24\\\/acto-de-presentacion-oficial-del-iii-dia-conmemorativo-de-las-catedrales\\\/\",\"name\":\"Acto de Presentaci\u00f3n Oficial del III D\u00eda conmemorativo de las Catedrales - Ayuntamiento de Coria\",\"isPartOf\":{\"@id\":\"https:\\\/\\\/coria.org\\\/ayuntamiento\\\/#website\"},\"datePublished\":\"2011-10-23T22:00:00+00:00\",\"dateModified\":\"2023-11-16T10:25:07+00:00\",\"breadcrumb\":{\"@id\":\"https:\\\/\\\/coria.org\\\/ayuntamiento\\\/index.php\\\/2011\\\/10\\\/24\\\/acto-de-presentacion-oficial-del-iii-dia-conmemorativo-de-las-catedrales\\\/#breadcrumb\"},\"inLanguage\":\"es\",\"potentialAction\":[{\"@type\":\"ReadAction\",\"target\":[\"https:\\\/\\\/coria.org\\\/ayuntamiento\\\/index.php\\\/2011\\\/10\\\/24\\\/acto-de-presentacion-oficial-del-iii-dia-conmemorativo-de-las-catedrales\\\/\"]}]},{\"@type\":\"BreadcrumbList\",\"@id\":\"https:\\\/\\\/coria.org\\\/ayuntamiento\\\/index.php\\\/2011\\\/10\\\/24\\\/acto-de-presentacion-oficial-del-iii-dia-conmemorativo-de-las-catedrales\\\/#breadcrumb\",\"itemListElement\":[{\"@type\":\"ListItem\",\"position\":1,\"name\":\"Inicio\",\"item\":\"https:\\\/\\\/coria.org\\\/ayuntamiento\\\/\"},{\"@type\":\"ListItem\",\"position\":2,\"name\":\"Acto de Presentaci\u00f3n Oficial del III D\u00eda conmemorativo de las Catedrales\"}]},{\"@type\":\"WebSite\",\"@id\":\"https:\\\/\\\/coria.org\\\/ayuntamiento\\\/#website\",\"url\":\"https:\\\/\\\/coria.org\\\/ayuntamiento\\\/\",\"name\":\"Ayuntamiento de Coria\",\"description\":\"Web oficial del Ayuntamiento de Coria\",\"publisher\":{\"@id\":\"https:\\\/\\\/coria.org\\\/ayuntamiento\\\/#organization\"},\"alternateName\":\"Web Oficial del Ayuntamiento de Coria\",\"potentialAction\":[{\"@type\":\"SearchAction\",\"target\":{\"@type\":\"EntryPoint\",\"urlTemplate\":\"https:\\\/\\\/coria.org\\\/ayuntamiento\\\/?s={search_term_string}\"},\"query-input\":{\"@type\":\"PropertyValueSpecification\",\"valueRequired\":true,\"valueName\":\"search_term_string\"}}],\"inLanguage\":\"es\"},{\"@type\":\"Organization\",\"@id\":\"https:\\\/\\\/coria.org\\\/ayuntamiento\\\/#organization\",\"name\":\"Ayuntamiento de Coria\",\"alternateName\":\"Ayto de Coria\",\"url\":\"https:\\\/\\\/coria.org\\\/ayuntamiento\\\/\",\"logo\":{\"@type\":\"ImageObject\",\"inLanguage\":\"es\",\"@id\":\"https:\\\/\\\/coria.org\\\/ayuntamiento\\\/#\\\/schema\\\/logo\\\/image\\\/\",\"url\":\"https:\\\/\\\/coria.org\\\/ayuntamiento\\\/wp-content\\\/uploads\\\/2020\\\/12\\\/escudo-ayuntamiento-coria.png\",\"contentUrl\":\"https:\\\/\\\/coria.org\\\/ayuntamiento\\\/wp-content\\\/uploads\\\/2020\\\/12\\\/escudo-ayuntamiento-coria.png\",\"width\":511,\"height\":240,\"caption\":\"Ayuntamiento de Coria\"},\"image\":{\"@id\":\"https:\\\/\\\/coria.org\\\/ayuntamiento\\\/#\\\/schema\\\/logo\\\/image\\\/\"},\"sameAs\":[\"https:\\\/\\\/www.facebook.com\\\/Ayuntamiento.de.Coria\",\"https:\\\/\\\/x.com\\\/Ayto_de_Coria\",\"https:\\\/\\\/www.instagram.com\\\/coria.ayuntamiento\\\/\",\"https:\\\/\\\/www.youtube.com\\\/user\\\/AYUNTAMIENTOCORIA\"]},{\"@type\":\"Person\",\"@id\":\"https:\\\/\\\/coria.org\\\/ayuntamiento\\\/#\\\/schema\\\/person\\\/8bd589f0e13e8ae5aa06def7a599d622\",\"name\":\"ayuntamiento\",\"image\":{\"@type\":\"ImageObject\",\"inLanguage\":\"es\",\"@id\":\"https:\\\/\\\/secure.gravatar.com\\\/avatar\\\/966e5ed73cad334adda5c87f49f2547f7082f7292c1b627cbb548744383b391c?s=96&d=mm&r=g\",\"url\":\"https:\\\/\\\/secure.gravatar.com\\\/avatar\\\/966e5ed73cad334adda5c87f49f2547f7082f7292c1b627cbb548744383b391c?s=96&d=mm&r=g\",\"contentUrl\":\"https:\\\/\\\/secure.gravatar.com\\\/avatar\\\/966e5ed73cad334adda5c87f49f2547f7082f7292c1b627cbb548744383b391c?s=96&d=mm&r=g\",\"caption\":\"ayuntamiento\"}}]}<\/script>\n<!-- \/ Yoast SEO plugin. -->","yoast_head_json":{"title":"Acto de Presentaci\u00f3n Oficial del III D\u00eda conmemorativo de las Catedrales - Ayuntamiento de Coria","robots":{"index":"index","follow":"follow","max-snippet":"max-snippet:-1","max-image-preview":"max-image-preview:large","max-video-preview":"max-video-preview:-1"},"canonical":"https:\/\/coria.org\/ayuntamiento\/index.php\/2011\/10\/24\/acto-de-presentacion-oficial-del-iii-dia-conmemorativo-de-las-catedrales\/","og_locale":"es_ES","og_type":"article","og_title":"Acto de Presentaci\u00f3n Oficial del III D\u00eda conmemorativo de las Catedrales - Ayuntamiento de Coria","og_description":"Tras la solemne entrada de \u00f3rgano titulada: \u00abLargo de Xerxes\u00bb de Haendel (Siglo XVIII), interpretada por D\u00f1a. Noelia Bueso Almendros, se celebr\u00f3 el pasado S\u00e1bado, 22 de Octubre de 2011, el Acto Central del III D\u00eda Conmemorativo de las Catedrales que tuvo lugar en la Santa Iglesia Catedral de Santa Mar\u00eda de la Asunci\u00f3n de [&hellip;]","og_url":"https:\/\/coria.org\/ayuntamiento\/index.php\/2011\/10\/24\/acto-de-presentacion-oficial-del-iii-dia-conmemorativo-de-las-catedrales\/","og_site_name":"Ayuntamiento de Coria","article_publisher":"https:\/\/www.facebook.com\/Ayuntamiento.de.Coria","article_published_time":"2011-10-23T22:00:00+00:00","article_modified_time":"2023-11-16T10:25:07+00:00","author":"ayuntamiento","twitter_card":"summary_large_image","twitter_creator":"@Ayto_de_Coria","twitter_site":"@Ayto_de_Coria","twitter_misc":{"Escrito por":"ayuntamiento","Tiempo de lectura":"4 minutos"},"schema":{"@context":"https:\/\/schema.org","@graph":[{"@type":"Article","@id":"https:\/\/coria.org\/ayuntamiento\/index.php\/2011\/10\/24\/acto-de-presentacion-oficial-del-iii-dia-conmemorativo-de-las-catedrales\/#article","isPartOf":{"@id":"https:\/\/coria.org\/ayuntamiento\/index.php\/2011\/10\/24\/acto-de-presentacion-oficial-del-iii-dia-conmemorativo-de-las-catedrales\/"},"author":{"name":"ayuntamiento","@id":"https:\/\/coria.org\/ayuntamiento\/#\/schema\/person\/8bd589f0e13e8ae5aa06def7a599d622"},"headline":"Acto de Presentaci\u00f3n Oficial del III D\u00eda conmemorativo de las Catedrales","datePublished":"2011-10-23T22:00:00+00:00","dateModified":"2023-11-16T10:25:07+00:00","mainEntityOfPage":{"@id":"https:\/\/coria.org\/ayuntamiento\/index.php\/2011\/10\/24\/acto-de-presentacion-oficial-del-iii-dia-conmemorativo-de-las-catedrales\/"},"wordCount":873,"publisher":{"@id":"https:\/\/coria.org\/ayuntamiento\/#organization"},"keywords":["dia catedrales"],"articleSection":["Noticias"],"inLanguage":"es"},{"@type":"WebPage","@id":"https:\/\/coria.org\/ayuntamiento\/index.php\/2011\/10\/24\/acto-de-presentacion-oficial-del-iii-dia-conmemorativo-de-las-catedrales\/","url":"https:\/\/coria.org\/ayuntamiento\/index.php\/2011\/10\/24\/acto-de-presentacion-oficial-del-iii-dia-conmemorativo-de-las-catedrales\/","name":"Acto de Presentaci\u00f3n Oficial del III D\u00eda conmemorativo de las Catedrales - Ayuntamiento de Coria","isPartOf":{"@id":"https:\/\/coria.org\/ayuntamiento\/#website"},"datePublished":"2011-10-23T22:00:00+00:00","dateModified":"2023-11-16T10:25:07+00:00","breadcrumb":{"@id":"https:\/\/coria.org\/ayuntamiento\/index.php\/2011\/10\/24\/acto-de-presentacion-oficial-del-iii-dia-conmemorativo-de-las-catedrales\/#breadcrumb"},"inLanguage":"es","potentialAction":[{"@type":"ReadAction","target":["https:\/\/coria.org\/ayuntamiento\/index.php\/2011\/10\/24\/acto-de-presentacion-oficial-del-iii-dia-conmemorativo-de-las-catedrales\/"]}]},{"@type":"BreadcrumbList","@id":"https:\/\/coria.org\/ayuntamiento\/index.php\/2011\/10\/24\/acto-de-presentacion-oficial-del-iii-dia-conmemorativo-de-las-catedrales\/#breadcrumb","itemListElement":[{"@type":"ListItem","position":1,"name":"Inicio","item":"https:\/\/coria.org\/ayuntamiento\/"},{"@type":"ListItem","position":2,"name":"Acto de Presentaci\u00f3n Oficial del III D\u00eda conmemorativo de las Catedrales"}]},{"@type":"WebSite","@id":"https:\/\/coria.org\/ayuntamiento\/#website","url":"https:\/\/coria.org\/ayuntamiento\/","name":"Ayuntamiento de Coria","description":"Web oficial del Ayuntamiento de Coria","publisher":{"@id":"https:\/\/coria.org\/ayuntamiento\/#organization"},"alternateName":"Web Oficial del Ayuntamiento de Coria","potentialAction":[{"@type":"SearchAction","target":{"@type":"EntryPoint","urlTemplate":"https:\/\/coria.org\/ayuntamiento\/?s={search_term_string}"},"query-input":{"@type":"PropertyValueSpecification","valueRequired":true,"valueName":"search_term_string"}}],"inLanguage":"es"},{"@type":"Organization","@id":"https:\/\/coria.org\/ayuntamiento\/#organization","name":"Ayuntamiento de Coria","alternateName":"Ayto de Coria","url":"https:\/\/coria.org\/ayuntamiento\/","logo":{"@type":"ImageObject","inLanguage":"es","@id":"https:\/\/coria.org\/ayuntamiento\/#\/schema\/logo\/image\/","url":"https:\/\/coria.org\/ayuntamiento\/wp-content\/uploads\/2020\/12\/escudo-ayuntamiento-coria.png","contentUrl":"https:\/\/coria.org\/ayuntamiento\/wp-content\/uploads\/2020\/12\/escudo-ayuntamiento-coria.png","width":511,"height":240,"caption":"Ayuntamiento de Coria"},"image":{"@id":"https:\/\/coria.org\/ayuntamiento\/#\/schema\/logo\/image\/"},"sameAs":["https:\/\/www.facebook.com\/Ayuntamiento.de.Coria","https:\/\/x.com\/Ayto_de_Coria","https:\/\/www.instagram.com\/coria.ayuntamiento\/","https:\/\/www.youtube.com\/user\/AYUNTAMIENTOCORIA"]},{"@type":"Person","@id":"https:\/\/coria.org\/ayuntamiento\/#\/schema\/person\/8bd589f0e13e8ae5aa06def7a599d622","name":"ayuntamiento","image":{"@type":"ImageObject","inLanguage":"es","@id":"https:\/\/secure.gravatar.com\/avatar\/966e5ed73cad334adda5c87f49f2547f7082f7292c1b627cbb548744383b391c?s=96&d=mm&r=g","url":"https:\/\/secure.gravatar.com\/avatar\/966e5ed73cad334adda5c87f49f2547f7082f7292c1b627cbb548744383b391c?s=96&d=mm&r=g","contentUrl":"https:\/\/secure.gravatar.com\/avatar\/966e5ed73cad334adda5c87f49f2547f7082f7292c1b627cbb548744383b391c?s=96&d=mm&r=g","caption":"ayuntamiento"}}]}},"uagb_featured_image_src":{"full":false,"thumbnail":false,"medium":false,"medium_large":false,"large":false,"thumblist":false,"thumbrelated":false,"meccarouselthumb":false,"gridsquare":false,"tileview":false,"1536x1536":false,"2048x2048":false},"uagb_author_info":{"display_name":"ayuntamiento","author_link":"https:\/\/coria.org\/ayuntamiento\/index.php\/author\/ayuntamiento\/"},"uagb_comment_info":0,"uagb_excerpt":"Tras la solemne entrada de \u00f3rgano titulada: \u00abLargo de Xerxes\u00bb de Haendel (Siglo XVIII), interpretada por D\u00f1a. Noelia Bueso Almendros, se celebr\u00f3 el pasado S\u00e1bado, 22 de Octubre de 2011, el Acto Central del III D\u00eda Conmemorativo de las Catedrales que tuvo lugar en la Santa Iglesia Catedral de Santa Mar\u00eda de la Asunci\u00f3n de&hellip;","_links":{"self":[{"href":"https:\/\/coria.org\/ayuntamiento\/index.php\/wp-json\/wp\/v2\/posts\/26679","targetHints":{"allow":["GET"]}}],"collection":[{"href":"https:\/\/coria.org\/ayuntamiento\/index.php\/wp-json\/wp\/v2\/posts"}],"about":[{"href":"https:\/\/coria.org\/ayuntamiento\/index.php\/wp-json\/wp\/v2\/types\/post"}],"author":[{"embeddable":true,"href":"https:\/\/coria.org\/ayuntamiento\/index.php\/wp-json\/wp\/v2\/users\/2"}],"replies":[{"embeddable":true,"href":"https:\/\/coria.org\/ayuntamiento\/index.php\/wp-json\/wp\/v2\/comments?post=26679"}],"version-history":[{"count":0,"href":"https:\/\/coria.org\/ayuntamiento\/index.php\/wp-json\/wp\/v2\/posts\/26679\/revisions"}],"wp:attachment":[{"href":"https:\/\/coria.org\/ayuntamiento\/index.php\/wp-json\/wp\/v2\/media?parent=26679"}],"wp:term":[{"taxonomy":"category","embeddable":true,"href":"https:\/\/coria.org\/ayuntamiento\/index.php\/wp-json\/wp\/v2\/categories?post=26679"},{"taxonomy":"post_tag","embeddable":true,"href":"https:\/\/coria.org\/ayuntamiento\/index.php\/wp-json\/wp\/v2\/tags?post=26679"}],"curies":[{"name":"wp","href":"https:\/\/api.w.org\/{rel}","templated":true}]}}