{"id":26669,"date":"2011-11-07T00:00:00","date_gmt":"2011-11-06T23:00:00","guid":{"rendered":"https:\/\/ayuntamiento.coriaenimagenes.com\/buena-acogida-de-la-red-de-ciudades-y-villas-medievales-en-lisboa\/"},"modified":"2023-11-16T11:25:07","modified_gmt":"2023-11-16T10:25:07","slug":"buena-acogida-de-la-red-de-ciudades-y-villas-medievales-en-lisboa","status":"publish","type":"post","link":"https:\/\/coria.org\/ayuntamiento\/index.php\/2011\/11\/07\/buena-acogida-de-la-red-de-ciudades-y-villas-medievales-en-lisboa\/","title":{"rendered":"Buena acogida de la Red de Ciudades y Villas Medievales en Lisboa"},"content":{"rendered":"\n<p><b>La Red de Ciudades y Villas Medievales present\u00f3 la noche del jueves el potencial de los atractivos tur\u00edsticos de los doce destinos que integran esta alianza de municipios ba\u00f1ados por la esencia del Medievo. Un acto que demostr\u00f3 el creciente inter\u00e9s que despierta tambi\u00e9n el turismo cultural en Lisboa, a cuya cita acudieron medio centenar de profesionales del \u00e1mbito de la informaci\u00f3n de la capital portuguesa para conocer la oferta tur\u00edstica, cultural, gastron\u00f3mica y de naturaleza que emana de cada localidad a trav\u00e9s de la presentaci\u00f3n del IV Concurso Internacional de Pinchos y Tapas Medievales.<\/b><\/p>\n\n\n\n<p><span style=\"font-family: verdana,arial,helvetica,sans-serif; font-size: small;\">En la presentaci\u00f3n, celebrada en el Museo Nacional de Arte Antiguo, estuvieron presentes una delegaci\u00f3n de los representantes de las localidades que conforman esta asociaci\u00f3n que estuvo encabezada por el Alcalde de Coria, Jos\u00e9 Manuel Garc\u00eda Ballestero, quien inici\u00f3 su intervenci\u00f3n haciendo un recorrido sobre el proceso de constituci\u00f3n de la misma con el objetivo de: \u00abponer en valor el rico patrimonio cultural, dem\u00e1s del natural, que atesora este Circuito Tur\u00edstico Medieval que atraviesa la Pen\u00ednsula Ib\u00e9rica de Norte a Suroeste, con la intenci\u00f3n de promocionar y difundir su extenso legado hist\u00f3rico, donde su pasado medieval ha llegado hasta nuestros d\u00edas a trav\u00e9s de su historia, su arquitectura, sus leyendas, su literatura o su propia gastronom\u00eda\u00bb.<\/span><\/p>\n\n\n\n<p><span style=\"font-family: verdana,arial,helvetica,sans-serif; font-size: small;\">En este sentido, no quiso dejar pasar esta oportunidad brindada para ofrecer, tanto a los propios lisboetas, as\u00ed como al resto de portugueses, medios de comunicaci\u00f3n y profesionales del sector tur\u00edstico del pa\u00eds vecino parte de ellos presentes en el acto: \u00aba hacer este sugerente recorrido por el Medievo a trav\u00e9s de las doce localidades que integran la Red de Ciudades y Villas Medievales en las que a buen seguro, les reportar\u00e1 el poder disfrutar en cada castillo, muralla y atalaya, en cada catedral, iglesia o convento, adem\u00e1s de deleitarse de la contemplaci\u00f3n y el descanso en bellos parajes, degustar su exquisita cocina gastron\u00f3mica o entretenerse a trav\u00e9s de su variada y sugestiva oferta cultural\u00bb.<\/span><\/p>\n\n\n\n<p><span style=\"font-family: verdana,arial,helvetica,sans-serif; font-size: small;\">Finalmente, cerr\u00f3 su intervenci\u00f3n aludiendo a que actualmente: \u00abuno de los valores m\u00e1s en alza y que mejor representan la herencia cultural de estas bellezas escondidas, como muestra viva y representante de primer nivel de la variedad, diversidad y calidad latente dentro de los doce municipios de la Red, es la propia gastronom\u00eda, cuyos aromas y sabores estar\u00e1n presentes en el IV Concurso Internacional de Pinchos y Tapas Medievales a celebrarse en la localidad lusa de Marv\u00e3o\u00bb; a cuyo evento, y de manera extensiva, se hizo una invitaci\u00f3n general por parte tambi\u00e9n del Presidente de la C\u00e2mara Municipal de esta bella villa lusa, V\u00edtor Manuel Martins Frutuoso, que intervino a continuaci\u00f3n cerrando el acto de intervenciones institucionales, anunciando de este modo que su ciudad: \u00abtendr\u00e1 el honor de recibir a once grandes chefs venidos de toda la Pen\u00ednsula dentro de las murallas de su Castillo elevado a 800 metros de altitud\u00bb.<\/span><\/p>\n\n\n\n<p><span style=\"font-family: verdana,arial,helvetica,sans-serif; font-size: small;\">Delicias culinarias que tambi\u00e9n tuvieron presencia en el evento, por medio de la celebraci\u00f3n de un Show Cooking en el que los cocineros: Jos\u00e9 Miguel Moreda Artola del Bar Gran Sol de Hondarribia, Alberto Cayado V\u00e1zquez del Sport Bar Las Piscinas de Olivenza y Manuel Ant\u00f3nio Calado Palma del Caf\u00e9-Restaurante de Vila Vi\u00e7osa, mostraron sus habilidades culinarias con creaciones como: el \u00abEstofado de hongos con crema de puerro, crema de berza, huevo mollete de codorniz y aire de espinaca\u00bb, el \u00abRollito ib\u00e9rico sobre salsa de higo\u00bb o los \u00abViciositos\u00bb, que pudieron ser posteriormente degustadas por todos los invitados al acto. Adem\u00e1s, la Ciudad de Coria, por su parte, se vio igualmente representada poniendo el postre de este apartado del programa a trav\u00e9s de los ricos y variados dulces artesanales confeccionados por las Reverendas Madres Franciscanas del Convento de la Madre de Dios.<\/span><\/p>\n\n\n\n<p><span style=\"font-family: verdana,arial,helvetica,sans-serif; font-size: small;\">En Coria, a 7 de noviembre de 2011.<\/span><\/p>\n\n\n\n<p><span style=\"font-family: verdana,arial,helvetica,sans-serif; font-size: small;\">Concejal\u00eda Delegada de Industria, Comercio, Cultura y Turismo.<br \/>Excmo. Ayuntamiento de Coria.<\/span><\/p>\n","protected":false},"excerpt":{"rendered":"<p>La Red de Ciudades y Villas Medievales present\u00f3 la noche del jueves el potencial de los atractivos tur\u00edsticos de los doce destinos que integran esta alianza de municipios ba\u00f1ados por la esencia del Medievo. Un acto que demostr\u00f3 el creciente inter\u00e9s que despierta tambi\u00e9n el turismo cultural en Lisboa, a cuya cita acudieron medio centenar [&hellip;]<\/p>\n","protected":false},"author":2,"featured_media":0,"comment_status":"closed","ping_status":"closed","sticky":false,"template":"","format":"standard","meta":{"_uag_custom_page_level_css":"","footnotes":""},"categories":[2],"tags":[1368,747],"class_list":["post-26669","post","type-post","status-publish","format-standard","hentry","category-noticias","tag-ciudades-y-villas-medievales","tag-lisboa"],"yoast_head":"<!-- This site is optimized with the Yoast SEO plugin v27.5 - https:\/\/yoast.com\/product\/yoast-seo-wordpress\/ -->\n<title>Buena acogida de la Red de Ciudades y Villas Medievales en Lisboa - Ayuntamiento de Coria<\/title>\n<meta name=\"robots\" content=\"index, follow, max-snippet:-1, max-image-preview:large, max-video-preview:-1\" \/>\n<link rel=\"canonical\" href=\"https:\/\/coria.org\/ayuntamiento\/index.php\/2011\/11\/07\/buena-acogida-de-la-red-de-ciudades-y-villas-medievales-en-lisboa\/\" \/>\n<meta property=\"og:locale\" content=\"es_ES\" \/>\n<meta property=\"og:type\" content=\"article\" \/>\n<meta property=\"og:title\" content=\"Buena acogida de la Red de Ciudades y Villas Medievales en Lisboa - Ayuntamiento de Coria\" \/>\n<meta property=\"og:description\" content=\"La Red de Ciudades y Villas Medievales present\u00f3 la noche del jueves el potencial de los atractivos tur\u00edsticos de los doce destinos que integran esta alianza de municipios ba\u00f1ados por la esencia del Medievo. Un acto que demostr\u00f3 el creciente inter\u00e9s que despierta tambi\u00e9n el turismo cultural en Lisboa, a cuya cita acudieron medio centenar [&hellip;]\" \/>\n<meta property=\"og:url\" content=\"https:\/\/coria.org\/ayuntamiento\/index.php\/2011\/11\/07\/buena-acogida-de-la-red-de-ciudades-y-villas-medievales-en-lisboa\/\" \/>\n<meta property=\"og:site_name\" content=\"Ayuntamiento de Coria\" \/>\n<meta property=\"article:publisher\" content=\"https:\/\/www.facebook.com\/Ayuntamiento.de.Coria\" \/>\n<meta property=\"article:published_time\" content=\"2011-11-06T23:00:00+00:00\" \/>\n<meta property=\"article:modified_time\" content=\"2023-11-16T10:25:07+00:00\" \/>\n<meta name=\"author\" content=\"ayuntamiento\" \/>\n<meta name=\"twitter:card\" content=\"summary_large_image\" \/>\n<meta name=\"twitter:creator\" content=\"@Ayto_de_Coria\" \/>\n<meta name=\"twitter:site\" content=\"@Ayto_de_Coria\" \/>\n<meta name=\"twitter:label1\" content=\"Escrito por\" \/>\n\t<meta name=\"twitter:data1\" content=\"ayuntamiento\" \/>\n\t<meta name=\"twitter:label2\" content=\"Tiempo de lectura\" \/>\n\t<meta name=\"twitter:data2\" content=\"3 minutos\" \/>\n<script type=\"application\/ld+json\" class=\"yoast-schema-graph\">{\"@context\":\"https:\\\/\\\/schema.org\",\"@graph\":[{\"@type\":\"Article\",\"@id\":\"https:\\\/\\\/coria.org\\\/ayuntamiento\\\/index.php\\\/2011\\\/11\\\/07\\\/buena-acogida-de-la-red-de-ciudades-y-villas-medievales-en-lisboa\\\/#article\",\"isPartOf\":{\"@id\":\"https:\\\/\\\/coria.org\\\/ayuntamiento\\\/index.php\\\/2011\\\/11\\\/07\\\/buena-acogida-de-la-red-de-ciudades-y-villas-medievales-en-lisboa\\\/\"},\"author\":{\"name\":\"ayuntamiento\",\"@id\":\"https:\\\/\\\/coria.org\\\/ayuntamiento\\\/#\\\/schema\\\/person\\\/8bd589f0e13e8ae5aa06def7a599d622\"},\"headline\":\"Buena acogida de la Red de Ciudades y Villas Medievales en Lisboa\",\"datePublished\":\"2011-11-06T23:00:00+00:00\",\"dateModified\":\"2023-11-16T10:25:07+00:00\",\"mainEntityOfPage\":{\"@id\":\"https:\\\/\\\/coria.org\\\/ayuntamiento\\\/index.php\\\/2011\\\/11\\\/07\\\/buena-acogida-de-la-red-de-ciudades-y-villas-medievales-en-lisboa\\\/\"},\"wordCount\":701,\"publisher\":{\"@id\":\"https:\\\/\\\/coria.org\\\/ayuntamiento\\\/#organization\"},\"keywords\":[\"ciudades y villas medievales\",\"lisboa\"],\"articleSection\":[\"Noticias\"],\"inLanguage\":\"es\"},{\"@type\":\"WebPage\",\"@id\":\"https:\\\/\\\/coria.org\\\/ayuntamiento\\\/index.php\\\/2011\\\/11\\\/07\\\/buena-acogida-de-la-red-de-ciudades-y-villas-medievales-en-lisboa\\\/\",\"url\":\"https:\\\/\\\/coria.org\\\/ayuntamiento\\\/index.php\\\/2011\\\/11\\\/07\\\/buena-acogida-de-la-red-de-ciudades-y-villas-medievales-en-lisboa\\\/\",\"name\":\"Buena acogida de la Red de Ciudades y Villas Medievales en Lisboa - Ayuntamiento de Coria\",\"isPartOf\":{\"@id\":\"https:\\\/\\\/coria.org\\\/ayuntamiento\\\/#website\"},\"datePublished\":\"2011-11-06T23:00:00+00:00\",\"dateModified\":\"2023-11-16T10:25:07+00:00\",\"breadcrumb\":{\"@id\":\"https:\\\/\\\/coria.org\\\/ayuntamiento\\\/index.php\\\/2011\\\/11\\\/07\\\/buena-acogida-de-la-red-de-ciudades-y-villas-medievales-en-lisboa\\\/#breadcrumb\"},\"inLanguage\":\"es\",\"potentialAction\":[{\"@type\":\"ReadAction\",\"target\":[\"https:\\\/\\\/coria.org\\\/ayuntamiento\\\/index.php\\\/2011\\\/11\\\/07\\\/buena-acogida-de-la-red-de-ciudades-y-villas-medievales-en-lisboa\\\/\"]}]},{\"@type\":\"BreadcrumbList\",\"@id\":\"https:\\\/\\\/coria.org\\\/ayuntamiento\\\/index.php\\\/2011\\\/11\\\/07\\\/buena-acogida-de-la-red-de-ciudades-y-villas-medievales-en-lisboa\\\/#breadcrumb\",\"itemListElement\":[{\"@type\":\"ListItem\",\"position\":1,\"name\":\"Inicio\",\"item\":\"https:\\\/\\\/coria.org\\\/ayuntamiento\\\/\"},{\"@type\":\"ListItem\",\"position\":2,\"name\":\"Buena acogida de la Red de Ciudades y Villas Medievales en Lisboa\"}]},{\"@type\":\"WebSite\",\"@id\":\"https:\\\/\\\/coria.org\\\/ayuntamiento\\\/#website\",\"url\":\"https:\\\/\\\/coria.org\\\/ayuntamiento\\\/\",\"name\":\"Ayuntamiento de Coria\",\"description\":\"Web oficial del Ayuntamiento de Coria\",\"publisher\":{\"@id\":\"https:\\\/\\\/coria.org\\\/ayuntamiento\\\/#organization\"},\"alternateName\":\"Web Oficial del Ayuntamiento de Coria\",\"potentialAction\":[{\"@type\":\"SearchAction\",\"target\":{\"@type\":\"EntryPoint\",\"urlTemplate\":\"https:\\\/\\\/coria.org\\\/ayuntamiento\\\/?s={search_term_string}\"},\"query-input\":{\"@type\":\"PropertyValueSpecification\",\"valueRequired\":true,\"valueName\":\"search_term_string\"}}],\"inLanguage\":\"es\"},{\"@type\":\"Organization\",\"@id\":\"https:\\\/\\\/coria.org\\\/ayuntamiento\\\/#organization\",\"name\":\"Ayuntamiento de Coria\",\"alternateName\":\"Ayto de Coria\",\"url\":\"https:\\\/\\\/coria.org\\\/ayuntamiento\\\/\",\"logo\":{\"@type\":\"ImageObject\",\"inLanguage\":\"es\",\"@id\":\"https:\\\/\\\/coria.org\\\/ayuntamiento\\\/#\\\/schema\\\/logo\\\/image\\\/\",\"url\":\"https:\\\/\\\/coria.org\\\/ayuntamiento\\\/wp-content\\\/uploads\\\/2020\\\/12\\\/escudo-ayuntamiento-coria.png\",\"contentUrl\":\"https:\\\/\\\/coria.org\\\/ayuntamiento\\\/wp-content\\\/uploads\\\/2020\\\/12\\\/escudo-ayuntamiento-coria.png\",\"width\":511,\"height\":240,\"caption\":\"Ayuntamiento de Coria\"},\"image\":{\"@id\":\"https:\\\/\\\/coria.org\\\/ayuntamiento\\\/#\\\/schema\\\/logo\\\/image\\\/\"},\"sameAs\":[\"https:\\\/\\\/www.facebook.com\\\/Ayuntamiento.de.Coria\",\"https:\\\/\\\/x.com\\\/Ayto_de_Coria\",\"https:\\\/\\\/www.instagram.com\\\/coria.ayuntamiento\\\/\",\"https:\\\/\\\/www.youtube.com\\\/user\\\/AYUNTAMIENTOCORIA\"]},{\"@type\":\"Person\",\"@id\":\"https:\\\/\\\/coria.org\\\/ayuntamiento\\\/#\\\/schema\\\/person\\\/8bd589f0e13e8ae5aa06def7a599d622\",\"name\":\"ayuntamiento\",\"image\":{\"@type\":\"ImageObject\",\"inLanguage\":\"es\",\"@id\":\"https:\\\/\\\/secure.gravatar.com\\\/avatar\\\/966e5ed73cad334adda5c87f49f2547f7082f7292c1b627cbb548744383b391c?s=96&d=mm&r=g\",\"url\":\"https:\\\/\\\/secure.gravatar.com\\\/avatar\\\/966e5ed73cad334adda5c87f49f2547f7082f7292c1b627cbb548744383b391c?s=96&d=mm&r=g\",\"contentUrl\":\"https:\\\/\\\/secure.gravatar.com\\\/avatar\\\/966e5ed73cad334adda5c87f49f2547f7082f7292c1b627cbb548744383b391c?s=96&d=mm&r=g\",\"caption\":\"ayuntamiento\"}}]}<\/script>\n<!-- \/ Yoast SEO plugin. -->","yoast_head_json":{"title":"Buena acogida de la Red de Ciudades y Villas Medievales en Lisboa - Ayuntamiento de Coria","robots":{"index":"index","follow":"follow","max-snippet":"max-snippet:-1","max-image-preview":"max-image-preview:large","max-video-preview":"max-video-preview:-1"},"canonical":"https:\/\/coria.org\/ayuntamiento\/index.php\/2011\/11\/07\/buena-acogida-de-la-red-de-ciudades-y-villas-medievales-en-lisboa\/","og_locale":"es_ES","og_type":"article","og_title":"Buena acogida de la Red de Ciudades y Villas Medievales en Lisboa - Ayuntamiento de Coria","og_description":"La Red de Ciudades y Villas Medievales present\u00f3 la noche del jueves el potencial de los atractivos tur\u00edsticos de los doce destinos que integran esta alianza de municipios ba\u00f1ados por la esencia del Medievo. Un acto que demostr\u00f3 el creciente inter\u00e9s que despierta tambi\u00e9n el turismo cultural en Lisboa, a cuya cita acudieron medio centenar [&hellip;]","og_url":"https:\/\/coria.org\/ayuntamiento\/index.php\/2011\/11\/07\/buena-acogida-de-la-red-de-ciudades-y-villas-medievales-en-lisboa\/","og_site_name":"Ayuntamiento de Coria","article_publisher":"https:\/\/www.facebook.com\/Ayuntamiento.de.Coria","article_published_time":"2011-11-06T23:00:00+00:00","article_modified_time":"2023-11-16T10:25:07+00:00","author":"ayuntamiento","twitter_card":"summary_large_image","twitter_creator":"@Ayto_de_Coria","twitter_site":"@Ayto_de_Coria","twitter_misc":{"Escrito por":"ayuntamiento","Tiempo de lectura":"3 minutos"},"schema":{"@context":"https:\/\/schema.org","@graph":[{"@type":"Article","@id":"https:\/\/coria.org\/ayuntamiento\/index.php\/2011\/11\/07\/buena-acogida-de-la-red-de-ciudades-y-villas-medievales-en-lisboa\/#article","isPartOf":{"@id":"https:\/\/coria.org\/ayuntamiento\/index.php\/2011\/11\/07\/buena-acogida-de-la-red-de-ciudades-y-villas-medievales-en-lisboa\/"},"author":{"name":"ayuntamiento","@id":"https:\/\/coria.org\/ayuntamiento\/#\/schema\/person\/8bd589f0e13e8ae5aa06def7a599d622"},"headline":"Buena acogida de la Red de Ciudades y Villas Medievales en Lisboa","datePublished":"2011-11-06T23:00:00+00:00","dateModified":"2023-11-16T10:25:07+00:00","mainEntityOfPage":{"@id":"https:\/\/coria.org\/ayuntamiento\/index.php\/2011\/11\/07\/buena-acogida-de-la-red-de-ciudades-y-villas-medievales-en-lisboa\/"},"wordCount":701,"publisher":{"@id":"https:\/\/coria.org\/ayuntamiento\/#organization"},"keywords":["ciudades y villas medievales","lisboa"],"articleSection":["Noticias"],"inLanguage":"es"},{"@type":"WebPage","@id":"https:\/\/coria.org\/ayuntamiento\/index.php\/2011\/11\/07\/buena-acogida-de-la-red-de-ciudades-y-villas-medievales-en-lisboa\/","url":"https:\/\/coria.org\/ayuntamiento\/index.php\/2011\/11\/07\/buena-acogida-de-la-red-de-ciudades-y-villas-medievales-en-lisboa\/","name":"Buena acogida de la Red de Ciudades y Villas Medievales en Lisboa - Ayuntamiento de Coria","isPartOf":{"@id":"https:\/\/coria.org\/ayuntamiento\/#website"},"datePublished":"2011-11-06T23:00:00+00:00","dateModified":"2023-11-16T10:25:07+00:00","breadcrumb":{"@id":"https:\/\/coria.org\/ayuntamiento\/index.php\/2011\/11\/07\/buena-acogida-de-la-red-de-ciudades-y-villas-medievales-en-lisboa\/#breadcrumb"},"inLanguage":"es","potentialAction":[{"@type":"ReadAction","target":["https:\/\/coria.org\/ayuntamiento\/index.php\/2011\/11\/07\/buena-acogida-de-la-red-de-ciudades-y-villas-medievales-en-lisboa\/"]}]},{"@type":"BreadcrumbList","@id":"https:\/\/coria.org\/ayuntamiento\/index.php\/2011\/11\/07\/buena-acogida-de-la-red-de-ciudades-y-villas-medievales-en-lisboa\/#breadcrumb","itemListElement":[{"@type":"ListItem","position":1,"name":"Inicio","item":"https:\/\/coria.org\/ayuntamiento\/"},{"@type":"ListItem","position":2,"name":"Buena acogida de la Red de Ciudades y Villas Medievales en Lisboa"}]},{"@type":"WebSite","@id":"https:\/\/coria.org\/ayuntamiento\/#website","url":"https:\/\/coria.org\/ayuntamiento\/","name":"Ayuntamiento de Coria","description":"Web oficial del Ayuntamiento de Coria","publisher":{"@id":"https:\/\/coria.org\/ayuntamiento\/#organization"},"alternateName":"Web Oficial del Ayuntamiento de Coria","potentialAction":[{"@type":"SearchAction","target":{"@type":"EntryPoint","urlTemplate":"https:\/\/coria.org\/ayuntamiento\/?s={search_term_string}"},"query-input":{"@type":"PropertyValueSpecification","valueRequired":true,"valueName":"search_term_string"}}],"inLanguage":"es"},{"@type":"Organization","@id":"https:\/\/coria.org\/ayuntamiento\/#organization","name":"Ayuntamiento de Coria","alternateName":"Ayto de Coria","url":"https:\/\/coria.org\/ayuntamiento\/","logo":{"@type":"ImageObject","inLanguage":"es","@id":"https:\/\/coria.org\/ayuntamiento\/#\/schema\/logo\/image\/","url":"https:\/\/coria.org\/ayuntamiento\/wp-content\/uploads\/2020\/12\/escudo-ayuntamiento-coria.png","contentUrl":"https:\/\/coria.org\/ayuntamiento\/wp-content\/uploads\/2020\/12\/escudo-ayuntamiento-coria.png","width":511,"height":240,"caption":"Ayuntamiento de Coria"},"image":{"@id":"https:\/\/coria.org\/ayuntamiento\/#\/schema\/logo\/image\/"},"sameAs":["https:\/\/www.facebook.com\/Ayuntamiento.de.Coria","https:\/\/x.com\/Ayto_de_Coria","https:\/\/www.instagram.com\/coria.ayuntamiento\/","https:\/\/www.youtube.com\/user\/AYUNTAMIENTOCORIA"]},{"@type":"Person","@id":"https:\/\/coria.org\/ayuntamiento\/#\/schema\/person\/8bd589f0e13e8ae5aa06def7a599d622","name":"ayuntamiento","image":{"@type":"ImageObject","inLanguage":"es","@id":"https:\/\/secure.gravatar.com\/avatar\/966e5ed73cad334adda5c87f49f2547f7082f7292c1b627cbb548744383b391c?s=96&d=mm&r=g","url":"https:\/\/secure.gravatar.com\/avatar\/966e5ed73cad334adda5c87f49f2547f7082f7292c1b627cbb548744383b391c?s=96&d=mm&r=g","contentUrl":"https:\/\/secure.gravatar.com\/avatar\/966e5ed73cad334adda5c87f49f2547f7082f7292c1b627cbb548744383b391c?s=96&d=mm&r=g","caption":"ayuntamiento"}}]}},"uagb_featured_image_src":{"full":false,"thumbnail":false,"medium":false,"medium_large":false,"large":false,"thumblist":false,"thumbrelated":false,"meccarouselthumb":false,"gridsquare":false,"tileview":false,"1536x1536":false,"2048x2048":false},"uagb_author_info":{"display_name":"ayuntamiento","author_link":"https:\/\/coria.org\/ayuntamiento\/index.php\/author\/ayuntamiento\/"},"uagb_comment_info":0,"uagb_excerpt":"La Red de Ciudades y Villas Medievales present\u00f3 la noche del jueves el potencial de los atractivos tur\u00edsticos de los doce destinos que integran esta alianza de municipios ba\u00f1ados por la esencia del Medievo. Un acto que demostr\u00f3 el creciente inter\u00e9s que despierta tambi\u00e9n el turismo cultural en Lisboa, a cuya cita acudieron medio centenar&hellip;","_links":{"self":[{"href":"https:\/\/coria.org\/ayuntamiento\/index.php\/wp-json\/wp\/v2\/posts\/26669","targetHints":{"allow":["GET"]}}],"collection":[{"href":"https:\/\/coria.org\/ayuntamiento\/index.php\/wp-json\/wp\/v2\/posts"}],"about":[{"href":"https:\/\/coria.org\/ayuntamiento\/index.php\/wp-json\/wp\/v2\/types\/post"}],"author":[{"embeddable":true,"href":"https:\/\/coria.org\/ayuntamiento\/index.php\/wp-json\/wp\/v2\/users\/2"}],"replies":[{"embeddable":true,"href":"https:\/\/coria.org\/ayuntamiento\/index.php\/wp-json\/wp\/v2\/comments?post=26669"}],"version-history":[{"count":0,"href":"https:\/\/coria.org\/ayuntamiento\/index.php\/wp-json\/wp\/v2\/posts\/26669\/revisions"}],"wp:attachment":[{"href":"https:\/\/coria.org\/ayuntamiento\/index.php\/wp-json\/wp\/v2\/media?parent=26669"}],"wp:term":[{"taxonomy":"category","embeddable":true,"href":"https:\/\/coria.org\/ayuntamiento\/index.php\/wp-json\/wp\/v2\/categories?post=26669"},{"taxonomy":"post_tag","embeddable":true,"href":"https:\/\/coria.org\/ayuntamiento\/index.php\/wp-json\/wp\/v2\/tags?post=26669"}],"curies":[{"name":"wp","href":"https:\/\/api.w.org\/{rel}","templated":true}]}}