{"id":26668,"date":"2011-11-07T00:00:00","date_gmt":"2011-11-06T23:00:00","guid":{"rendered":"https:\/\/ayuntamiento.coriaenimagenes.com\/la-ciudad-de-coria-presente-en-el-iv-concurso-internacional-de-pinchos-y-tapas-medievales-de-marvao\/"},"modified":"2023-11-16T11:25:07","modified_gmt":"2023-11-16T10:25:07","slug":"la-ciudad-de-coria-presente-en-el-iv-concurso-internacional-de-pinchos-y-tapas-medievales-de-marvao","status":"publish","type":"post","link":"https:\/\/coria.org\/ayuntamiento\/index.php\/2011\/11\/07\/la-ciudad-de-coria-presente-en-el-iv-concurso-internacional-de-pinchos-y-tapas-medievales-de-marvao\/","title":{"rendered":"La ciudad de Coria presente en el IV Concurso Internacional de Pinchos y Tapas  Medievales de Marv\u00e3o"},"content":{"rendered":"\n<p><b>La Ciudad de Coria estuvo representada en el VI Concurso Internacional de Pinchos y Tapas Medievales que se celebr\u00f3 este pasado fin de semana en la portuguesa Villa de Marv\u00e3o (Alentejo) por medio del Restaurante El Mirador de la Catedral del Hotel Palacio Coria con su tapa \u00abMousse de Bacalao con Boletus y Verdurita Gratinada con Torta del Casar\u00bb.<\/b><\/p>\n\n\n\n<p><span style=\"font-family: verdana,arial,helvetica,sans-serif; font-size: small;\">Un evento gastron\u00f3mico en el que el cocinero del Restaurante La Granja de Alcuneza de Sig\u00fcenza, Santos Garc\u00eda Verdes, se alz\u00f3 con el Premio a la Mejor Tapa Medieval con su creaci\u00f3n \u00abSemifr\u00edo de Rabo de Toro sobre Pan de Nuez y Mousse de Queso\u00bb, despu\u00e9s de haber representado a su localidad dentro de las cuatro ediciones disputadas hasta ahora; mientras que el Premio a la Tapa M\u00e1s Original ha sido para el cocinero del Restaurante Batzoki de Hondarribia, I\u00f1aki Guezala Oyarbide con su creaci\u00f3n \u00abBetikoa\u00bb.<\/span><\/p>\n\n\n\n<p><span style=\"font-family: verdana,arial,helvetica,sans-serif; font-size: small;\">Por su parte, el Jurado del IV Concurso Internacional de Pinchos y Tapas Medievales compuesto por Guillermo de Llera, Presidente de la Casa de Espa\u00f1a en Lisboa, Nelson Carvalho, Coordinador del \u00c1rea T\u00e9cnica de la Escuela de Turismo de Portalegre y Claudia Santiago, Jefa de Cocina de la Pousada de Santa Mar\u00eda de Marv\u00e3o, quisieron subrayar las dificultades tenidas para la elecci\u00f3n de los premiados a la hora de emitir el fallo final del Concurso.<\/span><\/p>\n\n\n\n<p><span style=\"font-family: verdana,arial,helvetica,sans-serif; font-size: small;\">De igual modo, el Alcalde de Coria, Jos\u00e9 Manuel Garc\u00eda Ballestero, manifestaba al t\u00e9rmino de la presentaci\u00f3n en s\u00e9ptimo lugar de la tapa cauriense realizada por las cocineras del Restaurante El Mirador de la Catedral del Hotel Palacio Coria: \u00abSentirse, en primer lugar, muy contento por estar representando a la Ciudad de Coria en este IV Concurso Internacional de Pinchos y Tapas Medievales celebrado en Marv\u00e3o y, en segundo lugar, muy orgulloso de c\u00f3mo se estaba realizando todo adem\u00e1s de acentuar el excelente nivel de todas las tapas presentadas a concurso\u00bb. De la misma manera, matiz\u00f3 que: \u00ablas sensaciones hab\u00edan sido muy buenas a lo largo de todo el d\u00eda tras las degustaciones realizadas por el resto de ediles y representantes institucionales de cada uno de los respectivos municipios presentes que componen la Red y resto de ciudadan\u00eda en general, entre los que la tapa presentada por Coria hab\u00eda gustado mucho debido a su preparaci\u00f3n limpia y vistosa\u00bb; adem\u00e1s, no quiso pasar la oportunidad para alabar la excelente presentaci\u00f3n llevada a cabo en el Concurso por las cocineras del Restaurante El Mirador de la Catedral resaltando que: \u00aberan dos de las pocas cocineras participantes\u00bb, junto a las de Almaz\u00e1n y Estella-Lizarra.<\/span><\/p>\n\n\n\n<p><span style=\"font-family: verdana,arial,helvetica,sans-serif; font-size: small;\">Asimismo, Mar\u00eda Luisa Alc\u00f3n Gonz\u00e1lez, Jefa de Cocina del Restaurante El Mirador de la Catedral del Hotel Palacio Coria, argument\u00f3, una vez terminada su intervenci\u00f3n, sobre la creaci\u00f3n de su tapa presentada a concurso \u00abMousse de Bacalao con Boletus y Verdurita Gratinada con Torta del C\u00e1sar\u00bb que la misma: \u00abera sencilla y f\u00e1cil de degustar por lo que el cliente no ten\u00eda que esperar mucho tiempo para saborearla\u00bb.<\/span><\/p>\n\n\n\n<p><span style=\"font-family: verdana,arial,helvetica,sans-serif; font-size: small;\">En definitiva, un evento que fue presentado, en la ma\u00f1ana del s\u00e1bado, a los medios de comunicaci\u00f3n en el inigualable escenario que compone el Castillo de Marv\u00e3o, y que cont\u00f3 con una representaci\u00f3n escenogr\u00e1fica animada a base de caballeros medievales reproduciendo un torneo a pie, adem\u00e1s de exhibiciones de tiro con arco y hachas en el que pudieron participar todos los asistentes que se dieron cita al mismo.<\/span><\/p>\n\n\n\n<p><span style=\"font-family: verdana,arial,helvetica,sans-serif; font-size: small;\">Una nueva edici\u00f3n, donde la localidad de Marv\u00e3o ha acogido con total \u00e9xito, tanto el citado concurso, como la degustaci\u00f3n popular de los pinchos y tapas medievales en cada uno de los bares y restaurantes de acogida, dando comienzo as\u00ed a: \u00abuna nueva cultura de tapeo en este municipio\u00bb, seg\u00fan palabras del propio Concejal de Cultura y Turismo de la C\u00e2mara Municipal de la ciudad anfitriona, Jos\u00e9 Manuel Pires, \u00aba juzgar por los comentarios que ha recibido por parte de la hosteler\u00eda local\u00bb.<\/span><\/p>\n\n\n\n<p><span style=\"font-family: verdana,arial,helvetica,sans-serif; font-size: small;\">En Coria, a 7 de noviembre de 2011.<\/span><\/p>\n\n\n\n<p><span style=\"font-family: verdana,arial,helvetica,sans-serif; font-size: small;\">Concejal\u00eda Delegada de Industria, Comercio, Cultura y Turismo.<br \/>Excmo. Ayuntamiento de Coria.<\/span><\/p>\n","protected":false},"excerpt":{"rendered":"<p>La Ciudad de Coria estuvo representada en el VI Concurso Internacional de Pinchos y Tapas Medievales que se celebr\u00f3 este pasado fin de semana en la portuguesa Villa de Marv\u00e3o (Alentejo) por medio del Restaurante El Mirador de la Catedral del Hotel Palacio Coria con su tapa \u00abMousse de Bacalao con Boletus y Verdurita Gratinada [&hellip;]<\/p>\n","protected":false},"author":2,"featured_media":0,"comment_status":"closed","ping_status":"closed","sticky":false,"template":"","format":"standard","meta":{"_uag_custom_page_level_css":"","footnotes":""},"categories":[2],"tags":[1393,1409],"class_list":["post-26668","post","type-post","status-publish","format-standard","hentry","category-noticias","tag-marvao","tag-pinchos-y-tapas-medievales"],"yoast_head":"<!-- This site is optimized with the Yoast SEO plugin v27.5 - https:\/\/yoast.com\/product\/yoast-seo-wordpress\/ -->\n<title>La ciudad de Coria presente en el IV Concurso Internacional de Pinchos y Tapas Medievales de Marv\u00e3o - Ayuntamiento de Coria<\/title>\n<meta name=\"robots\" content=\"index, follow, max-snippet:-1, max-image-preview:large, max-video-preview:-1\" \/>\n<link rel=\"canonical\" href=\"https:\/\/coria.org\/ayuntamiento\/index.php\/2011\/11\/07\/la-ciudad-de-coria-presente-en-el-iv-concurso-internacional-de-pinchos-y-tapas-medievales-de-marvao\/\" \/>\n<meta property=\"og:locale\" content=\"es_ES\" \/>\n<meta property=\"og:type\" content=\"article\" \/>\n<meta property=\"og:title\" content=\"La ciudad de Coria presente en el IV Concurso Internacional de Pinchos y Tapas Medievales de Marv\u00e3o - Ayuntamiento de Coria\" \/>\n<meta property=\"og:description\" content=\"La Ciudad de Coria estuvo representada en el VI Concurso Internacional de Pinchos y Tapas Medievales que se celebr\u00f3 este pasado fin de semana en la portuguesa Villa de Marv\u00e3o (Alentejo) por medio del Restaurante El Mirador de la Catedral del Hotel Palacio Coria con su tapa \u00abMousse de Bacalao con Boletus y Verdurita Gratinada [&hellip;]\" \/>\n<meta property=\"og:url\" content=\"https:\/\/coria.org\/ayuntamiento\/index.php\/2011\/11\/07\/la-ciudad-de-coria-presente-en-el-iv-concurso-internacional-de-pinchos-y-tapas-medievales-de-marvao\/\" \/>\n<meta property=\"og:site_name\" content=\"Ayuntamiento de Coria\" \/>\n<meta property=\"article:publisher\" content=\"https:\/\/www.facebook.com\/Ayuntamiento.de.Coria\" \/>\n<meta property=\"article:published_time\" content=\"2011-11-06T23:00:00+00:00\" \/>\n<meta property=\"article:modified_time\" content=\"2023-11-16T10:25:07+00:00\" \/>\n<meta name=\"author\" content=\"ayuntamiento\" \/>\n<meta name=\"twitter:card\" content=\"summary_large_image\" \/>\n<meta name=\"twitter:creator\" content=\"@Ayto_de_Coria\" \/>\n<meta name=\"twitter:site\" content=\"@Ayto_de_Coria\" \/>\n<meta name=\"twitter:label1\" content=\"Escrito por\" \/>\n\t<meta name=\"twitter:data1\" content=\"ayuntamiento\" \/>\n\t<meta name=\"twitter:label2\" content=\"Tiempo de lectura\" \/>\n\t<meta name=\"twitter:data2\" content=\"4 minutos\" \/>\n<script type=\"application\/ld+json\" class=\"yoast-schema-graph\">{\"@context\":\"https:\\\/\\\/schema.org\",\"@graph\":[{\"@type\":\"Article\",\"@id\":\"https:\\\/\\\/coria.org\\\/ayuntamiento\\\/index.php\\\/2011\\\/11\\\/07\\\/la-ciudad-de-coria-presente-en-el-iv-concurso-internacional-de-pinchos-y-tapas-medievales-de-marvao\\\/#article\",\"isPartOf\":{\"@id\":\"https:\\\/\\\/coria.org\\\/ayuntamiento\\\/index.php\\\/2011\\\/11\\\/07\\\/la-ciudad-de-coria-presente-en-el-iv-concurso-internacional-de-pinchos-y-tapas-medievales-de-marvao\\\/\"},\"author\":{\"name\":\"ayuntamiento\",\"@id\":\"https:\\\/\\\/coria.org\\\/ayuntamiento\\\/#\\\/schema\\\/person\\\/8bd589f0e13e8ae5aa06def7a599d622\"},\"headline\":\"La ciudad de Coria presente en el IV Concurso Internacional de Pinchos y Tapas Medievales de Marv\u00e3o\",\"datePublished\":\"2011-11-06T23:00:00+00:00\",\"dateModified\":\"2023-11-16T10:25:07+00:00\",\"mainEntityOfPage\":{\"@id\":\"https:\\\/\\\/coria.org\\\/ayuntamiento\\\/index.php\\\/2011\\\/11\\\/07\\\/la-ciudad-de-coria-presente-en-el-iv-concurso-internacional-de-pinchos-y-tapas-medievales-de-marvao\\\/\"},\"wordCount\":728,\"publisher\":{\"@id\":\"https:\\\/\\\/coria.org\\\/ayuntamiento\\\/#organization\"},\"keywords\":[\"marvao\",\"pinchos y tapas medievales\"],\"articleSection\":[\"Noticias\"],\"inLanguage\":\"es\"},{\"@type\":\"WebPage\",\"@id\":\"https:\\\/\\\/coria.org\\\/ayuntamiento\\\/index.php\\\/2011\\\/11\\\/07\\\/la-ciudad-de-coria-presente-en-el-iv-concurso-internacional-de-pinchos-y-tapas-medievales-de-marvao\\\/\",\"url\":\"https:\\\/\\\/coria.org\\\/ayuntamiento\\\/index.php\\\/2011\\\/11\\\/07\\\/la-ciudad-de-coria-presente-en-el-iv-concurso-internacional-de-pinchos-y-tapas-medievales-de-marvao\\\/\",\"name\":\"La ciudad de Coria presente en el IV Concurso Internacional de Pinchos y Tapas Medievales de Marv\u00e3o - Ayuntamiento de Coria\",\"isPartOf\":{\"@id\":\"https:\\\/\\\/coria.org\\\/ayuntamiento\\\/#website\"},\"datePublished\":\"2011-11-06T23:00:00+00:00\",\"dateModified\":\"2023-11-16T10:25:07+00:00\",\"breadcrumb\":{\"@id\":\"https:\\\/\\\/coria.org\\\/ayuntamiento\\\/index.php\\\/2011\\\/11\\\/07\\\/la-ciudad-de-coria-presente-en-el-iv-concurso-internacional-de-pinchos-y-tapas-medievales-de-marvao\\\/#breadcrumb\"},\"inLanguage\":\"es\",\"potentialAction\":[{\"@type\":\"ReadAction\",\"target\":[\"https:\\\/\\\/coria.org\\\/ayuntamiento\\\/index.php\\\/2011\\\/11\\\/07\\\/la-ciudad-de-coria-presente-en-el-iv-concurso-internacional-de-pinchos-y-tapas-medievales-de-marvao\\\/\"]}]},{\"@type\":\"BreadcrumbList\",\"@id\":\"https:\\\/\\\/coria.org\\\/ayuntamiento\\\/index.php\\\/2011\\\/11\\\/07\\\/la-ciudad-de-coria-presente-en-el-iv-concurso-internacional-de-pinchos-y-tapas-medievales-de-marvao\\\/#breadcrumb\",\"itemListElement\":[{\"@type\":\"ListItem\",\"position\":1,\"name\":\"Inicio\",\"item\":\"https:\\\/\\\/coria.org\\\/ayuntamiento\\\/\"},{\"@type\":\"ListItem\",\"position\":2,\"name\":\"La ciudad de Coria presente en el IV Concurso Internacional de Pinchos y Tapas Medievales de Marv\u00e3o\"}]},{\"@type\":\"WebSite\",\"@id\":\"https:\\\/\\\/coria.org\\\/ayuntamiento\\\/#website\",\"url\":\"https:\\\/\\\/coria.org\\\/ayuntamiento\\\/\",\"name\":\"Ayuntamiento de Coria\",\"description\":\"Web oficial del Ayuntamiento de Coria\",\"publisher\":{\"@id\":\"https:\\\/\\\/coria.org\\\/ayuntamiento\\\/#organization\"},\"alternateName\":\"Web Oficial del Ayuntamiento de Coria\",\"potentialAction\":[{\"@type\":\"SearchAction\",\"target\":{\"@type\":\"EntryPoint\",\"urlTemplate\":\"https:\\\/\\\/coria.org\\\/ayuntamiento\\\/?s={search_term_string}\"},\"query-input\":{\"@type\":\"PropertyValueSpecification\",\"valueRequired\":true,\"valueName\":\"search_term_string\"}}],\"inLanguage\":\"es\"},{\"@type\":\"Organization\",\"@id\":\"https:\\\/\\\/coria.org\\\/ayuntamiento\\\/#organization\",\"name\":\"Ayuntamiento de Coria\",\"alternateName\":\"Ayto de Coria\",\"url\":\"https:\\\/\\\/coria.org\\\/ayuntamiento\\\/\",\"logo\":{\"@type\":\"ImageObject\",\"inLanguage\":\"es\",\"@id\":\"https:\\\/\\\/coria.org\\\/ayuntamiento\\\/#\\\/schema\\\/logo\\\/image\\\/\",\"url\":\"https:\\\/\\\/coria.org\\\/ayuntamiento\\\/wp-content\\\/uploads\\\/2020\\\/12\\\/escudo-ayuntamiento-coria.png\",\"contentUrl\":\"https:\\\/\\\/coria.org\\\/ayuntamiento\\\/wp-content\\\/uploads\\\/2020\\\/12\\\/escudo-ayuntamiento-coria.png\",\"width\":511,\"height\":240,\"caption\":\"Ayuntamiento de Coria\"},\"image\":{\"@id\":\"https:\\\/\\\/coria.org\\\/ayuntamiento\\\/#\\\/schema\\\/logo\\\/image\\\/\"},\"sameAs\":[\"https:\\\/\\\/www.facebook.com\\\/Ayuntamiento.de.Coria\",\"https:\\\/\\\/x.com\\\/Ayto_de_Coria\",\"https:\\\/\\\/www.instagram.com\\\/coria.ayuntamiento\\\/\",\"https:\\\/\\\/www.youtube.com\\\/user\\\/AYUNTAMIENTOCORIA\"]},{\"@type\":\"Person\",\"@id\":\"https:\\\/\\\/coria.org\\\/ayuntamiento\\\/#\\\/schema\\\/person\\\/8bd589f0e13e8ae5aa06def7a599d622\",\"name\":\"ayuntamiento\",\"image\":{\"@type\":\"ImageObject\",\"inLanguage\":\"es\",\"@id\":\"https:\\\/\\\/secure.gravatar.com\\\/avatar\\\/966e5ed73cad334adda5c87f49f2547f7082f7292c1b627cbb548744383b391c?s=96&d=mm&r=g\",\"url\":\"https:\\\/\\\/secure.gravatar.com\\\/avatar\\\/966e5ed73cad334adda5c87f49f2547f7082f7292c1b627cbb548744383b391c?s=96&d=mm&r=g\",\"contentUrl\":\"https:\\\/\\\/secure.gravatar.com\\\/avatar\\\/966e5ed73cad334adda5c87f49f2547f7082f7292c1b627cbb548744383b391c?s=96&d=mm&r=g\",\"caption\":\"ayuntamiento\"}}]}<\/script>\n<!-- \/ Yoast SEO plugin. -->","yoast_head_json":{"title":"La ciudad de Coria presente en el IV Concurso Internacional de Pinchos y Tapas Medievales de Marv\u00e3o - Ayuntamiento de Coria","robots":{"index":"index","follow":"follow","max-snippet":"max-snippet:-1","max-image-preview":"max-image-preview:large","max-video-preview":"max-video-preview:-1"},"canonical":"https:\/\/coria.org\/ayuntamiento\/index.php\/2011\/11\/07\/la-ciudad-de-coria-presente-en-el-iv-concurso-internacional-de-pinchos-y-tapas-medievales-de-marvao\/","og_locale":"es_ES","og_type":"article","og_title":"La ciudad de Coria presente en el IV Concurso Internacional de Pinchos y Tapas Medievales de Marv\u00e3o - Ayuntamiento de Coria","og_description":"La Ciudad de Coria estuvo representada en el VI Concurso Internacional de Pinchos y Tapas Medievales que se celebr\u00f3 este pasado fin de semana en la portuguesa Villa de Marv\u00e3o (Alentejo) por medio del Restaurante El Mirador de la Catedral del Hotel Palacio Coria con su tapa \u00abMousse de Bacalao con Boletus y Verdurita Gratinada [&hellip;]","og_url":"https:\/\/coria.org\/ayuntamiento\/index.php\/2011\/11\/07\/la-ciudad-de-coria-presente-en-el-iv-concurso-internacional-de-pinchos-y-tapas-medievales-de-marvao\/","og_site_name":"Ayuntamiento de Coria","article_publisher":"https:\/\/www.facebook.com\/Ayuntamiento.de.Coria","article_published_time":"2011-11-06T23:00:00+00:00","article_modified_time":"2023-11-16T10:25:07+00:00","author":"ayuntamiento","twitter_card":"summary_large_image","twitter_creator":"@Ayto_de_Coria","twitter_site":"@Ayto_de_Coria","twitter_misc":{"Escrito por":"ayuntamiento","Tiempo de lectura":"4 minutos"},"schema":{"@context":"https:\/\/schema.org","@graph":[{"@type":"Article","@id":"https:\/\/coria.org\/ayuntamiento\/index.php\/2011\/11\/07\/la-ciudad-de-coria-presente-en-el-iv-concurso-internacional-de-pinchos-y-tapas-medievales-de-marvao\/#article","isPartOf":{"@id":"https:\/\/coria.org\/ayuntamiento\/index.php\/2011\/11\/07\/la-ciudad-de-coria-presente-en-el-iv-concurso-internacional-de-pinchos-y-tapas-medievales-de-marvao\/"},"author":{"name":"ayuntamiento","@id":"https:\/\/coria.org\/ayuntamiento\/#\/schema\/person\/8bd589f0e13e8ae5aa06def7a599d622"},"headline":"La ciudad de Coria presente en el IV Concurso Internacional de Pinchos y Tapas Medievales de Marv\u00e3o","datePublished":"2011-11-06T23:00:00+00:00","dateModified":"2023-11-16T10:25:07+00:00","mainEntityOfPage":{"@id":"https:\/\/coria.org\/ayuntamiento\/index.php\/2011\/11\/07\/la-ciudad-de-coria-presente-en-el-iv-concurso-internacional-de-pinchos-y-tapas-medievales-de-marvao\/"},"wordCount":728,"publisher":{"@id":"https:\/\/coria.org\/ayuntamiento\/#organization"},"keywords":["marvao","pinchos y tapas medievales"],"articleSection":["Noticias"],"inLanguage":"es"},{"@type":"WebPage","@id":"https:\/\/coria.org\/ayuntamiento\/index.php\/2011\/11\/07\/la-ciudad-de-coria-presente-en-el-iv-concurso-internacional-de-pinchos-y-tapas-medievales-de-marvao\/","url":"https:\/\/coria.org\/ayuntamiento\/index.php\/2011\/11\/07\/la-ciudad-de-coria-presente-en-el-iv-concurso-internacional-de-pinchos-y-tapas-medievales-de-marvao\/","name":"La ciudad de Coria presente en el IV Concurso Internacional de Pinchos y Tapas Medievales de Marv\u00e3o - Ayuntamiento de Coria","isPartOf":{"@id":"https:\/\/coria.org\/ayuntamiento\/#website"},"datePublished":"2011-11-06T23:00:00+00:00","dateModified":"2023-11-16T10:25:07+00:00","breadcrumb":{"@id":"https:\/\/coria.org\/ayuntamiento\/index.php\/2011\/11\/07\/la-ciudad-de-coria-presente-en-el-iv-concurso-internacional-de-pinchos-y-tapas-medievales-de-marvao\/#breadcrumb"},"inLanguage":"es","potentialAction":[{"@type":"ReadAction","target":["https:\/\/coria.org\/ayuntamiento\/index.php\/2011\/11\/07\/la-ciudad-de-coria-presente-en-el-iv-concurso-internacional-de-pinchos-y-tapas-medievales-de-marvao\/"]}]},{"@type":"BreadcrumbList","@id":"https:\/\/coria.org\/ayuntamiento\/index.php\/2011\/11\/07\/la-ciudad-de-coria-presente-en-el-iv-concurso-internacional-de-pinchos-y-tapas-medievales-de-marvao\/#breadcrumb","itemListElement":[{"@type":"ListItem","position":1,"name":"Inicio","item":"https:\/\/coria.org\/ayuntamiento\/"},{"@type":"ListItem","position":2,"name":"La ciudad de Coria presente en el IV Concurso Internacional de Pinchos y Tapas Medievales de Marv\u00e3o"}]},{"@type":"WebSite","@id":"https:\/\/coria.org\/ayuntamiento\/#website","url":"https:\/\/coria.org\/ayuntamiento\/","name":"Ayuntamiento de Coria","description":"Web oficial del Ayuntamiento de Coria","publisher":{"@id":"https:\/\/coria.org\/ayuntamiento\/#organization"},"alternateName":"Web Oficial del Ayuntamiento de Coria","potentialAction":[{"@type":"SearchAction","target":{"@type":"EntryPoint","urlTemplate":"https:\/\/coria.org\/ayuntamiento\/?s={search_term_string}"},"query-input":{"@type":"PropertyValueSpecification","valueRequired":true,"valueName":"search_term_string"}}],"inLanguage":"es"},{"@type":"Organization","@id":"https:\/\/coria.org\/ayuntamiento\/#organization","name":"Ayuntamiento de Coria","alternateName":"Ayto de Coria","url":"https:\/\/coria.org\/ayuntamiento\/","logo":{"@type":"ImageObject","inLanguage":"es","@id":"https:\/\/coria.org\/ayuntamiento\/#\/schema\/logo\/image\/","url":"https:\/\/coria.org\/ayuntamiento\/wp-content\/uploads\/2020\/12\/escudo-ayuntamiento-coria.png","contentUrl":"https:\/\/coria.org\/ayuntamiento\/wp-content\/uploads\/2020\/12\/escudo-ayuntamiento-coria.png","width":511,"height":240,"caption":"Ayuntamiento de Coria"},"image":{"@id":"https:\/\/coria.org\/ayuntamiento\/#\/schema\/logo\/image\/"},"sameAs":["https:\/\/www.facebook.com\/Ayuntamiento.de.Coria","https:\/\/x.com\/Ayto_de_Coria","https:\/\/www.instagram.com\/coria.ayuntamiento\/","https:\/\/www.youtube.com\/user\/AYUNTAMIENTOCORIA"]},{"@type":"Person","@id":"https:\/\/coria.org\/ayuntamiento\/#\/schema\/person\/8bd589f0e13e8ae5aa06def7a599d622","name":"ayuntamiento","image":{"@type":"ImageObject","inLanguage":"es","@id":"https:\/\/secure.gravatar.com\/avatar\/966e5ed73cad334adda5c87f49f2547f7082f7292c1b627cbb548744383b391c?s=96&d=mm&r=g","url":"https:\/\/secure.gravatar.com\/avatar\/966e5ed73cad334adda5c87f49f2547f7082f7292c1b627cbb548744383b391c?s=96&d=mm&r=g","contentUrl":"https:\/\/secure.gravatar.com\/avatar\/966e5ed73cad334adda5c87f49f2547f7082f7292c1b627cbb548744383b391c?s=96&d=mm&r=g","caption":"ayuntamiento"}}]}},"uagb_featured_image_src":{"full":false,"thumbnail":false,"medium":false,"medium_large":false,"large":false,"thumblist":false,"thumbrelated":false,"meccarouselthumb":false,"gridsquare":false,"tileview":false,"1536x1536":false,"2048x2048":false},"uagb_author_info":{"display_name":"ayuntamiento","author_link":"https:\/\/coria.org\/ayuntamiento\/index.php\/author\/ayuntamiento\/"},"uagb_comment_info":0,"uagb_excerpt":"La Ciudad de Coria estuvo representada en el VI Concurso Internacional de Pinchos y Tapas Medievales que se celebr\u00f3 este pasado fin de semana en la portuguesa Villa de Marv\u00e3o (Alentejo) por medio del Restaurante El Mirador de la Catedral del Hotel Palacio Coria con su tapa \u00abMousse de Bacalao con Boletus y Verdurita Gratinada&hellip;","_links":{"self":[{"href":"https:\/\/coria.org\/ayuntamiento\/index.php\/wp-json\/wp\/v2\/posts\/26668","targetHints":{"allow":["GET"]}}],"collection":[{"href":"https:\/\/coria.org\/ayuntamiento\/index.php\/wp-json\/wp\/v2\/posts"}],"about":[{"href":"https:\/\/coria.org\/ayuntamiento\/index.php\/wp-json\/wp\/v2\/types\/post"}],"author":[{"embeddable":true,"href":"https:\/\/coria.org\/ayuntamiento\/index.php\/wp-json\/wp\/v2\/users\/2"}],"replies":[{"embeddable":true,"href":"https:\/\/coria.org\/ayuntamiento\/index.php\/wp-json\/wp\/v2\/comments?post=26668"}],"version-history":[{"count":0,"href":"https:\/\/coria.org\/ayuntamiento\/index.php\/wp-json\/wp\/v2\/posts\/26668\/revisions"}],"wp:attachment":[{"href":"https:\/\/coria.org\/ayuntamiento\/index.php\/wp-json\/wp\/v2\/media?parent=26668"}],"wp:term":[{"taxonomy":"category","embeddable":true,"href":"https:\/\/coria.org\/ayuntamiento\/index.php\/wp-json\/wp\/v2\/categories?post=26668"},{"taxonomy":"post_tag","embeddable":true,"href":"https:\/\/coria.org\/ayuntamiento\/index.php\/wp-json\/wp\/v2\/tags?post=26668"}],"curies":[{"name":"wp","href":"https:\/\/api.w.org\/{rel}","templated":true}]}}