{"id":26609,"date":"2012-02-06T00:00:00","date_gmt":"2012-02-05T23:00:00","guid":{"rendered":"https:\/\/ayuntamiento.coriaenimagenes.com\/abierto-el-concurso-local-del-v-concurso-de-pinchos-y-tapas-medievales-ciudad-de-coria\/"},"modified":"2023-11-16T11:25:06","modified_gmt":"2023-11-16T10:25:06","slug":"abierto-el-concurso-local-del-v-concurso-de-pinchos-y-tapas-medievales-ciudad-de-coria","status":"publish","type":"post","link":"https:\/\/coria.org\/ayuntamiento\/index.php\/2012\/02\/06\/abierto-el-concurso-local-del-v-concurso-de-pinchos-y-tapas-medievales-ciudad-de-coria\/","title":{"rendered":"Abierto el Concurso Local del V Concurso de Pinchos y Tapas Medievales Ciudad de Coria"},"content":{"rendered":"\n<p><b>El Ayuntamiento de Coria, a trav\u00e9s de la Concejal\u00eda Delegada de Industria, Comercio, Cultura y Turismo, y en colaboraci\u00f3n con Asecoc, ha organizado el V CONCURSO DE PINCHOS Y TAPAS MEDIEVALES CIUDAD DE CORIA que se celebrar\u00e1 del 25 al 26 de Febrero de 2012, con el prop\u00f3sito de elegir al establecimiento hostelero que representar\u00e1 al municipio de Coria en la Gran Final del V CONCURSO INTERNACIONAL DE PINCHOS Y TAPAS MEDIEVALES que se llevar\u00e1 a cabo este a\u00f1o en la localidad guipuzcoana de Hondarribia, del 5 al 6 de Mayo de 2012, creado por la Red de Ciudades y Villas Medievales.<\/b><\/p>\n\n\n\n<p>En este sentido, este Concurso Local queda abierto, de manera gratuita, a todos los establecimientos hosteleros ubicados en la Ciudad de Coria que se inscriban dentro del plazo establecido entre el 3 al 10 de Febrero de 2011, ambos inclusive; por lo que podr\u00e1n registrarse, personalmente o a trav\u00e9s de llamada telef\u00f3nica, en el siguiente punto de informaci\u00f3n donde a su vez podr\u00e1n solicitar las Bases reguladoras de participaci\u00f3n que regir\u00e1n dicho certamen gastron\u00f3mico, las cuales est\u00e1n a su disposici\u00f3n en esta misma p\u00e1gina web.<\/p>\n\n\n\n<p>&#8211; Oficina Municipal de Turismo.<br \/>Tlfno.: 927 50 13 51.<\/p>\n\n\n\n<p>No lo olvide, V CONCURSO DE PINCHOS Y TAPAS MEDIEVALES CIUDAD DE CORIA, \u00abUNA RUTA CON SABOR PARA EL FIN DE SEMANA DEL 25 AL 26 DE FEBRERO DE 2012\u00bb.<\/p>\n","protected":false},"excerpt":{"rendered":"<p>El Ayuntamiento de Coria, a trav\u00e9s de la Concejal\u00eda Delegada de Industria, Comercio, Cultura y Turismo, y en colaboraci\u00f3n con Asecoc, ha organizado el V CONCURSO DE PINCHOS Y TAPAS MEDIEVALES CIUDAD DE CORIA que se celebrar\u00e1 del 25 al 26 de Febrero de 2012, con el prop\u00f3sito de elegir al establecimiento hostelero que representar\u00e1 [&hellip;]<\/p>\n","protected":false},"author":2,"featured_media":0,"comment_status":"closed","ping_status":"closed","sticky":false,"template":"","format":"standard","meta":{"_uag_custom_page_level_css":"","footnotes":""},"categories":[2],"tags":[1409],"class_list":["post-26609","post","type-post","status-publish","format-standard","hentry","category-noticias","tag-pinchos-y-tapas-medievales"],"yoast_head":"<!-- This site is optimized with the Yoast SEO plugin v27.4 - https:\/\/yoast.com\/product\/yoast-seo-wordpress\/ -->\n<title>Abierto el Concurso Local del V Concurso de Pinchos y Tapas Medievales Ciudad de Coria - Ayuntamiento de Coria<\/title>\n<meta name=\"robots\" content=\"index, follow, max-snippet:-1, max-image-preview:large, max-video-preview:-1\" \/>\n<link rel=\"canonical\" href=\"https:\/\/coria.org\/ayuntamiento\/index.php\/2012\/02\/06\/abierto-el-concurso-local-del-v-concurso-de-pinchos-y-tapas-medievales-ciudad-de-coria\/\" \/>\n<meta property=\"og:locale\" content=\"es_ES\" \/>\n<meta property=\"og:type\" content=\"article\" \/>\n<meta property=\"og:title\" content=\"Abierto el Concurso Local del V Concurso de Pinchos y Tapas Medievales Ciudad de Coria - Ayuntamiento de Coria\" \/>\n<meta property=\"og:description\" content=\"El Ayuntamiento de Coria, a trav\u00e9s de la Concejal\u00eda Delegada de Industria, Comercio, Cultura y Turismo, y en colaboraci\u00f3n con Asecoc, ha organizado el V CONCURSO DE PINCHOS Y TAPAS MEDIEVALES CIUDAD DE CORIA que se celebrar\u00e1 del 25 al 26 de Febrero de 2012, con el prop\u00f3sito de elegir al establecimiento hostelero que representar\u00e1 [&hellip;]\" \/>\n<meta property=\"og:url\" content=\"https:\/\/coria.org\/ayuntamiento\/index.php\/2012\/02\/06\/abierto-el-concurso-local-del-v-concurso-de-pinchos-y-tapas-medievales-ciudad-de-coria\/\" \/>\n<meta property=\"og:site_name\" content=\"Ayuntamiento de Coria\" \/>\n<meta property=\"article:publisher\" content=\"https:\/\/www.facebook.com\/Ayuntamiento.de.Coria\" \/>\n<meta property=\"article:published_time\" content=\"2012-02-05T23:00:00+00:00\" \/>\n<meta property=\"article:modified_time\" content=\"2023-11-16T10:25:06+00:00\" \/>\n<meta name=\"author\" content=\"ayuntamiento\" \/>\n<meta name=\"twitter:card\" content=\"summary_large_image\" \/>\n<meta name=\"twitter:creator\" content=\"@Ayto_de_Coria\" \/>\n<meta name=\"twitter:site\" content=\"@Ayto_de_Coria\" \/>\n<meta name=\"twitter:label1\" content=\"Escrito por\" \/>\n\t<meta name=\"twitter:data1\" content=\"ayuntamiento\" \/>\n\t<meta name=\"twitter:label2\" content=\"Tiempo de lectura\" \/>\n\t<meta name=\"twitter:data2\" content=\"1 minuto\" \/>\n<script type=\"application\/ld+json\" class=\"yoast-schema-graph\">{\"@context\":\"https:\\\/\\\/schema.org\",\"@graph\":[{\"@type\":\"Article\",\"@id\":\"https:\\\/\\\/coria.org\\\/ayuntamiento\\\/index.php\\\/2012\\\/02\\\/06\\\/abierto-el-concurso-local-del-v-concurso-de-pinchos-y-tapas-medievales-ciudad-de-coria\\\/#article\",\"isPartOf\":{\"@id\":\"https:\\\/\\\/coria.org\\\/ayuntamiento\\\/index.php\\\/2012\\\/02\\\/06\\\/abierto-el-concurso-local-del-v-concurso-de-pinchos-y-tapas-medievales-ciudad-de-coria\\\/\"},\"author\":{\"name\":\"ayuntamiento\",\"@id\":\"https:\\\/\\\/coria.org\\\/ayuntamiento\\\/#\\\/schema\\\/person\\\/8bd589f0e13e8ae5aa06def7a599d622\"},\"headline\":\"Abierto el Concurso Local del V Concurso de Pinchos y Tapas Medievales Ciudad de Coria\",\"datePublished\":\"2012-02-05T23:00:00+00:00\",\"dateModified\":\"2023-11-16T10:25:06+00:00\",\"mainEntityOfPage\":{\"@id\":\"https:\\\/\\\/coria.org\\\/ayuntamiento\\\/index.php\\\/2012\\\/02\\\/06\\\/abierto-el-concurso-local-del-v-concurso-de-pinchos-y-tapas-medievales-ciudad-de-coria\\\/\"},\"wordCount\":242,\"publisher\":{\"@id\":\"https:\\\/\\\/coria.org\\\/ayuntamiento\\\/#organization\"},\"keywords\":[\"pinchos y tapas medievales\"],\"articleSection\":[\"Noticias\"],\"inLanguage\":\"es\"},{\"@type\":\"WebPage\",\"@id\":\"https:\\\/\\\/coria.org\\\/ayuntamiento\\\/index.php\\\/2012\\\/02\\\/06\\\/abierto-el-concurso-local-del-v-concurso-de-pinchos-y-tapas-medievales-ciudad-de-coria\\\/\",\"url\":\"https:\\\/\\\/coria.org\\\/ayuntamiento\\\/index.php\\\/2012\\\/02\\\/06\\\/abierto-el-concurso-local-del-v-concurso-de-pinchos-y-tapas-medievales-ciudad-de-coria\\\/\",\"name\":\"Abierto el Concurso Local del V Concurso de Pinchos y Tapas Medievales Ciudad de Coria - Ayuntamiento de Coria\",\"isPartOf\":{\"@id\":\"https:\\\/\\\/coria.org\\\/ayuntamiento\\\/#website\"},\"datePublished\":\"2012-02-05T23:00:00+00:00\",\"dateModified\":\"2023-11-16T10:25:06+00:00\",\"breadcrumb\":{\"@id\":\"https:\\\/\\\/coria.org\\\/ayuntamiento\\\/index.php\\\/2012\\\/02\\\/06\\\/abierto-el-concurso-local-del-v-concurso-de-pinchos-y-tapas-medievales-ciudad-de-coria\\\/#breadcrumb\"},\"inLanguage\":\"es\",\"potentialAction\":[{\"@type\":\"ReadAction\",\"target\":[\"https:\\\/\\\/coria.org\\\/ayuntamiento\\\/index.php\\\/2012\\\/02\\\/06\\\/abierto-el-concurso-local-del-v-concurso-de-pinchos-y-tapas-medievales-ciudad-de-coria\\\/\"]}]},{\"@type\":\"BreadcrumbList\",\"@id\":\"https:\\\/\\\/coria.org\\\/ayuntamiento\\\/index.php\\\/2012\\\/02\\\/06\\\/abierto-el-concurso-local-del-v-concurso-de-pinchos-y-tapas-medievales-ciudad-de-coria\\\/#breadcrumb\",\"itemListElement\":[{\"@type\":\"ListItem\",\"position\":1,\"name\":\"Inicio\",\"item\":\"https:\\\/\\\/coria.org\\\/ayuntamiento\\\/\"},{\"@type\":\"ListItem\",\"position\":2,\"name\":\"Abierto el Concurso Local del V Concurso de Pinchos y Tapas Medievales Ciudad de Coria\"}]},{\"@type\":\"WebSite\",\"@id\":\"https:\\\/\\\/coria.org\\\/ayuntamiento\\\/#website\",\"url\":\"https:\\\/\\\/coria.org\\\/ayuntamiento\\\/\",\"name\":\"Ayuntamiento de Coria\",\"description\":\"Web oficial del Ayuntamiento de Coria\",\"publisher\":{\"@id\":\"https:\\\/\\\/coria.org\\\/ayuntamiento\\\/#organization\"},\"alternateName\":\"Web Oficial del Ayuntamiento de Coria\",\"potentialAction\":[{\"@type\":\"SearchAction\",\"target\":{\"@type\":\"EntryPoint\",\"urlTemplate\":\"https:\\\/\\\/coria.org\\\/ayuntamiento\\\/?s={search_term_string}\"},\"query-input\":{\"@type\":\"PropertyValueSpecification\",\"valueRequired\":true,\"valueName\":\"search_term_string\"}}],\"inLanguage\":\"es\"},{\"@type\":\"Organization\",\"@id\":\"https:\\\/\\\/coria.org\\\/ayuntamiento\\\/#organization\",\"name\":\"Ayuntamiento de Coria\",\"alternateName\":\"Ayto de Coria\",\"url\":\"https:\\\/\\\/coria.org\\\/ayuntamiento\\\/\",\"logo\":{\"@type\":\"ImageObject\",\"inLanguage\":\"es\",\"@id\":\"https:\\\/\\\/coria.org\\\/ayuntamiento\\\/#\\\/schema\\\/logo\\\/image\\\/\",\"url\":\"https:\\\/\\\/coria.org\\\/ayuntamiento\\\/wp-content\\\/uploads\\\/2020\\\/12\\\/escudo-ayuntamiento-coria.png\",\"contentUrl\":\"https:\\\/\\\/coria.org\\\/ayuntamiento\\\/wp-content\\\/uploads\\\/2020\\\/12\\\/escudo-ayuntamiento-coria.png\",\"width\":511,\"height\":240,\"caption\":\"Ayuntamiento de Coria\"},\"image\":{\"@id\":\"https:\\\/\\\/coria.org\\\/ayuntamiento\\\/#\\\/schema\\\/logo\\\/image\\\/\"},\"sameAs\":[\"https:\\\/\\\/www.facebook.com\\\/Ayuntamiento.de.Coria\",\"https:\\\/\\\/x.com\\\/Ayto_de_Coria\",\"https:\\\/\\\/www.instagram.com\\\/coria.ayuntamiento\\\/\",\"https:\\\/\\\/www.youtube.com\\\/user\\\/AYUNTAMIENTOCORIA\"]},{\"@type\":\"Person\",\"@id\":\"https:\\\/\\\/coria.org\\\/ayuntamiento\\\/#\\\/schema\\\/person\\\/8bd589f0e13e8ae5aa06def7a599d622\",\"name\":\"ayuntamiento\",\"image\":{\"@type\":\"ImageObject\",\"inLanguage\":\"es\",\"@id\":\"https:\\\/\\\/secure.gravatar.com\\\/avatar\\\/966e5ed73cad334adda5c87f49f2547f7082f7292c1b627cbb548744383b391c?s=96&d=mm&r=g\",\"url\":\"https:\\\/\\\/secure.gravatar.com\\\/avatar\\\/966e5ed73cad334adda5c87f49f2547f7082f7292c1b627cbb548744383b391c?s=96&d=mm&r=g\",\"contentUrl\":\"https:\\\/\\\/secure.gravatar.com\\\/avatar\\\/966e5ed73cad334adda5c87f49f2547f7082f7292c1b627cbb548744383b391c?s=96&d=mm&r=g\",\"caption\":\"ayuntamiento\"}}]}<\/script>\n<!-- \/ Yoast SEO plugin. -->","yoast_head_json":{"title":"Abierto el Concurso Local del V Concurso de Pinchos y Tapas Medievales Ciudad de Coria - Ayuntamiento de Coria","robots":{"index":"index","follow":"follow","max-snippet":"max-snippet:-1","max-image-preview":"max-image-preview:large","max-video-preview":"max-video-preview:-1"},"canonical":"https:\/\/coria.org\/ayuntamiento\/index.php\/2012\/02\/06\/abierto-el-concurso-local-del-v-concurso-de-pinchos-y-tapas-medievales-ciudad-de-coria\/","og_locale":"es_ES","og_type":"article","og_title":"Abierto el Concurso Local del V Concurso de Pinchos y Tapas Medievales Ciudad de Coria - Ayuntamiento de Coria","og_description":"El Ayuntamiento de Coria, a trav\u00e9s de la Concejal\u00eda Delegada de Industria, Comercio, Cultura y Turismo, y en colaboraci\u00f3n con Asecoc, ha organizado el V CONCURSO DE PINCHOS Y TAPAS MEDIEVALES CIUDAD DE CORIA que se celebrar\u00e1 del 25 al 26 de Febrero de 2012, con el prop\u00f3sito de elegir al establecimiento hostelero que representar\u00e1 [&hellip;]","og_url":"https:\/\/coria.org\/ayuntamiento\/index.php\/2012\/02\/06\/abierto-el-concurso-local-del-v-concurso-de-pinchos-y-tapas-medievales-ciudad-de-coria\/","og_site_name":"Ayuntamiento de Coria","article_publisher":"https:\/\/www.facebook.com\/Ayuntamiento.de.Coria","article_published_time":"2012-02-05T23:00:00+00:00","article_modified_time":"2023-11-16T10:25:06+00:00","author":"ayuntamiento","twitter_card":"summary_large_image","twitter_creator":"@Ayto_de_Coria","twitter_site":"@Ayto_de_Coria","twitter_misc":{"Escrito por":"ayuntamiento","Tiempo de lectura":"1 minuto"},"schema":{"@context":"https:\/\/schema.org","@graph":[{"@type":"Article","@id":"https:\/\/coria.org\/ayuntamiento\/index.php\/2012\/02\/06\/abierto-el-concurso-local-del-v-concurso-de-pinchos-y-tapas-medievales-ciudad-de-coria\/#article","isPartOf":{"@id":"https:\/\/coria.org\/ayuntamiento\/index.php\/2012\/02\/06\/abierto-el-concurso-local-del-v-concurso-de-pinchos-y-tapas-medievales-ciudad-de-coria\/"},"author":{"name":"ayuntamiento","@id":"https:\/\/coria.org\/ayuntamiento\/#\/schema\/person\/8bd589f0e13e8ae5aa06def7a599d622"},"headline":"Abierto el Concurso Local del V Concurso de Pinchos y Tapas Medievales Ciudad de Coria","datePublished":"2012-02-05T23:00:00+00:00","dateModified":"2023-11-16T10:25:06+00:00","mainEntityOfPage":{"@id":"https:\/\/coria.org\/ayuntamiento\/index.php\/2012\/02\/06\/abierto-el-concurso-local-del-v-concurso-de-pinchos-y-tapas-medievales-ciudad-de-coria\/"},"wordCount":242,"publisher":{"@id":"https:\/\/coria.org\/ayuntamiento\/#organization"},"keywords":["pinchos y tapas medievales"],"articleSection":["Noticias"],"inLanguage":"es"},{"@type":"WebPage","@id":"https:\/\/coria.org\/ayuntamiento\/index.php\/2012\/02\/06\/abierto-el-concurso-local-del-v-concurso-de-pinchos-y-tapas-medievales-ciudad-de-coria\/","url":"https:\/\/coria.org\/ayuntamiento\/index.php\/2012\/02\/06\/abierto-el-concurso-local-del-v-concurso-de-pinchos-y-tapas-medievales-ciudad-de-coria\/","name":"Abierto el Concurso Local del V Concurso de Pinchos y Tapas Medievales Ciudad de Coria - Ayuntamiento de Coria","isPartOf":{"@id":"https:\/\/coria.org\/ayuntamiento\/#website"},"datePublished":"2012-02-05T23:00:00+00:00","dateModified":"2023-11-16T10:25:06+00:00","breadcrumb":{"@id":"https:\/\/coria.org\/ayuntamiento\/index.php\/2012\/02\/06\/abierto-el-concurso-local-del-v-concurso-de-pinchos-y-tapas-medievales-ciudad-de-coria\/#breadcrumb"},"inLanguage":"es","potentialAction":[{"@type":"ReadAction","target":["https:\/\/coria.org\/ayuntamiento\/index.php\/2012\/02\/06\/abierto-el-concurso-local-del-v-concurso-de-pinchos-y-tapas-medievales-ciudad-de-coria\/"]}]},{"@type":"BreadcrumbList","@id":"https:\/\/coria.org\/ayuntamiento\/index.php\/2012\/02\/06\/abierto-el-concurso-local-del-v-concurso-de-pinchos-y-tapas-medievales-ciudad-de-coria\/#breadcrumb","itemListElement":[{"@type":"ListItem","position":1,"name":"Inicio","item":"https:\/\/coria.org\/ayuntamiento\/"},{"@type":"ListItem","position":2,"name":"Abierto el Concurso Local del V Concurso de Pinchos y Tapas Medievales Ciudad de Coria"}]},{"@type":"WebSite","@id":"https:\/\/coria.org\/ayuntamiento\/#website","url":"https:\/\/coria.org\/ayuntamiento\/","name":"Ayuntamiento de Coria","description":"Web oficial del Ayuntamiento de Coria","publisher":{"@id":"https:\/\/coria.org\/ayuntamiento\/#organization"},"alternateName":"Web Oficial del Ayuntamiento de Coria","potentialAction":[{"@type":"SearchAction","target":{"@type":"EntryPoint","urlTemplate":"https:\/\/coria.org\/ayuntamiento\/?s={search_term_string}"},"query-input":{"@type":"PropertyValueSpecification","valueRequired":true,"valueName":"search_term_string"}}],"inLanguage":"es"},{"@type":"Organization","@id":"https:\/\/coria.org\/ayuntamiento\/#organization","name":"Ayuntamiento de Coria","alternateName":"Ayto de Coria","url":"https:\/\/coria.org\/ayuntamiento\/","logo":{"@type":"ImageObject","inLanguage":"es","@id":"https:\/\/coria.org\/ayuntamiento\/#\/schema\/logo\/image\/","url":"https:\/\/coria.org\/ayuntamiento\/wp-content\/uploads\/2020\/12\/escudo-ayuntamiento-coria.png","contentUrl":"https:\/\/coria.org\/ayuntamiento\/wp-content\/uploads\/2020\/12\/escudo-ayuntamiento-coria.png","width":511,"height":240,"caption":"Ayuntamiento de Coria"},"image":{"@id":"https:\/\/coria.org\/ayuntamiento\/#\/schema\/logo\/image\/"},"sameAs":["https:\/\/www.facebook.com\/Ayuntamiento.de.Coria","https:\/\/x.com\/Ayto_de_Coria","https:\/\/www.instagram.com\/coria.ayuntamiento\/","https:\/\/www.youtube.com\/user\/AYUNTAMIENTOCORIA"]},{"@type":"Person","@id":"https:\/\/coria.org\/ayuntamiento\/#\/schema\/person\/8bd589f0e13e8ae5aa06def7a599d622","name":"ayuntamiento","image":{"@type":"ImageObject","inLanguage":"es","@id":"https:\/\/secure.gravatar.com\/avatar\/966e5ed73cad334adda5c87f49f2547f7082f7292c1b627cbb548744383b391c?s=96&d=mm&r=g","url":"https:\/\/secure.gravatar.com\/avatar\/966e5ed73cad334adda5c87f49f2547f7082f7292c1b627cbb548744383b391c?s=96&d=mm&r=g","contentUrl":"https:\/\/secure.gravatar.com\/avatar\/966e5ed73cad334adda5c87f49f2547f7082f7292c1b627cbb548744383b391c?s=96&d=mm&r=g","caption":"ayuntamiento"}}]}},"uagb_featured_image_src":{"full":false,"thumbnail":false,"medium":false,"medium_large":false,"large":false,"thumblist":false,"thumbrelated":false,"meccarouselthumb":false,"gridsquare":false,"tileview":false,"1536x1536":false,"2048x2048":false},"uagb_author_info":{"display_name":"ayuntamiento","author_link":"https:\/\/coria.org\/ayuntamiento\/index.php\/author\/ayuntamiento\/"},"uagb_comment_info":0,"uagb_excerpt":"El Ayuntamiento de Coria, a trav\u00e9s de la Concejal\u00eda Delegada de Industria, Comercio, Cultura y Turismo, y en colaboraci\u00f3n con Asecoc, ha organizado el V CONCURSO DE PINCHOS Y TAPAS MEDIEVALES CIUDAD DE CORIA que se celebrar\u00e1 del 25 al 26 de Febrero de 2012, con el prop\u00f3sito de elegir al establecimiento hostelero que representar\u00e1&hellip;","_links":{"self":[{"href":"https:\/\/coria.org\/ayuntamiento\/index.php\/wp-json\/wp\/v2\/posts\/26609","targetHints":{"allow":["GET"]}}],"collection":[{"href":"https:\/\/coria.org\/ayuntamiento\/index.php\/wp-json\/wp\/v2\/posts"}],"about":[{"href":"https:\/\/coria.org\/ayuntamiento\/index.php\/wp-json\/wp\/v2\/types\/post"}],"author":[{"embeddable":true,"href":"https:\/\/coria.org\/ayuntamiento\/index.php\/wp-json\/wp\/v2\/users\/2"}],"replies":[{"embeddable":true,"href":"https:\/\/coria.org\/ayuntamiento\/index.php\/wp-json\/wp\/v2\/comments?post=26609"}],"version-history":[{"count":0,"href":"https:\/\/coria.org\/ayuntamiento\/index.php\/wp-json\/wp\/v2\/posts\/26609\/revisions"}],"wp:attachment":[{"href":"https:\/\/coria.org\/ayuntamiento\/index.php\/wp-json\/wp\/v2\/media?parent=26609"}],"wp:term":[{"taxonomy":"category","embeddable":true,"href":"https:\/\/coria.org\/ayuntamiento\/index.php\/wp-json\/wp\/v2\/categories?post=26609"},{"taxonomy":"post_tag","embeddable":true,"href":"https:\/\/coria.org\/ayuntamiento\/index.php\/wp-json\/wp\/v2\/tags?post=26609"}],"curies":[{"name":"wp","href":"https:\/\/api.w.org\/{rel}","templated":true}]}}