{"id":26592,"date":"2012-02-27T00:00:00","date_gmt":"2012-02-26T23:00:00","guid":{"rendered":"https:\/\/ayuntamiento.coriaenimagenes.com\/cursos-previstos-para-el-primer-semestre-de-2012-en-la-unversidad-popular-de-coria\/"},"modified":"2023-09-18T13:29:01","modified_gmt":"2023-09-18T11:29:01","slug":"cursos-previstos-para-el-primer-semestre-de-2012-en-la-unversidad-popular-de-coria","status":"publish","type":"post","link":"https:\/\/coria.org\/ayuntamiento\/index.php\/2012\/02\/27\/cursos-previstos-para-el-primer-semestre-de-2012-en-la-unversidad-popular-de-coria\/","title":{"rendered":"Cursos previstos para el primer semestre de 2012 en la Universidad Popular de Coria"},"content":{"rendered":"\n<p><b>La Universidad Popular del Ayuntamiento de Coria informa de la programaci\u00f3n de cursos para el primer semestre de 2012.El plazo de inscripci\u00f3n estar\u00e1 abierto a partir del 27 de Febrero en la Casa de Cultura (Oficina Municipal de Informaci\u00f3n Juvenil) . Para m\u00e1s informaci\u00f3n consulta la p\u00e1gina web del Ayuntamiento www.coria.org o llama al tel\u00e9fono 927508000, ext.: 262 \u00f3 313.<\/b><\/p>\n\n\n\n<p><span style=\"font-family: verdana,arial,helvetica,sans-serif; font-size: small;\">Desde la Universidad Popular de Coria, atendiendo a las solicitudes que vamos recogiendo, hemos programado los siguientes cursos y talleres:<\/span><\/p>\n\n\n\n<ul class=\"wp-block-list\">\n<li><span style=\"font-family: verdana,arial,helvetica,sans-serif; font-size: small;\"><strong>Curso de Cocina Creativa (continuaci\u00f3n)<\/strong>: 40 horas. A desarrollar en las instalaciones del Patronato de Formaci\u00f3n y Empleo.<br \/>Fechas previstas: Se pondr\u00e1 en marcha al completar el cupo m\u00ednimo (12)de personas inscritas.<br \/>Precio p\u00fablico de inscripci\u00f3n: 40 \u20ac<\/span><\/li>\n\n\n\n<li><span style=\"font-family: verdana,arial,helvetica,sans-serif; font-size: small;\"><strong>Curso de Portugu\u00e9s( nivel medio)<\/strong>: 40 horas. A desarrollar en el Instituto de Educaci\u00f3n Secundaria.<br \/>Fechas previstas: Se pondr\u00e1 en marcha al completar el cupo m\u00ednimo (12) de personas inscritas.<br \/>Precio p\u00fablico de inscripci\u00f3n: 40 \u20ac<\/span><\/li>\n\n\n\n<li><span style=\"font-family: verdana,arial,helvetica,sans-serif; font-size: small;\"><strong>Curso de Ingl\u00e9s (nivel comunicaci\u00f3n)<\/strong>: 40 horas. A desarrollar en el Instituto de Educaci\u00f3n Secundaria.<br \/>Fechas previstas: Se pondr\u00e1 en marcha al completar el cupo m\u00ednimo (12) de personas inscritas.<br \/>Precio p\u00fablico de inscripci\u00f3n: 40 \u20ac<\/span><\/li>\n\n\n\n<li><span style=\"font-family: verdana,arial,helvetica,sans-serif; font-size: small;\"><strong>Curso de Fotograf\u00eda<\/strong>: 40 horas. A desarrollar en el Espacio de Creaci\u00f3n Joven.<br \/>Fechas previstas: Se pondr\u00e1 en marcha al completar el cupo m\u00ednimo (12) de personas inscritas.<br \/>Precio p\u00fablico de inscripci\u00f3n: 40 \u20ac<\/span><\/li>\n\n\n\n<li><span style=\"font-family: verdana,arial,helvetica,sans-serif; font-size: small;\"><strong>Curso de Cocina Fr\u00eda<\/strong>: Especial para personas con discapacidad.<br \/>Fechas previstas: En los s\u00e1bados a partir de las 10.30h. de la ma\u00f1ana, en las instalaciones del Patronato de Formaci\u00f3n y Empleo, a partir de Marzo.<br \/>Precio p\u00fablico de inscripci\u00f3n: Es gratuito aunque se solicitar\u00e1 la aportaci\u00f3n de materiales.<\/span><\/li>\n\n\n\n<li><span style=\"font-family: verdana,arial,helvetica,sans-serif; font-size: small;\"><strong>Taller de Jabones<\/strong>: dos sesiones de 2 horas. En la Casa de Cultura o Local pr\u00f3ximo.<br \/>Fechas previstas: 18 y 19 de Abril.<br \/>Precio p\u00fablico de inscripci\u00f3n: Es gratuito aunque se solicitar\u00e1 la aportaci\u00f3n de materiales.<\/span><\/li>\n<\/ul>\n\n\n\n<p><span style=\"font-family: verdana,arial,helvetica,sans-serif; font-size: small;\">Otros cursos que se pondr\u00edan en marcha si se completa el cupo m\u00ednimo exigido:<br \/><strong>Teatro<\/strong>, <strong>Lenguaje de Signos<\/strong>, <strong>Dise\u00f1o de Trajes Medievales<\/strong>, <strong>Pintura<\/strong>, <strong>Patchwork<\/strong>, <strong>Guitarra<\/strong> y <strong>Acorde\u00f3n<\/strong>.<\/span><\/p>\n","protected":false},"excerpt":{"rendered":"<p>La Universidad Popular del Ayuntamiento de Coria informa de la programaci\u00f3n de cursos para el primer semestre de 2012.El plazo de inscripci\u00f3n estar\u00e1 abierto a partir del 27 de Febrero en la Casa de Cultura (Oficina Municipal de Informaci\u00f3n Juvenil) . Para m\u00e1s informaci\u00f3n consulta la p\u00e1gina web del Ayuntamiento www.coria.org o llama al tel\u00e9fono [&hellip;]<\/p>\n","protected":false},"author":2,"featured_media":0,"comment_status":"closed","ping_status":"closed","sticky":false,"template":"","format":"standard","meta":{"_uag_custom_page_level_css":"","footnotes":""},"categories":[2],"tags":[394,1278],"class_list":["post-26592","post","type-post","status-publish","format-standard","hentry","category-noticias","tag-cursos","tag-universidad-popular"],"yoast_head":"<!-- This site is optimized with the Yoast SEO plugin v27.4 - https:\/\/yoast.com\/product\/yoast-seo-wordpress\/ -->\n<title>Cursos previstos para el primer semestre de 2012 en la Universidad Popular de Coria - Ayuntamiento de Coria<\/title>\n<meta name=\"robots\" content=\"index, follow, max-snippet:-1, max-image-preview:large, max-video-preview:-1\" \/>\n<link rel=\"canonical\" href=\"https:\/\/coria.org\/ayuntamiento\/index.php\/2012\/02\/27\/cursos-previstos-para-el-primer-semestre-de-2012-en-la-unversidad-popular-de-coria\/\" \/>\n<meta property=\"og:locale\" content=\"es_ES\" \/>\n<meta property=\"og:type\" content=\"article\" \/>\n<meta property=\"og:title\" content=\"Cursos previstos para el primer semestre de 2012 en la Universidad Popular de Coria - Ayuntamiento de Coria\" \/>\n<meta property=\"og:description\" content=\"La Universidad Popular del Ayuntamiento de Coria informa de la programaci\u00f3n de cursos para el primer semestre de 2012.El plazo de inscripci\u00f3n estar\u00e1 abierto a partir del 27 de Febrero en la Casa de Cultura (Oficina Municipal de Informaci\u00f3n Juvenil) . Para m\u00e1s informaci\u00f3n consulta la p\u00e1gina web del Ayuntamiento www.coria.org o llama al tel\u00e9fono [&hellip;]\" \/>\n<meta property=\"og:url\" content=\"https:\/\/coria.org\/ayuntamiento\/index.php\/2012\/02\/27\/cursos-previstos-para-el-primer-semestre-de-2012-en-la-unversidad-popular-de-coria\/\" \/>\n<meta property=\"og:site_name\" content=\"Ayuntamiento de Coria\" \/>\n<meta property=\"article:publisher\" content=\"https:\/\/www.facebook.com\/Ayuntamiento.de.Coria\" \/>\n<meta property=\"article:published_time\" content=\"2012-02-26T23:00:00+00:00\" \/>\n<meta property=\"article:modified_time\" content=\"2023-09-18T11:29:01+00:00\" \/>\n<meta name=\"author\" content=\"ayuntamiento\" \/>\n<meta name=\"twitter:card\" content=\"summary_large_image\" \/>\n<meta name=\"twitter:creator\" content=\"@Ayto_de_Coria\" \/>\n<meta name=\"twitter:site\" content=\"@Ayto_de_Coria\" \/>\n<meta name=\"twitter:label1\" content=\"Escrito por\" \/>\n\t<meta name=\"twitter:data1\" content=\"ayuntamiento\" \/>\n\t<meta name=\"twitter:label2\" content=\"Tiempo de lectura\" \/>\n\t<meta name=\"twitter:data2\" content=\"2 minutos\" \/>\n<script type=\"application\/ld+json\" class=\"yoast-schema-graph\">{\"@context\":\"https:\\\/\\\/schema.org\",\"@graph\":[{\"@type\":\"Article\",\"@id\":\"https:\\\/\\\/coria.org\\\/ayuntamiento\\\/index.php\\\/2012\\\/02\\\/27\\\/cursos-previstos-para-el-primer-semestre-de-2012-en-la-unversidad-popular-de-coria\\\/#article\",\"isPartOf\":{\"@id\":\"https:\\\/\\\/coria.org\\\/ayuntamiento\\\/index.php\\\/2012\\\/02\\\/27\\\/cursos-previstos-para-el-primer-semestre-de-2012-en-la-unversidad-popular-de-coria\\\/\"},\"author\":{\"name\":\"ayuntamiento\",\"@id\":\"https:\\\/\\\/coria.org\\\/ayuntamiento\\\/#\\\/schema\\\/person\\\/8bd589f0e13e8ae5aa06def7a599d622\"},\"headline\":\"Cursos previstos para el primer semestre de 2012 en la Universidad Popular de Coria\",\"datePublished\":\"2012-02-26T23:00:00+00:00\",\"dateModified\":\"2023-09-18T11:29:01+00:00\",\"mainEntityOfPage\":{\"@id\":\"https:\\\/\\\/coria.org\\\/ayuntamiento\\\/index.php\\\/2012\\\/02\\\/27\\\/cursos-previstos-para-el-primer-semestre-de-2012-en-la-unversidad-popular-de-coria\\\/\"},\"wordCount\":369,\"publisher\":{\"@id\":\"https:\\\/\\\/coria.org\\\/ayuntamiento\\\/#organization\"},\"keywords\":[\"cursos\",\"universidad popular\"],\"articleSection\":[\"Noticias\"],\"inLanguage\":\"es\"},{\"@type\":\"WebPage\",\"@id\":\"https:\\\/\\\/coria.org\\\/ayuntamiento\\\/index.php\\\/2012\\\/02\\\/27\\\/cursos-previstos-para-el-primer-semestre-de-2012-en-la-unversidad-popular-de-coria\\\/\",\"url\":\"https:\\\/\\\/coria.org\\\/ayuntamiento\\\/index.php\\\/2012\\\/02\\\/27\\\/cursos-previstos-para-el-primer-semestre-de-2012-en-la-unversidad-popular-de-coria\\\/\",\"name\":\"Cursos previstos para el primer semestre de 2012 en la Universidad Popular de Coria - Ayuntamiento de Coria\",\"isPartOf\":{\"@id\":\"https:\\\/\\\/coria.org\\\/ayuntamiento\\\/#website\"},\"datePublished\":\"2012-02-26T23:00:00+00:00\",\"dateModified\":\"2023-09-18T11:29:01+00:00\",\"breadcrumb\":{\"@id\":\"https:\\\/\\\/coria.org\\\/ayuntamiento\\\/index.php\\\/2012\\\/02\\\/27\\\/cursos-previstos-para-el-primer-semestre-de-2012-en-la-unversidad-popular-de-coria\\\/#breadcrumb\"},\"inLanguage\":\"es\",\"potentialAction\":[{\"@type\":\"ReadAction\",\"target\":[\"https:\\\/\\\/coria.org\\\/ayuntamiento\\\/index.php\\\/2012\\\/02\\\/27\\\/cursos-previstos-para-el-primer-semestre-de-2012-en-la-unversidad-popular-de-coria\\\/\"]}]},{\"@type\":\"BreadcrumbList\",\"@id\":\"https:\\\/\\\/coria.org\\\/ayuntamiento\\\/index.php\\\/2012\\\/02\\\/27\\\/cursos-previstos-para-el-primer-semestre-de-2012-en-la-unversidad-popular-de-coria\\\/#breadcrumb\",\"itemListElement\":[{\"@type\":\"ListItem\",\"position\":1,\"name\":\"Inicio\",\"item\":\"https:\\\/\\\/coria.org\\\/ayuntamiento\\\/\"},{\"@type\":\"ListItem\",\"position\":2,\"name\":\"Cursos previstos para el primer semestre de 2012 en la Universidad Popular de Coria\"}]},{\"@type\":\"WebSite\",\"@id\":\"https:\\\/\\\/coria.org\\\/ayuntamiento\\\/#website\",\"url\":\"https:\\\/\\\/coria.org\\\/ayuntamiento\\\/\",\"name\":\"Ayuntamiento de Coria\",\"description\":\"Web oficial del Ayuntamiento de Coria\",\"publisher\":{\"@id\":\"https:\\\/\\\/coria.org\\\/ayuntamiento\\\/#organization\"},\"alternateName\":\"Web Oficial del Ayuntamiento de Coria\",\"potentialAction\":[{\"@type\":\"SearchAction\",\"target\":{\"@type\":\"EntryPoint\",\"urlTemplate\":\"https:\\\/\\\/coria.org\\\/ayuntamiento\\\/?s={search_term_string}\"},\"query-input\":{\"@type\":\"PropertyValueSpecification\",\"valueRequired\":true,\"valueName\":\"search_term_string\"}}],\"inLanguage\":\"es\"},{\"@type\":\"Organization\",\"@id\":\"https:\\\/\\\/coria.org\\\/ayuntamiento\\\/#organization\",\"name\":\"Ayuntamiento de Coria\",\"alternateName\":\"Ayto de Coria\",\"url\":\"https:\\\/\\\/coria.org\\\/ayuntamiento\\\/\",\"logo\":{\"@type\":\"ImageObject\",\"inLanguage\":\"es\",\"@id\":\"https:\\\/\\\/coria.org\\\/ayuntamiento\\\/#\\\/schema\\\/logo\\\/image\\\/\",\"url\":\"https:\\\/\\\/coria.org\\\/ayuntamiento\\\/wp-content\\\/uploads\\\/2020\\\/12\\\/escudo-ayuntamiento-coria.png\",\"contentUrl\":\"https:\\\/\\\/coria.org\\\/ayuntamiento\\\/wp-content\\\/uploads\\\/2020\\\/12\\\/escudo-ayuntamiento-coria.png\",\"width\":511,\"height\":240,\"caption\":\"Ayuntamiento de Coria\"},\"image\":{\"@id\":\"https:\\\/\\\/coria.org\\\/ayuntamiento\\\/#\\\/schema\\\/logo\\\/image\\\/\"},\"sameAs\":[\"https:\\\/\\\/www.facebook.com\\\/Ayuntamiento.de.Coria\",\"https:\\\/\\\/x.com\\\/Ayto_de_Coria\",\"https:\\\/\\\/www.instagram.com\\\/coria.ayuntamiento\\\/\",\"https:\\\/\\\/www.youtube.com\\\/user\\\/AYUNTAMIENTOCORIA\"]},{\"@type\":\"Person\",\"@id\":\"https:\\\/\\\/coria.org\\\/ayuntamiento\\\/#\\\/schema\\\/person\\\/8bd589f0e13e8ae5aa06def7a599d622\",\"name\":\"ayuntamiento\",\"image\":{\"@type\":\"ImageObject\",\"inLanguage\":\"es\",\"@id\":\"https:\\\/\\\/secure.gravatar.com\\\/avatar\\\/966e5ed73cad334adda5c87f49f2547f7082f7292c1b627cbb548744383b391c?s=96&d=mm&r=g\",\"url\":\"https:\\\/\\\/secure.gravatar.com\\\/avatar\\\/966e5ed73cad334adda5c87f49f2547f7082f7292c1b627cbb548744383b391c?s=96&d=mm&r=g\",\"contentUrl\":\"https:\\\/\\\/secure.gravatar.com\\\/avatar\\\/966e5ed73cad334adda5c87f49f2547f7082f7292c1b627cbb548744383b391c?s=96&d=mm&r=g\",\"caption\":\"ayuntamiento\"}}]}<\/script>\n<!-- \/ Yoast SEO plugin. -->","yoast_head_json":{"title":"Cursos previstos para el primer semestre de 2012 en la Universidad Popular de Coria - Ayuntamiento de Coria","robots":{"index":"index","follow":"follow","max-snippet":"max-snippet:-1","max-image-preview":"max-image-preview:large","max-video-preview":"max-video-preview:-1"},"canonical":"https:\/\/coria.org\/ayuntamiento\/index.php\/2012\/02\/27\/cursos-previstos-para-el-primer-semestre-de-2012-en-la-unversidad-popular-de-coria\/","og_locale":"es_ES","og_type":"article","og_title":"Cursos previstos para el primer semestre de 2012 en la Universidad Popular de Coria - Ayuntamiento de Coria","og_description":"La Universidad Popular del Ayuntamiento de Coria informa de la programaci\u00f3n de cursos para el primer semestre de 2012.El plazo de inscripci\u00f3n estar\u00e1 abierto a partir del 27 de Febrero en la Casa de Cultura (Oficina Municipal de Informaci\u00f3n Juvenil) . Para m\u00e1s informaci\u00f3n consulta la p\u00e1gina web del Ayuntamiento www.coria.org o llama al tel\u00e9fono [&hellip;]","og_url":"https:\/\/coria.org\/ayuntamiento\/index.php\/2012\/02\/27\/cursos-previstos-para-el-primer-semestre-de-2012-en-la-unversidad-popular-de-coria\/","og_site_name":"Ayuntamiento de Coria","article_publisher":"https:\/\/www.facebook.com\/Ayuntamiento.de.Coria","article_published_time":"2012-02-26T23:00:00+00:00","article_modified_time":"2023-09-18T11:29:01+00:00","author":"ayuntamiento","twitter_card":"summary_large_image","twitter_creator":"@Ayto_de_Coria","twitter_site":"@Ayto_de_Coria","twitter_misc":{"Escrito por":"ayuntamiento","Tiempo de lectura":"2 minutos"},"schema":{"@context":"https:\/\/schema.org","@graph":[{"@type":"Article","@id":"https:\/\/coria.org\/ayuntamiento\/index.php\/2012\/02\/27\/cursos-previstos-para-el-primer-semestre-de-2012-en-la-unversidad-popular-de-coria\/#article","isPartOf":{"@id":"https:\/\/coria.org\/ayuntamiento\/index.php\/2012\/02\/27\/cursos-previstos-para-el-primer-semestre-de-2012-en-la-unversidad-popular-de-coria\/"},"author":{"name":"ayuntamiento","@id":"https:\/\/coria.org\/ayuntamiento\/#\/schema\/person\/8bd589f0e13e8ae5aa06def7a599d622"},"headline":"Cursos previstos para el primer semestre de 2012 en la Universidad Popular de Coria","datePublished":"2012-02-26T23:00:00+00:00","dateModified":"2023-09-18T11:29:01+00:00","mainEntityOfPage":{"@id":"https:\/\/coria.org\/ayuntamiento\/index.php\/2012\/02\/27\/cursos-previstos-para-el-primer-semestre-de-2012-en-la-unversidad-popular-de-coria\/"},"wordCount":369,"publisher":{"@id":"https:\/\/coria.org\/ayuntamiento\/#organization"},"keywords":["cursos","universidad popular"],"articleSection":["Noticias"],"inLanguage":"es"},{"@type":"WebPage","@id":"https:\/\/coria.org\/ayuntamiento\/index.php\/2012\/02\/27\/cursos-previstos-para-el-primer-semestre-de-2012-en-la-unversidad-popular-de-coria\/","url":"https:\/\/coria.org\/ayuntamiento\/index.php\/2012\/02\/27\/cursos-previstos-para-el-primer-semestre-de-2012-en-la-unversidad-popular-de-coria\/","name":"Cursos previstos para el primer semestre de 2012 en la Universidad Popular de Coria - Ayuntamiento de Coria","isPartOf":{"@id":"https:\/\/coria.org\/ayuntamiento\/#website"},"datePublished":"2012-02-26T23:00:00+00:00","dateModified":"2023-09-18T11:29:01+00:00","breadcrumb":{"@id":"https:\/\/coria.org\/ayuntamiento\/index.php\/2012\/02\/27\/cursos-previstos-para-el-primer-semestre-de-2012-en-la-unversidad-popular-de-coria\/#breadcrumb"},"inLanguage":"es","potentialAction":[{"@type":"ReadAction","target":["https:\/\/coria.org\/ayuntamiento\/index.php\/2012\/02\/27\/cursos-previstos-para-el-primer-semestre-de-2012-en-la-unversidad-popular-de-coria\/"]}]},{"@type":"BreadcrumbList","@id":"https:\/\/coria.org\/ayuntamiento\/index.php\/2012\/02\/27\/cursos-previstos-para-el-primer-semestre-de-2012-en-la-unversidad-popular-de-coria\/#breadcrumb","itemListElement":[{"@type":"ListItem","position":1,"name":"Inicio","item":"https:\/\/coria.org\/ayuntamiento\/"},{"@type":"ListItem","position":2,"name":"Cursos previstos para el primer semestre de 2012 en la Universidad Popular de Coria"}]},{"@type":"WebSite","@id":"https:\/\/coria.org\/ayuntamiento\/#website","url":"https:\/\/coria.org\/ayuntamiento\/","name":"Ayuntamiento de Coria","description":"Web oficial del Ayuntamiento de Coria","publisher":{"@id":"https:\/\/coria.org\/ayuntamiento\/#organization"},"alternateName":"Web Oficial del Ayuntamiento de Coria","potentialAction":[{"@type":"SearchAction","target":{"@type":"EntryPoint","urlTemplate":"https:\/\/coria.org\/ayuntamiento\/?s={search_term_string}"},"query-input":{"@type":"PropertyValueSpecification","valueRequired":true,"valueName":"search_term_string"}}],"inLanguage":"es"},{"@type":"Organization","@id":"https:\/\/coria.org\/ayuntamiento\/#organization","name":"Ayuntamiento de Coria","alternateName":"Ayto de Coria","url":"https:\/\/coria.org\/ayuntamiento\/","logo":{"@type":"ImageObject","inLanguage":"es","@id":"https:\/\/coria.org\/ayuntamiento\/#\/schema\/logo\/image\/","url":"https:\/\/coria.org\/ayuntamiento\/wp-content\/uploads\/2020\/12\/escudo-ayuntamiento-coria.png","contentUrl":"https:\/\/coria.org\/ayuntamiento\/wp-content\/uploads\/2020\/12\/escudo-ayuntamiento-coria.png","width":511,"height":240,"caption":"Ayuntamiento de Coria"},"image":{"@id":"https:\/\/coria.org\/ayuntamiento\/#\/schema\/logo\/image\/"},"sameAs":["https:\/\/www.facebook.com\/Ayuntamiento.de.Coria","https:\/\/x.com\/Ayto_de_Coria","https:\/\/www.instagram.com\/coria.ayuntamiento\/","https:\/\/www.youtube.com\/user\/AYUNTAMIENTOCORIA"]},{"@type":"Person","@id":"https:\/\/coria.org\/ayuntamiento\/#\/schema\/person\/8bd589f0e13e8ae5aa06def7a599d622","name":"ayuntamiento","image":{"@type":"ImageObject","inLanguage":"es","@id":"https:\/\/secure.gravatar.com\/avatar\/966e5ed73cad334adda5c87f49f2547f7082f7292c1b627cbb548744383b391c?s=96&d=mm&r=g","url":"https:\/\/secure.gravatar.com\/avatar\/966e5ed73cad334adda5c87f49f2547f7082f7292c1b627cbb548744383b391c?s=96&d=mm&r=g","contentUrl":"https:\/\/secure.gravatar.com\/avatar\/966e5ed73cad334adda5c87f49f2547f7082f7292c1b627cbb548744383b391c?s=96&d=mm&r=g","caption":"ayuntamiento"}}]}},"uagb_featured_image_src":{"full":false,"thumbnail":false,"medium":false,"medium_large":false,"large":false,"thumblist":false,"thumbrelated":false,"meccarouselthumb":false,"gridsquare":false,"tileview":false,"1536x1536":false,"2048x2048":false},"uagb_author_info":{"display_name":"ayuntamiento","author_link":"https:\/\/coria.org\/ayuntamiento\/index.php\/author\/ayuntamiento\/"},"uagb_comment_info":0,"uagb_excerpt":"La Universidad Popular del Ayuntamiento de Coria informa de la programaci\u00f3n de cursos para el primer semestre de 2012.El plazo de inscripci\u00f3n estar\u00e1 abierto a partir del 27 de Febrero en la Casa de Cultura (Oficina Municipal de Informaci\u00f3n Juvenil) . Para m\u00e1s informaci\u00f3n consulta la p\u00e1gina web del Ayuntamiento www.coria.org o llama al tel\u00e9fono&hellip;","_links":{"self":[{"href":"https:\/\/coria.org\/ayuntamiento\/index.php\/wp-json\/wp\/v2\/posts\/26592","targetHints":{"allow":["GET"]}}],"collection":[{"href":"https:\/\/coria.org\/ayuntamiento\/index.php\/wp-json\/wp\/v2\/posts"}],"about":[{"href":"https:\/\/coria.org\/ayuntamiento\/index.php\/wp-json\/wp\/v2\/types\/post"}],"author":[{"embeddable":true,"href":"https:\/\/coria.org\/ayuntamiento\/index.php\/wp-json\/wp\/v2\/users\/2"}],"replies":[{"embeddable":true,"href":"https:\/\/coria.org\/ayuntamiento\/index.php\/wp-json\/wp\/v2\/comments?post=26592"}],"version-history":[{"count":0,"href":"https:\/\/coria.org\/ayuntamiento\/index.php\/wp-json\/wp\/v2\/posts\/26592\/revisions"}],"wp:attachment":[{"href":"https:\/\/coria.org\/ayuntamiento\/index.php\/wp-json\/wp\/v2\/media?parent=26592"}],"wp:term":[{"taxonomy":"category","embeddable":true,"href":"https:\/\/coria.org\/ayuntamiento\/index.php\/wp-json\/wp\/v2\/categories?post=26592"},{"taxonomy":"post_tag","embeddable":true,"href":"https:\/\/coria.org\/ayuntamiento\/index.php\/wp-json\/wp\/v2\/tags?post=26592"}],"curies":[{"name":"wp","href":"https:\/\/api.w.org\/{rel}","templated":true}]}}