{"id":26589,"date":"2012-02-28T00:00:00","date_gmt":"2012-02-27T23:00:00","guid":{"rendered":"https:\/\/ayuntamiento.coriaenimagenes.com\/comienzan-las-obras-de-limpieza-del-rio-alagon\/"},"modified":"2023-09-18T13:29:00","modified_gmt":"2023-09-18T11:29:00","slug":"comienzan-las-obras-de-limpieza-del-rio-alagon","status":"publish","type":"post","link":"https:\/\/coria.org\/ayuntamiento\/index.php\/2012\/02\/28\/comienzan-las-obras-de-limpieza-del-rio-alagon\/","title":{"rendered":"Comienzan las obras de limpieza del rio Alag\u00f3n"},"content":{"rendered":"\n<p><b>Estas tareas van a mover, aproximadamente, entre 6000 y 7000 metros c\u00fabicos de tierra, lodo, fango y sedimentos<\/b><\/p>\n\n\n\n<p>Esta ma\u00f1ana han dado comienzo las obras de limpieza del r\u00edo Alag\u00f3n, en la que el Alcalde, Jos\u00e9 Manuel Garc\u00eda Ballestero, ha recibido a los medios en plena orilla del r\u00edo donde estaba la maquinaria ya empezando. <\/p>\n\n\n\n<p>Como bien ha dicho el primer edil \u00abestas son unas obras de emergencia, que se ten\u00edan que haber acometido hace mucho tiempo, porque es la primera vez que se va a intervenir en el cauce del r\u00edo Alag\u00f3n a su paso por Coria\u00bb. <\/p>\n\n\n\n<p>Estas obras se solicitaron este verano, por parte del equipo de Gobierno, y a final de a\u00f1o fueron aprobadas por la Confederaci\u00f3n Hidrogr\u00e1fica del Tajo, ya que es la que ha dado el permiso para limpiar el cauce del r\u00edo Alag\u00f3n.<\/p>\n\n\n\n<p>Estas tareas, que ya han dado comienzo, \u00abvan a mover, aproximadamente, entre 6000 y 7000 metros c\u00fabicos de tierra, lodo, fango y sedimentos\u00bb, como ha explicado el alcalde. Estos sedimentos se han ido depositando sobre todo en el curso bajo del r\u00edo, lo comprendido entre el puente de Hierro y la zona de los chiringuitos. Con lo que se saque de estos sedimentos, algunos se repartir\u00e1n entre las orillas del propio r\u00edo para reponerlas y los que no sirvan se trasladar\u00e1n con un cami\u00f3n a otras zonas.<\/p>\n\n\n\n<p>El presupuesto empleado para estas obras ha sido de entre 18.000 y 20.000 euros, que los va a aportar \u00edntegramente el Ayuntamiento de recursos propios, \u00abhaciendo un esfuerzo muy importante, sabiendo como est\u00e1n las arcas municipales, pero creemos que es un esfuerzo importante el que hay que hacer porque va a beneficiar, de manera importante, a la ciudad de Coria, al propio turismo y a la propia zona\u00bb, inform\u00f3 el alcalde. <\/p>\n\n\n\n<p>La empresa encargada de las obras es CASUAN S.A., una empresa de Coria, la cu\u00e1l va a poner la maquinaria. Est\u00e1 previsto que en dos semana, aproximadamente, las obras est\u00e9n finalizadas, y por tanto ya est\u00e9 todo a disposici\u00f3n de los ciudadanos. Tambi\u00e9n hay que tener en cuenta, a la hora de ejecutar las obras, el tema de las anidaciones y el tema de medioambiente ya que empiezan a mediados del mes de marzo, \u00abpor lo que hay que ser muy conscientes y muy respetuosos con el medioambiente\u00bb, como ha explicado Garc\u00eda Ballestero. <\/p>\n\n\n\n<p>Despu\u00e9s de acometer esta obra se est\u00e1n esperando otras dos obras, una de Diputaci\u00f3n Provincial de aproximadamente 250.000 euros, que ya est\u00e1 solicitada y se est\u00e1 tramitando, ya que tiene que ver con todo el tema medioambiental, de recreo y zonas verdes; y despu\u00e9s, seg\u00fan palabras del alcalde, \u00abla obra importante de recuperaci\u00f3n de todo el entorno, a la cual se est\u00e1 esperando a que nombren presidente o presidenta de CHT para ir a visitarlo y por tanto ponerlo en valor\u00bb. <\/p>\n\n\n\n<p>Para finalizar, Garc\u00eda Ballestero explic\u00f3 que \u00abson tres actuaciones las que est\u00e1n pendientes, esta es la primera de emergencia, la segunda pertenece a Diputaci\u00f3n Provincial y por \u00faltimo la obra grande e importante por la que seguiremos trabajando\u00bb. <br \/><\/p>\n","protected":false},"excerpt":{"rendered":"<p>Estas tareas van a mover, aproximadamente, entre 6000 y 7000 metros c\u00fabicos de tierra, lodo, fango y sedimentos Esta ma\u00f1ana han dado comienzo las obras de limpieza del r\u00edo Alag\u00f3n, en la que el Alcalde, Jos\u00e9 Manuel Garc\u00eda Ballestero, ha recibido a los medios en plena orilla del r\u00edo donde estaba la maquinaria ya empezando. [&hellip;]<\/p>\n","protected":false},"author":2,"featured_media":0,"comment_status":"closed","ping_status":"closed","sticky":false,"template":"","format":"standard","meta":{"_uag_custom_page_level_css":"","footnotes":""},"categories":[2],"tags":[84,744],"class_list":["post-26589","post","type-post","status-publish","format-standard","hentry","category-noticias","tag-alagon","tag-limpieza"],"yoast_head":"<!-- This site is optimized with the Yoast SEO plugin v27.4 - https:\/\/yoast.com\/product\/yoast-seo-wordpress\/ -->\n<title>Comienzan las obras de limpieza del rio Alag\u00f3n - Ayuntamiento de Coria<\/title>\n<meta name=\"robots\" content=\"index, follow, max-snippet:-1, max-image-preview:large, max-video-preview:-1\" \/>\n<link rel=\"canonical\" href=\"https:\/\/coria.org\/ayuntamiento\/index.php\/2012\/02\/28\/comienzan-las-obras-de-limpieza-del-rio-alagon\/\" \/>\n<meta property=\"og:locale\" content=\"es_ES\" \/>\n<meta property=\"og:type\" content=\"article\" \/>\n<meta property=\"og:title\" content=\"Comienzan las obras de limpieza del rio Alag\u00f3n - Ayuntamiento de Coria\" \/>\n<meta property=\"og:description\" content=\"Estas tareas van a mover, aproximadamente, entre 6000 y 7000 metros c\u00fabicos de tierra, lodo, fango y sedimentos Esta ma\u00f1ana han dado comienzo las obras de limpieza del r\u00edo Alag\u00f3n, en la que el Alcalde, Jos\u00e9 Manuel Garc\u00eda Ballestero, ha recibido a los medios en plena orilla del r\u00edo donde estaba la maquinaria ya empezando. [&hellip;]\" \/>\n<meta property=\"og:url\" content=\"https:\/\/coria.org\/ayuntamiento\/index.php\/2012\/02\/28\/comienzan-las-obras-de-limpieza-del-rio-alagon\/\" \/>\n<meta property=\"og:site_name\" content=\"Ayuntamiento de Coria\" \/>\n<meta property=\"article:publisher\" content=\"https:\/\/www.facebook.com\/Ayuntamiento.de.Coria\" \/>\n<meta property=\"article:published_time\" content=\"2012-02-27T23:00:00+00:00\" \/>\n<meta property=\"article:modified_time\" content=\"2023-09-18T11:29:00+00:00\" \/>\n<meta name=\"author\" content=\"ayuntamiento\" \/>\n<meta name=\"twitter:card\" content=\"summary_large_image\" \/>\n<meta name=\"twitter:creator\" content=\"@Ayto_de_Coria\" \/>\n<meta name=\"twitter:site\" content=\"@Ayto_de_Coria\" \/>\n<meta name=\"twitter:label1\" content=\"Escrito por\" \/>\n\t<meta name=\"twitter:data1\" content=\"ayuntamiento\" \/>\n\t<meta name=\"twitter:label2\" content=\"Tiempo de lectura\" \/>\n\t<meta name=\"twitter:data2\" content=\"3 minutos\" \/>\n<script type=\"application\/ld+json\" class=\"yoast-schema-graph\">{\"@context\":\"https:\\\/\\\/schema.org\",\"@graph\":[{\"@type\":\"Article\",\"@id\":\"https:\\\/\\\/coria.org\\\/ayuntamiento\\\/index.php\\\/2012\\\/02\\\/28\\\/comienzan-las-obras-de-limpieza-del-rio-alagon\\\/#article\",\"isPartOf\":{\"@id\":\"https:\\\/\\\/coria.org\\\/ayuntamiento\\\/index.php\\\/2012\\\/02\\\/28\\\/comienzan-las-obras-de-limpieza-del-rio-alagon\\\/\"},\"author\":{\"name\":\"ayuntamiento\",\"@id\":\"https:\\\/\\\/coria.org\\\/ayuntamiento\\\/#\\\/schema\\\/person\\\/8bd589f0e13e8ae5aa06def7a599d622\"},\"headline\":\"Comienzan las obras de limpieza del rio Alag\u00f3n\",\"datePublished\":\"2012-02-27T23:00:00+00:00\",\"dateModified\":\"2023-09-18T11:29:00+00:00\",\"mainEntityOfPage\":{\"@id\":\"https:\\\/\\\/coria.org\\\/ayuntamiento\\\/index.php\\\/2012\\\/02\\\/28\\\/comienzan-las-obras-de-limpieza-del-rio-alagon\\\/\"},\"wordCount\":547,\"publisher\":{\"@id\":\"https:\\\/\\\/coria.org\\\/ayuntamiento\\\/#organization\"},\"keywords\":[\"alagon\",\"limpieza\"],\"articleSection\":[\"Noticias\"],\"inLanguage\":\"es\"},{\"@type\":\"WebPage\",\"@id\":\"https:\\\/\\\/coria.org\\\/ayuntamiento\\\/index.php\\\/2012\\\/02\\\/28\\\/comienzan-las-obras-de-limpieza-del-rio-alagon\\\/\",\"url\":\"https:\\\/\\\/coria.org\\\/ayuntamiento\\\/index.php\\\/2012\\\/02\\\/28\\\/comienzan-las-obras-de-limpieza-del-rio-alagon\\\/\",\"name\":\"Comienzan las obras de limpieza del rio Alag\u00f3n - Ayuntamiento de Coria\",\"isPartOf\":{\"@id\":\"https:\\\/\\\/coria.org\\\/ayuntamiento\\\/#website\"},\"datePublished\":\"2012-02-27T23:00:00+00:00\",\"dateModified\":\"2023-09-18T11:29:00+00:00\",\"breadcrumb\":{\"@id\":\"https:\\\/\\\/coria.org\\\/ayuntamiento\\\/index.php\\\/2012\\\/02\\\/28\\\/comienzan-las-obras-de-limpieza-del-rio-alagon\\\/#breadcrumb\"},\"inLanguage\":\"es\",\"potentialAction\":[{\"@type\":\"ReadAction\",\"target\":[\"https:\\\/\\\/coria.org\\\/ayuntamiento\\\/index.php\\\/2012\\\/02\\\/28\\\/comienzan-las-obras-de-limpieza-del-rio-alagon\\\/\"]}]},{\"@type\":\"BreadcrumbList\",\"@id\":\"https:\\\/\\\/coria.org\\\/ayuntamiento\\\/index.php\\\/2012\\\/02\\\/28\\\/comienzan-las-obras-de-limpieza-del-rio-alagon\\\/#breadcrumb\",\"itemListElement\":[{\"@type\":\"ListItem\",\"position\":1,\"name\":\"Inicio\",\"item\":\"https:\\\/\\\/coria.org\\\/ayuntamiento\\\/\"},{\"@type\":\"ListItem\",\"position\":2,\"name\":\"Comienzan las obras de limpieza del rio Alag\u00f3n\"}]},{\"@type\":\"WebSite\",\"@id\":\"https:\\\/\\\/coria.org\\\/ayuntamiento\\\/#website\",\"url\":\"https:\\\/\\\/coria.org\\\/ayuntamiento\\\/\",\"name\":\"Ayuntamiento de Coria\",\"description\":\"Web oficial del Ayuntamiento de Coria\",\"publisher\":{\"@id\":\"https:\\\/\\\/coria.org\\\/ayuntamiento\\\/#organization\"},\"alternateName\":\"Web Oficial del Ayuntamiento de Coria\",\"potentialAction\":[{\"@type\":\"SearchAction\",\"target\":{\"@type\":\"EntryPoint\",\"urlTemplate\":\"https:\\\/\\\/coria.org\\\/ayuntamiento\\\/?s={search_term_string}\"},\"query-input\":{\"@type\":\"PropertyValueSpecification\",\"valueRequired\":true,\"valueName\":\"search_term_string\"}}],\"inLanguage\":\"es\"},{\"@type\":\"Organization\",\"@id\":\"https:\\\/\\\/coria.org\\\/ayuntamiento\\\/#organization\",\"name\":\"Ayuntamiento de Coria\",\"alternateName\":\"Ayto de Coria\",\"url\":\"https:\\\/\\\/coria.org\\\/ayuntamiento\\\/\",\"logo\":{\"@type\":\"ImageObject\",\"inLanguage\":\"es\",\"@id\":\"https:\\\/\\\/coria.org\\\/ayuntamiento\\\/#\\\/schema\\\/logo\\\/image\\\/\",\"url\":\"https:\\\/\\\/coria.org\\\/ayuntamiento\\\/wp-content\\\/uploads\\\/2020\\\/12\\\/escudo-ayuntamiento-coria.png\",\"contentUrl\":\"https:\\\/\\\/coria.org\\\/ayuntamiento\\\/wp-content\\\/uploads\\\/2020\\\/12\\\/escudo-ayuntamiento-coria.png\",\"width\":511,\"height\":240,\"caption\":\"Ayuntamiento de Coria\"},\"image\":{\"@id\":\"https:\\\/\\\/coria.org\\\/ayuntamiento\\\/#\\\/schema\\\/logo\\\/image\\\/\"},\"sameAs\":[\"https:\\\/\\\/www.facebook.com\\\/Ayuntamiento.de.Coria\",\"https:\\\/\\\/x.com\\\/Ayto_de_Coria\",\"https:\\\/\\\/www.instagram.com\\\/coria.ayuntamiento\\\/\",\"https:\\\/\\\/www.youtube.com\\\/user\\\/AYUNTAMIENTOCORIA\"]},{\"@type\":\"Person\",\"@id\":\"https:\\\/\\\/coria.org\\\/ayuntamiento\\\/#\\\/schema\\\/person\\\/8bd589f0e13e8ae5aa06def7a599d622\",\"name\":\"ayuntamiento\",\"image\":{\"@type\":\"ImageObject\",\"inLanguage\":\"es\",\"@id\":\"https:\\\/\\\/secure.gravatar.com\\\/avatar\\\/966e5ed73cad334adda5c87f49f2547f7082f7292c1b627cbb548744383b391c?s=96&d=mm&r=g\",\"url\":\"https:\\\/\\\/secure.gravatar.com\\\/avatar\\\/966e5ed73cad334adda5c87f49f2547f7082f7292c1b627cbb548744383b391c?s=96&d=mm&r=g\",\"contentUrl\":\"https:\\\/\\\/secure.gravatar.com\\\/avatar\\\/966e5ed73cad334adda5c87f49f2547f7082f7292c1b627cbb548744383b391c?s=96&d=mm&r=g\",\"caption\":\"ayuntamiento\"}}]}<\/script>\n<!-- \/ Yoast SEO plugin. -->","yoast_head_json":{"title":"Comienzan las obras de limpieza del rio Alag\u00f3n - Ayuntamiento de Coria","robots":{"index":"index","follow":"follow","max-snippet":"max-snippet:-1","max-image-preview":"max-image-preview:large","max-video-preview":"max-video-preview:-1"},"canonical":"https:\/\/coria.org\/ayuntamiento\/index.php\/2012\/02\/28\/comienzan-las-obras-de-limpieza-del-rio-alagon\/","og_locale":"es_ES","og_type":"article","og_title":"Comienzan las obras de limpieza del rio Alag\u00f3n - Ayuntamiento de Coria","og_description":"Estas tareas van a mover, aproximadamente, entre 6000 y 7000 metros c\u00fabicos de tierra, lodo, fango y sedimentos Esta ma\u00f1ana han dado comienzo las obras de limpieza del r\u00edo Alag\u00f3n, en la que el Alcalde, Jos\u00e9 Manuel Garc\u00eda Ballestero, ha recibido a los medios en plena orilla del r\u00edo donde estaba la maquinaria ya empezando. [&hellip;]","og_url":"https:\/\/coria.org\/ayuntamiento\/index.php\/2012\/02\/28\/comienzan-las-obras-de-limpieza-del-rio-alagon\/","og_site_name":"Ayuntamiento de Coria","article_publisher":"https:\/\/www.facebook.com\/Ayuntamiento.de.Coria","article_published_time":"2012-02-27T23:00:00+00:00","article_modified_time":"2023-09-18T11:29:00+00:00","author":"ayuntamiento","twitter_card":"summary_large_image","twitter_creator":"@Ayto_de_Coria","twitter_site":"@Ayto_de_Coria","twitter_misc":{"Escrito por":"ayuntamiento","Tiempo de lectura":"3 minutos"},"schema":{"@context":"https:\/\/schema.org","@graph":[{"@type":"Article","@id":"https:\/\/coria.org\/ayuntamiento\/index.php\/2012\/02\/28\/comienzan-las-obras-de-limpieza-del-rio-alagon\/#article","isPartOf":{"@id":"https:\/\/coria.org\/ayuntamiento\/index.php\/2012\/02\/28\/comienzan-las-obras-de-limpieza-del-rio-alagon\/"},"author":{"name":"ayuntamiento","@id":"https:\/\/coria.org\/ayuntamiento\/#\/schema\/person\/8bd589f0e13e8ae5aa06def7a599d622"},"headline":"Comienzan las obras de limpieza del rio Alag\u00f3n","datePublished":"2012-02-27T23:00:00+00:00","dateModified":"2023-09-18T11:29:00+00:00","mainEntityOfPage":{"@id":"https:\/\/coria.org\/ayuntamiento\/index.php\/2012\/02\/28\/comienzan-las-obras-de-limpieza-del-rio-alagon\/"},"wordCount":547,"publisher":{"@id":"https:\/\/coria.org\/ayuntamiento\/#organization"},"keywords":["alagon","limpieza"],"articleSection":["Noticias"],"inLanguage":"es"},{"@type":"WebPage","@id":"https:\/\/coria.org\/ayuntamiento\/index.php\/2012\/02\/28\/comienzan-las-obras-de-limpieza-del-rio-alagon\/","url":"https:\/\/coria.org\/ayuntamiento\/index.php\/2012\/02\/28\/comienzan-las-obras-de-limpieza-del-rio-alagon\/","name":"Comienzan las obras de limpieza del rio Alag\u00f3n - Ayuntamiento de Coria","isPartOf":{"@id":"https:\/\/coria.org\/ayuntamiento\/#website"},"datePublished":"2012-02-27T23:00:00+00:00","dateModified":"2023-09-18T11:29:00+00:00","breadcrumb":{"@id":"https:\/\/coria.org\/ayuntamiento\/index.php\/2012\/02\/28\/comienzan-las-obras-de-limpieza-del-rio-alagon\/#breadcrumb"},"inLanguage":"es","potentialAction":[{"@type":"ReadAction","target":["https:\/\/coria.org\/ayuntamiento\/index.php\/2012\/02\/28\/comienzan-las-obras-de-limpieza-del-rio-alagon\/"]}]},{"@type":"BreadcrumbList","@id":"https:\/\/coria.org\/ayuntamiento\/index.php\/2012\/02\/28\/comienzan-las-obras-de-limpieza-del-rio-alagon\/#breadcrumb","itemListElement":[{"@type":"ListItem","position":1,"name":"Inicio","item":"https:\/\/coria.org\/ayuntamiento\/"},{"@type":"ListItem","position":2,"name":"Comienzan las obras de limpieza del rio Alag\u00f3n"}]},{"@type":"WebSite","@id":"https:\/\/coria.org\/ayuntamiento\/#website","url":"https:\/\/coria.org\/ayuntamiento\/","name":"Ayuntamiento de Coria","description":"Web oficial del Ayuntamiento de Coria","publisher":{"@id":"https:\/\/coria.org\/ayuntamiento\/#organization"},"alternateName":"Web Oficial del Ayuntamiento de Coria","potentialAction":[{"@type":"SearchAction","target":{"@type":"EntryPoint","urlTemplate":"https:\/\/coria.org\/ayuntamiento\/?s={search_term_string}"},"query-input":{"@type":"PropertyValueSpecification","valueRequired":true,"valueName":"search_term_string"}}],"inLanguage":"es"},{"@type":"Organization","@id":"https:\/\/coria.org\/ayuntamiento\/#organization","name":"Ayuntamiento de Coria","alternateName":"Ayto de Coria","url":"https:\/\/coria.org\/ayuntamiento\/","logo":{"@type":"ImageObject","inLanguage":"es","@id":"https:\/\/coria.org\/ayuntamiento\/#\/schema\/logo\/image\/","url":"https:\/\/coria.org\/ayuntamiento\/wp-content\/uploads\/2020\/12\/escudo-ayuntamiento-coria.png","contentUrl":"https:\/\/coria.org\/ayuntamiento\/wp-content\/uploads\/2020\/12\/escudo-ayuntamiento-coria.png","width":511,"height":240,"caption":"Ayuntamiento de Coria"},"image":{"@id":"https:\/\/coria.org\/ayuntamiento\/#\/schema\/logo\/image\/"},"sameAs":["https:\/\/www.facebook.com\/Ayuntamiento.de.Coria","https:\/\/x.com\/Ayto_de_Coria","https:\/\/www.instagram.com\/coria.ayuntamiento\/","https:\/\/www.youtube.com\/user\/AYUNTAMIENTOCORIA"]},{"@type":"Person","@id":"https:\/\/coria.org\/ayuntamiento\/#\/schema\/person\/8bd589f0e13e8ae5aa06def7a599d622","name":"ayuntamiento","image":{"@type":"ImageObject","inLanguage":"es","@id":"https:\/\/secure.gravatar.com\/avatar\/966e5ed73cad334adda5c87f49f2547f7082f7292c1b627cbb548744383b391c?s=96&d=mm&r=g","url":"https:\/\/secure.gravatar.com\/avatar\/966e5ed73cad334adda5c87f49f2547f7082f7292c1b627cbb548744383b391c?s=96&d=mm&r=g","contentUrl":"https:\/\/secure.gravatar.com\/avatar\/966e5ed73cad334adda5c87f49f2547f7082f7292c1b627cbb548744383b391c?s=96&d=mm&r=g","caption":"ayuntamiento"}}]}},"uagb_featured_image_src":{"full":false,"thumbnail":false,"medium":false,"medium_large":false,"large":false,"thumblist":false,"thumbrelated":false,"meccarouselthumb":false,"gridsquare":false,"tileview":false,"1536x1536":false,"2048x2048":false},"uagb_author_info":{"display_name":"ayuntamiento","author_link":"https:\/\/coria.org\/ayuntamiento\/index.php\/author\/ayuntamiento\/"},"uagb_comment_info":0,"uagb_excerpt":"Estas tareas van a mover, aproximadamente, entre 6000 y 7000 metros c\u00fabicos de tierra, lodo, fango y sedimentos Esta ma\u00f1ana han dado comienzo las obras de limpieza del r\u00edo Alag\u00f3n, en la que el Alcalde, Jos\u00e9 Manuel Garc\u00eda Ballestero, ha recibido a los medios en plena orilla del r\u00edo donde estaba la maquinaria ya empezando.&hellip;","_links":{"self":[{"href":"https:\/\/coria.org\/ayuntamiento\/index.php\/wp-json\/wp\/v2\/posts\/26589","targetHints":{"allow":["GET"]}}],"collection":[{"href":"https:\/\/coria.org\/ayuntamiento\/index.php\/wp-json\/wp\/v2\/posts"}],"about":[{"href":"https:\/\/coria.org\/ayuntamiento\/index.php\/wp-json\/wp\/v2\/types\/post"}],"author":[{"embeddable":true,"href":"https:\/\/coria.org\/ayuntamiento\/index.php\/wp-json\/wp\/v2\/users\/2"}],"replies":[{"embeddable":true,"href":"https:\/\/coria.org\/ayuntamiento\/index.php\/wp-json\/wp\/v2\/comments?post=26589"}],"version-history":[{"count":0,"href":"https:\/\/coria.org\/ayuntamiento\/index.php\/wp-json\/wp\/v2\/posts\/26589\/revisions"}],"wp:attachment":[{"href":"https:\/\/coria.org\/ayuntamiento\/index.php\/wp-json\/wp\/v2\/media?parent=26589"}],"wp:term":[{"taxonomy":"category","embeddable":true,"href":"https:\/\/coria.org\/ayuntamiento\/index.php\/wp-json\/wp\/v2\/categories?post=26589"},{"taxonomy":"post_tag","embeddable":true,"href":"https:\/\/coria.org\/ayuntamiento\/index.php\/wp-json\/wp\/v2\/tags?post=26589"}],"curies":[{"name":"wp","href":"https:\/\/api.w.org\/{rel}","templated":true}]}}