{"id":26532,"date":"2012-04-23T00:00:00","date_gmt":"2012-04-22T22:00:00","guid":{"rendered":"https:\/\/ayuntamiento.coriaenimagenes.com\/actividades-semanales-en-la-casa-de-cultura\/"},"modified":"2023-09-18T12:43:40","modified_gmt":"2023-09-18T10:43:40","slug":"actividades-semanales-en-la-casa-de-cultura","status":"publish","type":"post","link":"https:\/\/coria.org\/ayuntamiento\/index.php\/2012\/04\/23\/actividades-semanales-en-la-casa-de-cultura\/","title":{"rendered":"Actividades semanales en la Casa de Cultura"},"content":{"rendered":"\n<p><b>El Dpto. de Animaci\u00f3n SocioCultural del Ayto. de Coria informa de las actividades culturales a desarrollar durante esta semana.<\/b><\/p>\n\n\n\n<p>El d\u00eda 26 de Abril, jueves, a las 21,OO HORAS, la compa\u00f1\u00eda: DE LA LUNA TEATRO representar\u00e1 la obra: <strong>ROJO Y NEGRO. <\/strong><\/p>\n\n\n\n<p>ROJO Y NEGRO, del amor al odio, es una representaci\u00f3n teatral, basada en tres textos de Marino Gonz\u00e1lez Montero extra\u00eddos de otros tantos libros suyos: ANTONIO MARCO BRUTO, del libro Sed; ABRAZO ETERNO, de Sedah Street; y RIEN DE RIEN, de Diarios Miedos.<\/p>\n\n\n\n<p>Con una estructura aparentemente fragmentaria (dos mon\u00f3logos y un di\u00e1logo) se plantea en el montaje una b\u00fasqueda en torno a estos dos grandes temas que han sido transitados a lo largo de toda la historia de la literatura.<\/p>\n\n\n\n<p>Defensores a ultranza, a lo largo de todos estos a\u00f1os, del llamado \u00abteatro de texto\u00bb, ROJO Y NEGRO aboga por la defensa de ese tipo de teatro, en la certeza de su necesidad incuestionable.<\/p>\n\n\n\n<p>Para ello, hemos contado no solo con la calidad literaria contrastada del autor (cinco libros publicados, uno de ellos finalista del Premio Setenil al mejor libro de cuentos publicado en Espa\u00f1a), sino tambi\u00e9n con la colaboraci\u00f3n de actores profesionales de dilatada carrera: Francis Quir\u00f3s y Johnny Delight, as\u00ed como con la direcci\u00f3n de Jes\u00fas Manch\u00f3n.<\/p>\n\n\n\n<p>Tambi\u00e9n se puede visitar la exposici\u00f3n <strong>\u00abEn un ir y venir de flores\u00bb<\/strong> de Soledad Blanco Rivas, en el Rinc\u00f3n del Artista del Museo de la C\u00e1rcel Real, hasta el d\u00eda 10 de Mayo , de martes a domingo y la exposici\u00f3n de carteles de San Juan 2012 en la Casa de Cultura de Coria, hasta el 30 de Abril. <br \/><\/p>\n\n\n\n<p>El d\u00eda 27 de Abril, viernes, a las 21,30 HORAS , el grupo de teatro: \u00abASOCIACI\u00d3N DE MUJERES DE CORIA Y COMARCA\u00bb representar\u00e1 la obra: <strong>\u00abEntre consultas anda el juego\u00bb.<\/strong> Os env\u00edo el folleto de la misma. La Asociaci\u00f3n de Mujeres de Coria y Comarca pone en escena esta obra, a beneficio de la Asociaci\u00f3n Oncol\u00f3gica Extreme\u00f1a. Delegaci\u00f3n de Coria. <\/p>\n","protected":false},"excerpt":{"rendered":"<p>El Dpto. de Animaci\u00f3n SocioCultural del Ayto. de Coria informa de las actividades culturales a desarrollar durante esta semana. El d\u00eda 26 de Abril, jueves, a las 21,OO HORAS, la compa\u00f1\u00eda: DE LA LUNA TEATRO representar\u00e1 la obra: ROJO Y NEGRO. ROJO Y NEGRO, del amor al odio, es una representaci\u00f3n teatral, basada en tres [&hellip;]<\/p>\n","protected":false},"author":2,"featured_media":0,"comment_status":"closed","ping_status":"closed","sticky":false,"template":"","format":"standard","meta":{"_uag_custom_page_level_css":"","footnotes":""},"categories":[2],"tags":[263],"class_list":["post-26532","post","type-post","status-publish","format-standard","hentry","category-noticias","tag-casa-de-cultura"],"yoast_head":"<!-- This site is optimized with the Yoast SEO plugin v27.4 - https:\/\/yoast.com\/product\/yoast-seo-wordpress\/ -->\n<title>Actividades semanales en la Casa de Cultura - Ayuntamiento de Coria<\/title>\n<meta name=\"robots\" content=\"index, follow, max-snippet:-1, max-image-preview:large, max-video-preview:-1\" \/>\n<link rel=\"canonical\" href=\"https:\/\/coria.org\/ayuntamiento\/index.php\/2012\/04\/23\/actividades-semanales-en-la-casa-de-cultura\/\" \/>\n<meta property=\"og:locale\" content=\"es_ES\" \/>\n<meta property=\"og:type\" content=\"article\" \/>\n<meta property=\"og:title\" content=\"Actividades semanales en la Casa de Cultura - Ayuntamiento de Coria\" \/>\n<meta property=\"og:description\" content=\"El Dpto. de Animaci\u00f3n SocioCultural del Ayto. de Coria informa de las actividades culturales a desarrollar durante esta semana. El d\u00eda 26 de Abril, jueves, a las 21,OO HORAS, la compa\u00f1\u00eda: DE LA LUNA TEATRO representar\u00e1 la obra: ROJO Y NEGRO. ROJO Y NEGRO, del amor al odio, es una representaci\u00f3n teatral, basada en tres [&hellip;]\" \/>\n<meta property=\"og:url\" content=\"https:\/\/coria.org\/ayuntamiento\/index.php\/2012\/04\/23\/actividades-semanales-en-la-casa-de-cultura\/\" \/>\n<meta property=\"og:site_name\" content=\"Ayuntamiento de Coria\" \/>\n<meta property=\"article:publisher\" content=\"https:\/\/www.facebook.com\/Ayuntamiento.de.Coria\" \/>\n<meta property=\"article:published_time\" content=\"2012-04-22T22:00:00+00:00\" \/>\n<meta property=\"article:modified_time\" content=\"2023-09-18T10:43:40+00:00\" \/>\n<meta name=\"author\" content=\"ayuntamiento\" \/>\n<meta name=\"twitter:card\" content=\"summary_large_image\" \/>\n<meta name=\"twitter:creator\" content=\"@Ayto_de_Coria\" \/>\n<meta name=\"twitter:site\" content=\"@Ayto_de_Coria\" \/>\n<meta name=\"twitter:label1\" content=\"Escrito por\" \/>\n\t<meta name=\"twitter:data1\" content=\"ayuntamiento\" \/>\n\t<meta name=\"twitter:label2\" content=\"Tiempo de lectura\" \/>\n\t<meta name=\"twitter:data2\" content=\"2 minutos\" \/>\n<script type=\"application\/ld+json\" class=\"yoast-schema-graph\">{\"@context\":\"https:\\\/\\\/schema.org\",\"@graph\":[{\"@type\":\"Article\",\"@id\":\"https:\\\/\\\/coria.org\\\/ayuntamiento\\\/index.php\\\/2012\\\/04\\\/23\\\/actividades-semanales-en-la-casa-de-cultura\\\/#article\",\"isPartOf\":{\"@id\":\"https:\\\/\\\/coria.org\\\/ayuntamiento\\\/index.php\\\/2012\\\/04\\\/23\\\/actividades-semanales-en-la-casa-de-cultura\\\/\"},\"author\":{\"name\":\"ayuntamiento\",\"@id\":\"https:\\\/\\\/coria.org\\\/ayuntamiento\\\/#\\\/schema\\\/person\\\/8bd589f0e13e8ae5aa06def7a599d622\"},\"headline\":\"Actividades semanales en la Casa de Cultura\",\"datePublished\":\"2012-04-22T22:00:00+00:00\",\"dateModified\":\"2023-09-18T10:43:40+00:00\",\"mainEntityOfPage\":{\"@id\":\"https:\\\/\\\/coria.org\\\/ayuntamiento\\\/index.php\\\/2012\\\/04\\\/23\\\/actividades-semanales-en-la-casa-de-cultura\\\/\"},\"wordCount\":361,\"publisher\":{\"@id\":\"https:\\\/\\\/coria.org\\\/ayuntamiento\\\/#organization\"},\"keywords\":[\"casa de cultura\"],\"articleSection\":[\"Noticias\"],\"inLanguage\":\"es\"},{\"@type\":\"WebPage\",\"@id\":\"https:\\\/\\\/coria.org\\\/ayuntamiento\\\/index.php\\\/2012\\\/04\\\/23\\\/actividades-semanales-en-la-casa-de-cultura\\\/\",\"url\":\"https:\\\/\\\/coria.org\\\/ayuntamiento\\\/index.php\\\/2012\\\/04\\\/23\\\/actividades-semanales-en-la-casa-de-cultura\\\/\",\"name\":\"Actividades semanales en la Casa de Cultura - Ayuntamiento de Coria\",\"isPartOf\":{\"@id\":\"https:\\\/\\\/coria.org\\\/ayuntamiento\\\/#website\"},\"datePublished\":\"2012-04-22T22:00:00+00:00\",\"dateModified\":\"2023-09-18T10:43:40+00:00\",\"breadcrumb\":{\"@id\":\"https:\\\/\\\/coria.org\\\/ayuntamiento\\\/index.php\\\/2012\\\/04\\\/23\\\/actividades-semanales-en-la-casa-de-cultura\\\/#breadcrumb\"},\"inLanguage\":\"es\",\"potentialAction\":[{\"@type\":\"ReadAction\",\"target\":[\"https:\\\/\\\/coria.org\\\/ayuntamiento\\\/index.php\\\/2012\\\/04\\\/23\\\/actividades-semanales-en-la-casa-de-cultura\\\/\"]}]},{\"@type\":\"BreadcrumbList\",\"@id\":\"https:\\\/\\\/coria.org\\\/ayuntamiento\\\/index.php\\\/2012\\\/04\\\/23\\\/actividades-semanales-en-la-casa-de-cultura\\\/#breadcrumb\",\"itemListElement\":[{\"@type\":\"ListItem\",\"position\":1,\"name\":\"Inicio\",\"item\":\"https:\\\/\\\/coria.org\\\/ayuntamiento\\\/\"},{\"@type\":\"ListItem\",\"position\":2,\"name\":\"Actividades semanales en la Casa de Cultura\"}]},{\"@type\":\"WebSite\",\"@id\":\"https:\\\/\\\/coria.org\\\/ayuntamiento\\\/#website\",\"url\":\"https:\\\/\\\/coria.org\\\/ayuntamiento\\\/\",\"name\":\"Ayuntamiento de Coria\",\"description\":\"Web oficial del Ayuntamiento de Coria\",\"publisher\":{\"@id\":\"https:\\\/\\\/coria.org\\\/ayuntamiento\\\/#organization\"},\"alternateName\":\"Web Oficial del Ayuntamiento de Coria\",\"potentialAction\":[{\"@type\":\"SearchAction\",\"target\":{\"@type\":\"EntryPoint\",\"urlTemplate\":\"https:\\\/\\\/coria.org\\\/ayuntamiento\\\/?s={search_term_string}\"},\"query-input\":{\"@type\":\"PropertyValueSpecification\",\"valueRequired\":true,\"valueName\":\"search_term_string\"}}],\"inLanguage\":\"es\"},{\"@type\":\"Organization\",\"@id\":\"https:\\\/\\\/coria.org\\\/ayuntamiento\\\/#organization\",\"name\":\"Ayuntamiento de Coria\",\"alternateName\":\"Ayto de Coria\",\"url\":\"https:\\\/\\\/coria.org\\\/ayuntamiento\\\/\",\"logo\":{\"@type\":\"ImageObject\",\"inLanguage\":\"es\",\"@id\":\"https:\\\/\\\/coria.org\\\/ayuntamiento\\\/#\\\/schema\\\/logo\\\/image\\\/\",\"url\":\"https:\\\/\\\/coria.org\\\/ayuntamiento\\\/wp-content\\\/uploads\\\/2020\\\/12\\\/escudo-ayuntamiento-coria.png\",\"contentUrl\":\"https:\\\/\\\/coria.org\\\/ayuntamiento\\\/wp-content\\\/uploads\\\/2020\\\/12\\\/escudo-ayuntamiento-coria.png\",\"width\":511,\"height\":240,\"caption\":\"Ayuntamiento de Coria\"},\"image\":{\"@id\":\"https:\\\/\\\/coria.org\\\/ayuntamiento\\\/#\\\/schema\\\/logo\\\/image\\\/\"},\"sameAs\":[\"https:\\\/\\\/www.facebook.com\\\/Ayuntamiento.de.Coria\",\"https:\\\/\\\/x.com\\\/Ayto_de_Coria\",\"https:\\\/\\\/www.instagram.com\\\/coria.ayuntamiento\\\/\",\"https:\\\/\\\/www.youtube.com\\\/user\\\/AYUNTAMIENTOCORIA\"]},{\"@type\":\"Person\",\"@id\":\"https:\\\/\\\/coria.org\\\/ayuntamiento\\\/#\\\/schema\\\/person\\\/8bd589f0e13e8ae5aa06def7a599d622\",\"name\":\"ayuntamiento\",\"image\":{\"@type\":\"ImageObject\",\"inLanguage\":\"es\",\"@id\":\"https:\\\/\\\/secure.gravatar.com\\\/avatar\\\/966e5ed73cad334adda5c87f49f2547f7082f7292c1b627cbb548744383b391c?s=96&d=mm&r=g\",\"url\":\"https:\\\/\\\/secure.gravatar.com\\\/avatar\\\/966e5ed73cad334adda5c87f49f2547f7082f7292c1b627cbb548744383b391c?s=96&d=mm&r=g\",\"contentUrl\":\"https:\\\/\\\/secure.gravatar.com\\\/avatar\\\/966e5ed73cad334adda5c87f49f2547f7082f7292c1b627cbb548744383b391c?s=96&d=mm&r=g\",\"caption\":\"ayuntamiento\"}}]}<\/script>\n<!-- \/ Yoast SEO plugin. -->","yoast_head_json":{"title":"Actividades semanales en la Casa de Cultura - Ayuntamiento de Coria","robots":{"index":"index","follow":"follow","max-snippet":"max-snippet:-1","max-image-preview":"max-image-preview:large","max-video-preview":"max-video-preview:-1"},"canonical":"https:\/\/coria.org\/ayuntamiento\/index.php\/2012\/04\/23\/actividades-semanales-en-la-casa-de-cultura\/","og_locale":"es_ES","og_type":"article","og_title":"Actividades semanales en la Casa de Cultura - Ayuntamiento de Coria","og_description":"El Dpto. de Animaci\u00f3n SocioCultural del Ayto. de Coria informa de las actividades culturales a desarrollar durante esta semana. El d\u00eda 26 de Abril, jueves, a las 21,OO HORAS, la compa\u00f1\u00eda: DE LA LUNA TEATRO representar\u00e1 la obra: ROJO Y NEGRO. ROJO Y NEGRO, del amor al odio, es una representaci\u00f3n teatral, basada en tres [&hellip;]","og_url":"https:\/\/coria.org\/ayuntamiento\/index.php\/2012\/04\/23\/actividades-semanales-en-la-casa-de-cultura\/","og_site_name":"Ayuntamiento de Coria","article_publisher":"https:\/\/www.facebook.com\/Ayuntamiento.de.Coria","article_published_time":"2012-04-22T22:00:00+00:00","article_modified_time":"2023-09-18T10:43:40+00:00","author":"ayuntamiento","twitter_card":"summary_large_image","twitter_creator":"@Ayto_de_Coria","twitter_site":"@Ayto_de_Coria","twitter_misc":{"Escrito por":"ayuntamiento","Tiempo de lectura":"2 minutos"},"schema":{"@context":"https:\/\/schema.org","@graph":[{"@type":"Article","@id":"https:\/\/coria.org\/ayuntamiento\/index.php\/2012\/04\/23\/actividades-semanales-en-la-casa-de-cultura\/#article","isPartOf":{"@id":"https:\/\/coria.org\/ayuntamiento\/index.php\/2012\/04\/23\/actividades-semanales-en-la-casa-de-cultura\/"},"author":{"name":"ayuntamiento","@id":"https:\/\/coria.org\/ayuntamiento\/#\/schema\/person\/8bd589f0e13e8ae5aa06def7a599d622"},"headline":"Actividades semanales en la Casa de Cultura","datePublished":"2012-04-22T22:00:00+00:00","dateModified":"2023-09-18T10:43:40+00:00","mainEntityOfPage":{"@id":"https:\/\/coria.org\/ayuntamiento\/index.php\/2012\/04\/23\/actividades-semanales-en-la-casa-de-cultura\/"},"wordCount":361,"publisher":{"@id":"https:\/\/coria.org\/ayuntamiento\/#organization"},"keywords":["casa de cultura"],"articleSection":["Noticias"],"inLanguage":"es"},{"@type":"WebPage","@id":"https:\/\/coria.org\/ayuntamiento\/index.php\/2012\/04\/23\/actividades-semanales-en-la-casa-de-cultura\/","url":"https:\/\/coria.org\/ayuntamiento\/index.php\/2012\/04\/23\/actividades-semanales-en-la-casa-de-cultura\/","name":"Actividades semanales en la Casa de Cultura - Ayuntamiento de Coria","isPartOf":{"@id":"https:\/\/coria.org\/ayuntamiento\/#website"},"datePublished":"2012-04-22T22:00:00+00:00","dateModified":"2023-09-18T10:43:40+00:00","breadcrumb":{"@id":"https:\/\/coria.org\/ayuntamiento\/index.php\/2012\/04\/23\/actividades-semanales-en-la-casa-de-cultura\/#breadcrumb"},"inLanguage":"es","potentialAction":[{"@type":"ReadAction","target":["https:\/\/coria.org\/ayuntamiento\/index.php\/2012\/04\/23\/actividades-semanales-en-la-casa-de-cultura\/"]}]},{"@type":"BreadcrumbList","@id":"https:\/\/coria.org\/ayuntamiento\/index.php\/2012\/04\/23\/actividades-semanales-en-la-casa-de-cultura\/#breadcrumb","itemListElement":[{"@type":"ListItem","position":1,"name":"Inicio","item":"https:\/\/coria.org\/ayuntamiento\/"},{"@type":"ListItem","position":2,"name":"Actividades semanales en la Casa de Cultura"}]},{"@type":"WebSite","@id":"https:\/\/coria.org\/ayuntamiento\/#website","url":"https:\/\/coria.org\/ayuntamiento\/","name":"Ayuntamiento de Coria","description":"Web oficial del Ayuntamiento de Coria","publisher":{"@id":"https:\/\/coria.org\/ayuntamiento\/#organization"},"alternateName":"Web Oficial del Ayuntamiento de Coria","potentialAction":[{"@type":"SearchAction","target":{"@type":"EntryPoint","urlTemplate":"https:\/\/coria.org\/ayuntamiento\/?s={search_term_string}"},"query-input":{"@type":"PropertyValueSpecification","valueRequired":true,"valueName":"search_term_string"}}],"inLanguage":"es"},{"@type":"Organization","@id":"https:\/\/coria.org\/ayuntamiento\/#organization","name":"Ayuntamiento de Coria","alternateName":"Ayto de Coria","url":"https:\/\/coria.org\/ayuntamiento\/","logo":{"@type":"ImageObject","inLanguage":"es","@id":"https:\/\/coria.org\/ayuntamiento\/#\/schema\/logo\/image\/","url":"https:\/\/coria.org\/ayuntamiento\/wp-content\/uploads\/2020\/12\/escudo-ayuntamiento-coria.png","contentUrl":"https:\/\/coria.org\/ayuntamiento\/wp-content\/uploads\/2020\/12\/escudo-ayuntamiento-coria.png","width":511,"height":240,"caption":"Ayuntamiento de Coria"},"image":{"@id":"https:\/\/coria.org\/ayuntamiento\/#\/schema\/logo\/image\/"},"sameAs":["https:\/\/www.facebook.com\/Ayuntamiento.de.Coria","https:\/\/x.com\/Ayto_de_Coria","https:\/\/www.instagram.com\/coria.ayuntamiento\/","https:\/\/www.youtube.com\/user\/AYUNTAMIENTOCORIA"]},{"@type":"Person","@id":"https:\/\/coria.org\/ayuntamiento\/#\/schema\/person\/8bd589f0e13e8ae5aa06def7a599d622","name":"ayuntamiento","image":{"@type":"ImageObject","inLanguage":"es","@id":"https:\/\/secure.gravatar.com\/avatar\/966e5ed73cad334adda5c87f49f2547f7082f7292c1b627cbb548744383b391c?s=96&d=mm&r=g","url":"https:\/\/secure.gravatar.com\/avatar\/966e5ed73cad334adda5c87f49f2547f7082f7292c1b627cbb548744383b391c?s=96&d=mm&r=g","contentUrl":"https:\/\/secure.gravatar.com\/avatar\/966e5ed73cad334adda5c87f49f2547f7082f7292c1b627cbb548744383b391c?s=96&d=mm&r=g","caption":"ayuntamiento"}}]}},"uagb_featured_image_src":{"full":false,"thumbnail":false,"medium":false,"medium_large":false,"large":false,"thumblist":false,"thumbrelated":false,"meccarouselthumb":false,"gridsquare":false,"tileview":false,"1536x1536":false,"2048x2048":false},"uagb_author_info":{"display_name":"ayuntamiento","author_link":"https:\/\/coria.org\/ayuntamiento\/index.php\/author\/ayuntamiento\/"},"uagb_comment_info":0,"uagb_excerpt":"El Dpto. de Animaci\u00f3n SocioCultural del Ayto. de Coria informa de las actividades culturales a desarrollar durante esta semana. El d\u00eda 26 de Abril, jueves, a las 21,OO HORAS, la compa\u00f1\u00eda: DE LA LUNA TEATRO representar\u00e1 la obra: ROJO Y NEGRO. ROJO Y NEGRO, del amor al odio, es una representaci\u00f3n teatral, basada en tres&hellip;","_links":{"self":[{"href":"https:\/\/coria.org\/ayuntamiento\/index.php\/wp-json\/wp\/v2\/posts\/26532","targetHints":{"allow":["GET"]}}],"collection":[{"href":"https:\/\/coria.org\/ayuntamiento\/index.php\/wp-json\/wp\/v2\/posts"}],"about":[{"href":"https:\/\/coria.org\/ayuntamiento\/index.php\/wp-json\/wp\/v2\/types\/post"}],"author":[{"embeddable":true,"href":"https:\/\/coria.org\/ayuntamiento\/index.php\/wp-json\/wp\/v2\/users\/2"}],"replies":[{"embeddable":true,"href":"https:\/\/coria.org\/ayuntamiento\/index.php\/wp-json\/wp\/v2\/comments?post=26532"}],"version-history":[{"count":0,"href":"https:\/\/coria.org\/ayuntamiento\/index.php\/wp-json\/wp\/v2\/posts\/26532\/revisions"}],"wp:attachment":[{"href":"https:\/\/coria.org\/ayuntamiento\/index.php\/wp-json\/wp\/v2\/media?parent=26532"}],"wp:term":[{"taxonomy":"category","embeddable":true,"href":"https:\/\/coria.org\/ayuntamiento\/index.php\/wp-json\/wp\/v2\/categories?post=26532"},{"taxonomy":"post_tag","embeddable":true,"href":"https:\/\/coria.org\/ayuntamiento\/index.php\/wp-json\/wp\/v2\/tags?post=26532"}],"curies":[{"name":"wp","href":"https:\/\/api.w.org\/{rel}","templated":true}]}}